{"id":5409,"date":"2010-09-09T13:27:48","date_gmt":"2010-09-09T12:27:48","guid":{"rendered":"http:\/\/www.elojocojo.org\/blog2\/?p=5409"},"modified":"2025-09-30T19:00:43","modified_gmt":"2025-09-30T17:00:43","slug":"tosferina","status":"publish","type":"post","link":"https:\/\/elojocojo.org\/tosferina\/","title":{"rendered":"Tosferina"},"content":{"rendered":"\n<p><strong>T\u00cdTULO<\/strong>: TOSFERINA<\/p>\n\n\n\n<p><strong>T\u00cdTULO ORIGINAL<\/strong>: WHOOPING COUGH<\/p>\n\n\n\n<p><strong>A\u00d1O<\/strong>: 2009<\/p>\n\n\n\n<p><strong>DIRECTOR<\/strong>: \u00c1LVARO ALONSO G\u00d3MEZ<\/p>\n\n\n\n<p><strong>G\u00c9NERO CINEMATOGR\u00c1FICO<\/strong>: FICCI\u00d3N<\/p>\n\n\n\n<p><strong>DURACI\u00d3N<\/strong>: 09&#8242;<\/p>\n\n\n\n<p><strong>PA\u00cdS<\/strong>: ESPA\u00d1A<\/p>\n\n\n\n<p><strong>FORMATO ORIGINAL<\/strong>: 35 MM<\/p>\n\n\n\n<p><strong>TIPO<\/strong>: DRAMA<\/p>\n\n\n\n<p><strong>IDIOMA ORIGINAL<\/strong>: ESPA\u00d1OL<\/p>\n\n\n\n<p><strong>SUBT\u00cdTULOS<\/strong>: INGL\u00c9S<\/p>\n\n\n\n<p><strong>INT\u00c9RPRETES<\/strong>: JUAN GALV\u00c1N, MANOLO CARO, AMPARO MAR\u00cdN, JULI\u00c1N TERNERO Y MONTSERRAT TORRENT<\/p>\n\n\n\n<p><strong>PRODUCCI\u00d3N<\/strong>: AGUS JIM\u00c9NEZ<\/p>\n\n\n\n<p><strong>GUI\u00d3N<\/strong>: \u00c1LVARO ALONSO &amp; ENCARNACI\u00d3N IGLESIAS<\/p>\n\n\n\n<p><strong>EDICI\u00d3N<\/strong>\/<strong>MONTAJE<\/strong>: CARLOS CRESPO &amp; PACO R. BA\u00d1OS<\/p>\n\n\n\n<p><strong>DIRECCI\u00d3N<\/strong> <strong>DE FOTOGRAF\u00cdA<\/strong>: DAVID TUDELA<\/p>\n\n\n\n<p><strong>SONIDO<\/strong>: DANIEL DE ZAYAS<\/p>\n\n\n\n<p><strong>M\u00daSICA<\/strong>: PABLO CERVANTES<\/p>\n\n\n\n<h2 class=\"wp-block-heading\"><strong>SIN\u00d3PSIS<\/strong>:<\/h2>\n\n\n\n<h2 class=\"wp-block-heading\">Contexto hist\u00f3rico y emocional<\/h2>\n\n\n\n<p>En 1949, en la Espa\u00f1a de la posguerra, un ni\u00f1o llamado Anto\u00f1ito sufre tosferina, una enfermedad peligrosa y contagiosa. La familia vive la desesperaci\u00f3n ante la falta de tratamientos efectivos, y el padre, interventor de RENFE, busca soluciones desesperadas.<\/p>\n\n\n\n<h2 class=\"wp-block-heading\">Una terapia inusual<\/h2>\n\n\n\n<p>El padre implementa una terapia arriesgada: cada mi\u00e9rcoles coloca a Anto\u00f1ito sobre las v\u00edas del tren para que la vibraci\u00f3n del expreso alivie su enfermedad. Esta pr\u00e1ctica refleja la desesperaci\u00f3n y los pocos recursos m\u00e9dicos disponibles en aquella \u00e9poca.<\/p>\n\n\n\n<h2 class=\"wp-block-heading\">El amor paternal como motor de acci\u00f3n<\/h2>\n\n\n\n<p>El amor del padre impulsa esta arriesgada decisi\u00f3n. A pesar del peligro, no duda en proteger a su hijo y hacer lo que sea necesario para salvarlo, mostrando la fuerza del amor familiar en circunstancias extremas.<\/p>\n\n\n\n<h2 class=\"wp-block-heading\">Una mirada a la posguerra<\/h2>\n\n\n\n<p>La pel\u00edcula critica el contexto social de la posguerra espa\u00f1ola, evidenciando c\u00f3mo la escasez y el sufrimiento llevan a tomar medidas extremas. Destaca el impacto de la \u00e9poca en las vidas personales y familiares.<\/p>\n\n\n\n<h2 class=\"wp-block-heading\">Sacrificio y lucha por la supervivencia<\/h2>\n\n\n\n<p>La historia pone en primer plano el sacrificio personal y la constante lucha por la vida. Resalta la importancia de la familia y la determinaci\u00f3n frente a la adversidad en tiempos dif\u00edciles.<\/p>\n\n\n<div class=\"wp-block-image\">\n<figure class=\"aligncenter size-large\"><img decoding=\"async\" width=\"251\" height=\"360\" src=\"https:\/\/elojocojo.org\/wp-content\/uploads\/2010\/09\/image-1-251x360.jpg\" alt=\"\" class=\"wp-image-62212\" srcset=\"https:\/\/elojocojo.org\/wp-content\/uploads\/2010\/09\/image-1-251x360.jpg 251w, https:\/\/elojocojo.org\/wp-content\/uploads\/2010\/09\/image-1-278x400.jpg 278w, https:\/\/elojocojo.org\/wp-content\/uploads\/2010\/09\/image-1-150x216.jpg 150w, https:\/\/elojocojo.org\/wp-content\/uploads\/2010\/09\/image-1.jpg 300w\" sizes=\"(max-width: 251px) 100vw, 251px\" \/><\/figure>\n<\/div>\n\n\n<h3 class=\"wp-block-heading\"><strong>PALMAR\u00c9S<\/strong>:<\/h3>\n\n\n\n<ul class=\"wp-block-list\">\n<li>Almer\u00eda En Corto Premio Rtva A La Creaci\u00f3n Audiovisual Andaluza<\/li>\n\n\n\n<li>2009. IV Festival Nacional De Cortematrajes Cineo. Segundo Premio<\/li>\n\n\n\n<li>Festival Cin\u00e9rail, Par\u00eds (Francia) Premio Shorts Tv Num\u00e9ricable<\/li>\n<\/ul>\n\n\n\n<p>El filme Tosferina particip\u00f3 en la edici\u00f3n <strong>2010<\/strong> del <a href=\"https:\/\/elojocojo.org\/category\/festival-2010\/\"><strong>Festival de cine el ojO cojo<\/strong> <\/a>en ese sentido nos sentimos honrados de haberla exhibido.<\/p>\n\n\n\n<p>Visita nuestro <a href=\"https:\/\/el-ojocojo.blogspot.com\/\">blog<\/a><\/p>\n\n\n\n<p><a href=\"https:\/\/www.imdb.com\/es\/title\/tt1997578\/?ref_=nv_sr_srsg_0_tt_4_nm_4_in_0_q_Tosferina\">IMDB<\/a>: 6\/10<\/p>\n\n\n\n<p><\/p>\n","protected":false},"excerpt":{"rendered":"<p>T\u00cdTULO: TOSFERINA T\u00cdTULO ORIGINAL: WHOOPING COUGH A\u00d1O: 2009 DIRECTOR: \u00c1LVARO ALONSO G\u00d3MEZ G\u00c9NERO CINEMATOGR\u00c1FICO: FICCI\u00d3N DURACI\u00d3N: 09&#8242; PA\u00cdS: ESPA\u00d1A FORMATO ORIGINAL: 35 MM TIPO: DRAMA IDIOMA ORIGINAL: ESPA\u00d1OL SUBT\u00cdTULOS: INGL\u00c9S INT\u00c9RPRETES: JUAN GALV\u00c1N, MANOLO CARO, AMPARO MAR\u00cdN, JULI\u00c1N TERNERO Y MONTSERRAT TORRENT PRODUCCI\u00d3N: AGUS JIM\u00c9NEZ GUI\u00d3N: \u00c1LVARO ALONSO &amp; ENCARNACI\u00d3N IGLESIAS EDICI\u00d3N\/MONTAJE: CARLOS CRESPO &amp; [&hellip;]<\/p>\n","protected":false},"author":3,"featured_media":24737,"comment_status":"closed","ping_status":"closed","sticky":false,"template":"","format":"standard","meta":{"_monsterinsights_skip_tracking":false,"_monsterinsights_sitenote_active":false,"_monsterinsights_sitenote_note":"","_monsterinsights_sitenote_category":0,"footnotes":""},"categories":[1460,3,30],"tags":[1996,112,962,2218,881,1737,1838,138,2119,2391,15,1981,1982,1628,1547,1618,2118,1438,1231,1128],"class_list":{"0":"post-5409","1":"post","2":"type-post","3":"status-publish","4":"format-standard","5":"has-post-thumbnail","7":"category-cortometraje","8":"category-festival-2010","9":"category-ficcion","10":"tag-1996","11":"tag-amor","12":"tag-amor-filial","13":"tag-desesperacion","14":"tag-desplazados","15":"tag-drama","16":"tag-enfermedad","17":"tag-espana","18":"tag-espanol","19":"tag-espaol","20":"tag-familia","21":"tag-festival-de-cine","22":"tag-festival-el-ojo-cojo","23":"tag-ficcion","24":"tag-guerra","25":"tag-infancia","26":"tag-ingles","27":"tag-pobreza","28":"tag-reduccion-de-las-desigualdades","29":"tag-salud-y-bienestar","30":"czr-hentry"},"yoast_head":"<!-- This site is optimized with the Yoast SEO plugin v27.1.1 - https:\/\/yoast.com\/product\/yoast-seo-wordpress\/ -->\n<title>Tosferina - el ojO cojo<\/title>\n<meta name=\"description\" content=\"Pel\u00edcula Tosferina exhibida en la edici\u00f3n 2010 del Festival el ojO cojo. Pa\u00eds de origen, Espa\u00f1a. Dirigido por \u00c1lvaro Alonso G\u00f3mez.\" \/>\n<meta name=\"robots\" content=\"index, follow, max-snippet:-1, max-image-preview:large, max-video-preview:-1\" \/>\n<link rel=\"canonical\" href=\"https:\/\/elojocojo.org\/tosferina\/\" \/>\n<meta property=\"og:locale\" content=\"es_ES\" \/>\n<meta property=\"og:type\" content=\"article\" \/>\n<meta property=\"og:title\" content=\"Tosferina - el ojO cojo\" \/>\n<meta property=\"og:description\" content=\"Pel\u00edcula Tosferina exhibida en la edici\u00f3n 2010 del Festival el ojO cojo. Pa\u00eds de origen, Espa\u00f1a. Dirigido por \u00c1lvaro Alonso G\u00f3mez.\" \/>\n<meta property=\"og:url\" content=\"https:\/\/elojocojo.org\/tosferina\/\" \/>\n<meta property=\"og:site_name\" content=\"el ojO cojo\" \/>\n<meta property=\"article:publisher\" content=\"https:\/\/www.facebook.com\/elojocojo\" \/>\n<meta property=\"article:published_time\" content=\"2010-09-09T12:27:48+00:00\" \/>\n<meta property=\"article:modified_time\" content=\"2025-09-30T17:00:43+00:00\" \/>\n<meta property=\"og:image\" content=\"https:\/\/elojocojo.org\/wp-content\/uploads\/2010\/09\/Tosferina.jpg\" \/>\n\t<meta property=\"og:image:width\" content=\"340\" \/>\n\t<meta property=\"og:image:height\" content=\"231\" \/>\n\t<meta property=\"og:image:type\" content=\"image\/jpeg\" \/>\n<meta name=\"twitter:card\" content=\"summary_large_image\" \/>\n<meta name=\"twitter:creator\" content=\"@elojocojo\" \/>\n<meta name=\"twitter:site\" content=\"@elojocojo\" \/>\n<meta name=\"twitter:label1\" content=\"Escrito por\" \/>\n\t<meta name=\"twitter:data1\" content=\"\" \/>\n\t<meta name=\"twitter:label2\" content=\"Tiempo de lectura\" \/>\n\t<meta name=\"twitter:data2\" content=\"1 minuto\" \/>\n<script type=\"application\/ld+json\" class=\"yoast-schema-graph\">{\"@context\":\"https:\/\/schema.org\",\"@graph\":[{\"@type\":\"Article\",\"@id\":\"https:\/\/elojocojo.org\/tosferina\/#article\",\"isPartOf\":{\"@id\":\"https:\/\/elojocojo.org\/tosferina\/\"},\"author\":{\"name\":\"\",\"@id\":\"\"},\"headline\":\"Tosferina\",\"datePublished\":\"2010-09-09T12:27:48+00:00\",\"dateModified\":\"2025-09-30T17:00:43+00:00\",\"mainEntityOfPage\":{\"@id\":\"https:\/\/elojocojo.org\/tosferina\/\"},\"wordCount\":381,\"publisher\":{\"@id\":\"https:\/\/elojocojo.org\/#organization\"},\"image\":{\"@id\":\"https:\/\/elojocojo.org\/tosferina\/#primaryimage\"},\"thumbnailUrl\":\"https:\/\/elojocojo.org\/wp-content\/uploads\/2010\/09\/Tosferina.jpg\",\"keywords\":[\"2010\",\"amor\",\"amor filial\",\"desesperaci\u00f3n\",\"Desplazados\",\"drama\",\"enfermedad\",\"Espa\u00f1a\",\"espa\u00f1ol\",\"espa\u00b1ol\",\"familia\",\"festival de cine\",\"Festival el Ojo cojo\",\"ficci\u00f3n\",\"guerra\",\"infancia\",\"ingl\u00e9s\",\"pobreza\",\"Reducci\u00f3n de las desigualdades\",\"Salud y bienestar\"],\"articleSection\":[\"Cortometraje\",\"Festival 2010\",\"Ficci\u00f3n\"],\"inLanguage\":\"es\"},{\"@type\":\"WebPage\",\"@id\":\"https:\/\/elojocojo.org\/tosferina\/\",\"url\":\"https:\/\/elojocojo.org\/tosferina\/\",\"name\":\"Tosferina - el ojO cojo\",\"isPartOf\":{\"@id\":\"https:\/\/elojocojo.org\/#website\"},\"primaryImageOfPage\":{\"@id\":\"https:\/\/elojocojo.org\/tosferina\/#primaryimage\"},\"image\":{\"@id\":\"https:\/\/elojocojo.org\/tosferina\/#primaryimage\"},\"thumbnailUrl\":\"https:\/\/elojocojo.org\/wp-content\/uploads\/2010\/09\/Tosferina.jpg\",\"datePublished\":\"2010-09-09T12:27:48+00:00\",\"dateModified\":\"2025-09-30T17:00:43+00:00\",\"description\":\"Pel\u00edcula Tosferina exhibida en la edici\u00f3n 2010 del Festival el ojO cojo. Pa\u00eds de origen, Espa\u00f1a. Dirigido por \u00c1lvaro Alonso G\u00f3mez.\",\"breadcrumb\":{\"@id\":\"https:\/\/elojocojo.org\/tosferina\/#breadcrumb\"},\"inLanguage\":\"es\",\"potentialAction\":[{\"@type\":\"ReadAction\",\"target\":[\"https:\/\/elojocojo.org\/tosferina\/\"]}]},{\"@type\":\"ImageObject\",\"inLanguage\":\"es\",\"@id\":\"https:\/\/elojocojo.org\/tosferina\/#primaryimage\",\"url\":\"https:\/\/elojocojo.org\/wp-content\/uploads\/2010\/09\/Tosferina.jpg\",\"contentUrl\":\"https:\/\/elojocojo.org\/wp-content\/uploads\/2010\/09\/Tosferina.jpg\",\"width\":340,\"height\":231},{\"@type\":\"BreadcrumbList\",\"@id\":\"https:\/\/elojocojo.org\/tosferina\/#breadcrumb\",\"itemListElement\":[{\"@type\":\"ListItem\",\"position\":1,\"name\":\"Portada\",\"item\":\"https:\/\/elojocojo.org\/\"},{\"@type\":\"ListItem\",\"position\":2,\"name\":\"2010\",\"item\":\"https:\/\/elojocojo.org\/tag\/2010\/\"},{\"@type\":\"ListItem\",\"position\":3,\"name\":\"Tosferina\"}]},{\"@type\":\"WebSite\",\"@id\":\"https:\/\/elojocojo.org\/#website\",\"url\":\"https:\/\/elojocojo.org\/\",\"name\":\"el ojO cojo\",\"description\":\"Todos estamos hechos de la misma esencia\",\"publisher\":{\"@id\":\"https:\/\/elojocojo.org\/#organization\"},\"potentialAction\":[{\"@type\":\"SearchAction\",\"target\":{\"@type\":\"EntryPoint\",\"urlTemplate\":\"https:\/\/elojocojo.org\/?s={search_term_string}\"},\"query-input\":{\"@type\":\"PropertyValueSpecification\",\"valueRequired\":true,\"valueName\":\"search_term_string\"}}],\"inLanguage\":\"es\"},{\"@type\":\"Organization\",\"@id\":\"https:\/\/elojocojo.org\/#organization\",\"name\":\"Meigas da r\u00faa\",\"url\":\"https:\/\/elojocojo.org\/\",\"logo\":{\"@type\":\"ImageObject\",\"inLanguage\":\"es\",\"@id\":\"https:\/\/elojocojo.org\/#\/schema\/logo\/image\/\",\"url\":\"https:\/\/meigasdarua.org\/wp-content\/uploads\/2020\/09\/cropped-logo-meigas-5.png\",\"contentUrl\":\"https:\/\/meigasdarua.org\/wp-content\/uploads\/2020\/09\/cropped-logo-meigas-5.png\",\"width\":109,\"height\":200,\"caption\":\"Meigas da r\u00faa\"},\"image\":{\"@id\":\"https:\/\/elojocojo.org\/#\/schema\/logo\/image\/\"},\"sameAs\":[\"https:\/\/www.facebook.com\/elojocojo\",\"https:\/\/x.com\/elojocojo\",\"https:\/\/www.instagram.com\/elojocojo\/?hl=es\",\"https:\/\/www.linkedin.com\/in\/el-ojo-cojo-b52b7769\/\",\"https:\/\/www.pinterest.es\/elojocojo\/_saved\/\",\"https:\/\/www.youtube.com\/channel\/UCkFtFTV0Bms7zH7vq8FZxZg\"]},{\"@type\":\"Person\",\"@id\":\"\",\"url\":\"https:\/\/elojocojo.org\/author\/\"}]}<\/script>\n<!-- \/ Yoast SEO plugin. -->","yoast_head_json":{"title":"Tosferina - el ojO cojo","description":"Pel\u00edcula Tosferina exhibida en la edici\u00f3n 2010 del Festival el ojO cojo. Pa\u00eds de origen, Espa\u00f1a. Dirigido por \u00c1lvaro Alonso G\u00f3mez.","robots":{"index":"index","follow":"follow","max-snippet":"max-snippet:-1","max-image-preview":"max-image-preview:large","max-video-preview":"max-video-preview:-1"},"canonical":"https:\/\/elojocojo.org\/tosferina\/","og_locale":"es_ES","og_type":"article","og_title":"Tosferina - el ojO cojo","og_description":"Pel\u00edcula Tosferina exhibida en la edici\u00f3n 2010 del Festival el ojO cojo. Pa\u00eds de origen, Espa\u00f1a. Dirigido por \u00c1lvaro Alonso G\u00f3mez.","og_url":"https:\/\/elojocojo.org\/tosferina\/","og_site_name":"el ojO cojo","article_publisher":"https:\/\/www.facebook.com\/elojocojo","article_published_time":"2010-09-09T12:27:48+00:00","article_modified_time":"2025-09-30T17:00:43+00:00","og_image":[{"width":340,"height":231,"url":"https:\/\/elojocojo.org\/wp-content\/uploads\/2010\/09\/Tosferina.jpg","type":"image\/jpeg"}],"twitter_card":"summary_large_image","twitter_creator":"@elojocojo","twitter_site":"@elojocojo","twitter_misc":{"Escrito por":"","Tiempo de lectura":"1 minuto"},"schema":{"@context":"https:\/\/schema.org","@graph":[{"@type":"Article","@id":"https:\/\/elojocojo.org\/tosferina\/#article","isPartOf":{"@id":"https:\/\/elojocojo.org\/tosferina\/"},"author":{"name":"","@id":""},"headline":"Tosferina","datePublished":"2010-09-09T12:27:48+00:00","dateModified":"2025-09-30T17:00:43+00:00","mainEntityOfPage":{"@id":"https:\/\/elojocojo.org\/tosferina\/"},"wordCount":381,"publisher":{"@id":"https:\/\/elojocojo.org\/#organization"},"image":{"@id":"https:\/\/elojocojo.org\/tosferina\/#primaryimage"},"thumbnailUrl":"https:\/\/elojocojo.org\/wp-content\/uploads\/2010\/09\/Tosferina.jpg","keywords":["2010","amor","amor filial","desesperaci\u00f3n","Desplazados","drama","enfermedad","Espa\u00f1a","espa\u00f1ol","espa\u00b1ol","familia","festival de cine","Festival el Ojo cojo","ficci\u00f3n","guerra","infancia","ingl\u00e9s","pobreza","Reducci\u00f3n de las desigualdades","Salud y bienestar"],"articleSection":["Cortometraje","Festival 2010","Ficci\u00f3n"],"inLanguage":"es"},{"@type":"WebPage","@id":"https:\/\/elojocojo.org\/tosferina\/","url":"https:\/\/elojocojo.org\/tosferina\/","name":"Tosferina - el ojO cojo","isPartOf":{"@id":"https:\/\/elojocojo.org\/#website"},"primaryImageOfPage":{"@id":"https:\/\/elojocojo.org\/tosferina\/#primaryimage"},"image":{"@id":"https:\/\/elojocojo.org\/tosferina\/#primaryimage"},"thumbnailUrl":"https:\/\/elojocojo.org\/wp-content\/uploads\/2010\/09\/Tosferina.jpg","datePublished":"2010-09-09T12:27:48+00:00","dateModified":"2025-09-30T17:00:43+00:00","description":"Pel\u00edcula Tosferina exhibida en la edici\u00f3n 2010 del Festival el ojO cojo. Pa\u00eds de origen, Espa\u00f1a. Dirigido por \u00c1lvaro Alonso G\u00f3mez.","breadcrumb":{"@id":"https:\/\/elojocojo.org\/tosferina\/#breadcrumb"},"inLanguage":"es","potentialAction":[{"@type":"ReadAction","target":["https:\/\/elojocojo.org\/tosferina\/"]}]},{"@type":"ImageObject","inLanguage":"es","@id":"https:\/\/elojocojo.org\/tosferina\/#primaryimage","url":"https:\/\/elojocojo.org\/wp-content\/uploads\/2010\/09\/Tosferina.jpg","contentUrl":"https:\/\/elojocojo.org\/wp-content\/uploads\/2010\/09\/Tosferina.jpg","width":340,"height":231},{"@type":"BreadcrumbList","@id":"https:\/\/elojocojo.org\/tosferina\/#breadcrumb","itemListElement":[{"@type":"ListItem","position":1,"name":"Portada","item":"https:\/\/elojocojo.org\/"},{"@type":"ListItem","position":2,"name":"2010","item":"https:\/\/elojocojo.org\/tag\/2010\/"},{"@type":"ListItem","position":3,"name":"Tosferina"}]},{"@type":"WebSite","@id":"https:\/\/elojocojo.org\/#website","url":"https:\/\/elojocojo.org\/","name":"el ojO cojo","description":"Todos estamos hechos de la misma esencia","publisher":{"@id":"https:\/\/elojocojo.org\/#organization"},"potentialAction":[{"@type":"SearchAction","target":{"@type":"EntryPoint","urlTemplate":"https:\/\/elojocojo.org\/?s={search_term_string}"},"query-input":{"@type":"PropertyValueSpecification","valueRequired":true,"valueName":"search_term_string"}}],"inLanguage":"es"},{"@type":"Organization","@id":"https:\/\/elojocojo.org\/#organization","name":"Meigas da r\u00faa","url":"https:\/\/elojocojo.org\/","logo":{"@type":"ImageObject","inLanguage":"es","@id":"https:\/\/elojocojo.org\/#\/schema\/logo\/image\/","url":"https:\/\/meigasdarua.org\/wp-content\/uploads\/2020\/09\/cropped-logo-meigas-5.png","contentUrl":"https:\/\/meigasdarua.org\/wp-content\/uploads\/2020\/09\/cropped-logo-meigas-5.png","width":109,"height":200,"caption":"Meigas da r\u00faa"},"image":{"@id":"https:\/\/elojocojo.org\/#\/schema\/logo\/image\/"},"sameAs":["https:\/\/www.facebook.com\/elojocojo","https:\/\/x.com\/elojocojo","https:\/\/www.instagram.com\/elojocojo\/?hl=es","https:\/\/www.linkedin.com\/in\/el-ojo-cojo-b52b7769\/","https:\/\/www.pinterest.es\/elojocojo\/_saved\/","https:\/\/www.youtube.com\/channel\/UCkFtFTV0Bms7zH7vq8FZxZg"]},{"@type":"Person","@id":"","url":"https:\/\/elojocojo.org\/author\/"}]}},"_links":{"self":[{"href":"https:\/\/elojocojo.org\/wp-json\/wp\/v2\/posts\/5409","targetHints":{"allow":["GET"]}}],"collection":[{"href":"https:\/\/elojocojo.org\/wp-json\/wp\/v2\/posts"}],"about":[{"href":"https:\/\/elojocojo.org\/wp-json\/wp\/v2\/types\/post"}],"author":[{"embeddable":true,"href":"https:\/\/elojocojo.org\/wp-json\/wp\/v2\/users\/3"}],"replies":[{"embeddable":true,"href":"https:\/\/elojocojo.org\/wp-json\/wp\/v2\/comments?post=5409"}],"version-history":[{"count":12,"href":"https:\/\/elojocojo.org\/wp-json\/wp\/v2\/posts\/5409\/revisions"}],"predecessor-version":[{"id":70767,"href":"https:\/\/elojocojo.org\/wp-json\/wp\/v2\/posts\/5409\/revisions\/70767"}],"wp:featuredmedia":[{"embeddable":true,"href":"https:\/\/elojocojo.org\/wp-json\/wp\/v2\/media\/24737"}],"wp:attachment":[{"href":"https:\/\/elojocojo.org\/wp-json\/wp\/v2\/media?parent=5409"}],"wp:term":[{"taxonomy":"category","embeddable":true,"href":"https:\/\/elojocojo.org\/wp-json\/wp\/v2\/categories?post=5409"},{"taxonomy":"post_tag","embeddable":true,"href":"https:\/\/elojocojo.org\/wp-json\/wp\/v2\/tags?post=5409"}],"curies":[{"name":"wp","href":"https:\/\/api.w.org\/{rel}","templated":true}]}}