{"id":5359,"date":"2010-09-09T11:30:29","date_gmt":"2010-09-09T18:30:29","guid":{"rendered":"http:\/\/www.elojocojo.org\/blog2\/?p=5359"},"modified":"2025-09-19T10:43:55","modified_gmt":"2025-09-19T08:43:55","slug":"20-anos","status":"publish","type":"post","link":"https:\/\/elojocojo.org\/20-anos\/","title":{"rendered":"20 a\u00f1os"},"content":{"rendered":"\n<figure class=\"wp-block-image size-large\"><img decoding=\"async\" src=\"https:\/\/www.elojocojo.org\/wp-content\/uploads\/2020\/05\/20-a%C3%B1os.jpg\" alt=\"Foto filme 20 a\u00f1os\" class=\"wp-image-21294\"\/><\/figure>\n\n\n<p><strong>T\u00cdTULO:<\/strong> 20 a\u00f1os<br \/><strong>T\u00cdTULO ORIGINAL:<\/strong> 20 a\u00f1os<br \/><strong>A\u00d1O:<\/strong> 2009<br \/><strong>DIRECTOR:<\/strong> B\u00e1rbaro Joel Ortiz<br \/><strong>G\u00c9NERO CINEMATOGR\u00c1FICO:<\/strong> Cortometraje de animaci\u00f3n en Stop Motion<br \/><strong>DURACI\u00d3N:<\/strong> 14&#8242;<\/p>\n<p><strong>TIPO:<\/strong> color<br \/><strong>PA\u00cdS:<\/strong> Cuba<br \/><strong>IDIOMA ORIGINAL:<\/strong> castellano<br \/><strong>PRODUCCI\u00d3N:<\/strong> Alex Cabanas<br \/><strong>GUI\u00d3N:<\/strong> B\u00e1rbaro Joel Ortiz<br \/><strong>EDICI\u00d3N\/MONTAJE:<\/strong> Alain Garc\u00eda<br \/><strong>DIRECCI\u00d3N DE FOTOGRAF\u00cdA:<\/strong> B\u00e1rbaro Joel Ortiz<br \/><b>M\u00daSICA:<\/b> Harold L\u00f3pez-Nussa<\/p>\n<p><strong>SIN\u00d3PSIS:<\/strong><\/p>\n<p>Una mujer vive aferrada a un pasado feliz. Pero el presente parece que es muy distinto. 20 a\u00f1os de indiferencia y de maltrato, han puesto a prueba el amor de esta persona. Para poder lograr la atenci\u00f3n de su marido, tendra que intentar hasta lo imposible.<\/p>\n<p><strong>PALMAR\u00c9S:<\/strong><\/p>\n<ul>\n<li>2009. en el Festival Internacional del Nuevo Cine Latinoamericano, en su Edici\u00f3n 31\u00ba, en la categor\u00eda de \u00abAnimaci\u00f3n\u00bb, recibi\u00f3 el Premio Especial del Jurado, Premio Caracol y Premio Civervoto a la mejor animaci\u00f3n.<\/li>\n<\/ul>\n\n\n<p>El filme 20 a\u00f1os particip\u00f3 en la edici\u00f3n <strong>2010<\/strong> del <a href=\"https:\/\/elojocojo.org\/category\/festival-2010\/\"><strong>Festival de cine el ojO cojo<\/strong> <\/a>en ese sentido nos sentimos honrados de haberla exhibido.<\/p>\n\n\n\n<p>Visita nuestro blog <a href=\"https:\/\/el-ojocojo.blogspot.com\/\">https:\/\/el-ojocojo.blogspot.com\/<\/a><\/p>\n","protected":false},"excerpt":{"rendered":"<p>T\u00cdTULO: 20 a\u00f1osT\u00cdTULO ORIGINAL: 20 a\u00f1osA\u00d1O: 2009DIRECTOR: B\u00e1rbaro Joel OrtizG\u00c9NERO CINEMATOGR\u00c1FICO: Cortometraje de animaci\u00f3n en Stop MotionDURACI\u00d3N: 14&#8242; TIPO: colorPA\u00cdS: CubaIDIOMA ORIGINAL: castellanoPRODUCCI\u00d3N: Alex CabanasGUI\u00d3N: B\u00e1rbaro Joel OrtizEDICI\u00d3N\/MONTAJE: Alain Garc\u00edaDIRECCI\u00d3N DE FOTOGRAF\u00cdA: B\u00e1rbaro Joel OrtizM\u00daSICA: Harold L\u00f3pez-Nussa SIN\u00d3PSIS: Una mujer vive aferrada a un pasado feliz. Pero el presente parece que es muy distinto. 20 [&hellip;]<\/p>\n","protected":false},"author":11,"featured_media":0,"comment_status":"closed","ping_status":"closed","sticky":false,"template":"","format":"standard","meta":{"_monsterinsights_skip_tracking":false,"_monsterinsights_sitenote_active":false,"_monsterinsights_sitenote_note":"","_monsterinsights_sitenote_category":0,"footnotes":""},"categories":[32,1460,3],"tags":[1996,1833,62,1014,1272,1258,2119,1981,1982,1060,1142,91,85,926],"class_list":{"0":"post-5359","1":"post","2":"type-post","3":"status-publish","4":"format-standard","6":"category-animacion","7":"category-cortometraje","8":"category-festival-2010","9":"tag-1996","10":"tag-animacion","11":"tag-convivencia","12":"tag-cuba","13":"tag-discriminacion-sexual","14":"tag-empoderamiento","15":"tag-espanol","16":"tag-festival-de-cine","17":"tag-festival-el-ojo-cojo","18":"tag-igualdad-de-genero","19":"tag-machismo","20":"tag-mujer","21":"tag-pareja","22":"tag-violencia-de-genero","23":"czr-hentry"},"yoast_head":"<!-- This site is optimized with the Yoast SEO plugin v27.1.1 - https:\/\/yoast.com\/product\/yoast-seo-wordpress\/ -->\n<title>20 a\u00f1os - el ojO cojo<\/title>\n<meta name=\"description\" content=\"Pel\u00edcula 20 a\u00f1os exhibida en la edici\u00f3n 2010 del Festival el ojO cojo. Pa\u00eds de origen, Cuba. Dirigido por B\u00e1rbaro Joel Ortiz.\" \/>\n<meta name=\"robots\" content=\"index, follow, max-snippet:-1, max-image-preview:large, max-video-preview:-1\" \/>\n<link rel=\"canonical\" href=\"https:\/\/elojocojo.org\/20-anos\/\" \/>\n<meta property=\"og:locale\" content=\"es_ES\" \/>\n<meta property=\"og:type\" content=\"article\" \/>\n<meta property=\"og:title\" content=\"20 a\u00f1os - el ojO cojo\" \/>\n<meta property=\"og:description\" content=\"Pel\u00edcula 20 a\u00f1os exhibida en la edici\u00f3n 2010 del Festival el ojO cojo. Pa\u00eds de origen, Cuba. Dirigido por B\u00e1rbaro Joel Ortiz.\" \/>\n<meta property=\"og:url\" content=\"https:\/\/elojocojo.org\/20-anos\/\" \/>\n<meta property=\"og:site_name\" content=\"el ojO cojo\" \/>\n<meta property=\"article:publisher\" content=\"https:\/\/www.facebook.com\/elojocojo\" \/>\n<meta property=\"article:published_time\" content=\"2010-09-09T18:30:29+00:00\" \/>\n<meta property=\"article:modified_time\" content=\"2025-09-19T08:43:55+00:00\" \/>\n<meta property=\"og:image\" content=\"https:\/\/www.elojocojo.org\/wp-content\/uploads\/2020\/05\/20-a%C3%B1os.jpg\" \/>\n<meta name=\"author\" content=\"cojo\" \/>\n<meta name=\"twitter:card\" content=\"summary_large_image\" \/>\n<meta name=\"twitter:creator\" content=\"@elojocojo\" \/>\n<meta name=\"twitter:site\" content=\"@elojocojo\" \/>\n<meta name=\"twitter:label1\" content=\"Escrito por\" \/>\n\t<meta name=\"twitter:data1\" content=\"cojo\" \/>\n\t<meta name=\"twitter:label2\" content=\"Tiempo de lectura\" \/>\n\t<meta name=\"twitter:data2\" content=\"1 minuto\" \/>\n<script type=\"application\/ld+json\" class=\"yoast-schema-graph\">{\"@context\":\"https:\/\/schema.org\",\"@graph\":[{\"@type\":\"Article\",\"@id\":\"https:\/\/elojocojo.org\/20-anos\/#article\",\"isPartOf\":{\"@id\":\"https:\/\/elojocojo.org\/20-anos\/\"},\"author\":{\"name\":\"cojo\",\"@id\":\"https:\/\/elojocojo.org\/#\/schema\/person\/cba15985dd5da095cac31c1ff0d6e23e\"},\"headline\":\"20 a\u00f1os\",\"datePublished\":\"2010-09-09T18:30:29+00:00\",\"dateModified\":\"2025-09-19T08:43:55+00:00\",\"mainEntityOfPage\":{\"@id\":\"https:\/\/elojocojo.org\/20-anos\/\"},\"wordCount\":187,\"publisher\":{\"@id\":\"https:\/\/elojocojo.org\/#organization\"},\"image\":{\"@id\":\"https:\/\/elojocojo.org\/20-anos\/#primaryimage\"},\"thumbnailUrl\":\"https:\/\/www.elojocojo.org\/wp-content\/uploads\/2020\/05\/20-a%C3%B1os.jpg\",\"keywords\":[\"2010\",\"animaci\u00f3n\",\"convivencia\",\"Cuba\",\"discriminaci\u00f3n sexual\",\"empoderamiento\",\"espa\u00f1ol\",\"festival de cine\",\"Festival el Ojo cojo\",\"igualdad de g\u00e9nero\",\"machismo\",\"mujer\",\"pareja\",\"violencia de g\u00e9nero\"],\"articleSection\":[\"Animaci\u00f3n\",\"Cortometraje\",\"Festival 2010\"],\"inLanguage\":\"es\"},{\"@type\":\"WebPage\",\"@id\":\"https:\/\/elojocojo.org\/20-anos\/\",\"url\":\"https:\/\/elojocojo.org\/20-anos\/\",\"name\":\"20 a\u00f1os - el ojO cojo\",\"isPartOf\":{\"@id\":\"https:\/\/elojocojo.org\/#website\"},\"primaryImageOfPage\":{\"@id\":\"https:\/\/elojocojo.org\/20-anos\/#primaryimage\"},\"image\":{\"@id\":\"https:\/\/elojocojo.org\/20-anos\/#primaryimage\"},\"thumbnailUrl\":\"https:\/\/www.elojocojo.org\/wp-content\/uploads\/2020\/05\/20-a%C3%B1os.jpg\",\"datePublished\":\"2010-09-09T18:30:29+00:00\",\"dateModified\":\"2025-09-19T08:43:55+00:00\",\"description\":\"Pel\u00edcula 20 a\u00f1os exhibida en la edici\u00f3n 2010 del Festival el ojO cojo. Pa\u00eds de origen, Cuba. Dirigido por B\u00e1rbaro Joel Ortiz.\",\"breadcrumb\":{\"@id\":\"https:\/\/elojocojo.org\/20-anos\/#breadcrumb\"},\"inLanguage\":\"es\",\"potentialAction\":[{\"@type\":\"ReadAction\",\"target\":[\"https:\/\/elojocojo.org\/20-anos\/\"]}]},{\"@type\":\"ImageObject\",\"inLanguage\":\"es\",\"@id\":\"https:\/\/elojocojo.org\/20-anos\/#primaryimage\",\"url\":\"https:\/\/www.elojocojo.org\/wp-content\/uploads\/2020\/05\/20-a%C3%B1os.jpg\",\"contentUrl\":\"https:\/\/www.elojocojo.org\/wp-content\/uploads\/2020\/05\/20-a%C3%B1os.jpg\"},{\"@type\":\"BreadcrumbList\",\"@id\":\"https:\/\/elojocojo.org\/20-anos\/#breadcrumb\",\"itemListElement\":[{\"@type\":\"ListItem\",\"position\":1,\"name\":\"Portada\",\"item\":\"https:\/\/elojocojo.org\/\"},{\"@type\":\"ListItem\",\"position\":2,\"name\":\"2010\",\"item\":\"https:\/\/elojocojo.org\/tag\/2010\/\"},{\"@type\":\"ListItem\",\"position\":3,\"name\":\"20 a\u00f1os\"}]},{\"@type\":\"WebSite\",\"@id\":\"https:\/\/elojocojo.org\/#website\",\"url\":\"https:\/\/elojocojo.org\/\",\"name\":\"el ojO cojo\",\"description\":\"Todos estamos hechos de la misma esencia\",\"publisher\":{\"@id\":\"https:\/\/elojocojo.org\/#organization\"},\"potentialAction\":[{\"@type\":\"SearchAction\",\"target\":{\"@type\":\"EntryPoint\",\"urlTemplate\":\"https:\/\/elojocojo.org\/?s={search_term_string}\"},\"query-input\":{\"@type\":\"PropertyValueSpecification\",\"valueRequired\":true,\"valueName\":\"search_term_string\"}}],\"inLanguage\":\"es\"},{\"@type\":\"Organization\",\"@id\":\"https:\/\/elojocojo.org\/#organization\",\"name\":\"Meigas da r\u00faa\",\"url\":\"https:\/\/elojocojo.org\/\",\"logo\":{\"@type\":\"ImageObject\",\"inLanguage\":\"es\",\"@id\":\"https:\/\/elojocojo.org\/#\/schema\/logo\/image\/\",\"url\":\"https:\/\/meigasdarua.org\/wp-content\/uploads\/2020\/09\/cropped-logo-meigas-5.png\",\"contentUrl\":\"https:\/\/meigasdarua.org\/wp-content\/uploads\/2020\/09\/cropped-logo-meigas-5.png\",\"width\":109,\"height\":200,\"caption\":\"Meigas da r\u00faa\"},\"image\":{\"@id\":\"https:\/\/elojocojo.org\/#\/schema\/logo\/image\/\"},\"sameAs\":[\"https:\/\/www.facebook.com\/elojocojo\",\"https:\/\/x.com\/elojocojo\",\"https:\/\/www.instagram.com\/elojocojo\/?hl=es\",\"https:\/\/www.linkedin.com\/in\/el-ojo-cojo-b52b7769\/\",\"https:\/\/www.pinterest.es\/elojocojo\/_saved\/\",\"https:\/\/www.youtube.com\/channel\/UCkFtFTV0Bms7zH7vq8FZxZg\"]},{\"@type\":\"Person\",\"@id\":\"https:\/\/elojocojo.org\/#\/schema\/person\/cba15985dd5da095cac31c1ff0d6e23e\",\"name\":\"cojo\",\"url\":\"https:\/\/elojocojo.org\/author\/cojo\/\"}]}<\/script>\n<!-- \/ Yoast SEO plugin. -->","yoast_head_json":{"title":"20 a\u00f1os - el ojO cojo","description":"Pel\u00edcula 20 a\u00f1os exhibida en la edici\u00f3n 2010 del Festival el ojO cojo. Pa\u00eds de origen, Cuba. Dirigido por B\u00e1rbaro Joel Ortiz.","robots":{"index":"index","follow":"follow","max-snippet":"max-snippet:-1","max-image-preview":"max-image-preview:large","max-video-preview":"max-video-preview:-1"},"canonical":"https:\/\/elojocojo.org\/20-anos\/","og_locale":"es_ES","og_type":"article","og_title":"20 a\u00f1os - el ojO cojo","og_description":"Pel\u00edcula 20 a\u00f1os exhibida en la edici\u00f3n 2010 del Festival el ojO cojo. Pa\u00eds de origen, Cuba. Dirigido por B\u00e1rbaro Joel Ortiz.","og_url":"https:\/\/elojocojo.org\/20-anos\/","og_site_name":"el ojO cojo","article_publisher":"https:\/\/www.facebook.com\/elojocojo","article_published_time":"2010-09-09T18:30:29+00:00","article_modified_time":"2025-09-19T08:43:55+00:00","og_image":[{"url":"https:\/\/www.elojocojo.org\/wp-content\/uploads\/2020\/05\/20-a%C3%B1os.jpg","type":"","width":"","height":""}],"author":"cojo","twitter_card":"summary_large_image","twitter_creator":"@elojocojo","twitter_site":"@elojocojo","twitter_misc":{"Escrito por":"cojo","Tiempo de lectura":"1 minuto"},"schema":{"@context":"https:\/\/schema.org","@graph":[{"@type":"Article","@id":"https:\/\/elojocojo.org\/20-anos\/#article","isPartOf":{"@id":"https:\/\/elojocojo.org\/20-anos\/"},"author":{"name":"cojo","@id":"https:\/\/elojocojo.org\/#\/schema\/person\/cba15985dd5da095cac31c1ff0d6e23e"},"headline":"20 a\u00f1os","datePublished":"2010-09-09T18:30:29+00:00","dateModified":"2025-09-19T08:43:55+00:00","mainEntityOfPage":{"@id":"https:\/\/elojocojo.org\/20-anos\/"},"wordCount":187,"publisher":{"@id":"https:\/\/elojocojo.org\/#organization"},"image":{"@id":"https:\/\/elojocojo.org\/20-anos\/#primaryimage"},"thumbnailUrl":"https:\/\/www.elojocojo.org\/wp-content\/uploads\/2020\/05\/20-a%C3%B1os.jpg","keywords":["2010","animaci\u00f3n","convivencia","Cuba","discriminaci\u00f3n sexual","empoderamiento","espa\u00f1ol","festival de cine","Festival el Ojo cojo","igualdad de g\u00e9nero","machismo","mujer","pareja","violencia de g\u00e9nero"],"articleSection":["Animaci\u00f3n","Cortometraje","Festival 2010"],"inLanguage":"es"},{"@type":"WebPage","@id":"https:\/\/elojocojo.org\/20-anos\/","url":"https:\/\/elojocojo.org\/20-anos\/","name":"20 a\u00f1os - el ojO cojo","isPartOf":{"@id":"https:\/\/elojocojo.org\/#website"},"primaryImageOfPage":{"@id":"https:\/\/elojocojo.org\/20-anos\/#primaryimage"},"image":{"@id":"https:\/\/elojocojo.org\/20-anos\/#primaryimage"},"thumbnailUrl":"https:\/\/www.elojocojo.org\/wp-content\/uploads\/2020\/05\/20-a%C3%B1os.jpg","datePublished":"2010-09-09T18:30:29+00:00","dateModified":"2025-09-19T08:43:55+00:00","description":"Pel\u00edcula 20 a\u00f1os exhibida en la edici\u00f3n 2010 del Festival el ojO cojo. Pa\u00eds de origen, Cuba. Dirigido por B\u00e1rbaro Joel Ortiz.","breadcrumb":{"@id":"https:\/\/elojocojo.org\/20-anos\/#breadcrumb"},"inLanguage":"es","potentialAction":[{"@type":"ReadAction","target":["https:\/\/elojocojo.org\/20-anos\/"]}]},{"@type":"ImageObject","inLanguage":"es","@id":"https:\/\/elojocojo.org\/20-anos\/#primaryimage","url":"https:\/\/www.elojocojo.org\/wp-content\/uploads\/2020\/05\/20-a%C3%B1os.jpg","contentUrl":"https:\/\/www.elojocojo.org\/wp-content\/uploads\/2020\/05\/20-a%C3%B1os.jpg"},{"@type":"BreadcrumbList","@id":"https:\/\/elojocojo.org\/20-anos\/#breadcrumb","itemListElement":[{"@type":"ListItem","position":1,"name":"Portada","item":"https:\/\/elojocojo.org\/"},{"@type":"ListItem","position":2,"name":"2010","item":"https:\/\/elojocojo.org\/tag\/2010\/"},{"@type":"ListItem","position":3,"name":"20 a\u00f1os"}]},{"@type":"WebSite","@id":"https:\/\/elojocojo.org\/#website","url":"https:\/\/elojocojo.org\/","name":"el ojO cojo","description":"Todos estamos hechos de la misma esencia","publisher":{"@id":"https:\/\/elojocojo.org\/#organization"},"potentialAction":[{"@type":"SearchAction","target":{"@type":"EntryPoint","urlTemplate":"https:\/\/elojocojo.org\/?s={search_term_string}"},"query-input":{"@type":"PropertyValueSpecification","valueRequired":true,"valueName":"search_term_string"}}],"inLanguage":"es"},{"@type":"Organization","@id":"https:\/\/elojocojo.org\/#organization","name":"Meigas da r\u00faa","url":"https:\/\/elojocojo.org\/","logo":{"@type":"ImageObject","inLanguage":"es","@id":"https:\/\/elojocojo.org\/#\/schema\/logo\/image\/","url":"https:\/\/meigasdarua.org\/wp-content\/uploads\/2020\/09\/cropped-logo-meigas-5.png","contentUrl":"https:\/\/meigasdarua.org\/wp-content\/uploads\/2020\/09\/cropped-logo-meigas-5.png","width":109,"height":200,"caption":"Meigas da r\u00faa"},"image":{"@id":"https:\/\/elojocojo.org\/#\/schema\/logo\/image\/"},"sameAs":["https:\/\/www.facebook.com\/elojocojo","https:\/\/x.com\/elojocojo","https:\/\/www.instagram.com\/elojocojo\/?hl=es","https:\/\/www.linkedin.com\/in\/el-ojo-cojo-b52b7769\/","https:\/\/www.pinterest.es\/elojocojo\/_saved\/","https:\/\/www.youtube.com\/channel\/UCkFtFTV0Bms7zH7vq8FZxZg"]},{"@type":"Person","@id":"https:\/\/elojocojo.org\/#\/schema\/person\/cba15985dd5da095cac31c1ff0d6e23e","name":"cojo","url":"https:\/\/elojocojo.org\/author\/cojo\/"}]}},"_links":{"self":[{"href":"https:\/\/elojocojo.org\/wp-json\/wp\/v2\/posts\/5359","targetHints":{"allow":["GET"]}}],"collection":[{"href":"https:\/\/elojocojo.org\/wp-json\/wp\/v2\/posts"}],"about":[{"href":"https:\/\/elojocojo.org\/wp-json\/wp\/v2\/types\/post"}],"author":[{"embeddable":true,"href":"https:\/\/elojocojo.org\/wp-json\/wp\/v2\/users\/11"}],"replies":[{"embeddable":true,"href":"https:\/\/elojocojo.org\/wp-json\/wp\/v2\/comments?post=5359"}],"version-history":[{"count":3,"href":"https:\/\/elojocojo.org\/wp-json\/wp\/v2\/posts\/5359\/revisions"}],"predecessor-version":[{"id":58363,"href":"https:\/\/elojocojo.org\/wp-json\/wp\/v2\/posts\/5359\/revisions\/58363"}],"wp:attachment":[{"href":"https:\/\/elojocojo.org\/wp-json\/wp\/v2\/media?parent=5359"}],"wp:term":[{"taxonomy":"category","embeddable":true,"href":"https:\/\/elojocojo.org\/wp-json\/wp\/v2\/categories?post=5359"},{"taxonomy":"post_tag","embeddable":true,"href":"https:\/\/elojocojo.org\/wp-json\/wp\/v2\/tags?post=5359"}],"curies":[{"name":"wp","href":"https:\/\/api.w.org\/{rel}","templated":true}]}}