{"id":5318,"date":"2010-09-09T10:27:47","date_gmt":"2010-09-09T09:27:47","guid":{"rendered":"http:\/\/www.elojocojo.org\/blog2\/?p=5318"},"modified":"2025-09-19T10:46:03","modified_gmt":"2025-09-19T08:46:03","slug":"hammada","status":"publish","type":"post","link":"https:\/\/elojocojo.org\/hammada\/","title":{"rendered":"Hammada"},"content":{"rendered":"<p><iframe src=\"http:\/\/player.vimeo.com\/video\/13391925\" width=\"400\" height=\"320\" frameborder=\"0\"><\/iframe><\/p>\n<p><strong>T\u00cdTULO:<\/strong> Hammada<\/p>\n<p><strong>T\u00cdTULO ORIGINAL:<\/strong> Hammada<\/p>\n<p><strong>A\u00d1O:<\/strong> 2009<\/p>\n<p><strong>DIRECTOR:<\/strong> Anna M Bofarull<\/p>\n<p><strong>G\u00c9NERO CINEMATOGR\u00c1FICO:<\/strong> documental<\/p>\n<p><strong>DURACI\u00d3N:<\/strong> 84&#8242;<\/p>\n<p><strong>PA\u00cdS:<\/strong> Espa\u00f1a<\/p>\n<p><strong>FORMATO ORIGINAL:<\/strong> DVCAM<\/p>\n<p><strong>TIPO:<\/strong> digital<\/p>\n<p><strong>IDIOMA ORIGINAL:<\/strong> Hassania (\u00e1rabe)<\/p>\n<p><strong>SUBTITULOS:<\/strong> Castellano, catal\u00e1n, ingl\u00e9s, alem\u00e1n<\/p>\n<p><strong>PRODUCCI\u00d3N:<\/strong> Heiko Kraft (KaBoGa)<\/p>\n<p><strong>GUI\u00d3N:<\/strong> Anna M Bofarull<\/p>\n<p><strong>EDICI\u00d3N\/MONTAJE:<\/strong> Anna M Bofarull<\/p>\n<p><strong>DIRECCI\u00d3N DE FOTOGRAF\u00cdA:<\/strong> Anna M Bofarull<\/p>\n<p><strong>SONIDO:<\/strong> Gemma Alias<\/p>\n<p><b>M\u00daSICA:<\/b> Gerard Pastor<\/p>\n<h2><strong>SINOPSIS:<\/strong><\/h2>\n<h2 data-start=\"73\" data-end=\"123\">Un ni\u00f1o saharaui y su descubrimiento del mundo<\/h2>\n<p data-start=\"125\" data-end=\"407\">Dadah es un ni\u00f1o que vive en el campamento de Dajla, rodeado por el desierto y una realidad limitada a ese entorno. Sin embargo, su vida cambia cuando el cine le muestra paisajes verdes y ciudades llenas de vida, revel\u00e1ndole un mundo desconocido y lejano a su experiencia cotidiana.<\/p>\n<h2 data-start=\"409\" data-end=\"457\">La hammada: un paisaje inh\u00f3spito y simb\u00f3lico<\/h2>\n<p data-start=\"459\" data-end=\"719\">La hammada, zona \u00e1rida y dura cercana a Tinduf, es un territorio temido y dif\u00edcil. A pesar de ello, m\u00e1s de 200.000 saharauis han logrado sobrevivir en esta regi\u00f3n durante m\u00e1s de tres d\u00e9cadas, convirtiendo los campamentos en espacios de resistencia y esperanza.<\/p>\n<h2 data-start=\"721\" data-end=\"758\">Ra\u00edces de la resistencia saharaui<\/h2>\n<p data-start=\"760\" data-end=\"1115\">Desde 1975, cuando Espa\u00f1a abandon\u00f3 el S\u00e1hara Occidental y Marruecos junto a Mauritania ocuparon el territorio, miles de saharauis se vieron obligados a huir, enfrent\u00e1ndose a bombardeos y desplazamientos. Sin embargo, su identidad y su esp\u00edritu de lucha permanecen firmes, reflejados en los nombres de sus campamentos como El Aai\u00fan, Dajla, Smara y Ausserd.<\/p>\n<h2 data-start=\"1117\" data-end=\"1163\">La perseverancia en medio de la adversidad<\/h2>\n<p data-start=\"1165\" data-end=\"1453\">A pesar de las condiciones extremas y las dificultades diarias en el desierto, la comunidad saharaui sigue resistiendo con valent\u00eda. Su lucha no solo es por la supervivencia f\u00edsica, sino tambi\u00e9n por mantener viva su cultura y su sentido de pertenencia a una tierra que les fue arrebatada.<\/p>\n<h2 data-start=\"1455\" data-end=\"1500\">La b\u00fasqueda de justicia y un futuro mejor<\/h2>\n<p data-start=\"1502\" data-end=\"1767\">La autodeterminaci\u00f3n y la justicia son causas esenciales para los saharauis. Su compromiso con un futuro m\u00e1s prometedor es el motor que les permite resistir d\u00eda a d\u00eda, demostrando que la esperanza y la lucha pueden prevalecer incluso en los contextos m\u00e1s dif\u00edciles.<\/p>\n\n<div class=\"wp-block-image\">\n<figure class=\"aligncenter size-large\"><img decoding=\"async\" width=\"539\" height=\"360\" src=\"https:\/\/elojocojo.org\/wp-content\/uploads\/2010\/09\/image-2-539x360.jpg\" alt=\"\" class=\"wp-image-62261\" srcset=\"https:\/\/elojocojo.org\/wp-content\/uploads\/2010\/09\/image-2-539x360.jpg 539w, https:\/\/elojocojo.org\/wp-content\/uploads\/2010\/09\/image-2-400x267.jpg 400w, https:\/\/elojocojo.org\/wp-content\/uploads\/2010\/09\/image-2-300x200.jpg 300w, https:\/\/elojocojo.org\/wp-content\/uploads\/2010\/09\/image-2-768x513.jpg 768w, https:\/\/elojocojo.org\/wp-content\/uploads\/2010\/09\/image-2-150x100.jpg 150w, https:\/\/elojocojo.org\/wp-content\/uploads\/2010\/09\/image-2.jpg 1127w\" sizes=\"(max-width: 539px) 100vw, 539px\" \/><\/figure>\n<\/div>\n\n\n<h3 class=\"wp-block-heading\"><strong>Palmar\u00e9s:<\/strong><\/h3>\n\n\n\n<ul class=\"wp-block-list\">\n<li>Las Palmas de gran Canarias film Festival 2010<\/li>\n\n\n\n<li>Sao Paulo International Film festival 2010<\/li>\n\n\n\n<li>Thessaloniki International Film Festival 2010<\/li>\n\n\n\n<li>Festival de Cinema Espanyol de Toulouse (Cinespa\u00f1a) 2010<\/li>\n\n\n\n<li>Dubai International Film Festival 2009<\/li>\n<\/ul>\n\n\n\n<p>El filme Hammada particip\u00f3 en la edici\u00f3n <strong>2010<\/strong> del <a href=\"https:\/\/elojocojo.org\/category\/festival-2010\/\"><strong>Festival de cine el ojO cojo<\/strong> <\/a>en ese sentido nos sentimos honrados de haberla exhibido.<\/p>\n\n\n\n<p>Visita nuestro <a href=\"https:\/\/el-ojocojo.blogspot.com\/\">blog<\/a><\/p>\n\n\n\n<p><a href=\"https:\/\/www.imdb.com\/es\/title\/tt1586584\/?ref_=mv_close\">IMDB<\/a>: 7.0\/10<\/p>\n\n\n\n<p><\/p>\n","protected":false},"excerpt":{"rendered":"<p>T\u00cdTULO: Hammada T\u00cdTULO ORIGINAL: Hammada A\u00d1O: 2009 DIRECTOR: Anna M Bofarull G\u00c9NERO CINEMATOGR\u00c1FICO: documental DURACI\u00d3N: 84&#8242; PA\u00cdS: Espa\u00f1a FORMATO ORIGINAL: DVCAM TIPO: digital IDIOMA ORIGINAL: Hassania (\u00e1rabe) SUBTITULOS: Castellano, catal\u00e1n, ingl\u00e9s, alem\u00e1n PRODUCCI\u00d3N: Heiko Kraft (KaBoGa) GUI\u00d3N: Anna M Bofarull EDICI\u00d3N\/MONTAJE: Anna M Bofarull DIRECCI\u00d3N DE FOTOGRAF\u00cdA: Anna M Bofarull SONIDO: Gemma Alias M\u00daSICA: Gerard [&hellip;]<\/p>\n","protected":false},"author":3,"featured_media":24329,"comment_status":"closed","ping_status":"closed","sticky":false,"template":"","format":"standard","meta":{"_monsterinsights_skip_tracking":false,"_monsterinsights_sitenote_active":false,"_monsterinsights_sitenote_note":"","_monsterinsights_sitenote_category":0,"footnotes":""},"categories":[2053,3],"tags":[2368,1996,66,941,1682,1434,1431,1779,892,2119,2191,1981,1982,878,2147,2187,2118,128,97,1213,1013],"class_list":{"0":"post-5318","1":"post","2":"type-post","3":"status-publish","4":"format-standard","5":"has-post-thumbnail","7":"category-documental","8":"category-festival-2010","9":"tag-2000-2","10":"tag-1996","11":"tag-africa","12":"tag-cine","13":"tag-compromiso","14":"tag-conflicto","15":"tag-costumbres-y-tradiciones","16":"tag-cultura","17":"tag-diversidad-cultural","18":"tag-espanol","19":"tag-esperanza","20":"tag-festival-de-cine","21":"tag-festival-el-ojo-cojo","22":"tag-historia","23":"tag-identidad","24":"tag-igualdad","25":"tag-ingles","26":"tag-ninos","27":"tag-refugiados","28":"tag-saharauis","29":"tag-vida-cotidiana","30":"czr-hentry"},"yoast_head":"<!-- This site is optimized with the Yoast SEO plugin v27.1.1 - https:\/\/yoast.com\/product\/yoast-seo-wordpress\/ -->\n<title>Hammada - el ojO cojo<\/title>\n<meta name=\"description\" content=\"Pel\u00edcula Hammada exhibida en la edici\u00f3n 2010 del Festival el ojO cojo. Pa\u00eds de origen, Espa\u00f1a. Dirigido por Anna M Bofarull.\" \/>\n<meta name=\"robots\" content=\"index, follow, max-snippet:-1, max-image-preview:large, max-video-preview:-1\" \/>\n<link rel=\"canonical\" href=\"https:\/\/elojocojo.org\/hammada\/\" \/>\n<meta property=\"og:locale\" content=\"es_ES\" \/>\n<meta property=\"og:type\" content=\"article\" \/>\n<meta property=\"og:title\" content=\"Hammada - el ojO cojo\" \/>\n<meta property=\"og:description\" content=\"Pel\u00edcula Hammada exhibida en la edici\u00f3n 2010 del Festival el ojO cojo. Pa\u00eds de origen, Espa\u00f1a. Dirigido por Anna M Bofarull.\" \/>\n<meta property=\"og:url\" content=\"https:\/\/elojocojo.org\/hammada\/\" \/>\n<meta property=\"og:site_name\" content=\"el ojO cojo\" \/>\n<meta property=\"article:publisher\" content=\"https:\/\/www.facebook.com\/elojocojo\" \/>\n<meta property=\"article:published_time\" content=\"2010-09-09T09:27:47+00:00\" \/>\n<meta property=\"article:modified_time\" content=\"2025-09-19T08:46:03+00:00\" \/>\n<meta property=\"og:image\" content=\"https:\/\/elojocojo.org\/wp-content\/uploads\/2010\/09\/Hammada.jpg\" \/>\n\t<meta property=\"og:image:width\" content=\"871\" \/>\n\t<meta property=\"og:image:height\" content=\"420\" \/>\n\t<meta property=\"og:image:type\" content=\"image\/jpeg\" \/>\n<meta name=\"twitter:card\" content=\"summary_large_image\" \/>\n<meta name=\"twitter:creator\" content=\"@elojocojo\" \/>\n<meta name=\"twitter:site\" content=\"@elojocojo\" \/>\n<meta name=\"twitter:label1\" content=\"Escrito por\" \/>\n\t<meta name=\"twitter:data1\" content=\"\" \/>\n\t<meta name=\"twitter:label2\" content=\"Tiempo de lectura\" \/>\n\t<meta name=\"twitter:data2\" content=\"1 minuto\" \/>\n<script type=\"application\/ld+json\" class=\"yoast-schema-graph\">{\"@context\":\"https:\/\/schema.org\",\"@graph\":[{\"@type\":\"Article\",\"@id\":\"https:\/\/elojocojo.org\/hammada\/#article\",\"isPartOf\":{\"@id\":\"https:\/\/elojocojo.org\/hammada\/\"},\"author\":{\"name\":\"\",\"@id\":\"\"},\"headline\":\"Hammada\",\"datePublished\":\"2010-09-09T09:27:47+00:00\",\"dateModified\":\"2025-09-19T08:46:03+00:00\",\"mainEntityOfPage\":{\"@id\":\"https:\/\/elojocojo.org\/hammada\/\"},\"wordCount\":428,\"publisher\":{\"@id\":\"https:\/\/elojocojo.org\/#organization\"},\"image\":{\"@id\":\"https:\/\/elojocojo.org\/hammada\/#primaryimage\"},\"thumbnailUrl\":\"https:\/\/elojocojo.org\/wp-content\/uploads\/2010\/09\/Hammada.jpg\",\"keywords\":[\"2000\",\"2010\",\"\u00c1frica\",\"cine\",\"compromiso\",\"conflicto\",\"costumbres y tradiciones\",\"cultura\",\"diversidad cultural\",\"espa\u00f1ol\",\"esperanza\",\"festival de cine\",\"Festival el Ojo cojo\",\"historia\",\"identidad\",\"igualdad\",\"ingl\u00e9s\",\"ni\u00f1os\",\"refugiados\",\"saharauis\",\"vida cotidiana\"],\"articleSection\":[\"Documental\",\"Festival 2010\"],\"inLanguage\":\"es\"},{\"@type\":\"WebPage\",\"@id\":\"https:\/\/elojocojo.org\/hammada\/\",\"url\":\"https:\/\/elojocojo.org\/hammada\/\",\"name\":\"Hammada - el ojO cojo\",\"isPartOf\":{\"@id\":\"https:\/\/elojocojo.org\/#website\"},\"primaryImageOfPage\":{\"@id\":\"https:\/\/elojocojo.org\/hammada\/#primaryimage\"},\"image\":{\"@id\":\"https:\/\/elojocojo.org\/hammada\/#primaryimage\"},\"thumbnailUrl\":\"https:\/\/elojocojo.org\/wp-content\/uploads\/2010\/09\/Hammada.jpg\",\"datePublished\":\"2010-09-09T09:27:47+00:00\",\"dateModified\":\"2025-09-19T08:46:03+00:00\",\"description\":\"Pel\u00edcula Hammada exhibida en la edici\u00f3n 2010 del Festival el ojO cojo. Pa\u00eds de origen, Espa\u00f1a. Dirigido por Anna M Bofarull.\",\"breadcrumb\":{\"@id\":\"https:\/\/elojocojo.org\/hammada\/#breadcrumb\"},\"inLanguage\":\"es\",\"potentialAction\":[{\"@type\":\"ReadAction\",\"target\":[\"https:\/\/elojocojo.org\/hammada\/\"]}]},{\"@type\":\"ImageObject\",\"inLanguage\":\"es\",\"@id\":\"https:\/\/elojocojo.org\/hammada\/#primaryimage\",\"url\":\"https:\/\/elojocojo.org\/wp-content\/uploads\/2010\/09\/Hammada.jpg\",\"contentUrl\":\"https:\/\/elojocojo.org\/wp-content\/uploads\/2010\/09\/Hammada.jpg\",\"width\":871,\"height\":420},{\"@type\":\"BreadcrumbList\",\"@id\":\"https:\/\/elojocojo.org\/hammada\/#breadcrumb\",\"itemListElement\":[{\"@type\":\"ListItem\",\"position\":1,\"name\":\"Portada\",\"item\":\"https:\/\/elojocojo.org\/\"},{\"@type\":\"ListItem\",\"position\":2,\"name\":\"2000\",\"item\":\"https:\/\/elojocojo.org\/tag\/2000-2\/\"},{\"@type\":\"ListItem\",\"position\":3,\"name\":\"Hammada\"}]},{\"@type\":\"WebSite\",\"@id\":\"https:\/\/elojocojo.org\/#website\",\"url\":\"https:\/\/elojocojo.org\/\",\"name\":\"el ojO cojo\",\"description\":\"Todos estamos hechos de la misma esencia\",\"publisher\":{\"@id\":\"https:\/\/elojocojo.org\/#organization\"},\"potentialAction\":[{\"@type\":\"SearchAction\",\"target\":{\"@type\":\"EntryPoint\",\"urlTemplate\":\"https:\/\/elojocojo.org\/?s={search_term_string}\"},\"query-input\":{\"@type\":\"PropertyValueSpecification\",\"valueRequired\":true,\"valueName\":\"search_term_string\"}}],\"inLanguage\":\"es\"},{\"@type\":\"Organization\",\"@id\":\"https:\/\/elojocojo.org\/#organization\",\"name\":\"Meigas da r\u00faa\",\"url\":\"https:\/\/elojocojo.org\/\",\"logo\":{\"@type\":\"ImageObject\",\"inLanguage\":\"es\",\"@id\":\"https:\/\/elojocojo.org\/#\/schema\/logo\/image\/\",\"url\":\"https:\/\/meigasdarua.org\/wp-content\/uploads\/2020\/09\/cropped-logo-meigas-5.png\",\"contentUrl\":\"https:\/\/meigasdarua.org\/wp-content\/uploads\/2020\/09\/cropped-logo-meigas-5.png\",\"width\":109,\"height\":200,\"caption\":\"Meigas da r\u00faa\"},\"image\":{\"@id\":\"https:\/\/elojocojo.org\/#\/schema\/logo\/image\/\"},\"sameAs\":[\"https:\/\/www.facebook.com\/elojocojo\",\"https:\/\/x.com\/elojocojo\",\"https:\/\/www.instagram.com\/elojocojo\/?hl=es\",\"https:\/\/www.linkedin.com\/in\/el-ojo-cojo-b52b7769\/\",\"https:\/\/www.pinterest.es\/elojocojo\/_saved\/\",\"https:\/\/www.youtube.com\/channel\/UCkFtFTV0Bms7zH7vq8FZxZg\"]},{\"@type\":\"Person\",\"@id\":\"\",\"url\":\"https:\/\/elojocojo.org\/author\/\"}]}<\/script>\n<!-- \/ Yoast SEO plugin. -->","yoast_head_json":{"title":"Hammada - el ojO cojo","description":"Pel\u00edcula Hammada exhibida en la edici\u00f3n 2010 del Festival el ojO cojo. Pa\u00eds de origen, Espa\u00f1a. Dirigido por Anna M Bofarull.","robots":{"index":"index","follow":"follow","max-snippet":"max-snippet:-1","max-image-preview":"max-image-preview:large","max-video-preview":"max-video-preview:-1"},"canonical":"https:\/\/elojocojo.org\/hammada\/","og_locale":"es_ES","og_type":"article","og_title":"Hammada - el ojO cojo","og_description":"Pel\u00edcula Hammada exhibida en la edici\u00f3n 2010 del Festival el ojO cojo. Pa\u00eds de origen, Espa\u00f1a. Dirigido por Anna M Bofarull.","og_url":"https:\/\/elojocojo.org\/hammada\/","og_site_name":"el ojO cojo","article_publisher":"https:\/\/www.facebook.com\/elojocojo","article_published_time":"2010-09-09T09:27:47+00:00","article_modified_time":"2025-09-19T08:46:03+00:00","og_image":[{"width":871,"height":420,"url":"https:\/\/elojocojo.org\/wp-content\/uploads\/2010\/09\/Hammada.jpg","type":"image\/jpeg"}],"twitter_card":"summary_large_image","twitter_creator":"@elojocojo","twitter_site":"@elojocojo","twitter_misc":{"Escrito por":"","Tiempo de lectura":"1 minuto"},"schema":{"@context":"https:\/\/schema.org","@graph":[{"@type":"Article","@id":"https:\/\/elojocojo.org\/hammada\/#article","isPartOf":{"@id":"https:\/\/elojocojo.org\/hammada\/"},"author":{"name":"","@id":""},"headline":"Hammada","datePublished":"2010-09-09T09:27:47+00:00","dateModified":"2025-09-19T08:46:03+00:00","mainEntityOfPage":{"@id":"https:\/\/elojocojo.org\/hammada\/"},"wordCount":428,"publisher":{"@id":"https:\/\/elojocojo.org\/#organization"},"image":{"@id":"https:\/\/elojocojo.org\/hammada\/#primaryimage"},"thumbnailUrl":"https:\/\/elojocojo.org\/wp-content\/uploads\/2010\/09\/Hammada.jpg","keywords":["2000","2010","\u00c1frica","cine","compromiso","conflicto","costumbres y tradiciones","cultura","diversidad cultural","espa\u00f1ol","esperanza","festival de cine","Festival el Ojo cojo","historia","identidad","igualdad","ingl\u00e9s","ni\u00f1os","refugiados","saharauis","vida cotidiana"],"articleSection":["Documental","Festival 2010"],"inLanguage":"es"},{"@type":"WebPage","@id":"https:\/\/elojocojo.org\/hammada\/","url":"https:\/\/elojocojo.org\/hammada\/","name":"Hammada - el ojO cojo","isPartOf":{"@id":"https:\/\/elojocojo.org\/#website"},"primaryImageOfPage":{"@id":"https:\/\/elojocojo.org\/hammada\/#primaryimage"},"image":{"@id":"https:\/\/elojocojo.org\/hammada\/#primaryimage"},"thumbnailUrl":"https:\/\/elojocojo.org\/wp-content\/uploads\/2010\/09\/Hammada.jpg","datePublished":"2010-09-09T09:27:47+00:00","dateModified":"2025-09-19T08:46:03+00:00","description":"Pel\u00edcula Hammada exhibida en la edici\u00f3n 2010 del Festival el ojO cojo. Pa\u00eds de origen, Espa\u00f1a. Dirigido por Anna M Bofarull.","breadcrumb":{"@id":"https:\/\/elojocojo.org\/hammada\/#breadcrumb"},"inLanguage":"es","potentialAction":[{"@type":"ReadAction","target":["https:\/\/elojocojo.org\/hammada\/"]}]},{"@type":"ImageObject","inLanguage":"es","@id":"https:\/\/elojocojo.org\/hammada\/#primaryimage","url":"https:\/\/elojocojo.org\/wp-content\/uploads\/2010\/09\/Hammada.jpg","contentUrl":"https:\/\/elojocojo.org\/wp-content\/uploads\/2010\/09\/Hammada.jpg","width":871,"height":420},{"@type":"BreadcrumbList","@id":"https:\/\/elojocojo.org\/hammada\/#breadcrumb","itemListElement":[{"@type":"ListItem","position":1,"name":"Portada","item":"https:\/\/elojocojo.org\/"},{"@type":"ListItem","position":2,"name":"2000","item":"https:\/\/elojocojo.org\/tag\/2000-2\/"},{"@type":"ListItem","position":3,"name":"Hammada"}]},{"@type":"WebSite","@id":"https:\/\/elojocojo.org\/#website","url":"https:\/\/elojocojo.org\/","name":"el ojO cojo","description":"Todos estamos hechos de la misma esencia","publisher":{"@id":"https:\/\/elojocojo.org\/#organization"},"potentialAction":[{"@type":"SearchAction","target":{"@type":"EntryPoint","urlTemplate":"https:\/\/elojocojo.org\/?s={search_term_string}"},"query-input":{"@type":"PropertyValueSpecification","valueRequired":true,"valueName":"search_term_string"}}],"inLanguage":"es"},{"@type":"Organization","@id":"https:\/\/elojocojo.org\/#organization","name":"Meigas da r\u00faa","url":"https:\/\/elojocojo.org\/","logo":{"@type":"ImageObject","inLanguage":"es","@id":"https:\/\/elojocojo.org\/#\/schema\/logo\/image\/","url":"https:\/\/meigasdarua.org\/wp-content\/uploads\/2020\/09\/cropped-logo-meigas-5.png","contentUrl":"https:\/\/meigasdarua.org\/wp-content\/uploads\/2020\/09\/cropped-logo-meigas-5.png","width":109,"height":200,"caption":"Meigas da r\u00faa"},"image":{"@id":"https:\/\/elojocojo.org\/#\/schema\/logo\/image\/"},"sameAs":["https:\/\/www.facebook.com\/elojocojo","https:\/\/x.com\/elojocojo","https:\/\/www.instagram.com\/elojocojo\/?hl=es","https:\/\/www.linkedin.com\/in\/el-ojo-cojo-b52b7769\/","https:\/\/www.pinterest.es\/elojocojo\/_saved\/","https:\/\/www.youtube.com\/channel\/UCkFtFTV0Bms7zH7vq8FZxZg"]},{"@type":"Person","@id":"","url":"https:\/\/elojocojo.org\/author\/"}]}},"_links":{"self":[{"href":"https:\/\/elojocojo.org\/wp-json\/wp\/v2\/posts\/5318","targetHints":{"allow":["GET"]}}],"collection":[{"href":"https:\/\/elojocojo.org\/wp-json\/wp\/v2\/posts"}],"about":[{"href":"https:\/\/elojocojo.org\/wp-json\/wp\/v2\/types\/post"}],"author":[{"embeddable":true,"href":"https:\/\/elojocojo.org\/wp-json\/wp\/v2\/users\/3"}],"replies":[{"embeddable":true,"href":"https:\/\/elojocojo.org\/wp-json\/wp\/v2\/comments?post=5318"}],"version-history":[{"count":18,"href":"https:\/\/elojocojo.org\/wp-json\/wp\/v2\/posts\/5318\/revisions"}],"predecessor-version":[{"id":70731,"href":"https:\/\/elojocojo.org\/wp-json\/wp\/v2\/posts\/5318\/revisions\/70731"}],"wp:featuredmedia":[{"embeddable":true,"href":"https:\/\/elojocojo.org\/wp-json\/wp\/v2\/media\/24329"}],"wp:attachment":[{"href":"https:\/\/elojocojo.org\/wp-json\/wp\/v2\/media?parent=5318"}],"wp:term":[{"taxonomy":"category","embeddable":true,"href":"https:\/\/elojocojo.org\/wp-json\/wp\/v2\/categories?post=5318"},{"taxonomy":"post_tag","embeddable":true,"href":"https:\/\/elojocojo.org\/wp-json\/wp\/v2\/tags?post=5318"}],"curies":[{"name":"wp","href":"https:\/\/api.w.org\/{rel}","templated":true}]}}