{"id":5297,"date":"2010-09-09T10:05:57","date_gmt":"2010-09-09T17:05:57","guid":{"rendered":"http:\/\/www.elojocojo.org\/blog2\/?p=5297"},"modified":"2025-09-19T10:46:43","modified_gmt":"2025-09-19T08:46:43","slug":"birmania-vj","status":"publish","type":"post","link":"https:\/\/elojocojo.org\/birmania-vj\/","title":{"rendered":"Birmania VJ"},"content":{"rendered":"<p><iframe title=\"BURMA VJ Trailer\" width=\"1140\" height=\"855\" src=\"https:\/\/www.youtube.com\/embed\/V08EBWQLzyU?feature=oembed\" frameborder=\"0\" allow=\"accelerometer; autoplay; clipboard-write; encrypted-media; gyroscope; picture-in-picture; web-share\" referrerpolicy=\"strict-origin-when-cross-origin\" allowfullscreen><\/iframe><\/p>\n<p>T\u00cdTULO:<em> BIRMANIA VJ<\/em><br \/>T\u00cdTULO ORIGINAL: <em>Burma VJ<\/em><br \/>A\u00d1O: 2009<br \/>DIRECTOR: Anders Ostergaard<br \/>G\u00c9NERO CINEMATOGR\u00c1FICO: documental<br \/>DURACI\u00d3N: 84&#8242;<br \/>PA\u00cdS: Noruega, Suecia, Dinamarca<br \/>GUI\u00d3N: Anders Ostergaard, Jan Krogsgaard<br \/>EDICI\u00d3N\/MONTAJE: Janus Billeskov Jansen, ThomasPapapetros<br \/>DIRECCI\u00d3N DE FOTOGRAF\u00cdA: Simon Plum, The Burmese VJs<br \/>M\u00daSICA: Conny Malmqvist<\/p>\n<p>Cortes\u00eda del <a href=\"http:\/\/meigasdarua.blogspot.com\/\">Festival<\/a> cine pobre<\/p>\n<p>SIN\u00d3PSIS:<\/p>\n<h3 data-start=\"156\" data-end=\"187\"><em>Birmania VJ<\/em><\/h3>\n<p data-start=\"189\" data-end=\"618\">En septiembre de 2007, Birmania \u2014hoy conocida como Myanmar\u2014 fue testigo de una de las protestas m\u00e1s significativas de su historia reciente. Miles de monjes budistas, tradicionalmente respetados como figuras espirituales, tomaron las calles en una manifestaci\u00f3n pac\u00edfica contra el r\u00e9gimen militar. Como respuesta, el gobierno impuso duras restricciones y prohibi\u00f3 la entrada al pa\u00eds a todos los medios de comunicaci\u00f3n extranjeros.<\/p>\n<h3 data-start=\"620\" data-end=\"652\">El control de la informaci\u00f3n<\/h3>\n<p data-start=\"654\" data-end=\"1088\">A pesar de esta represi\u00f3n, la verdad encontr\u00f3 una v\u00eda para salir. Por un lado, las autoridades intentaron monopolizar la narrativa, utilizando la propaganda como herramienta de control. Por otro lado, surgieron voces dispuestas a arriesgarlo todo. En este contexto, un joven reportero y su equipo decidieron actuar. Aunque sab\u00edan que sus vidas estaban en peligro, no dudaron en documentar los hechos y transmitirlos al mundo exterior.<\/p>\n<h3 data-start=\"1090\" data-end=\"1116\">La lucha por la verdad<\/h3>\n<p data-start=\"1118\" data-end=\"1611\">Es importante destacar que su labor no fue sencilla. Adem\u00e1s de las amenazas constantes del r\u00e9gimen, enfrentaron enormes limitaciones t\u00e9cnicas. Sin embargo, a trav\u00e9s de c\u00e1maras ocultas y redes de comunicaci\u00f3n clandestinas, lograron romper el cerco informativo. Por lo tanto, las im\u00e1genes y testimonios que difundieron permitieron visibilizar la brutalidad con la que se reprim\u00edan las manifestaciones. De este modo, la comunidad internacional comenz\u00f3 a ejercer presi\u00f3n sobre el gobierno birmano.<\/p>\n<h3 data-start=\"1613\" data-end=\"1637\">Un eco internacional en<em> Birmania VJ<\/em><\/h3>\n<p data-start=\"1639\" data-end=\"2090\">A medida que los reportes se filtraban, crec\u00edan tambi\u00e9n las expresiones de solidaridad alrededor del mundo. En consecuencia, diversos organismos de derechos humanos comenzaron a exigir sanciones y acciones concretas. Cabe mencionar que, sin el valor de este joven reportero y su equipo, muchas de las atrocidades habr\u00edan permanecido ocultas. Finalmente, su labor no solo inform\u00f3: tambi\u00e9n inspir\u00f3 a otros a seguir luchando por la libertad de expresi\u00f3n.<\/p>\n\n\n<p>Palmares:<\/p>\n\n\n\n<p><\/p><p><\/p><p><\/p><p><\/p><p>2009<\/p>\n\n\n\n<ul class=\"wp-block-list\">\n<li><p>Festival de Cine de Sundance (EEUU): Premio al Mejor Montaje en Documental.<\/p><\/li>\n<\/ul>\n\n\n\n<ul class=\"wp-block-list\">\n<li><p>Premios Bodil (Dinamarca): Premio al Mejor Documental.<\/p><\/li>\n<\/ul>\n\n\n\n<ul class=\"wp-block-list\">\n<li><p>Festival de Cine Documental de Tesal\u00f3nica (Grecia): Premio del P\u00fablico y Premio de Amnist\u00eda<\/p><\/li>\n<\/ul>\n\n\n\n<p><\/p><p><\/p><p><\/p><p><\/p><p>2010<\/p>\n\n\n\n<ul class=\"wp-block-list\">\n<li><p>Premios de cine  Eye Honors (EEUU): Premios a Mejor Montaje y Mejor Documental<\/p><\/li>\n<\/ul>\n\n\n\n<p>El filme <em>Birmania VJ<\/em> particip\u00f3 en la edici\u00f3n 2010 del <a href=\"https:\/\/elojocojo.org\/category\/festival-2010\/\"><strong>Festival de cine el ojO cojo<\/strong> <\/a>en ese sentido nos sentimos honrados de haberla exhibido.<\/p>\n\n\n\n<p><a href=\"https:\/\/www.filmaffinity.com\/bo\/reviews\/1\/341494.html\">Filmaffinity<\/a> 7,2<\/p>\n\n\n\n<p>Visita nuestro<a href=\"https:\/\/el-ojocojo.blogspot.com\/\"> blog<\/a><\/p>\n\n\n\n<p><\/p>\n","protected":false},"excerpt":{"rendered":"<p>\u00abBirmania VJ\u00bb, dirigida por Anders \u00d8stergaard, es un documental que muestra c\u00f3mo j\u00f3venes videoperiodistas arriesgan sus vidas para filmar y difundir la Revoluci\u00f3n Azafr\u00e1n de 2007 en Birmania, exponiendo la represi\u00f3n del r\u00e9gimen militar.<\/p>\n","protected":false},"author":11,"featured_media":63897,"comment_status":"closed","ping_status":"closed","sticky":false,"template":"","format":"standard","meta":{"_monsterinsights_skip_tracking":false,"_monsterinsights_sitenote_active":false,"_monsterinsights_sitenote_note":"","_monsterinsights_sitenote_category":0,"footnotes":""},"categories":[2053,3],"tags":[1914,1996,2141,1193,1470,2117,1771,1981,1982,1177,288,1910,1398,136,1011],"class_list":{"0":"post-5297","1":"post","2":"type-post","3":"status-publish","4":"format-standard","5":"has-post-thumbnail","7":"category-documental","8":"category-festival-2010","9":"tag-1914","10":"tag-1996","11":"tag-censura","12":"tag-derechos-humanos","13":"tag-documental","14":"tag-eeuu","15":"tag-emigrantes","16":"tag-festival-de-cine","17":"tag-festival-el-ojo-cojo","18":"tag-grecia","19":"tag-jovenes","20":"tag-ods","21":"tag-suecia","22":"tag-violencia","23":"tag-violencia-policial","24":"czr-hentry"},"yoast_head":"<!-- This site is optimized with the Yoast SEO plugin v27.1.1 - https:\/\/yoast.com\/product\/yoast-seo-wordpress\/ -->\n<title>Birmania VJ - el ojO cojo<\/title>\n<meta name=\"description\" content=\"Birmania VJ, de \u00d8stergaard, coproducci\u00f3n n\u00f3rdica sobre protestas en Birmania, fue exhibida en el Festival el ojO cojo 2010..\" \/>\n<meta name=\"robots\" content=\"index, follow, max-snippet:-1, max-image-preview:large, max-video-preview:-1\" \/>\n<link rel=\"canonical\" href=\"https:\/\/elojocojo.org\/birmania-vj\/\" \/>\n<meta property=\"og:locale\" content=\"es_ES\" \/>\n<meta property=\"og:type\" content=\"article\" \/>\n<meta property=\"og:title\" content=\"Birmania VJ - el ojO cojo\" \/>\n<meta property=\"og:description\" content=\"Birmania VJ, de \u00d8stergaard, coproducci\u00f3n n\u00f3rdica sobre protestas en Birmania, fue exhibida en el Festival el ojO cojo 2010..\" \/>\n<meta property=\"og:url\" content=\"https:\/\/elojocojo.org\/birmania-vj\/\" \/>\n<meta property=\"og:site_name\" content=\"el ojO cojo\" \/>\n<meta property=\"article:publisher\" content=\"https:\/\/www.facebook.com\/elojocojo\" \/>\n<meta property=\"article:published_time\" content=\"2010-09-09T17:05:57+00:00\" \/>\n<meta property=\"article:modified_time\" content=\"2025-09-19T08:46:43+00:00\" \/>\n<meta property=\"og:image\" content=\"https:\/\/elojocojo.org\/wp-content\/uploads\/2010\/09\/Burma-VJ-1-1.jpeg\" \/>\n\t<meta property=\"og:image:width\" content=\"1008\" \/>\n\t<meta property=\"og:image:height\" content=\"756\" \/>\n\t<meta property=\"og:image:type\" content=\"image\/jpeg\" \/>\n<meta name=\"author\" content=\"cojo\" \/>\n<meta name=\"twitter:card\" content=\"summary_large_image\" \/>\n<meta name=\"twitter:creator\" content=\"@elojocojo\" \/>\n<meta name=\"twitter:site\" content=\"@elojocojo\" \/>\n<meta name=\"twitter:label1\" content=\"Escrito por\" \/>\n\t<meta name=\"twitter:data1\" content=\"cojo\" \/>\n\t<meta name=\"twitter:label2\" content=\"Tiempo de lectura\" \/>\n\t<meta name=\"twitter:data2\" content=\"1 minuto\" \/>\n<script type=\"application\/ld+json\" class=\"yoast-schema-graph\">{\"@context\":\"https:\/\/schema.org\",\"@graph\":[{\"@type\":\"Article\",\"@id\":\"https:\/\/elojocojo.org\/birmania-vj\/#article\",\"isPartOf\":{\"@id\":\"https:\/\/elojocojo.org\/birmania-vj\/\"},\"author\":{\"name\":\"cojo\",\"@id\":\"https:\/\/elojocojo.org\/#\/schema\/person\/cba15985dd5da095cac31c1ff0d6e23e\"},\"headline\":\"Birmania VJ\",\"datePublished\":\"2010-09-09T17:05:57+00:00\",\"dateModified\":\"2025-09-19T08:46:43+00:00\",\"mainEntityOfPage\":{\"@id\":\"https:\/\/elojocojo.org\/birmania-vj\/\"},\"wordCount\":453,\"publisher\":{\"@id\":\"https:\/\/elojocojo.org\/#organization\"},\"image\":{\"@id\":\"https:\/\/elojocojo.org\/birmania-vj\/#primaryimage\"},\"thumbnailUrl\":\"https:\/\/elojocojo.org\/wp-content\/uploads\/2010\/09\/Burma-VJ-1-1.jpeg\",\"keywords\":[\"2009\",\"2010\",\"censura\",\"Derechos Humanos\",\"documental\",\"EEUU\",\"emigrantes\",\"festival de cine\",\"Festival el Ojo cojo\",\"Grecia\",\"j\u00f3venes\",\"ODS\",\"Suecia\",\"violencia\",\"violencia policial\"],\"articleSection\":[\"Documental\",\"Festival 2010\"],\"inLanguage\":\"es\"},{\"@type\":\"WebPage\",\"@id\":\"https:\/\/elojocojo.org\/birmania-vj\/\",\"url\":\"https:\/\/elojocojo.org\/birmania-vj\/\",\"name\":\"Birmania VJ - el ojO cojo\",\"isPartOf\":{\"@id\":\"https:\/\/elojocojo.org\/#website\"},\"primaryImageOfPage\":{\"@id\":\"https:\/\/elojocojo.org\/birmania-vj\/#primaryimage\"},\"image\":{\"@id\":\"https:\/\/elojocojo.org\/birmania-vj\/#primaryimage\"},\"thumbnailUrl\":\"https:\/\/elojocojo.org\/wp-content\/uploads\/2010\/09\/Burma-VJ-1-1.jpeg\",\"datePublished\":\"2010-09-09T17:05:57+00:00\",\"dateModified\":\"2025-09-19T08:46:43+00:00\",\"description\":\"Birmania VJ, de \u00d8stergaard, coproducci\u00f3n n\u00f3rdica sobre protestas en Birmania, fue exhibida en el Festival el ojO cojo 2010..\",\"breadcrumb\":{\"@id\":\"https:\/\/elojocojo.org\/birmania-vj\/#breadcrumb\"},\"inLanguage\":\"es\",\"potentialAction\":[{\"@type\":\"ReadAction\",\"target\":[\"https:\/\/elojocojo.org\/birmania-vj\/\"]}]},{\"@type\":\"ImageObject\",\"inLanguage\":\"es\",\"@id\":\"https:\/\/elojocojo.org\/birmania-vj\/#primaryimage\",\"url\":\"https:\/\/elojocojo.org\/wp-content\/uploads\/2010\/09\/Burma-VJ-1-1.jpeg\",\"contentUrl\":\"https:\/\/elojocojo.org\/wp-content\/uploads\/2010\/09\/Burma-VJ-1-1.jpeg\",\"width\":1008,\"height\":756,\"caption\":\"En plena v\u00eda p\u00fablica, un grupo de monjes encabeza una manifestaci\u00f3n que no pasa desapercibida. Lo que comienza como una protesta silenciosa pronto se convierte en un acto colectivo: ciudadanos de todas las edades se detienen, observan y, movidos por la causa, se suman solidariamente.\"},{\"@type\":\"BreadcrumbList\",\"@id\":\"https:\/\/elojocojo.org\/birmania-vj\/#breadcrumb\",\"itemListElement\":[{\"@type\":\"ListItem\",\"position\":1,\"name\":\"Portada\",\"item\":\"https:\/\/elojocojo.org\/\"},{\"@type\":\"ListItem\",\"position\":2,\"name\":\"2009\",\"item\":\"https:\/\/elojocojo.org\/tag\/2009\/\"},{\"@type\":\"ListItem\",\"position\":3,\"name\":\"Birmania VJ\"}]},{\"@type\":\"WebSite\",\"@id\":\"https:\/\/elojocojo.org\/#website\",\"url\":\"https:\/\/elojocojo.org\/\",\"name\":\"el ojO cojo\",\"description\":\"Todos estamos hechos de la misma esencia\",\"publisher\":{\"@id\":\"https:\/\/elojocojo.org\/#organization\"},\"potentialAction\":[{\"@type\":\"SearchAction\",\"target\":{\"@type\":\"EntryPoint\",\"urlTemplate\":\"https:\/\/elojocojo.org\/?s={search_term_string}\"},\"query-input\":{\"@type\":\"PropertyValueSpecification\",\"valueRequired\":true,\"valueName\":\"search_term_string\"}}],\"inLanguage\":\"es\"},{\"@type\":\"Organization\",\"@id\":\"https:\/\/elojocojo.org\/#organization\",\"name\":\"Meigas da r\u00faa\",\"url\":\"https:\/\/elojocojo.org\/\",\"logo\":{\"@type\":\"ImageObject\",\"inLanguage\":\"es\",\"@id\":\"https:\/\/elojocojo.org\/#\/schema\/logo\/image\/\",\"url\":\"https:\/\/meigasdarua.org\/wp-content\/uploads\/2020\/09\/cropped-logo-meigas-5.png\",\"contentUrl\":\"https:\/\/meigasdarua.org\/wp-content\/uploads\/2020\/09\/cropped-logo-meigas-5.png\",\"width\":109,\"height\":200,\"caption\":\"Meigas da r\u00faa\"},\"image\":{\"@id\":\"https:\/\/elojocojo.org\/#\/schema\/logo\/image\/\"},\"sameAs\":[\"https:\/\/www.facebook.com\/elojocojo\",\"https:\/\/x.com\/elojocojo\",\"https:\/\/www.instagram.com\/elojocojo\/?hl=es\",\"https:\/\/www.linkedin.com\/in\/el-ojo-cojo-b52b7769\/\",\"https:\/\/www.pinterest.es\/elojocojo\/_saved\/\",\"https:\/\/www.youtube.com\/channel\/UCkFtFTV0Bms7zH7vq8FZxZg\"]},{\"@type\":\"Person\",\"@id\":\"https:\/\/elojocojo.org\/#\/schema\/person\/cba15985dd5da095cac31c1ff0d6e23e\",\"name\":\"cojo\",\"url\":\"https:\/\/elojocojo.org\/author\/cojo\/\"}]}<\/script>\n<!-- \/ Yoast SEO plugin. -->","yoast_head_json":{"title":"Birmania VJ - el ojO cojo","description":"Birmania VJ, de \u00d8stergaard, coproducci\u00f3n n\u00f3rdica sobre protestas en Birmania, fue exhibida en el Festival el ojO cojo 2010..","robots":{"index":"index","follow":"follow","max-snippet":"max-snippet:-1","max-image-preview":"max-image-preview:large","max-video-preview":"max-video-preview:-1"},"canonical":"https:\/\/elojocojo.org\/birmania-vj\/","og_locale":"es_ES","og_type":"article","og_title":"Birmania VJ - el ojO cojo","og_description":"Birmania VJ, de \u00d8stergaard, coproducci\u00f3n n\u00f3rdica sobre protestas en Birmania, fue exhibida en el Festival el ojO cojo 2010..","og_url":"https:\/\/elojocojo.org\/birmania-vj\/","og_site_name":"el ojO cojo","article_publisher":"https:\/\/www.facebook.com\/elojocojo","article_published_time":"2010-09-09T17:05:57+00:00","article_modified_time":"2025-09-19T08:46:43+00:00","og_image":[{"width":1008,"height":756,"url":"https:\/\/elojocojo.org\/wp-content\/uploads\/2010\/09\/Burma-VJ-1-1.jpeg","type":"image\/jpeg"}],"author":"cojo","twitter_card":"summary_large_image","twitter_creator":"@elojocojo","twitter_site":"@elojocojo","twitter_misc":{"Escrito por":"cojo","Tiempo de lectura":"1 minuto"},"schema":{"@context":"https:\/\/schema.org","@graph":[{"@type":"Article","@id":"https:\/\/elojocojo.org\/birmania-vj\/#article","isPartOf":{"@id":"https:\/\/elojocojo.org\/birmania-vj\/"},"author":{"name":"cojo","@id":"https:\/\/elojocojo.org\/#\/schema\/person\/cba15985dd5da095cac31c1ff0d6e23e"},"headline":"Birmania VJ","datePublished":"2010-09-09T17:05:57+00:00","dateModified":"2025-09-19T08:46:43+00:00","mainEntityOfPage":{"@id":"https:\/\/elojocojo.org\/birmania-vj\/"},"wordCount":453,"publisher":{"@id":"https:\/\/elojocojo.org\/#organization"},"image":{"@id":"https:\/\/elojocojo.org\/birmania-vj\/#primaryimage"},"thumbnailUrl":"https:\/\/elojocojo.org\/wp-content\/uploads\/2010\/09\/Burma-VJ-1-1.jpeg","keywords":["2009","2010","censura","Derechos Humanos","documental","EEUU","emigrantes","festival de cine","Festival el Ojo cojo","Grecia","j\u00f3venes","ODS","Suecia","violencia","violencia policial"],"articleSection":["Documental","Festival 2010"],"inLanguage":"es"},{"@type":"WebPage","@id":"https:\/\/elojocojo.org\/birmania-vj\/","url":"https:\/\/elojocojo.org\/birmania-vj\/","name":"Birmania VJ - el ojO cojo","isPartOf":{"@id":"https:\/\/elojocojo.org\/#website"},"primaryImageOfPage":{"@id":"https:\/\/elojocojo.org\/birmania-vj\/#primaryimage"},"image":{"@id":"https:\/\/elojocojo.org\/birmania-vj\/#primaryimage"},"thumbnailUrl":"https:\/\/elojocojo.org\/wp-content\/uploads\/2010\/09\/Burma-VJ-1-1.jpeg","datePublished":"2010-09-09T17:05:57+00:00","dateModified":"2025-09-19T08:46:43+00:00","description":"Birmania VJ, de \u00d8stergaard, coproducci\u00f3n n\u00f3rdica sobre protestas en Birmania, fue exhibida en el Festival el ojO cojo 2010..","breadcrumb":{"@id":"https:\/\/elojocojo.org\/birmania-vj\/#breadcrumb"},"inLanguage":"es","potentialAction":[{"@type":"ReadAction","target":["https:\/\/elojocojo.org\/birmania-vj\/"]}]},{"@type":"ImageObject","inLanguage":"es","@id":"https:\/\/elojocojo.org\/birmania-vj\/#primaryimage","url":"https:\/\/elojocojo.org\/wp-content\/uploads\/2010\/09\/Burma-VJ-1-1.jpeg","contentUrl":"https:\/\/elojocojo.org\/wp-content\/uploads\/2010\/09\/Burma-VJ-1-1.jpeg","width":1008,"height":756,"caption":"En plena v\u00eda p\u00fablica, un grupo de monjes encabeza una manifestaci\u00f3n que no pasa desapercibida. Lo que comienza como una protesta silenciosa pronto se convierte en un acto colectivo: ciudadanos de todas las edades se detienen, observan y, movidos por la causa, se suman solidariamente."},{"@type":"BreadcrumbList","@id":"https:\/\/elojocojo.org\/birmania-vj\/#breadcrumb","itemListElement":[{"@type":"ListItem","position":1,"name":"Portada","item":"https:\/\/elojocojo.org\/"},{"@type":"ListItem","position":2,"name":"2009","item":"https:\/\/elojocojo.org\/tag\/2009\/"},{"@type":"ListItem","position":3,"name":"Birmania VJ"}]},{"@type":"WebSite","@id":"https:\/\/elojocojo.org\/#website","url":"https:\/\/elojocojo.org\/","name":"el ojO cojo","description":"Todos estamos hechos de la misma esencia","publisher":{"@id":"https:\/\/elojocojo.org\/#organization"},"potentialAction":[{"@type":"SearchAction","target":{"@type":"EntryPoint","urlTemplate":"https:\/\/elojocojo.org\/?s={search_term_string}"},"query-input":{"@type":"PropertyValueSpecification","valueRequired":true,"valueName":"search_term_string"}}],"inLanguage":"es"},{"@type":"Organization","@id":"https:\/\/elojocojo.org\/#organization","name":"Meigas da r\u00faa","url":"https:\/\/elojocojo.org\/","logo":{"@type":"ImageObject","inLanguage":"es","@id":"https:\/\/elojocojo.org\/#\/schema\/logo\/image\/","url":"https:\/\/meigasdarua.org\/wp-content\/uploads\/2020\/09\/cropped-logo-meigas-5.png","contentUrl":"https:\/\/meigasdarua.org\/wp-content\/uploads\/2020\/09\/cropped-logo-meigas-5.png","width":109,"height":200,"caption":"Meigas da r\u00faa"},"image":{"@id":"https:\/\/elojocojo.org\/#\/schema\/logo\/image\/"},"sameAs":["https:\/\/www.facebook.com\/elojocojo","https:\/\/x.com\/elojocojo","https:\/\/www.instagram.com\/elojocojo\/?hl=es","https:\/\/www.linkedin.com\/in\/el-ojo-cojo-b52b7769\/","https:\/\/www.pinterest.es\/elojocojo\/_saved\/","https:\/\/www.youtube.com\/channel\/UCkFtFTV0Bms7zH7vq8FZxZg"]},{"@type":"Person","@id":"https:\/\/elojocojo.org\/#\/schema\/person\/cba15985dd5da095cac31c1ff0d6e23e","name":"cojo","url":"https:\/\/elojocojo.org\/author\/cojo\/"}]}},"_links":{"self":[{"href":"https:\/\/elojocojo.org\/wp-json\/wp\/v2\/posts\/5297","targetHints":{"allow":["GET"]}}],"collection":[{"href":"https:\/\/elojocojo.org\/wp-json\/wp\/v2\/posts"}],"about":[{"href":"https:\/\/elojocojo.org\/wp-json\/wp\/v2\/types\/post"}],"author":[{"embeddable":true,"href":"https:\/\/elojocojo.org\/wp-json\/wp\/v2\/users\/11"}],"replies":[{"embeddable":true,"href":"https:\/\/elojocojo.org\/wp-json\/wp\/v2\/comments?post=5297"}],"version-history":[{"count":37,"href":"https:\/\/elojocojo.org\/wp-json\/wp\/v2\/posts\/5297\/revisions"}],"predecessor-version":[{"id":69906,"href":"https:\/\/elojocojo.org\/wp-json\/wp\/v2\/posts\/5297\/revisions\/69906"}],"wp:featuredmedia":[{"embeddable":true,"href":"https:\/\/elojocojo.org\/wp-json\/wp\/v2\/media\/63897"}],"wp:attachment":[{"href":"https:\/\/elojocojo.org\/wp-json\/wp\/v2\/media?parent=5297"}],"wp:term":[{"taxonomy":"category","embeddable":true,"href":"https:\/\/elojocojo.org\/wp-json\/wp\/v2\/categories?post=5297"},{"taxonomy":"post_tag","embeddable":true,"href":"https:\/\/elojocojo.org\/wp-json\/wp\/v2\/tags?post=5297"}],"curies":[{"name":"wp","href":"https:\/\/api.w.org\/{rel}","templated":true}]}}