{"id":52913,"date":"2023-07-12T10:20:55","date_gmt":"2023-07-12T08:20:55","guid":{"rendered":"https:\/\/elojocojo.org\/?p=52913"},"modified":"2025-09-17T12:12:12","modified_gmt":"2025-09-17T10:12:12","slug":"la-mecha","status":"publish","type":"post","link":"https:\/\/elojocojo.org\/la-mecha\/","title":{"rendered":"La Mecha"},"content":{"rendered":"\n<figure class=\"wp-block-embed is-type-video is-provider-vimeo wp-block-embed-vimeo wp-embed-aspect-16-9 wp-has-aspect-ratio\"><div class=\"wp-block-embed__wrapper\">\n<iframe title=\"TEASER La Mecha\" src=\"https:\/\/player.vimeo.com\/video\/582237161?h=f31a6580cd&amp;dnt=1&amp;app_id=122963\" width=\"1140\" height=\"641\" frameborder=\"0\" allow=\"autoplay; fullscreen; picture-in-picture\" allowfullscreen><\/iframe>\n<\/div><\/figure>\n\n\n\n<p><\/p>\n\n\n\n<p><strong>T\u00edtulo original: <\/strong>La Mecha<br \/><strong>A\u00f1o: <\/strong>2022<br \/><strong>Director:<\/strong> Nicholas Hooper H.<br \/><strong>G\u00e9nero cinematogr\u00e1fico:<\/strong> Cortometraje, Animaci\u00f3n<br \/><strong>Duraci\u00f3n:<\/strong> 14&#8242;<br \/><strong>Pa\u00eds:<\/strong> Chile<br \/><strong>Formato digital:<\/strong> Digital, Rotoscopia <br \/><strong>Tipo:<\/strong> Color<br \/><strong>Idioma:<\/strong> Castellano<br \/><strong>Pais de Rodaje:<\/strong> Chile<br \/><strong>Producci\u00f3n:<\/strong> Tom\u00e1s Benavente<br \/><strong>Gui\u00f3n:<\/strong> Nicholas Hooper H., Tom\u00e1s Benavente, Sof\u00eda Eluani<\/p>\n\n\n\n<p><\/p><p><\/p><p><\/p><p><\/p><p id=\"block-358d356c-5225-4c03-8e09-f887cd6214da\"><strong>Sinopsis:<\/strong><\/p>\n\n\n\n<p>\u00abLa Mecha\u00bb es un cortometraje de animaci\u00f3n dirigido por Nicholas Hooper H. La historia gira en torno a Mecha, el alma errante de un activista ambiental que muere en circunstancias sospechosas. Su fallecimiento genera conmoci\u00f3n en el pueblo y despierta emociones encontradas en su familia.<\/p>\n\n\n\n<p>A medida que avanza la trama, el esp\u00edritu de Mecha se embarca en la b\u00fasqueda de reconciliaci\u00f3n con su hijo Juan, un adolescente de 16 a\u00f1os. Mecha desea que Juan asuma la lucha ambiental y se convierta en su sucesor. A trav\u00e9s de encuentros sobrenaturales y mensajes, intenta transmitir su legado y motivar a su hijo a continuar con su causa.<\/p>\n\n\n\n<p> Aborda temas de activismo ambiental, legado y reconciliaci\u00f3n familiar. El cortometraje utiliza la animaci\u00f3n como medio para representar de manera visual y simb\u00f3lica la conexi\u00f3n entre el mundo de los vivos y el de los esp\u00edritus, as\u00ed como la importancia de seguir luchando por causas justas incluso despu\u00e9s de la muerte.<\/p>\n\n\n\n<p>El filme&nbsp;La Mecha&nbsp;participa en la edici\u00f3n&nbsp;<strong>&nbsp;2023<\/strong>&nbsp;del <strong><a href=\"https:\/\/elojocojo.org\/category\/festival-2022\/\" target=\"_blank\" rel=\"noreferrer noopener\">Festival de cine el ojO cojo<\/a><\/strong> en ese sentido nos sentimos honrados de haberla exhibido.<\/p>\n\n\n\n<p>Visita nuestro <a href=\"https:\/\/el-ojocojo.blogspot.com\/\">blog<\/a>&nbsp;<\/p>\n","protected":false},"excerpt":{"rendered":"<p>T\u00edtulo original: La MechaA\u00f1o: 2022Director: Nicholas Hooper H.G\u00e9nero cinematogr\u00e1fico: Cortometraje, Animaci\u00f3nDuraci\u00f3n: 14&#8242;Pa\u00eds: ChileFormato digital: Digital, Rotoscopia Tipo: ColorIdioma: CastellanoPais de Rodaje: ChileProducci\u00f3n: Tom\u00e1s BenaventeGui\u00f3n: Nicholas Hooper H., Tom\u00e1s Benavente, Sof\u00eda Eluani Sinopsis: \u00abLa Mecha\u00bb es un cortometraje de animaci\u00f3n dirigido por Nicholas Hooper H. La historia gira en torno a Mecha, el alma errante de [&hellip;]<\/p>\n","protected":false},"author":73,"featured_media":52914,"comment_status":"closed","ping_status":"closed","sticky":false,"template":"","format":"standard","meta":{"_monsterinsights_skip_tracking":false,"_monsterinsights_sitenote_active":false,"_monsterinsights_sitenote_note":"","_monsterinsights_sitenote_category":0,"footnotes":""},"categories":[32,1460,991,2088],"tags":[2089,2090,895,88,1833,1686,116,1253,1848,1468,1836,1737,2119,15,1981,1982,1760,91,1086],"class_list":{"0":"post-52913","1":"post","2":"type-post","3":"status-publish","4":"format-standard","5":"has-post-thumbnail","7":"category-animacion","8":"category-cortometraje","9":"category-drama","10":"category-festival-2023","11":"tag-2089","12":"tag-activismo","13":"tag-adolescentes","14":"tag-america-latina","15":"tag-animacion","16":"tag-cambio-social","17":"tag-chile","18":"tag-ciudades-y-comunidades-sostenibles","19":"tag-contaminacion","20":"tag-cortometraje","21":"tag-denuncia-social","22":"tag-drama","23":"tag-espanol","24":"tag-familia","25":"tag-festival-de-cine","26":"tag-festival-el-ojo-cojo","27":"tag-genero","28":"tag-mujer","29":"tag-paz-y-justicia-e-instituciones-solidas","30":"czr-hentry"},"yoast_head":"<!-- This site is optimized with the Yoast SEO plugin v27.1.1 - https:\/\/yoast.com\/product\/yoast-seo-wordpress\/ -->\n<title>La Mecha - el ojO cojo<\/title>\n<meta name=\"description\" content=\"La Mecha es un Cortometraje dirigido por Nicholas Hooper H. exhibido en la edici\u00f3n 2023 del Festival el ojO cojo.\" \/>\n<meta name=\"robots\" content=\"index, follow, max-snippet:-1, max-image-preview:large, max-video-preview:-1\" \/>\n<link rel=\"canonical\" href=\"https:\/\/elojocojo.org\/la-mecha\/\" \/>\n<meta property=\"og:locale\" content=\"es_ES\" \/>\n<meta property=\"og:type\" content=\"article\" \/>\n<meta property=\"og:title\" content=\"La Mecha - el ojO cojo\" \/>\n<meta property=\"og:description\" content=\"La Mecha es un Cortometraje dirigido por Nicholas Hooper H. exhibido en la edici\u00f3n 2023 del Festival el ojO cojo.\" \/>\n<meta property=\"og:url\" content=\"https:\/\/elojocojo.org\/la-mecha\/\" \/>\n<meta property=\"og:site_name\" content=\"el ojO cojo\" \/>\n<meta property=\"article:publisher\" content=\"https:\/\/www.facebook.com\/elojocojo\" \/>\n<meta property=\"article:published_time\" content=\"2023-07-12T08:20:55+00:00\" \/>\n<meta property=\"article:modified_time\" content=\"2025-09-17T10:12:12+00:00\" \/>\n<meta property=\"og:image\" content=\"https:\/\/elojocojo.org\/wp-content\/uploads\/2023\/07\/LaMechaF2.jpg\" \/>\n\t<meta property=\"og:image:width\" content=\"924\" \/>\n\t<meta property=\"og:image:height\" content=\"924\" \/>\n\t<meta property=\"og:image:type\" content=\"image\/jpeg\" \/>\n<meta name=\"author\" content=\"Pastora Laguna\" \/>\n<meta name=\"twitter:card\" content=\"summary_large_image\" \/>\n<meta name=\"twitter:creator\" content=\"@elojocojo\" \/>\n<meta name=\"twitter:site\" content=\"@elojocojo\" \/>\n<meta name=\"twitter:label1\" content=\"Escrito por\" \/>\n\t<meta name=\"twitter:data1\" content=\"Pastora Laguna\" \/>\n\t<meta name=\"twitter:label2\" content=\"Tiempo de lectura\" \/>\n\t<meta name=\"twitter:data2\" content=\"1 minuto\" \/>\n<script type=\"application\/ld+json\" class=\"yoast-schema-graph\">{\"@context\":\"https:\/\/schema.org\",\"@graph\":[{\"@type\":\"Article\",\"@id\":\"https:\/\/elojocojo.org\/la-mecha\/#article\",\"isPartOf\":{\"@id\":\"https:\/\/elojocojo.org\/la-mecha\/\"},\"author\":{\"name\":\"Pastora Laguna\",\"@id\":\"https:\/\/elojocojo.org\/#\/schema\/person\/0eebd75cb4d855e3f2b18abd9f7b9876\"},\"headline\":\"La Mecha\",\"datePublished\":\"2023-07-12T08:20:55+00:00\",\"dateModified\":\"2025-09-17T10:12:12+00:00\",\"mainEntityOfPage\":{\"@id\":\"https:\/\/elojocojo.org\/la-mecha\/\"},\"wordCount\":263,\"publisher\":{\"@id\":\"https:\/\/elojocojo.org\/#organization\"},\"image\":{\"@id\":\"https:\/\/elojocojo.org\/la-mecha\/#primaryimage\"},\"thumbnailUrl\":\"https:\/\/elojocojo.org\/wp-content\/uploads\/2023\/07\/LaMechaF2.jpg\",\"keywords\":[\"2023\",\"activismo\",\"Adolescentes\",\"Am\u00e9rica Latina\",\"animaci\u00f3n\",\"cambio social\",\"Chile\",\"Ciudades y comunidades sostenibles\",\"contaminaci\u00f3n\",\"cortometraje\",\"denuncia social\",\"drama\",\"espa\u00f1ol\",\"familia\",\"festival de cine\",\"Festival el Ojo cojo\",\"g\u00e9nero\",\"mujer\",\"Paz y justicia e instituciones s\u00f3lidas\"],\"articleSection\":[\"Animaci\u00f3n\",\"Cortometraje\",\"Drama\",\"Festival 2023\"],\"inLanguage\":\"es\"},{\"@type\":\"WebPage\",\"@id\":\"https:\/\/elojocojo.org\/la-mecha\/\",\"url\":\"https:\/\/elojocojo.org\/la-mecha\/\",\"name\":\"La Mecha - el ojO cojo\",\"isPartOf\":{\"@id\":\"https:\/\/elojocojo.org\/#website\"},\"primaryImageOfPage\":{\"@id\":\"https:\/\/elojocojo.org\/la-mecha\/#primaryimage\"},\"image\":{\"@id\":\"https:\/\/elojocojo.org\/la-mecha\/#primaryimage\"},\"thumbnailUrl\":\"https:\/\/elojocojo.org\/wp-content\/uploads\/2023\/07\/LaMechaF2.jpg\",\"datePublished\":\"2023-07-12T08:20:55+00:00\",\"dateModified\":\"2025-09-17T10:12:12+00:00\",\"description\":\"La Mecha es un Cortometraje dirigido por Nicholas Hooper H. exhibido en la edici\u00f3n 2023 del Festival el ojO cojo.\",\"breadcrumb\":{\"@id\":\"https:\/\/elojocojo.org\/la-mecha\/#breadcrumb\"},\"inLanguage\":\"es\",\"potentialAction\":[{\"@type\":\"ReadAction\",\"target\":[\"https:\/\/elojocojo.org\/la-mecha\/\"]}]},{\"@type\":\"ImageObject\",\"inLanguage\":\"es\",\"@id\":\"https:\/\/elojocojo.org\/la-mecha\/#primaryimage\",\"url\":\"https:\/\/elojocojo.org\/wp-content\/uploads\/2023\/07\/LaMechaF2.jpg\",\"contentUrl\":\"https:\/\/elojocojo.org\/wp-content\/uploads\/2023\/07\/LaMechaF2.jpg\",\"width\":924,\"height\":924,\"caption\":\"La Mecha\"},{\"@type\":\"BreadcrumbList\",\"@id\":\"https:\/\/elojocojo.org\/la-mecha\/#breadcrumb\",\"itemListElement\":[{\"@type\":\"ListItem\",\"position\":1,\"name\":\"Portada\",\"item\":\"https:\/\/elojocojo.org\/\"},{\"@type\":\"ListItem\",\"position\":2,\"name\":\"2023\",\"item\":\"https:\/\/elojocojo.org\/tag\/2023\/\"},{\"@type\":\"ListItem\",\"position\":3,\"name\":\"La Mecha\"}]},{\"@type\":\"WebSite\",\"@id\":\"https:\/\/elojocojo.org\/#website\",\"url\":\"https:\/\/elojocojo.org\/\",\"name\":\"el ojO cojo\",\"description\":\"Todos estamos hechos de la misma esencia\",\"publisher\":{\"@id\":\"https:\/\/elojocojo.org\/#organization\"},\"potentialAction\":[{\"@type\":\"SearchAction\",\"target\":{\"@type\":\"EntryPoint\",\"urlTemplate\":\"https:\/\/elojocojo.org\/?s={search_term_string}\"},\"query-input\":{\"@type\":\"PropertyValueSpecification\",\"valueRequired\":true,\"valueName\":\"search_term_string\"}}],\"inLanguage\":\"es\"},{\"@type\":\"Organization\",\"@id\":\"https:\/\/elojocojo.org\/#organization\",\"name\":\"Meigas da r\u00faa\",\"url\":\"https:\/\/elojocojo.org\/\",\"logo\":{\"@type\":\"ImageObject\",\"inLanguage\":\"es\",\"@id\":\"https:\/\/elojocojo.org\/#\/schema\/logo\/image\/\",\"url\":\"https:\/\/meigasdarua.org\/wp-content\/uploads\/2020\/09\/cropped-logo-meigas-5.png\",\"contentUrl\":\"https:\/\/meigasdarua.org\/wp-content\/uploads\/2020\/09\/cropped-logo-meigas-5.png\",\"width\":109,\"height\":200,\"caption\":\"Meigas da r\u00faa\"},\"image\":{\"@id\":\"https:\/\/elojocojo.org\/#\/schema\/logo\/image\/\"},\"sameAs\":[\"https:\/\/www.facebook.com\/elojocojo\",\"https:\/\/x.com\/elojocojo\",\"https:\/\/www.instagram.com\/elojocojo\/?hl=es\",\"https:\/\/www.linkedin.com\/in\/el-ojo-cojo-b52b7769\/\",\"https:\/\/www.pinterest.es\/elojocojo\/_saved\/\",\"https:\/\/www.youtube.com\/channel\/UCkFtFTV0Bms7zH7vq8FZxZg\"]},{\"@type\":\"Person\",\"@id\":\"https:\/\/elojocojo.org\/#\/schema\/person\/0eebd75cb4d855e3f2b18abd9f7b9876\",\"name\":\"Pastora Laguna\",\"url\":\"https:\/\/elojocojo.org\/author\/pastora\/\"}]}<\/script>\n<!-- \/ Yoast SEO plugin. -->","yoast_head_json":{"title":"La Mecha - el ojO cojo","description":"La Mecha es un Cortometraje dirigido por Nicholas Hooper H. exhibido en la edici\u00f3n 2023 del Festival el ojO cojo.","robots":{"index":"index","follow":"follow","max-snippet":"max-snippet:-1","max-image-preview":"max-image-preview:large","max-video-preview":"max-video-preview:-1"},"canonical":"https:\/\/elojocojo.org\/la-mecha\/","og_locale":"es_ES","og_type":"article","og_title":"La Mecha - el ojO cojo","og_description":"La Mecha es un Cortometraje dirigido por Nicholas Hooper H. exhibido en la edici\u00f3n 2023 del Festival el ojO cojo.","og_url":"https:\/\/elojocojo.org\/la-mecha\/","og_site_name":"el ojO cojo","article_publisher":"https:\/\/www.facebook.com\/elojocojo","article_published_time":"2023-07-12T08:20:55+00:00","article_modified_time":"2025-09-17T10:12:12+00:00","og_image":[{"width":924,"height":924,"url":"https:\/\/elojocojo.org\/wp-content\/uploads\/2023\/07\/LaMechaF2.jpg","type":"image\/jpeg"}],"author":"Pastora Laguna","twitter_card":"summary_large_image","twitter_creator":"@elojocojo","twitter_site":"@elojocojo","twitter_misc":{"Escrito por":"Pastora Laguna","Tiempo de lectura":"1 minuto"},"schema":{"@context":"https:\/\/schema.org","@graph":[{"@type":"Article","@id":"https:\/\/elojocojo.org\/la-mecha\/#article","isPartOf":{"@id":"https:\/\/elojocojo.org\/la-mecha\/"},"author":{"name":"Pastora Laguna","@id":"https:\/\/elojocojo.org\/#\/schema\/person\/0eebd75cb4d855e3f2b18abd9f7b9876"},"headline":"La Mecha","datePublished":"2023-07-12T08:20:55+00:00","dateModified":"2025-09-17T10:12:12+00:00","mainEntityOfPage":{"@id":"https:\/\/elojocojo.org\/la-mecha\/"},"wordCount":263,"publisher":{"@id":"https:\/\/elojocojo.org\/#organization"},"image":{"@id":"https:\/\/elojocojo.org\/la-mecha\/#primaryimage"},"thumbnailUrl":"https:\/\/elojocojo.org\/wp-content\/uploads\/2023\/07\/LaMechaF2.jpg","keywords":["2023","activismo","Adolescentes","Am\u00e9rica Latina","animaci\u00f3n","cambio social","Chile","Ciudades y comunidades sostenibles","contaminaci\u00f3n","cortometraje","denuncia social","drama","espa\u00f1ol","familia","festival de cine","Festival el Ojo cojo","g\u00e9nero","mujer","Paz y justicia e instituciones s\u00f3lidas"],"articleSection":["Animaci\u00f3n","Cortometraje","Drama","Festival 2023"],"inLanguage":"es"},{"@type":"WebPage","@id":"https:\/\/elojocojo.org\/la-mecha\/","url":"https:\/\/elojocojo.org\/la-mecha\/","name":"La Mecha - el ojO cojo","isPartOf":{"@id":"https:\/\/elojocojo.org\/#website"},"primaryImageOfPage":{"@id":"https:\/\/elojocojo.org\/la-mecha\/#primaryimage"},"image":{"@id":"https:\/\/elojocojo.org\/la-mecha\/#primaryimage"},"thumbnailUrl":"https:\/\/elojocojo.org\/wp-content\/uploads\/2023\/07\/LaMechaF2.jpg","datePublished":"2023-07-12T08:20:55+00:00","dateModified":"2025-09-17T10:12:12+00:00","description":"La Mecha es un Cortometraje dirigido por Nicholas Hooper H. exhibido en la edici\u00f3n 2023 del Festival el ojO cojo.","breadcrumb":{"@id":"https:\/\/elojocojo.org\/la-mecha\/#breadcrumb"},"inLanguage":"es","potentialAction":[{"@type":"ReadAction","target":["https:\/\/elojocojo.org\/la-mecha\/"]}]},{"@type":"ImageObject","inLanguage":"es","@id":"https:\/\/elojocojo.org\/la-mecha\/#primaryimage","url":"https:\/\/elojocojo.org\/wp-content\/uploads\/2023\/07\/LaMechaF2.jpg","contentUrl":"https:\/\/elojocojo.org\/wp-content\/uploads\/2023\/07\/LaMechaF2.jpg","width":924,"height":924,"caption":"La Mecha"},{"@type":"BreadcrumbList","@id":"https:\/\/elojocojo.org\/la-mecha\/#breadcrumb","itemListElement":[{"@type":"ListItem","position":1,"name":"Portada","item":"https:\/\/elojocojo.org\/"},{"@type":"ListItem","position":2,"name":"2023","item":"https:\/\/elojocojo.org\/tag\/2023\/"},{"@type":"ListItem","position":3,"name":"La Mecha"}]},{"@type":"WebSite","@id":"https:\/\/elojocojo.org\/#website","url":"https:\/\/elojocojo.org\/","name":"el ojO cojo","description":"Todos estamos hechos de la misma esencia","publisher":{"@id":"https:\/\/elojocojo.org\/#organization"},"potentialAction":[{"@type":"SearchAction","target":{"@type":"EntryPoint","urlTemplate":"https:\/\/elojocojo.org\/?s={search_term_string}"},"query-input":{"@type":"PropertyValueSpecification","valueRequired":true,"valueName":"search_term_string"}}],"inLanguage":"es"},{"@type":"Organization","@id":"https:\/\/elojocojo.org\/#organization","name":"Meigas da r\u00faa","url":"https:\/\/elojocojo.org\/","logo":{"@type":"ImageObject","inLanguage":"es","@id":"https:\/\/elojocojo.org\/#\/schema\/logo\/image\/","url":"https:\/\/meigasdarua.org\/wp-content\/uploads\/2020\/09\/cropped-logo-meigas-5.png","contentUrl":"https:\/\/meigasdarua.org\/wp-content\/uploads\/2020\/09\/cropped-logo-meigas-5.png","width":109,"height":200,"caption":"Meigas da r\u00faa"},"image":{"@id":"https:\/\/elojocojo.org\/#\/schema\/logo\/image\/"},"sameAs":["https:\/\/www.facebook.com\/elojocojo","https:\/\/x.com\/elojocojo","https:\/\/www.instagram.com\/elojocojo\/?hl=es","https:\/\/www.linkedin.com\/in\/el-ojo-cojo-b52b7769\/","https:\/\/www.pinterest.es\/elojocojo\/_saved\/","https:\/\/www.youtube.com\/channel\/UCkFtFTV0Bms7zH7vq8FZxZg"]},{"@type":"Person","@id":"https:\/\/elojocojo.org\/#\/schema\/person\/0eebd75cb4d855e3f2b18abd9f7b9876","name":"Pastora Laguna","url":"https:\/\/elojocojo.org\/author\/pastora\/"}]}},"_links":{"self":[{"href":"https:\/\/elojocojo.org\/wp-json\/wp\/v2\/posts\/52913","targetHints":{"allow":["GET"]}}],"collection":[{"href":"https:\/\/elojocojo.org\/wp-json\/wp\/v2\/posts"}],"about":[{"href":"https:\/\/elojocojo.org\/wp-json\/wp\/v2\/types\/post"}],"author":[{"embeddable":true,"href":"https:\/\/elojocojo.org\/wp-json\/wp\/v2\/users\/73"}],"replies":[{"embeddable":true,"href":"https:\/\/elojocojo.org\/wp-json\/wp\/v2\/comments?post=52913"}],"version-history":[{"count":4,"href":"https:\/\/elojocojo.org\/wp-json\/wp\/v2\/posts\/52913\/revisions"}],"predecessor-version":[{"id":57988,"href":"https:\/\/elojocojo.org\/wp-json\/wp\/v2\/posts\/52913\/revisions\/57988"}],"wp:featuredmedia":[{"embeddable":true,"href":"https:\/\/elojocojo.org\/wp-json\/wp\/v2\/media\/52914"}],"wp:attachment":[{"href":"https:\/\/elojocojo.org\/wp-json\/wp\/v2\/media?parent=52913"}],"wp:term":[{"taxonomy":"category","embeddable":true,"href":"https:\/\/elojocojo.org\/wp-json\/wp\/v2\/categories?post=52913"},{"taxonomy":"post_tag","embeddable":true,"href":"https:\/\/elojocojo.org\/wp-json\/wp\/v2\/tags?post=52913"}],"curies":[{"name":"wp","href":"https:\/\/api.w.org\/{rel}","templated":true}]}}