{"id":52613,"date":"2023-06-30T11:36:33","date_gmt":"2023-06-30T09:36:33","guid":{"rendered":"https:\/\/elojocojo.org\/?p=52613"},"modified":"2025-09-25T18:03:21","modified_gmt":"2025-09-25T16:03:21","slug":"escarificados","status":"publish","type":"post","link":"https:\/\/elojocojo.org\/escarificados\/","title":{"rendered":"Escarificados"},"content":{"rendered":"\n<p><strong>T\u00edtulo original:<\/strong> Les Scarifi\u00e9s<\/p>\n\n\n\n<figure class=\"wp-block-image size-large\"><img decoding=\"async\" width=\"620\" height=\"349\" src=\"https:\/\/elojocojo.org\/wp-content\/uploads\/2023\/06\/les_scarifies_1920x1080px-620x349.jpg\" alt=\"Escarificados\" class=\"wp-image-52614\" srcset=\"https:\/\/elojocojo.org\/wp-content\/uploads\/2023\/06\/les_scarifies_1920x1080px-620x349.jpg 620w, https:\/\/elojocojo.org\/wp-content\/uploads\/2023\/06\/les_scarifies_1920x1080px-400x225.jpg 400w, https:\/\/elojocojo.org\/wp-content\/uploads\/2023\/06\/les_scarifies_1920x1080px-300x169.jpg 300w, https:\/\/elojocojo.org\/wp-content\/uploads\/2023\/06\/les_scarifies_1920x1080px-768x432.jpg 768w, https:\/\/elojocojo.org\/wp-content\/uploads\/2023\/06\/les_scarifies_1920x1080px-1110x624.jpg 1110w, https:\/\/elojocojo.org\/wp-content\/uploads\/2023\/06\/les_scarifies_1920x1080px-528x297.jpg 528w\" sizes=\"(max-width: 620px) 100vw, 620px\" \/><\/figure>\n\n\n\n<p><strong>A\u00f1o:<\/strong> 2022<br \/><strong>Director: <\/strong>Wabinl\u00e9 NABIE<br \/><strong>G\u00e9nero:<\/strong> Documental<br \/><strong>Duraci\u00f3n: <\/strong>65&#8242;<br \/><strong>Pa\u00eds:<\/strong> Burkina Faso<br \/><strong>Formato digital:<\/strong> Digital<br \/><strong>Tipo:<\/strong> Color<br \/><strong>Subt\u00edtulos:<\/strong> Franc\u00e9s<br \/><strong>Gui\u00f3n:<\/strong> Wabinl\u00e9 Nabi\u00e9<\/p>\n\n\n\n<p><\/p><p><\/p><p><\/p><p><\/p><p><\/p><p><\/p><p><\/p><p id=\"block-358d356c-5225-4c03-8e09-f887cd6214da\"><strong>Sinopsis:<\/strong><\/p>\n\n\n\n<p>Escarificados, de  Wabinl\u00e9 Nabi\u00e9 habla de c\u00f3mo las cicatrices que tiene en el rostro marcan su identidad y dan testimonio de su pertenencia a la etnia bwaba.&nbsp;<\/p>\n\n\n\n<p>Sin embargo, no conoce ni la historia ni el significado.&nbsp;Su pel\u00edcula es una b\u00fasqueda que viaja desde la memoria del dolor hasta el apaciguamiento de una identidad restaurada.<\/p>\n\n\n\n<p>A medida que Wabinl\u00e9 profundiza en su b\u00fasqueda, se enfrenta a las historias y leyendas ancestrales de su pueblo, experimentando tanto el doloroso legado de sus antepasados como los momentos de apaciguamiento y redenci\u00f3n. A lo largo de su traves\u00eda, se encuentra con personajes fascinantes, recorre hermosos paisajes y desentra\u00f1a los misterios ocultos detr\u00e1s de las cicatrices que lleva en su rostro.<\/p>\n\n\n\n<p>En su camino, Wabinl\u00e9 no solo descubre la importancia de su propia historia, sino que tambi\u00e9n se convierte en un defensor apasionado de la preservaci\u00f3n cultural y la valoraci\u00f3n de la diversidad \u00e9tnica. A trav\u00e9s de su viaje personal, la pel\u00edcula nos invita a reflexionar sobre la importancia de honrar y proteger nuestras ra\u00edces culturales, as\u00ed como el poder transformador de conectarnos con nuestro pasado.<\/p>\n\n\n\n<p>El filme&nbsp;Escarificados&nbsp;participa en la edici\u00f3n&nbsp;<strong>&nbsp;2023<\/strong>&nbsp;del <strong><a href=\"https:\/\/elojocojo.org\/category\/festival-2022\/\" target=\"_blank\" rel=\"noreferrer noopener\">Festival de cine el ojO cojo<\/a><\/strong> en ese sentido nos sentimos honrados de haberla exhibido.<\/p>\n\n\n\n<p>Visita nuestro <a href=\"https:\/\/el-ojocojo.blogspot.com\/\">blog&nbsp;<\/a><\/p>\n","protected":false},"excerpt":{"rendered":"<p>T\u00edtulo original: Les Scarifi\u00e9s A\u00f1o: 2022Director: Wabinl\u00e9 NABIEG\u00e9nero: DocumentalDuraci\u00f3n: 65&#8242;Pa\u00eds: Burkina FasoFormato digital: DigitalTipo: ColorSubt\u00edtulos: Franc\u00e9sGui\u00f3n: Wabinl\u00e9 Nabi\u00e9 Sinopsis: Escarificados, de Wabinl\u00e9 Nabi\u00e9 habla de c\u00f3mo las cicatrices que tiene en el rostro marcan su identidad y dan testimonio de su pertenencia a la etnia bwaba.&nbsp; Sin embargo, no conoce ni la historia ni el [&hellip;]<\/p>\n","protected":false},"author":73,"featured_media":52614,"comment_status":"closed","ping_status":"closed","sticky":false,"template":"","format":"standard","meta":{"_monsterinsights_skip_tracking":false,"_monsterinsights_sitenote_active":false,"_monsterinsights_sitenote_note":"","_monsterinsights_sitenote_category":0,"footnotes":""},"categories":[2053,2088],"tags":[2089,66,1126,2091,1779,997,1470,1981,1982,1760,1782,1023,63,1075],"class_list":{"0":"post-52613","1":"post","2":"type-post","3":"status-publish","4":"format-standard","5":"has-post-thumbnail","7":"category-documental","8":"category-festival-2023","9":"tag-2089","10":"tag-africa","11":"tag-alianzas-para-lograr-objetivos","12":"tag-burkina-faso","13":"tag-cultura","14":"tag-diversidad","15":"tag-documental","16":"tag-festival-de-cine","17":"tag-festival-el-ojo-cojo","18":"tag-genero","19":"tag-identidad-cultural","20":"tag-memoria-historica","21":"tag-pueblos-originarios","22":"tag-vida-de-ecosistemas-terrestres","23":"czr-hentry"},"yoast_head":"<!-- This site is optimized with the Yoast SEO plugin v27.1.1 - https:\/\/yoast.com\/product\/yoast-seo-wordpress\/ -->\n<title>Escarificados - el ojO cojo<\/title>\n<meta name=\"description\" content=\"Escarificados es un documental Dirigido por Wabinl\u00e9 Nabie, exhibido en la edici\u00f3n 2023 del Festival el ojO cojo.\" \/>\n<meta name=\"robots\" content=\"index, follow, max-snippet:-1, max-image-preview:large, max-video-preview:-1\" \/>\n<link rel=\"canonical\" href=\"https:\/\/elojocojo.org\/escarificados\/\" \/>\n<meta property=\"og:locale\" content=\"es_ES\" \/>\n<meta property=\"og:type\" content=\"article\" \/>\n<meta property=\"og:title\" content=\"Escarificados - el ojO cojo\" \/>\n<meta property=\"og:description\" content=\"Escarificados es un documental Dirigido por Wabinl\u00e9 Nabie, exhibido en la edici\u00f3n 2023 del Festival el ojO cojo.\" \/>\n<meta property=\"og:url\" content=\"https:\/\/elojocojo.org\/escarificados\/\" \/>\n<meta property=\"og:site_name\" content=\"el ojO cojo\" \/>\n<meta property=\"article:publisher\" content=\"https:\/\/www.facebook.com\/elojocojo\" \/>\n<meta property=\"article:published_time\" content=\"2023-06-30T09:36:33+00:00\" \/>\n<meta property=\"article:modified_time\" content=\"2025-09-25T16:03:21+00:00\" \/>\n<meta property=\"og:image\" content=\"https:\/\/elojocojo.org\/wp-content\/uploads\/2023\/06\/les_scarifies_1920x1080px.jpg\" \/>\n\t<meta property=\"og:image:width\" content=\"924\" \/>\n\t<meta property=\"og:image:height\" content=\"924\" \/>\n\t<meta property=\"og:image:type\" content=\"image\/jpeg\" \/>\n<meta name=\"author\" content=\"Pastora Laguna\" \/>\n<meta name=\"twitter:card\" content=\"summary_large_image\" \/>\n<meta name=\"twitter:creator\" content=\"@elojocojo\" \/>\n<meta name=\"twitter:site\" content=\"@elojocojo\" \/>\n<meta name=\"twitter:label1\" content=\"Escrito por\" \/>\n\t<meta name=\"twitter:data1\" content=\"Pastora Laguna\" \/>\n\t<meta name=\"twitter:label2\" content=\"Tiempo de lectura\" \/>\n\t<meta name=\"twitter:data2\" content=\"1 minuto\" \/>\n<script type=\"application\/ld+json\" class=\"yoast-schema-graph\">{\"@context\":\"https:\/\/schema.org\",\"@graph\":[{\"@type\":\"Article\",\"@id\":\"https:\/\/elojocojo.org\/escarificados\/#article\",\"isPartOf\":{\"@id\":\"https:\/\/elojocojo.org\/escarificados\/\"},\"author\":{\"name\":\"Pastora Laguna\",\"@id\":\"https:\/\/elojocojo.org\/#\/schema\/person\/0eebd75cb4d855e3f2b18abd9f7b9876\"},\"headline\":\"Escarificados\",\"datePublished\":\"2023-06-30T09:36:33+00:00\",\"dateModified\":\"2025-09-25T16:03:21+00:00\",\"mainEntityOfPage\":{\"@id\":\"https:\/\/elojocojo.org\/escarificados\/\"},\"wordCount\":267,\"publisher\":{\"@id\":\"https:\/\/elojocojo.org\/#organization\"},\"image\":{\"@id\":\"https:\/\/elojocojo.org\/escarificados\/#primaryimage\"},\"thumbnailUrl\":\"https:\/\/elojocojo.org\/wp-content\/uploads\/2023\/06\/les_scarifies_1920x1080px.jpg\",\"keywords\":[\"2023\",\"\u00c1frica\",\"Alianzas para lograr objetivos\",\"Burkina Faso\",\"cultura\",\"diversidad\",\"documental\",\"festival de cine\",\"Festival el Ojo cojo\",\"g\u00e9nero\",\"identidad cultural\",\"memoria hist\u00f3rica\",\"pueblos originarios\",\"Vida de ecosistemas terrestres\"],\"articleSection\":[\"Documental\",\"Festival 2023\"],\"inLanguage\":\"es\"},{\"@type\":\"WebPage\",\"@id\":\"https:\/\/elojocojo.org\/escarificados\/\",\"url\":\"https:\/\/elojocojo.org\/escarificados\/\",\"name\":\"Escarificados - el ojO cojo\",\"isPartOf\":{\"@id\":\"https:\/\/elojocojo.org\/#website\"},\"primaryImageOfPage\":{\"@id\":\"https:\/\/elojocojo.org\/escarificados\/#primaryimage\"},\"image\":{\"@id\":\"https:\/\/elojocojo.org\/escarificados\/#primaryimage\"},\"thumbnailUrl\":\"https:\/\/elojocojo.org\/wp-content\/uploads\/2023\/06\/les_scarifies_1920x1080px.jpg\",\"datePublished\":\"2023-06-30T09:36:33+00:00\",\"dateModified\":\"2025-09-25T16:03:21+00:00\",\"description\":\"Escarificados es un documental Dirigido por Wabinl\u00e9 Nabie, exhibido en la edici\u00f3n 2023 del Festival el ojO cojo.\",\"breadcrumb\":{\"@id\":\"https:\/\/elojocojo.org\/escarificados\/#breadcrumb\"},\"inLanguage\":\"es\",\"potentialAction\":[{\"@type\":\"ReadAction\",\"target\":[\"https:\/\/elojocojo.org\/escarificados\/\"]}]},{\"@type\":\"ImageObject\",\"inLanguage\":\"es\",\"@id\":\"https:\/\/elojocojo.org\/escarificados\/#primaryimage\",\"url\":\"https:\/\/elojocojo.org\/wp-content\/uploads\/2023\/06\/les_scarifies_1920x1080px.jpg\",\"contentUrl\":\"https:\/\/elojocojo.org\/wp-content\/uploads\/2023\/06\/les_scarifies_1920x1080px.jpg\",\"width\":924,\"height\":924,\"caption\":\"Escarificados\"},{\"@type\":\"BreadcrumbList\",\"@id\":\"https:\/\/elojocojo.org\/escarificados\/#breadcrumb\",\"itemListElement\":[{\"@type\":\"ListItem\",\"position\":1,\"name\":\"Portada\",\"item\":\"https:\/\/elojocojo.org\/\"},{\"@type\":\"ListItem\",\"position\":2,\"name\":\"2023\",\"item\":\"https:\/\/elojocojo.org\/tag\/2023\/\"},{\"@type\":\"ListItem\",\"position\":3,\"name\":\"Escarificados\"}]},{\"@type\":\"WebSite\",\"@id\":\"https:\/\/elojocojo.org\/#website\",\"url\":\"https:\/\/elojocojo.org\/\",\"name\":\"el ojO cojo\",\"description\":\"Todos estamos hechos de la misma esencia\",\"publisher\":{\"@id\":\"https:\/\/elojocojo.org\/#organization\"},\"potentialAction\":[{\"@type\":\"SearchAction\",\"target\":{\"@type\":\"EntryPoint\",\"urlTemplate\":\"https:\/\/elojocojo.org\/?s={search_term_string}\"},\"query-input\":{\"@type\":\"PropertyValueSpecification\",\"valueRequired\":true,\"valueName\":\"search_term_string\"}}],\"inLanguage\":\"es\"},{\"@type\":\"Organization\",\"@id\":\"https:\/\/elojocojo.org\/#organization\",\"name\":\"Meigas da r\u00faa\",\"url\":\"https:\/\/elojocojo.org\/\",\"logo\":{\"@type\":\"ImageObject\",\"inLanguage\":\"es\",\"@id\":\"https:\/\/elojocojo.org\/#\/schema\/logo\/image\/\",\"url\":\"https:\/\/meigasdarua.org\/wp-content\/uploads\/2020\/09\/cropped-logo-meigas-5.png\",\"contentUrl\":\"https:\/\/meigasdarua.org\/wp-content\/uploads\/2020\/09\/cropped-logo-meigas-5.png\",\"width\":109,\"height\":200,\"caption\":\"Meigas da r\u00faa\"},\"image\":{\"@id\":\"https:\/\/elojocojo.org\/#\/schema\/logo\/image\/\"},\"sameAs\":[\"https:\/\/www.facebook.com\/elojocojo\",\"https:\/\/x.com\/elojocojo\",\"https:\/\/www.instagram.com\/elojocojo\/?hl=es\",\"https:\/\/www.linkedin.com\/in\/el-ojo-cojo-b52b7769\/\",\"https:\/\/www.pinterest.es\/elojocojo\/_saved\/\",\"https:\/\/www.youtube.com\/channel\/UCkFtFTV0Bms7zH7vq8FZxZg\"]},{\"@type\":\"Person\",\"@id\":\"https:\/\/elojocojo.org\/#\/schema\/person\/0eebd75cb4d855e3f2b18abd9f7b9876\",\"name\":\"Pastora Laguna\",\"url\":\"https:\/\/elojocojo.org\/author\/pastora\/\"}]}<\/script>\n<!-- \/ Yoast SEO plugin. -->","yoast_head_json":{"title":"Escarificados - el ojO cojo","description":"Escarificados es un documental Dirigido por Wabinl\u00e9 Nabie, exhibido en la edici\u00f3n 2023 del Festival el ojO cojo.","robots":{"index":"index","follow":"follow","max-snippet":"max-snippet:-1","max-image-preview":"max-image-preview:large","max-video-preview":"max-video-preview:-1"},"canonical":"https:\/\/elojocojo.org\/escarificados\/","og_locale":"es_ES","og_type":"article","og_title":"Escarificados - el ojO cojo","og_description":"Escarificados es un documental Dirigido por Wabinl\u00e9 Nabie, exhibido en la edici\u00f3n 2023 del Festival el ojO cojo.","og_url":"https:\/\/elojocojo.org\/escarificados\/","og_site_name":"el ojO cojo","article_publisher":"https:\/\/www.facebook.com\/elojocojo","article_published_time":"2023-06-30T09:36:33+00:00","article_modified_time":"2025-09-25T16:03:21+00:00","og_image":[{"width":924,"height":924,"url":"https:\/\/elojocojo.org\/wp-content\/uploads\/2023\/06\/les_scarifies_1920x1080px.jpg","type":"image\/jpeg"}],"author":"Pastora Laguna","twitter_card":"summary_large_image","twitter_creator":"@elojocojo","twitter_site":"@elojocojo","twitter_misc":{"Escrito por":"Pastora Laguna","Tiempo de lectura":"1 minuto"},"schema":{"@context":"https:\/\/schema.org","@graph":[{"@type":"Article","@id":"https:\/\/elojocojo.org\/escarificados\/#article","isPartOf":{"@id":"https:\/\/elojocojo.org\/escarificados\/"},"author":{"name":"Pastora Laguna","@id":"https:\/\/elojocojo.org\/#\/schema\/person\/0eebd75cb4d855e3f2b18abd9f7b9876"},"headline":"Escarificados","datePublished":"2023-06-30T09:36:33+00:00","dateModified":"2025-09-25T16:03:21+00:00","mainEntityOfPage":{"@id":"https:\/\/elojocojo.org\/escarificados\/"},"wordCount":267,"publisher":{"@id":"https:\/\/elojocojo.org\/#organization"},"image":{"@id":"https:\/\/elojocojo.org\/escarificados\/#primaryimage"},"thumbnailUrl":"https:\/\/elojocojo.org\/wp-content\/uploads\/2023\/06\/les_scarifies_1920x1080px.jpg","keywords":["2023","\u00c1frica","Alianzas para lograr objetivos","Burkina Faso","cultura","diversidad","documental","festival de cine","Festival el Ojo cojo","g\u00e9nero","identidad cultural","memoria hist\u00f3rica","pueblos originarios","Vida de ecosistemas terrestres"],"articleSection":["Documental","Festival 2023"],"inLanguage":"es"},{"@type":"WebPage","@id":"https:\/\/elojocojo.org\/escarificados\/","url":"https:\/\/elojocojo.org\/escarificados\/","name":"Escarificados - el ojO cojo","isPartOf":{"@id":"https:\/\/elojocojo.org\/#website"},"primaryImageOfPage":{"@id":"https:\/\/elojocojo.org\/escarificados\/#primaryimage"},"image":{"@id":"https:\/\/elojocojo.org\/escarificados\/#primaryimage"},"thumbnailUrl":"https:\/\/elojocojo.org\/wp-content\/uploads\/2023\/06\/les_scarifies_1920x1080px.jpg","datePublished":"2023-06-30T09:36:33+00:00","dateModified":"2025-09-25T16:03:21+00:00","description":"Escarificados es un documental Dirigido por Wabinl\u00e9 Nabie, exhibido en la edici\u00f3n 2023 del Festival el ojO cojo.","breadcrumb":{"@id":"https:\/\/elojocojo.org\/escarificados\/#breadcrumb"},"inLanguage":"es","potentialAction":[{"@type":"ReadAction","target":["https:\/\/elojocojo.org\/escarificados\/"]}]},{"@type":"ImageObject","inLanguage":"es","@id":"https:\/\/elojocojo.org\/escarificados\/#primaryimage","url":"https:\/\/elojocojo.org\/wp-content\/uploads\/2023\/06\/les_scarifies_1920x1080px.jpg","contentUrl":"https:\/\/elojocojo.org\/wp-content\/uploads\/2023\/06\/les_scarifies_1920x1080px.jpg","width":924,"height":924,"caption":"Escarificados"},{"@type":"BreadcrumbList","@id":"https:\/\/elojocojo.org\/escarificados\/#breadcrumb","itemListElement":[{"@type":"ListItem","position":1,"name":"Portada","item":"https:\/\/elojocojo.org\/"},{"@type":"ListItem","position":2,"name":"2023","item":"https:\/\/elojocojo.org\/tag\/2023\/"},{"@type":"ListItem","position":3,"name":"Escarificados"}]},{"@type":"WebSite","@id":"https:\/\/elojocojo.org\/#website","url":"https:\/\/elojocojo.org\/","name":"el ojO cojo","description":"Todos estamos hechos de la misma esencia","publisher":{"@id":"https:\/\/elojocojo.org\/#organization"},"potentialAction":[{"@type":"SearchAction","target":{"@type":"EntryPoint","urlTemplate":"https:\/\/elojocojo.org\/?s={search_term_string}"},"query-input":{"@type":"PropertyValueSpecification","valueRequired":true,"valueName":"search_term_string"}}],"inLanguage":"es"},{"@type":"Organization","@id":"https:\/\/elojocojo.org\/#organization","name":"Meigas da r\u00faa","url":"https:\/\/elojocojo.org\/","logo":{"@type":"ImageObject","inLanguage":"es","@id":"https:\/\/elojocojo.org\/#\/schema\/logo\/image\/","url":"https:\/\/meigasdarua.org\/wp-content\/uploads\/2020\/09\/cropped-logo-meigas-5.png","contentUrl":"https:\/\/meigasdarua.org\/wp-content\/uploads\/2020\/09\/cropped-logo-meigas-5.png","width":109,"height":200,"caption":"Meigas da r\u00faa"},"image":{"@id":"https:\/\/elojocojo.org\/#\/schema\/logo\/image\/"},"sameAs":["https:\/\/www.facebook.com\/elojocojo","https:\/\/x.com\/elojocojo","https:\/\/www.instagram.com\/elojocojo\/?hl=es","https:\/\/www.linkedin.com\/in\/el-ojo-cojo-b52b7769\/","https:\/\/www.pinterest.es\/elojocojo\/_saved\/","https:\/\/www.youtube.com\/channel\/UCkFtFTV0Bms7zH7vq8FZxZg"]},{"@type":"Person","@id":"https:\/\/elojocojo.org\/#\/schema\/person\/0eebd75cb4d855e3f2b18abd9f7b9876","name":"Pastora Laguna","url":"https:\/\/elojocojo.org\/author\/pastora\/"}]}},"_links":{"self":[{"href":"https:\/\/elojocojo.org\/wp-json\/wp\/v2\/posts\/52613","targetHints":{"allow":["GET"]}}],"collection":[{"href":"https:\/\/elojocojo.org\/wp-json\/wp\/v2\/posts"}],"about":[{"href":"https:\/\/elojocojo.org\/wp-json\/wp\/v2\/types\/post"}],"author":[{"embeddable":true,"href":"https:\/\/elojocojo.org\/wp-json\/wp\/v2\/users\/73"}],"replies":[{"embeddable":true,"href":"https:\/\/elojocojo.org\/wp-json\/wp\/v2\/comments?post=52613"}],"version-history":[{"count":9,"href":"https:\/\/elojocojo.org\/wp-json\/wp\/v2\/posts\/52613\/revisions"}],"predecessor-version":[{"id":57967,"href":"https:\/\/elojocojo.org\/wp-json\/wp\/v2\/posts\/52613\/revisions\/57967"}],"wp:featuredmedia":[{"embeddable":true,"href":"https:\/\/elojocojo.org\/wp-json\/wp\/v2\/media\/52614"}],"wp:attachment":[{"href":"https:\/\/elojocojo.org\/wp-json\/wp\/v2\/media?parent=52613"}],"wp:term":[{"taxonomy":"category","embeddable":true,"href":"https:\/\/elojocojo.org\/wp-json\/wp\/v2\/categories?post=52613"},{"taxonomy":"post_tag","embeddable":true,"href":"https:\/\/elojocojo.org\/wp-json\/wp\/v2\/tags?post=52613"}],"curies":[{"name":"wp","href":"https:\/\/api.w.org\/{rel}","templated":true}]}}