{"id":44442,"date":"2022-10-12T16:29:56","date_gmt":"2022-10-12T14:29:56","guid":{"rendered":"https:\/\/meigasdarua.org\/?p=44442"},"modified":"2025-09-17T12:44:16","modified_gmt":"2025-09-17T10:44:16","slug":"nogal","status":"publish","type":"post","link":"https:\/\/elojocojo.org\/nogal\/","title":{"rendered":"Nogal"},"content":{"rendered":"\n<figure class=\"wp-block-embed is-type-video is-provider-vimeo wp-block-embed-vimeo wp-embed-aspect-16-9 wp-has-aspect-ratio\"><div class=\"wp-block-embed__wrapper\">\n<iframe title=\"Ceviz A\u011fac\u0131_Silenced Tree_2020_Faysal Soysal_Trailer_Fragman\" src=\"https:\/\/player.vimeo.com\/video\/367899333?dnt=1&amp;app_id=122963\" width=\"1140\" height=\"641\" frameborder=\"0\" allow=\"autoplay; fullscreen; picture-in-picture; clipboard-write; encrypted-media; web-share\" referrerpolicy=\"strict-origin-when-cross-origin\"><\/iframe>\n<\/div><\/figure>\n\n\n\n<p><\/p><p><strong>T\u00edtulo original: <\/strong>Nogal<br \/><strong>A\u00f1o:<\/strong> 2020<br \/><strong>Director:<\/strong> Faysal Soysal<br \/><strong>G\u00e9nero: <\/strong>Drama<br \/><strong>Duraci\u00f3n:<\/strong> 118\u2032<br \/><strong>Pa\u00eds:<\/strong> Turqu\u00eda<br \/><strong>Formato digital:<\/strong> Digital<br \/><strong>Tipo:<\/strong> Color<br \/><strong>Idioma: <\/strong>Turco<br \/><strong>Subt\u00edtulos:<\/strong> Castellano<br \/><strong>Int\u00e9rpretes: <\/strong>Serdar Or\u00e7in, Sezin Akba\u015fo\u011fullar\u0131, K\u00fcbra Kip, Ali Mert Yavuzcan<br \/><strong>Producci\u00f3n:<\/strong> Faisal Soysal, Ali Noori Oskouei<br \/><strong>Gui\u00f3n:<\/strong> Faisal Soysal<\/p>\n\n\n\n<p><\/p><p><\/p><p><\/p><p><\/p><p><strong>Sinopsis<\/strong>:<\/p>Hayati es un profesor de literatura de un pueblo peque\u00f1o y un autor de maravillas que trata desesperadamente de aferrarse a su pasado: su matrimonio destrozado, su anciana madre enferma, un nogal en descomposici\u00f3n y el recuerdo de su padre. En lugar de seguir adelante con su vida y tomar el control, acepta pasivamente sus golpes y solo le interesa indagar en el pasado, hasta que su descubrimiento lo obliga a confrontar su propia debilidad y responder a la pregunta: est\u00e1 parado ocioso mientras presencia el mal que se hace. tanto pecado como hacerlo?\n\n\n\n<p><\/p>\n\n\n\n<figure class=\"wp-block-image size-full is-resized\"><img decoding=\"async\" align=\"left\" src=\"https:\/\/elojocojo.org\/wp-content\/uploads\/2022\/10\/NOGAL-DIR.jpg\" alt=\"Nogal dirigido por Faysal Soysal\" class=\"wp-image-44443\" width=\"104\" height=\"104\" srcset=\"https:\/\/elojocojo.org\/wp-content\/uploads\/2022\/10\/NOGAL-DIR.jpg 351w, https:\/\/elojocojo.org\/wp-content\/uploads\/2022\/10\/NOGAL-DIR-300x299.jpg 300w, https:\/\/elojocojo.org\/wp-content\/uploads\/2022\/10\/NOGAL-DIR-96x96.jpg 96w, https:\/\/elojocojo.org\/wp-content\/uploads\/2022\/10\/NOGAL-DIR-150x150.jpg 150w\" sizes=\"(max-width: 104px) 100vw, 104px\" \/><\/figure>\n\n\n<p><\/p>\n\n\n<p><\/p><p><\/p><p><\/p><p><br \/><br \/><br \/><br \/>\n<\/p><p><strong>Biograf\u00eda<\/strong><\/p>\n\n\n\n<p>Faysal Soysal naci\u00f3 en Batman en 1979. Dej\u00f3 la facultad de medicina para centrarse en la poes\u00eda y el cine en 2000. Entre 2003 y 2007, termin\u00f3 la maestr\u00eda en \u00abDirecci\u00f3n de cine\u00bb en la Universidad de Arte de Teher\u00e1n-Ir\u00e1n.<\/p>\n\n\n\n<p>El filme\u00a0Nogal\u00a0particip\u00f3 en la edici\u00f3n\u00a0<strong>2022<\/strong>\u00a0del <strong><a href=\"https:\/\/elojocojo.org\/category\/festival-2022\/\">Festival de cine el ojO cojo<\/a><\/strong> en ese sentido nos sentimos honrados de haberla exhibido.<\/p>\n\n\n\n<p class=\"has-text-color\" style=\"color:#420b1c;font-size:1px\">Faysal Soysal naci\u00f3 en Batman en 1979. Dej\u00f3 la facultad de medicina para centrarse en la poes\u00eda y el cine en 2000. Entre 2003 y 2007, termin\u00f3 la maestr\u00eda en \u00abDirecci\u00f3n de cine\u00bb en la Universidad de Arte de Teher\u00e1n-Ir\u00e1n.<\/p>\n\n\n\n<p class=\"has-text-color\" style=\"color:#420b1c;font-size:1px\"><a href=\"https:\/\/elojocojo.org\">ojo<\/a> <\/p>\n","protected":false},"excerpt":{"rendered":"<p>T\u00edtulo original: NogalA\u00f1o: 2020Director: Faysal SoysalG\u00e9nero: DramaDuraci\u00f3n: 118\u2032Pa\u00eds: Turqu\u00edaFormato digital: DigitalTipo: ColorIdioma: TurcoSubt\u00edtulos: CastellanoInt\u00e9rpretes: Serdar Or\u00e7in, Sezin Akba\u015fo\u011fullar\u0131, K\u00fcbra Kip, Ali Mert YavuzcanProducci\u00f3n: Faisal Soysal, Ali Noori OskoueiGui\u00f3n: Faisal Soysal Sinopsis: Hayati es un profesor de literatura de un pueblo peque\u00f1o y un autor de maravillas que trata desesperadamente de aferrarse a su pasado: su [&hellip;]<\/p>\n","protected":false},"author":73,"featured_media":44444,"comment_status":"closed","ping_status":"closed","sticky":false,"template":"","format":"standard","meta":{"_monsterinsights_skip_tracking":false,"_monsterinsights_sitenote_active":false,"_monsterinsights_sitenote_note":"","_monsterinsights_sitenote_category":0,"footnotes":""},"categories":[991,2052],"tags":[2002,186,1434,1193,1737,2119,1981,1982,1628,1760,1547,91,1086,95],"class_list":{"0":"post-44442","1":"post","2":"type-post","3":"status-publish","4":"format-standard","5":"has-post-thumbnail","7":"category-drama","8":"category-festival-2022","9":"tag-2002","10":"tag-arte","11":"tag-conflicto","12":"tag-derechos-humanos","13":"tag-drama","14":"tag-espanol","15":"tag-festival-de-cine","16":"tag-festival-el-ojo-cojo","17":"tag-ficcion","18":"tag-genero","19":"tag-guerra","20":"tag-mujer","21":"tag-paz-y-justicia-e-instituciones-solidas","22":"tag-siria","23":"czr-hentry"},"yoast_head":"<!-- This site is optimized with the Yoast SEO plugin v27.1.1 - https:\/\/yoast.com\/product\/yoast-seo-wordpress\/ -->\n<title>Nogal - el ojO cojo<\/title>\n<meta name=\"description\" content=\"Pel\u00edcula Nogal exhibida en la edici\u00f3n 2022 del Festival el ojO cojo que cuenta la historia de Hayati, dirigido por Faysal Soysal.\" \/>\n<meta name=\"robots\" content=\"index, follow, max-snippet:-1, max-image-preview:large, max-video-preview:-1\" \/>\n<link rel=\"canonical\" href=\"https:\/\/elojocojo.org\/nogal\/\" \/>\n<meta property=\"og:locale\" content=\"es_ES\" \/>\n<meta property=\"og:type\" content=\"article\" \/>\n<meta property=\"og:title\" content=\"Nogal - el ojO cojo\" \/>\n<meta property=\"og:description\" content=\"Pel\u00edcula Nogal exhibida en la edici\u00f3n 2022 del Festival el ojO cojo que cuenta la historia de Hayati, dirigido por Faysal Soysal.\" \/>\n<meta property=\"og:url\" content=\"https:\/\/elojocojo.org\/nogal\/\" \/>\n<meta property=\"og:site_name\" content=\"el ojO cojo\" \/>\n<meta property=\"article:publisher\" content=\"https:\/\/www.facebook.com\/elojocojo\" \/>\n<meta property=\"article:published_time\" content=\"2022-10-12T14:29:56+00:00\" \/>\n<meta property=\"article:modified_time\" content=\"2025-09-17T10:44:16+00:00\" \/>\n<meta property=\"og:image\" content=\"https:\/\/elojocojo.org\/wp-content\/uploads\/2022\/10\/Nogal-Foto1.jpg\" \/>\n\t<meta property=\"og:image:width\" content=\"1920\" \/>\n\t<meta property=\"og:image:height\" content=\"805\" \/>\n\t<meta property=\"og:image:type\" content=\"image\/jpeg\" \/>\n<meta name=\"author\" content=\"Pastora Laguna\" \/>\n<meta name=\"twitter:card\" content=\"summary_large_image\" \/>\n<meta name=\"twitter:creator\" content=\"@elojocojo\" \/>\n<meta name=\"twitter:site\" content=\"@elojocojo\" \/>\n<meta name=\"twitter:label1\" content=\"Escrito por\" \/>\n\t<meta name=\"twitter:data1\" content=\"Pastora Laguna\" \/>\n\t<meta name=\"twitter:label2\" content=\"Tiempo de lectura\" \/>\n\t<meta name=\"twitter:data2\" content=\"1 minuto\" \/>\n<script type=\"application\/ld+json\" class=\"yoast-schema-graph\">{\"@context\":\"https:\/\/schema.org\",\"@graph\":[{\"@type\":\"Article\",\"@id\":\"https:\/\/elojocojo.org\/nogal\/#article\",\"isPartOf\":{\"@id\":\"https:\/\/elojocojo.org\/nogal\/\"},\"author\":{\"name\":\"Pastora Laguna\",\"@id\":\"https:\/\/elojocojo.org\/#\/schema\/person\/0eebd75cb4d855e3f2b18abd9f7b9876\"},\"headline\":\"Nogal\",\"datePublished\":\"2022-10-12T14:29:56+00:00\",\"dateModified\":\"2025-09-17T10:44:16+00:00\",\"mainEntityOfPage\":{\"@id\":\"https:\/\/elojocojo.org\/nogal\/\"},\"wordCount\":264,\"publisher\":{\"@id\":\"https:\/\/elojocojo.org\/#organization\"},\"image\":{\"@id\":\"https:\/\/elojocojo.org\/nogal\/#primaryimage\"},\"thumbnailUrl\":\"https:\/\/elojocojo.org\/wp-content\/uploads\/2022\/10\/Nogal-Foto1.jpg\",\"keywords\":[\"2020\",\"Arte\",\"conflicto\",\"Derechos Humanos\",\"drama\",\"espa\u00f1ol\",\"festival de cine\",\"Festival el Ojo cojo\",\"ficci\u00f3n\",\"g\u00e9nero\",\"guerra\",\"mujer\",\"Paz y justicia e instituciones s\u00f3lidas\",\"Siria\"],\"articleSection\":[\"Drama\",\"Festival 2022\"],\"inLanguage\":\"es\"},{\"@type\":\"WebPage\",\"@id\":\"https:\/\/elojocojo.org\/nogal\/\",\"url\":\"https:\/\/elojocojo.org\/nogal\/\",\"name\":\"Nogal - el ojO cojo\",\"isPartOf\":{\"@id\":\"https:\/\/elojocojo.org\/#website\"},\"primaryImageOfPage\":{\"@id\":\"https:\/\/elojocojo.org\/nogal\/#primaryimage\"},\"image\":{\"@id\":\"https:\/\/elojocojo.org\/nogal\/#primaryimage\"},\"thumbnailUrl\":\"https:\/\/elojocojo.org\/wp-content\/uploads\/2022\/10\/Nogal-Foto1.jpg\",\"datePublished\":\"2022-10-12T14:29:56+00:00\",\"dateModified\":\"2025-09-17T10:44:16+00:00\",\"description\":\"Pel\u00edcula Nogal exhibida en la edici\u00f3n 2022 del Festival el ojO cojo que cuenta la historia de Hayati, dirigido por Faysal Soysal.\",\"breadcrumb\":{\"@id\":\"https:\/\/elojocojo.org\/nogal\/#breadcrumb\"},\"inLanguage\":\"es\",\"potentialAction\":[{\"@type\":\"ReadAction\",\"target\":[\"https:\/\/elojocojo.org\/nogal\/\"]}]},{\"@type\":\"ImageObject\",\"inLanguage\":\"es\",\"@id\":\"https:\/\/elojocojo.org\/nogal\/#primaryimage\",\"url\":\"https:\/\/elojocojo.org\/wp-content\/uploads\/2022\/10\/Nogal-Foto1.jpg\",\"contentUrl\":\"https:\/\/elojocojo.org\/wp-content\/uploads\/2022\/10\/Nogal-Foto1.jpg\",\"width\":1920,\"height\":805,\"caption\":\"Foto de Nogal\"},{\"@type\":\"BreadcrumbList\",\"@id\":\"https:\/\/elojocojo.org\/nogal\/#breadcrumb\",\"itemListElement\":[{\"@type\":\"ListItem\",\"position\":1,\"name\":\"Portada\",\"item\":\"https:\/\/elojocojo.org\/\"},{\"@type\":\"ListItem\",\"position\":2,\"name\":\"2020\",\"item\":\"https:\/\/elojocojo.org\/tag\/2020\/\"},{\"@type\":\"ListItem\",\"position\":3,\"name\":\"Nogal\"}]},{\"@type\":\"WebSite\",\"@id\":\"https:\/\/elojocojo.org\/#website\",\"url\":\"https:\/\/elojocojo.org\/\",\"name\":\"el ojO cojo\",\"description\":\"Todos estamos hechos de la misma esencia\",\"publisher\":{\"@id\":\"https:\/\/elojocojo.org\/#organization\"},\"potentialAction\":[{\"@type\":\"SearchAction\",\"target\":{\"@type\":\"EntryPoint\",\"urlTemplate\":\"https:\/\/elojocojo.org\/?s={search_term_string}\"},\"query-input\":{\"@type\":\"PropertyValueSpecification\",\"valueRequired\":true,\"valueName\":\"search_term_string\"}}],\"inLanguage\":\"es\"},{\"@type\":\"Organization\",\"@id\":\"https:\/\/elojocojo.org\/#organization\",\"name\":\"Meigas da r\u00faa\",\"url\":\"https:\/\/elojocojo.org\/\",\"logo\":{\"@type\":\"ImageObject\",\"inLanguage\":\"es\",\"@id\":\"https:\/\/elojocojo.org\/#\/schema\/logo\/image\/\",\"url\":\"https:\/\/meigasdarua.org\/wp-content\/uploads\/2020\/09\/cropped-logo-meigas-5.png\",\"contentUrl\":\"https:\/\/meigasdarua.org\/wp-content\/uploads\/2020\/09\/cropped-logo-meigas-5.png\",\"width\":109,\"height\":200,\"caption\":\"Meigas da r\u00faa\"},\"image\":{\"@id\":\"https:\/\/elojocojo.org\/#\/schema\/logo\/image\/\"},\"sameAs\":[\"https:\/\/www.facebook.com\/elojocojo\",\"https:\/\/x.com\/elojocojo\",\"https:\/\/www.instagram.com\/elojocojo\/?hl=es\",\"https:\/\/www.linkedin.com\/in\/el-ojo-cojo-b52b7769\/\",\"https:\/\/www.pinterest.es\/elojocojo\/_saved\/\",\"https:\/\/www.youtube.com\/channel\/UCkFtFTV0Bms7zH7vq8FZxZg\"]},{\"@type\":\"Person\",\"@id\":\"https:\/\/elojocojo.org\/#\/schema\/person\/0eebd75cb4d855e3f2b18abd9f7b9876\",\"name\":\"Pastora Laguna\",\"url\":\"https:\/\/elojocojo.org\/author\/pastora\/\"}]}<\/script>\n<!-- \/ Yoast SEO plugin. -->","yoast_head_json":{"title":"Nogal - el ojO cojo","description":"Pel\u00edcula Nogal exhibida en la edici\u00f3n 2022 del Festival el ojO cojo que cuenta la historia de Hayati, dirigido por Faysal Soysal.","robots":{"index":"index","follow":"follow","max-snippet":"max-snippet:-1","max-image-preview":"max-image-preview:large","max-video-preview":"max-video-preview:-1"},"canonical":"https:\/\/elojocojo.org\/nogal\/","og_locale":"es_ES","og_type":"article","og_title":"Nogal - el ojO cojo","og_description":"Pel\u00edcula Nogal exhibida en la edici\u00f3n 2022 del Festival el ojO cojo que cuenta la historia de Hayati, dirigido por Faysal Soysal.","og_url":"https:\/\/elojocojo.org\/nogal\/","og_site_name":"el ojO cojo","article_publisher":"https:\/\/www.facebook.com\/elojocojo","article_published_time":"2022-10-12T14:29:56+00:00","article_modified_time":"2025-09-17T10:44:16+00:00","og_image":[{"width":1920,"height":805,"url":"https:\/\/elojocojo.org\/wp-content\/uploads\/2022\/10\/Nogal-Foto1.jpg","type":"image\/jpeg"}],"author":"Pastora Laguna","twitter_card":"summary_large_image","twitter_creator":"@elojocojo","twitter_site":"@elojocojo","twitter_misc":{"Escrito por":"Pastora Laguna","Tiempo de lectura":"1 minuto"},"schema":{"@context":"https:\/\/schema.org","@graph":[{"@type":"Article","@id":"https:\/\/elojocojo.org\/nogal\/#article","isPartOf":{"@id":"https:\/\/elojocojo.org\/nogal\/"},"author":{"name":"Pastora Laguna","@id":"https:\/\/elojocojo.org\/#\/schema\/person\/0eebd75cb4d855e3f2b18abd9f7b9876"},"headline":"Nogal","datePublished":"2022-10-12T14:29:56+00:00","dateModified":"2025-09-17T10:44:16+00:00","mainEntityOfPage":{"@id":"https:\/\/elojocojo.org\/nogal\/"},"wordCount":264,"publisher":{"@id":"https:\/\/elojocojo.org\/#organization"},"image":{"@id":"https:\/\/elojocojo.org\/nogal\/#primaryimage"},"thumbnailUrl":"https:\/\/elojocojo.org\/wp-content\/uploads\/2022\/10\/Nogal-Foto1.jpg","keywords":["2020","Arte","conflicto","Derechos Humanos","drama","espa\u00f1ol","festival de cine","Festival el Ojo cojo","ficci\u00f3n","g\u00e9nero","guerra","mujer","Paz y justicia e instituciones s\u00f3lidas","Siria"],"articleSection":["Drama","Festival 2022"],"inLanguage":"es"},{"@type":"WebPage","@id":"https:\/\/elojocojo.org\/nogal\/","url":"https:\/\/elojocojo.org\/nogal\/","name":"Nogal - el ojO cojo","isPartOf":{"@id":"https:\/\/elojocojo.org\/#website"},"primaryImageOfPage":{"@id":"https:\/\/elojocojo.org\/nogal\/#primaryimage"},"image":{"@id":"https:\/\/elojocojo.org\/nogal\/#primaryimage"},"thumbnailUrl":"https:\/\/elojocojo.org\/wp-content\/uploads\/2022\/10\/Nogal-Foto1.jpg","datePublished":"2022-10-12T14:29:56+00:00","dateModified":"2025-09-17T10:44:16+00:00","description":"Pel\u00edcula Nogal exhibida en la edici\u00f3n 2022 del Festival el ojO cojo que cuenta la historia de Hayati, dirigido por Faysal Soysal.","breadcrumb":{"@id":"https:\/\/elojocojo.org\/nogal\/#breadcrumb"},"inLanguage":"es","potentialAction":[{"@type":"ReadAction","target":["https:\/\/elojocojo.org\/nogal\/"]}]},{"@type":"ImageObject","inLanguage":"es","@id":"https:\/\/elojocojo.org\/nogal\/#primaryimage","url":"https:\/\/elojocojo.org\/wp-content\/uploads\/2022\/10\/Nogal-Foto1.jpg","contentUrl":"https:\/\/elojocojo.org\/wp-content\/uploads\/2022\/10\/Nogal-Foto1.jpg","width":1920,"height":805,"caption":"Foto de Nogal"},{"@type":"BreadcrumbList","@id":"https:\/\/elojocojo.org\/nogal\/#breadcrumb","itemListElement":[{"@type":"ListItem","position":1,"name":"Portada","item":"https:\/\/elojocojo.org\/"},{"@type":"ListItem","position":2,"name":"2020","item":"https:\/\/elojocojo.org\/tag\/2020\/"},{"@type":"ListItem","position":3,"name":"Nogal"}]},{"@type":"WebSite","@id":"https:\/\/elojocojo.org\/#website","url":"https:\/\/elojocojo.org\/","name":"el ojO cojo","description":"Todos estamos hechos de la misma esencia","publisher":{"@id":"https:\/\/elojocojo.org\/#organization"},"potentialAction":[{"@type":"SearchAction","target":{"@type":"EntryPoint","urlTemplate":"https:\/\/elojocojo.org\/?s={search_term_string}"},"query-input":{"@type":"PropertyValueSpecification","valueRequired":true,"valueName":"search_term_string"}}],"inLanguage":"es"},{"@type":"Organization","@id":"https:\/\/elojocojo.org\/#organization","name":"Meigas da r\u00faa","url":"https:\/\/elojocojo.org\/","logo":{"@type":"ImageObject","inLanguage":"es","@id":"https:\/\/elojocojo.org\/#\/schema\/logo\/image\/","url":"https:\/\/meigasdarua.org\/wp-content\/uploads\/2020\/09\/cropped-logo-meigas-5.png","contentUrl":"https:\/\/meigasdarua.org\/wp-content\/uploads\/2020\/09\/cropped-logo-meigas-5.png","width":109,"height":200,"caption":"Meigas da r\u00faa"},"image":{"@id":"https:\/\/elojocojo.org\/#\/schema\/logo\/image\/"},"sameAs":["https:\/\/www.facebook.com\/elojocojo","https:\/\/x.com\/elojocojo","https:\/\/www.instagram.com\/elojocojo\/?hl=es","https:\/\/www.linkedin.com\/in\/el-ojo-cojo-b52b7769\/","https:\/\/www.pinterest.es\/elojocojo\/_saved\/","https:\/\/www.youtube.com\/channel\/UCkFtFTV0Bms7zH7vq8FZxZg"]},{"@type":"Person","@id":"https:\/\/elojocojo.org\/#\/schema\/person\/0eebd75cb4d855e3f2b18abd9f7b9876","name":"Pastora Laguna","url":"https:\/\/elojocojo.org\/author\/pastora\/"}]}},"_links":{"self":[{"href":"https:\/\/elojocojo.org\/wp-json\/wp\/v2\/posts\/44442","targetHints":{"allow":["GET"]}}],"collection":[{"href":"https:\/\/elojocojo.org\/wp-json\/wp\/v2\/posts"}],"about":[{"href":"https:\/\/elojocojo.org\/wp-json\/wp\/v2\/types\/post"}],"author":[{"embeddable":true,"href":"https:\/\/elojocojo.org\/wp-json\/wp\/v2\/users\/73"}],"replies":[{"embeddable":true,"href":"https:\/\/elojocojo.org\/wp-json\/wp\/v2\/comments?post=44442"}],"version-history":[{"count":4,"href":"https:\/\/elojocojo.org\/wp-json\/wp\/v2\/posts\/44442\/revisions"}],"predecessor-version":[{"id":46077,"href":"https:\/\/elojocojo.org\/wp-json\/wp\/v2\/posts\/44442\/revisions\/46077"}],"wp:featuredmedia":[{"embeddable":true,"href":"https:\/\/elojocojo.org\/wp-json\/wp\/v2\/media\/44444"}],"wp:attachment":[{"href":"https:\/\/elojocojo.org\/wp-json\/wp\/v2\/media?parent=44442"}],"wp:term":[{"taxonomy":"category","embeddable":true,"href":"https:\/\/elojocojo.org\/wp-json\/wp\/v2\/categories?post=44442"},{"taxonomy":"post_tag","embeddable":true,"href":"https:\/\/elojocojo.org\/wp-json\/wp\/v2\/tags?post=44442"}],"curies":[{"name":"wp","href":"https:\/\/api.w.org\/{rel}","templated":true}]}}