{"id":43867,"date":"2022-09-25T15:50:06","date_gmt":"2022-09-25T22:50:06","guid":{"rendered":"https:\/\/meigasdarua.org\/?p=43867"},"modified":"2025-09-17T12:58:57","modified_gmt":"2025-09-17T10:58:57","slug":"que-circo","status":"publish","type":"post","link":"https:\/\/elojocojo.org\/que-circo\/","title":{"rendered":"Qu\u00e9 circo"},"content":{"rendered":"\n<figure class=\"wp-block-embed is-type-video is-provider-vimeo wp-block-embed-vimeo wp-embed-aspect-16-9 wp-has-aspect-ratio\"><div class=\"wp-block-embed__wrapper\">\n<iframe title=\"What A Circus (2020) | BBC New Creatives - Trailer\" src=\"https:\/\/player.vimeo.com\/video\/395747556?h=6d8a89505a&amp;dnt=1&amp;app_id=122963\" width=\"1140\" height=\"641\" frameborder=\"0\" allow=\"autoplay; fullscreen; picture-in-picture\" allowfullscreen><\/iframe>\n<\/div><\/figure>\n\n\n\n<p><strong>T\u00edtulo original:<\/strong> Qu\u00e9 circo<br \/><strong>A\u00f1o: <\/strong>2020<br \/><strong>Director: <\/strong>Anita Pico<br \/><strong>G\u00e9nero:<\/strong> Ficci\u00f3n<br \/><strong>Duraci\u00f3n:<\/strong> 4&#8242;<br \/><strong>Pa\u00eds:<\/strong> Reino Unido<br \/><strong>Formato digital:<\/strong> Digital<br \/><strong>Tipo: <\/strong>Color<br \/><strong>Idioma:<\/strong> Ingl\u00e9s<br \/><strong>Subt\u00edtulos: <\/strong>Castellano<br \/><strong>Int\u00e9rpretes:<\/strong> Alastair G. Cumming, Catherine Maitland, Marcus Forde, David William-Smith, Katie Rogers<br \/><strong>Producci\u00f3n:<\/strong> Kathryn Chorley<br \/><strong>Gui\u00f3n:<\/strong> Anita Pico<br \/><br \/><strong>Sinopsis:<\/strong> <\/p>\n\n\n\n<p>Qu\u00e9 circo, \u00bfEstamos viviendo una mentira moderna? En esta s\u00e1tira extravagante, un misterioso maestro de carnaval nos lleva a trav\u00e9s de los problemas de nuestra sociedad moderna, cuestionando el peligroso futuro que estamos construyendo a nuestro alrededor. <\/p>\n\n\n\n<p><strong>KADIN Y\u00d6NETMENLER FEST\u0130VAL\u0130 2022<\/strong><\/p>\n\n\n\n<p>Izmir, Turkey<br \/>Turkey<br \/>February 27, 2022<br \/>Turkey Premiere<br \/>Award Finalist<\/p>\n\n\n\n<figure class=\"wp-block-image size-large is-resized\"><img decoding=\"async\" src=\"https:\/\/elojocojo.org\/wp-content\/uploads\/2022\/10\/What-a-Circus-DIR-495x360.jpg\" alt=\"\" class=\"wp-image-44408\" width=\"137\" height=\"99\" title=\"Anita Pico\" srcset=\"https:\/\/elojocojo.org\/wp-content\/uploads\/2022\/10\/What-a-Circus-DIR-495x360.jpg 495w, https:\/\/elojocojo.org\/wp-content\/uploads\/2022\/10\/What-a-Circus-DIR-400x291.jpg 400w, https:\/\/elojocojo.org\/wp-content\/uploads\/2022\/10\/What-a-Circus-DIR-300x218.jpg 300w, https:\/\/elojocojo.org\/wp-content\/uploads\/2022\/10\/What-a-Circus-DIR-768x559.jpg 768w, https:\/\/elojocojo.org\/wp-content\/uploads\/2022\/10\/What-a-Circus-DIR-150x109.jpg 150w, https:\/\/elojocojo.org\/wp-content\/uploads\/2022\/10\/What-a-Circus-DIR.jpg 1040w\" sizes=\"(max-width: 137px) 100vw, 137px\" \/><\/figure>\n\n\n\n<p><strong>Biograf\u00eda<\/strong><\/p>\n\n\n\n<p>Anita Pico (25 a\u00f1os de A Coru\u00f1a, Espa\u00f1a) dirigi\u00f3 su primer cortometraje \u00abCamille\u00bb, ganando el Premio del P\u00fablico en el Festival de Cine de Durham. Film\u00f3 \u00abBlacks or Whites\u00bb. Tambi\u00e9n, film\u00f3 \u00abWhat a Circus\u00bb, su \u00faltima pel\u00edcula, que se estrenar\u00e1 en BBC 4 en 2020, se ha proyectado en Espa\u00f1a, Austria, Alemania y UK, India, etc<\/p>\n\n\n\n<p>El filme\u00a0Qu\u00e9 circo\u00a0particip\u00f3 en la edici\u00f3n\u00a0<strong>2022<\/strong>\u00a0del <strong><a href=\"https:\/\/elojocojo.org\/category\/festival-2022\/\">Festival de cine el ojO cojo<\/a><\/strong> en ese sentido nos sentimos honrados de haberla exhibido.<\/p>\n\n\n\n<p class=\"has-text-color\" style=\"color:#420b1c;font-size:1px\">Anita Pico (25 a\u00f1os de A Coru\u00f1a, Espa\u00f1a) dirigi\u00f3 su primer cortometraje \u00abCamille\u00bb, ganando el Premio del P\u00fablico en el Festival de Cine de Durham. Film\u00f3 \u00abBlacks or Whites\u00bb. Tambi\u00e9n, film\u00f3 \u00abWhat a Circus\u00bb, su \u00faltima pel\u00edcula, que se estrenar\u00e1 en BBC 4 en 2020, se ha proyectado en Espa\u00f1a, Austria, Alemania y UK, India, etc<\/p>\n\n\n\n<p class=\"has-text-color\" style=\"color:#420b1c;font-size:1px\"><a href=\"https:\/\/elojocojo.org\">ojo<\/a> <a href=\"https:\/\/vimeo.com\/676618513\">ojo<\/a><\/p>\n","protected":false},"excerpt":{"rendered":"<p>T\u00edtulo original: Qu\u00e9 circoA\u00f1o: 2020Director: Anita PicoG\u00e9nero: Ficci\u00f3nDuraci\u00f3n: 4&#8242;Pa\u00eds: Reino UnidoFormato digital: DigitalTipo: ColorIdioma: Ingl\u00e9sSubt\u00edtulos: CastellanoInt\u00e9rpretes: Alastair G. Cumming, Catherine Maitland, Marcus Forde, David William-Smith, Katie RogersProducci\u00f3n: Kathryn ChorleyGui\u00f3n: Anita Pico Sinopsis: Qu\u00e9 circo, \u00bfEstamos viviendo una mentira moderna? En esta s\u00e1tira extravagante, un misterioso maestro de carnaval nos lleva a trav\u00e9s de los problemas [&hellip;]<\/p>\n","protected":false},"author":73,"featured_media":44132,"comment_status":"closed","ping_status":"closed","sticky":false,"template":"","format":"standard","meta":{"_monsterinsights_skip_tracking":false,"_monsterinsights_sitenote_active":false,"_monsterinsights_sitenote_note":"","_monsterinsights_sitenote_category":0,"footnotes":""},"categories":[1460,2052],"tags":[2002,2051,1468,960,1737,2119,1981,1982,1628,2118,134,1013],"class_list":{"0":"post-43867","1":"post","2":"type-post","3":"status-publish","4":"format-standard","5":"has-post-thumbnail","7":"category-cortometraje","8":"category-festival-2022","9":"tag-2002","10":"tag-2051","11":"tag-cortometraje","12":"tag-creatividad","13":"tag-drama","14":"tag-espanol","15":"tag-festival-de-cine","16":"tag-festival-el-ojo-cojo","17":"tag-ficcion","18":"tag-ingles","19":"tag-reino-unido","20":"tag-vida-cotidiana","21":"czr-hentry"},"yoast_head":"<!-- This site is optimized with the Yoast SEO plugin v27.1.1 - https:\/\/yoast.com\/product\/yoast-seo-wordpress\/ -->\n<title>Qu\u00e9 circo - el ojO cojo<\/title>\n<meta name=\"description\" content=\"Cortometraje Qu\u00e9 circo exhibido en la edici\u00f3n 2022 del Festival el ojO cojo, trata de una s\u00e1tira extravagante. Dirigido por Anita Pico.\" \/>\n<meta name=\"robots\" content=\"index, follow, max-snippet:-1, max-image-preview:large, max-video-preview:-1\" \/>\n<link rel=\"canonical\" href=\"https:\/\/elojocojo.org\/que-circo\/\" \/>\n<meta property=\"og:locale\" content=\"es_ES\" \/>\n<meta property=\"og:type\" content=\"article\" \/>\n<meta property=\"og:title\" content=\"Qu\u00e9 circo - el ojO cojo\" \/>\n<meta property=\"og:description\" content=\"Cortometraje Qu\u00e9 circo exhibido en la edici\u00f3n 2022 del Festival el ojO cojo, trata de una s\u00e1tira extravagante. Dirigido por Anita Pico.\" \/>\n<meta property=\"og:url\" content=\"https:\/\/elojocojo.org\/que-circo\/\" \/>\n<meta property=\"og:site_name\" content=\"el ojO cojo\" \/>\n<meta property=\"article:publisher\" content=\"https:\/\/www.facebook.com\/elojocojo\" \/>\n<meta property=\"article:published_time\" content=\"2022-09-25T22:50:06+00:00\" \/>\n<meta property=\"article:modified_time\" content=\"2025-09-17T10:58:57+00:00\" \/>\n<meta property=\"og:image\" content=\"https:\/\/elojocojo.org\/wp-content\/uploads\/2022\/09\/Que-circo-F2.jpg\" \/>\n\t<meta property=\"og:image:width\" content=\"1920\" \/>\n\t<meta property=\"og:image:height\" content=\"1080\" \/>\n\t<meta property=\"og:image:type\" content=\"image\/jpeg\" \/>\n<meta name=\"author\" content=\"Pastora Laguna\" \/>\n<meta name=\"twitter:card\" content=\"summary_large_image\" \/>\n<meta name=\"twitter:creator\" content=\"@elojocojo\" \/>\n<meta name=\"twitter:site\" content=\"@elojocojo\" \/>\n<meta name=\"twitter:label1\" content=\"Escrito por\" \/>\n\t<meta name=\"twitter:data1\" content=\"Pastora Laguna\" \/>\n\t<meta name=\"twitter:label2\" content=\"Tiempo de lectura\" \/>\n\t<meta name=\"twitter:data2\" content=\"1 minuto\" \/>\n<script type=\"application\/ld+json\" class=\"yoast-schema-graph\">{\"@context\":\"https:\/\/schema.org\",\"@graph\":[{\"@type\":\"Article\",\"@id\":\"https:\/\/elojocojo.org\/que-circo\/#article\",\"isPartOf\":{\"@id\":\"https:\/\/elojocojo.org\/que-circo\/\"},\"author\":{\"name\":\"Pastora Laguna\",\"@id\":\"https:\/\/elojocojo.org\/#\/schema\/person\/0eebd75cb4d855e3f2b18abd9f7b9876\"},\"headline\":\"Qu\u00e9 circo\",\"datePublished\":\"2022-09-25T22:50:06+00:00\",\"dateModified\":\"2025-09-17T10:58:57+00:00\",\"mainEntityOfPage\":{\"@id\":\"https:\/\/elojocojo.org\/que-circo\/\"},\"wordCount\":256,\"publisher\":{\"@id\":\"https:\/\/elojocojo.org\/#organization\"},\"image\":{\"@id\":\"https:\/\/elojocojo.org\/que-circo\/#primaryimage\"},\"thumbnailUrl\":\"https:\/\/elojocojo.org\/wp-content\/uploads\/2022\/09\/Que-circo-F2.jpg\",\"keywords\":[\"2020\",\"2022\",\"cortometraje\",\"creatividad\",\"drama\",\"espa\u00f1ol\",\"festival de cine\",\"Festival el Ojo cojo\",\"ficci\u00f3n\",\"ingl\u00e9s\",\"Reino Unido\",\"vida cotidiana\"],\"articleSection\":[\"Cortometraje\",\"Festival 2022\"],\"inLanguage\":\"es\"},{\"@type\":\"WebPage\",\"@id\":\"https:\/\/elojocojo.org\/que-circo\/\",\"url\":\"https:\/\/elojocojo.org\/que-circo\/\",\"name\":\"Qu\u00e9 circo - el ojO cojo\",\"isPartOf\":{\"@id\":\"https:\/\/elojocojo.org\/#website\"},\"primaryImageOfPage\":{\"@id\":\"https:\/\/elojocojo.org\/que-circo\/#primaryimage\"},\"image\":{\"@id\":\"https:\/\/elojocojo.org\/que-circo\/#primaryimage\"},\"thumbnailUrl\":\"https:\/\/elojocojo.org\/wp-content\/uploads\/2022\/09\/Que-circo-F2.jpg\",\"datePublished\":\"2022-09-25T22:50:06+00:00\",\"dateModified\":\"2025-09-17T10:58:57+00:00\",\"description\":\"Cortometraje Qu\u00e9 circo exhibido en la edici\u00f3n 2022 del Festival el ojO cojo, trata de una s\u00e1tira extravagante. Dirigido por Anita Pico.\",\"breadcrumb\":{\"@id\":\"https:\/\/elojocojo.org\/que-circo\/#breadcrumb\"},\"inLanguage\":\"es\",\"potentialAction\":[{\"@type\":\"ReadAction\",\"target\":[\"https:\/\/elojocojo.org\/que-circo\/\"]}]},{\"@type\":\"ImageObject\",\"inLanguage\":\"es\",\"@id\":\"https:\/\/elojocojo.org\/que-circo\/#primaryimage\",\"url\":\"https:\/\/elojocojo.org\/wp-content\/uploads\/2022\/09\/Que-circo-F2.jpg\",\"contentUrl\":\"https:\/\/elojocojo.org\/wp-content\/uploads\/2022\/09\/Que-circo-F2.jpg\",\"width\":1920,\"height\":1080,\"caption\":\"Cortometraje Qu\u00e9 circo\"},{\"@type\":\"BreadcrumbList\",\"@id\":\"https:\/\/elojocojo.org\/que-circo\/#breadcrumb\",\"itemListElement\":[{\"@type\":\"ListItem\",\"position\":1,\"name\":\"Portada\",\"item\":\"https:\/\/elojocojo.org\/\"},{\"@type\":\"ListItem\",\"position\":2,\"name\":\"2020\",\"item\":\"https:\/\/elojocojo.org\/tag\/2020\/\"},{\"@type\":\"ListItem\",\"position\":3,\"name\":\"Qu\u00e9 circo\"}]},{\"@type\":\"WebSite\",\"@id\":\"https:\/\/elojocojo.org\/#website\",\"url\":\"https:\/\/elojocojo.org\/\",\"name\":\"el ojO cojo\",\"description\":\"Todos estamos hechos de la misma esencia\",\"publisher\":{\"@id\":\"https:\/\/elojocojo.org\/#organization\"},\"potentialAction\":[{\"@type\":\"SearchAction\",\"target\":{\"@type\":\"EntryPoint\",\"urlTemplate\":\"https:\/\/elojocojo.org\/?s={search_term_string}\"},\"query-input\":{\"@type\":\"PropertyValueSpecification\",\"valueRequired\":true,\"valueName\":\"search_term_string\"}}],\"inLanguage\":\"es\"},{\"@type\":\"Organization\",\"@id\":\"https:\/\/elojocojo.org\/#organization\",\"name\":\"Meigas da r\u00faa\",\"url\":\"https:\/\/elojocojo.org\/\",\"logo\":{\"@type\":\"ImageObject\",\"inLanguage\":\"es\",\"@id\":\"https:\/\/elojocojo.org\/#\/schema\/logo\/image\/\",\"url\":\"https:\/\/meigasdarua.org\/wp-content\/uploads\/2020\/09\/cropped-logo-meigas-5.png\",\"contentUrl\":\"https:\/\/meigasdarua.org\/wp-content\/uploads\/2020\/09\/cropped-logo-meigas-5.png\",\"width\":109,\"height\":200,\"caption\":\"Meigas da r\u00faa\"},\"image\":{\"@id\":\"https:\/\/elojocojo.org\/#\/schema\/logo\/image\/\"},\"sameAs\":[\"https:\/\/www.facebook.com\/elojocojo\",\"https:\/\/x.com\/elojocojo\",\"https:\/\/www.instagram.com\/elojocojo\/?hl=es\",\"https:\/\/www.linkedin.com\/in\/el-ojo-cojo-b52b7769\/\",\"https:\/\/www.pinterest.es\/elojocojo\/_saved\/\",\"https:\/\/www.youtube.com\/channel\/UCkFtFTV0Bms7zH7vq8FZxZg\"]},{\"@type\":\"Person\",\"@id\":\"https:\/\/elojocojo.org\/#\/schema\/person\/0eebd75cb4d855e3f2b18abd9f7b9876\",\"name\":\"Pastora Laguna\",\"url\":\"https:\/\/elojocojo.org\/author\/pastora\/\"}]}<\/script>\n<!-- \/ Yoast SEO plugin. -->","yoast_head_json":{"title":"Qu\u00e9 circo - el ojO cojo","description":"Cortometraje Qu\u00e9 circo exhibido en la edici\u00f3n 2022 del Festival el ojO cojo, trata de una s\u00e1tira extravagante. Dirigido por Anita Pico.","robots":{"index":"index","follow":"follow","max-snippet":"max-snippet:-1","max-image-preview":"max-image-preview:large","max-video-preview":"max-video-preview:-1"},"canonical":"https:\/\/elojocojo.org\/que-circo\/","og_locale":"es_ES","og_type":"article","og_title":"Qu\u00e9 circo - el ojO cojo","og_description":"Cortometraje Qu\u00e9 circo exhibido en la edici\u00f3n 2022 del Festival el ojO cojo, trata de una s\u00e1tira extravagante. Dirigido por Anita Pico.","og_url":"https:\/\/elojocojo.org\/que-circo\/","og_site_name":"el ojO cojo","article_publisher":"https:\/\/www.facebook.com\/elojocojo","article_published_time":"2022-09-25T22:50:06+00:00","article_modified_time":"2025-09-17T10:58:57+00:00","og_image":[{"width":1920,"height":1080,"url":"https:\/\/elojocojo.org\/wp-content\/uploads\/2022\/09\/Que-circo-F2.jpg","type":"image\/jpeg"}],"author":"Pastora Laguna","twitter_card":"summary_large_image","twitter_creator":"@elojocojo","twitter_site":"@elojocojo","twitter_misc":{"Escrito por":"Pastora Laguna","Tiempo de lectura":"1 minuto"},"schema":{"@context":"https:\/\/schema.org","@graph":[{"@type":"Article","@id":"https:\/\/elojocojo.org\/que-circo\/#article","isPartOf":{"@id":"https:\/\/elojocojo.org\/que-circo\/"},"author":{"name":"Pastora Laguna","@id":"https:\/\/elojocojo.org\/#\/schema\/person\/0eebd75cb4d855e3f2b18abd9f7b9876"},"headline":"Qu\u00e9 circo","datePublished":"2022-09-25T22:50:06+00:00","dateModified":"2025-09-17T10:58:57+00:00","mainEntityOfPage":{"@id":"https:\/\/elojocojo.org\/que-circo\/"},"wordCount":256,"publisher":{"@id":"https:\/\/elojocojo.org\/#organization"},"image":{"@id":"https:\/\/elojocojo.org\/que-circo\/#primaryimage"},"thumbnailUrl":"https:\/\/elojocojo.org\/wp-content\/uploads\/2022\/09\/Que-circo-F2.jpg","keywords":["2020","2022","cortometraje","creatividad","drama","espa\u00f1ol","festival de cine","Festival el Ojo cojo","ficci\u00f3n","ingl\u00e9s","Reino Unido","vida cotidiana"],"articleSection":["Cortometraje","Festival 2022"],"inLanguage":"es"},{"@type":"WebPage","@id":"https:\/\/elojocojo.org\/que-circo\/","url":"https:\/\/elojocojo.org\/que-circo\/","name":"Qu\u00e9 circo - el ojO cojo","isPartOf":{"@id":"https:\/\/elojocojo.org\/#website"},"primaryImageOfPage":{"@id":"https:\/\/elojocojo.org\/que-circo\/#primaryimage"},"image":{"@id":"https:\/\/elojocojo.org\/que-circo\/#primaryimage"},"thumbnailUrl":"https:\/\/elojocojo.org\/wp-content\/uploads\/2022\/09\/Que-circo-F2.jpg","datePublished":"2022-09-25T22:50:06+00:00","dateModified":"2025-09-17T10:58:57+00:00","description":"Cortometraje Qu\u00e9 circo exhibido en la edici\u00f3n 2022 del Festival el ojO cojo, trata de una s\u00e1tira extravagante. Dirigido por Anita Pico.","breadcrumb":{"@id":"https:\/\/elojocojo.org\/que-circo\/#breadcrumb"},"inLanguage":"es","potentialAction":[{"@type":"ReadAction","target":["https:\/\/elojocojo.org\/que-circo\/"]}]},{"@type":"ImageObject","inLanguage":"es","@id":"https:\/\/elojocojo.org\/que-circo\/#primaryimage","url":"https:\/\/elojocojo.org\/wp-content\/uploads\/2022\/09\/Que-circo-F2.jpg","contentUrl":"https:\/\/elojocojo.org\/wp-content\/uploads\/2022\/09\/Que-circo-F2.jpg","width":1920,"height":1080,"caption":"Cortometraje Qu\u00e9 circo"},{"@type":"BreadcrumbList","@id":"https:\/\/elojocojo.org\/que-circo\/#breadcrumb","itemListElement":[{"@type":"ListItem","position":1,"name":"Portada","item":"https:\/\/elojocojo.org\/"},{"@type":"ListItem","position":2,"name":"2020","item":"https:\/\/elojocojo.org\/tag\/2020\/"},{"@type":"ListItem","position":3,"name":"Qu\u00e9 circo"}]},{"@type":"WebSite","@id":"https:\/\/elojocojo.org\/#website","url":"https:\/\/elojocojo.org\/","name":"el ojO cojo","description":"Todos estamos hechos de la misma esencia","publisher":{"@id":"https:\/\/elojocojo.org\/#organization"},"potentialAction":[{"@type":"SearchAction","target":{"@type":"EntryPoint","urlTemplate":"https:\/\/elojocojo.org\/?s={search_term_string}"},"query-input":{"@type":"PropertyValueSpecification","valueRequired":true,"valueName":"search_term_string"}}],"inLanguage":"es"},{"@type":"Organization","@id":"https:\/\/elojocojo.org\/#organization","name":"Meigas da r\u00faa","url":"https:\/\/elojocojo.org\/","logo":{"@type":"ImageObject","inLanguage":"es","@id":"https:\/\/elojocojo.org\/#\/schema\/logo\/image\/","url":"https:\/\/meigasdarua.org\/wp-content\/uploads\/2020\/09\/cropped-logo-meigas-5.png","contentUrl":"https:\/\/meigasdarua.org\/wp-content\/uploads\/2020\/09\/cropped-logo-meigas-5.png","width":109,"height":200,"caption":"Meigas da r\u00faa"},"image":{"@id":"https:\/\/elojocojo.org\/#\/schema\/logo\/image\/"},"sameAs":["https:\/\/www.facebook.com\/elojocojo","https:\/\/x.com\/elojocojo","https:\/\/www.instagram.com\/elojocojo\/?hl=es","https:\/\/www.linkedin.com\/in\/el-ojo-cojo-b52b7769\/","https:\/\/www.pinterest.es\/elojocojo\/_saved\/","https:\/\/www.youtube.com\/channel\/UCkFtFTV0Bms7zH7vq8FZxZg"]},{"@type":"Person","@id":"https:\/\/elojocojo.org\/#\/schema\/person\/0eebd75cb4d855e3f2b18abd9f7b9876","name":"Pastora Laguna","url":"https:\/\/elojocojo.org\/author\/pastora\/"}]}},"_links":{"self":[{"href":"https:\/\/elojocojo.org\/wp-json\/wp\/v2\/posts\/43867","targetHints":{"allow":["GET"]}}],"collection":[{"href":"https:\/\/elojocojo.org\/wp-json\/wp\/v2\/posts"}],"about":[{"href":"https:\/\/elojocojo.org\/wp-json\/wp\/v2\/types\/post"}],"author":[{"embeddable":true,"href":"https:\/\/elojocojo.org\/wp-json\/wp\/v2\/users\/73"}],"replies":[{"embeddable":true,"href":"https:\/\/elojocojo.org\/wp-json\/wp\/v2\/comments?post=43867"}],"version-history":[{"count":2,"href":"https:\/\/elojocojo.org\/wp-json\/wp\/v2\/posts\/43867\/revisions"}],"predecessor-version":[{"id":46093,"href":"https:\/\/elojocojo.org\/wp-json\/wp\/v2\/posts\/43867\/revisions\/46093"}],"wp:featuredmedia":[{"embeddable":true,"href":"https:\/\/elojocojo.org\/wp-json\/wp\/v2\/media\/44132"}],"wp:attachment":[{"href":"https:\/\/elojocojo.org\/wp-json\/wp\/v2\/media?parent=43867"}],"wp:term":[{"taxonomy":"category","embeddable":true,"href":"https:\/\/elojocojo.org\/wp-json\/wp\/v2\/categories?post=43867"},{"taxonomy":"post_tag","embeddable":true,"href":"https:\/\/elojocojo.org\/wp-json\/wp\/v2\/tags?post=43867"}],"curies":[{"name":"wp","href":"https:\/\/api.w.org\/{rel}","templated":true}]}}