{"id":43851,"date":"2022-09-25T14:39:13","date_gmt":"2022-09-25T12:39:13","guid":{"rendered":"https:\/\/meigasdarua.org\/?p=43851"},"modified":"2026-02-22T21:04:57","modified_gmt":"2026-02-22T20:04:57","slug":"estancado","status":"publish","type":"post","link":"https:\/\/elojocojo.org\/estancado\/","title":{"rendered":"Estancado"},"content":{"rendered":"\n<figure class=\"wp-block-embed is-type-video is-provider-youtube wp-block-embed-youtube wp-embed-aspect-16-9 wp-has-aspect-ratio\"><div class=\"wp-block-embed__wrapper\">\n<iframe title=\"STAGNANT short skinhead fiction movie \/ trailer I\" width=\"1140\" height=\"641\" src=\"https:\/\/www.youtube.com\/embed\/dtMxjPc5UlQ?feature=oembed\" frameborder=\"0\" allow=\"accelerometer; autoplay; clipboard-write; encrypted-media; gyroscope; picture-in-picture; web-share\" referrerpolicy=\"strict-origin-when-cross-origin\" allowfullscreen><\/iframe>\n<\/div><\/figure>\n\n\n\n<p>T\u00edtulo: Stagnant<\/p>\n\n\n\n<p>T\u00edtulo en espa\u00f1ol: Estancado<\/p>\n\n\n\n<p>A\u00f1o: 2021<\/p>\n\n\n\n<p>Director: Konrad Kultys<\/p>\n\n\n\n<p>G\u00e9nero: Documental<\/p>\n\n\n\n<p>Pa\u00eds: Polonia<\/p>\n\n\n\n<p>Duraci\u00f3n: 18&#8242;<\/p>\n\n\n\n<p>Tipo: Color<\/p>\n\n\n\n<p>Idioma: Polaco<\/p>\n\n\n\n<h3 class=\"wp-block-heading\">Sinopsis<\/h3>\n\n\n\n<h2 class=\"wp-block-heading\">Un retrato \u00edntimo del estancamiento personal<\/h2>\n\n\n\n<p>El documental <em>Estancado<\/em>, dirigido por Konrad Kultys, nos presenta a Adam, un hombre fuerte y de car\u00e1cter dominante que intenta ignorar su discapacidad. Vive atrapado en la frustraci\u00f3n y, adem\u00e1s, descarga su tensi\u00f3n sobre quienes lo rodean. As\u00ed, su d\u00eda a d\u00eda se convierte en una lucha constante contra s\u00ed mismo.<\/p>\n\n\n\n<h2 class=\"wp-block-heading\">Conflictos familiares y tensiones cotidianas<\/h2>\n\n\n\n<p>Por un lado, Adam intenta mantener el control de su entorno. Sin embargo, sus relaciones se deterioran poco a poco. La convivencia con sus seres queridos se vuelve dif\u00edcil y dolorosa. Como resultado, el aislamiento emocional empieza a marcar cada gesto y cada decisi\u00f3n.<\/p>\n\n\n\n<h2 class=\"wp-block-heading\">Un cambio que lo transforma todo<\/h2>\n\n\n\n<p>No obstante, la decisi\u00f3n de su hermano de cambiar de trabajo altera el equilibrio familiar. Este hecho, aparentemente simple, act\u00faa como detonante. Entonces, Adam se ve obligado a detenerse y reflexionar. Por primera vez, cuestiona su actitud y reconoce sus l\u00edmites.<\/p>\n\n\n\n<h2 class=\"wp-block-heading\">Mirada social y humana<\/h2>\n\n\n\n<p>Adem\u00e1s, el documental<em> Estancado<\/em> no solo retrata una historia individual. Tambi\u00e9n propone una reflexi\u00f3n sobre la discapacidad, la masculinidad y la vulnerabilidad. De este modo, la c\u00e1mara observa sin juzgar y construye un relato honesto. Cada escena apuesta por la cercan\u00eda y la emp\u00e1tica humanidad.<\/p>\n\n\n\n<h2 class=\"wp-block-heading\">Superar el bloqueo<\/h2>\n\n\n\n<p>Finalmente, <em>Estancado<\/em> plantea la posibilidad del cambio. Aunque el proceso es lento, Adam comienza a enfrentarse a su pasado. As\u00ed, el estancamiento deja paso a la transformaci\u00f3n personal. El documental invita al espectador a pensar en c\u00f3mo aceptar las propias limitaciones puede ser el primer paso hacia la libertad.<\/p>\n\n\n\n<h3 class=\"wp-block-heading\">Palmar\u00e9s<\/h3>\n\n\n\n<p><strong>2022<\/strong><\/p>\n\n\n\n<ul class=\"wp-block-list\">\n<li>Lower Silesian Film Festival &#8211; Premio del jurado Best Live Action Short<\/li>\n\n\n\n<li>Festival del Cortometraje Nacional e Internacional Manuel Trujillo Dur\u00e1n\n<ul class=\"wp-block-list\">\n<li>Ganador Best Actor<\/li>\n\n\n\n<li>Ganador Best International Film<\/li>\n<\/ul>\n<\/li>\n\n\n\n<li>Pi\u00e9lagos en Corto, Festival Internacional de Cortometrajes de Ficci\u00f3n &#8211; Ganador Best International Screenplay<\/li>\n\n\n\n<li>ECU European Independent Film festival &#8211; Ganador Best Student Film<\/li>\n<\/ul>\n\n\n\n<p><strong>2023<\/strong><\/p>\n\n\n\n<ul class=\"wp-block-list\">\n<li>Polish Film Festival in Los Angeles &#8211; Ganador Best Short Film<\/li>\n\n\n\n<li>CinEuphoria Awards\n<ul class=\"wp-block-list\">\n<li>Ganador Director in a Short Film<\/li>\n\n\n\n<li>Ganador Top Short Films of the Year<\/li>\n<\/ul>\n<\/li>\n<\/ul>\n\n\n<div class=\"wp-block-image\">\n<figure class=\"aligncenter size-large is-resized\"><img decoding=\"async\" width=\"252\" height=\"360\" src=\"https:\/\/elojocojo.org\/wp-content\/uploads\/2022\/09\/Estancado-CART-252x360.jpg\" alt=\"Cartel de Estancado. Imagen en blanco y negro del rostro del perfil de la cara del protagonista, que est\u00e1 mirando algo fijamente\" class=\"wp-image-43857\" style=\"object-fit:cover;width:243px;height:360px\" srcset=\"https:\/\/elojocojo.org\/wp-content\/uploads\/2022\/09\/Estancado-CART-252x360.jpg 252w, https:\/\/elojocojo.org\/wp-content\/uploads\/2022\/09\/Estancado-CART-350x500.jpg 350w, https:\/\/elojocojo.org\/wp-content\/uploads\/2022\/09\/Estancado-CART-280x400.jpg 280w, https:\/\/elojocojo.org\/wp-content\/uploads\/2022\/09\/Estancado-CART-768x1097.jpg 768w, https:\/\/elojocojo.org\/wp-content\/uploads\/2022\/09\/Estancado-CART-1075x1536.jpg 1075w, https:\/\/elojocojo.org\/wp-content\/uploads\/2022\/09\/Estancado-CART-1433x2048.jpg 1433w, https:\/\/elojocojo.org\/wp-content\/uploads\/2022\/09\/Estancado-CART-150x214.jpg 150w, https:\/\/elojocojo.org\/wp-content\/uploads\/2022\/09\/Estancado-CART-scaled.jpg 1792w\" sizes=\"(max-width: 252px) 100vw, 252px\" \/><\/figure>\n<\/div>\n\n\n<p><a href=\"https:\/\/www.imdb.com\/es-es\/title\/tt18310978\/?ref_=fn_rvi_i_15\">IMDb<\/a> 7\/10<\/p>\n\n\n\n<p>El filme \u00ab<em>Estancado<\/em>\u00bb particip\u00f3 en la edici\u00f3n <span class=\"s1\"><b><a href=\"https:\/\/elojocojo.org\/category\/festival-2022\/\">2022<\/a><\/b><\/span> del <a href=\"https:\/\/elojocojo.org\/bienvenida\/festivalelojocojo\/\"><span class=\"s1\"><b>Festival de cine el ojO cojo<\/b> <\/span><\/a>en ese sentido nos sentimos honrados de haberla exhibido.<\/p>\n\n\n\n<p class=\"p1\">Visita nuestro <a href=\"https:\/\/el-ojocojo.blogspot.com\/\">blog<\/a>.<\/p>\n","protected":false},"excerpt":{"rendered":"<p>Estancado, dirigido por Konrad Kultys, sigue a Adam enfrentando su discapacidad y sus relaciones familiares en un cortometraje de 18 minutos.<\/p>\n","protected":false},"author":73,"featured_media":74156,"comment_status":"closed","ping_status":"closed","sticky":false,"template":"","format":"standard","meta":{"_monsterinsights_skip_tracking":false,"_monsterinsights_sitenote_active":false,"_monsterinsights_sitenote_note":"","_monsterinsights_sitenote_category":0,"footnotes":""},"categories":[1460,2052],"tags":[2021,1468,1811,997,15,1981,1982,2369,1484],"class_list":{"0":"post-43851","1":"post","2":"type-post","3":"status-publish","4":"format-standard","5":"has-post-thumbnail","7":"category-cortometraje","8":"category-festival-2022","9":"tag-2021","10":"tag-cortometraje","11":"tag-discapacidad","12":"tag-diversidad","13":"tag-familia","14":"tag-festival-de-cine","15":"tag-festival-el-ojo-cojo","16":"tag-polonia","17":"tag-salud-mental","18":"czr-hentry"},"yoast_head":"<!-- This site is optimized with the Yoast SEO plugin v27.1.1 - https:\/\/yoast.com\/product\/yoast-seo-wordpress\/ -->\n<title>Estancado - el ojO cojo<\/title>\n<meta name=\"description\" content=\"Estancado, dirigido por Konrad Kultys, sigue a Adam enfrentando su discapacidad y sus relaciones familiares en un cortometraje de 18 minutos.\" \/>\n<meta name=\"robots\" content=\"index, follow, max-snippet:-1, max-image-preview:large, max-video-preview:-1\" \/>\n<link rel=\"canonical\" href=\"https:\/\/elojocojo.org\/estancado\/\" \/>\n<meta property=\"og:locale\" content=\"es_ES\" \/>\n<meta property=\"og:type\" content=\"article\" \/>\n<meta property=\"og:title\" content=\"Estancado - el ojO cojo\" \/>\n<meta property=\"og:description\" content=\"Estancado, dirigido por Konrad Kultys, sigue a Adam enfrentando su discapacidad y sus relaciones familiares en un cortometraje de 18 minutos.\" \/>\n<meta property=\"og:url\" content=\"https:\/\/elojocojo.org\/estancado\/\" \/>\n<meta property=\"og:site_name\" content=\"el ojO cojo\" \/>\n<meta property=\"article:publisher\" content=\"https:\/\/www.facebook.com\/elojocojo\" \/>\n<meta property=\"article:published_time\" content=\"2022-09-25T12:39:13+00:00\" \/>\n<meta property=\"article:modified_time\" content=\"2026-02-22T20:04:57+00:00\" \/>\n<meta property=\"og:image\" content=\"https:\/\/elojocojo.org\/wp-content\/uploads\/2022\/09\/ESTANCADO.png\" \/>\n\t<meta property=\"og:image:width\" content=\"1024\" \/>\n\t<meta property=\"og:image:height\" content=\"553\" \/>\n\t<meta property=\"og:image:type\" content=\"image\/png\" \/>\n<meta name=\"author\" content=\"Pastora Laguna\" \/>\n<meta name=\"twitter:card\" content=\"summary_large_image\" \/>\n<meta name=\"twitter:creator\" content=\"@elojocojo\" \/>\n<meta name=\"twitter:site\" content=\"@elojocojo\" \/>\n<meta name=\"twitter:label1\" content=\"Escrito por\" \/>\n\t<meta name=\"twitter:data1\" content=\"Pastora Laguna\" \/>\n\t<meta name=\"twitter:label2\" content=\"Tiempo de lectura\" \/>\n\t<meta name=\"twitter:data2\" content=\"2 minutos\" \/>\n<script type=\"application\/ld+json\" class=\"yoast-schema-graph\">{\"@context\":\"https:\/\/schema.org\",\"@graph\":[{\"@type\":\"Article\",\"@id\":\"https:\/\/elojocojo.org\/estancado\/#article\",\"isPartOf\":{\"@id\":\"https:\/\/elojocojo.org\/estancado\/\"},\"author\":{\"name\":\"Pastora Laguna\",\"@id\":\"https:\/\/elojocojo.org\/#\/schema\/person\/0eebd75cb4d855e3f2b18abd9f7b9876\"},\"headline\":\"Estancado\",\"datePublished\":\"2022-09-25T12:39:13+00:00\",\"dateModified\":\"2026-02-22T20:04:57+00:00\",\"mainEntityOfPage\":{\"@id\":\"https:\/\/elojocojo.org\/estancado\/\"},\"wordCount\":420,\"publisher\":{\"@id\":\"https:\/\/elojocojo.org\/#organization\"},\"image\":{\"@id\":\"https:\/\/elojocojo.org\/estancado\/#primaryimage\"},\"thumbnailUrl\":\"https:\/\/elojocojo.org\/wp-content\/uploads\/2022\/09\/ESTANCADO.png\",\"keywords\":[\"2021\",\"cortometraje\",\"discapacidad\",\"diversidad\",\"familia\",\"festival de cine\",\"Festival el Ojo cojo\",\"Polonia\",\"salud mental\"],\"articleSection\":[\"Cortometraje\",\"Festival 2022\"],\"inLanguage\":\"es\"},{\"@type\":\"WebPage\",\"@id\":\"https:\/\/elojocojo.org\/estancado\/\",\"url\":\"https:\/\/elojocojo.org\/estancado\/\",\"name\":\"Estancado - el ojO cojo\",\"isPartOf\":{\"@id\":\"https:\/\/elojocojo.org\/#website\"},\"primaryImageOfPage\":{\"@id\":\"https:\/\/elojocojo.org\/estancado\/#primaryimage\"},\"image\":{\"@id\":\"https:\/\/elojocojo.org\/estancado\/#primaryimage\"},\"thumbnailUrl\":\"https:\/\/elojocojo.org\/wp-content\/uploads\/2022\/09\/ESTANCADO.png\",\"datePublished\":\"2022-09-25T12:39:13+00:00\",\"dateModified\":\"2026-02-22T20:04:57+00:00\",\"description\":\"Estancado, dirigido por Konrad Kultys, sigue a Adam enfrentando su discapacidad y sus relaciones familiares en un cortometraje de 18 minutos.\",\"breadcrumb\":{\"@id\":\"https:\/\/elojocojo.org\/estancado\/#breadcrumb\"},\"inLanguage\":\"es\",\"potentialAction\":[{\"@type\":\"ReadAction\",\"target\":[\"https:\/\/elojocojo.org\/estancado\/\"]}]},{\"@type\":\"ImageObject\",\"inLanguage\":\"es\",\"@id\":\"https:\/\/elojocojo.org\/estancado\/#primaryimage\",\"url\":\"https:\/\/elojocojo.org\/wp-content\/uploads\/2022\/09\/ESTANCADO.png\",\"contentUrl\":\"https:\/\/elojocojo.org\/wp-content\/uploads\/2022\/09\/ESTANCADO.png\",\"width\":1024,\"height\":553,\"caption\":\"Primer plano del protagonista, esta sin camiseta y se pueden ver sus tatuajes. Est\u00e1 sujetando un mechero que mira fijamente. El fondo desenfocado parece una cortina color naranja dentro de una habitaci\u00f3n.\"},{\"@type\":\"BreadcrumbList\",\"@id\":\"https:\/\/elojocojo.org\/estancado\/#breadcrumb\",\"itemListElement\":[{\"@type\":\"ListItem\",\"position\":1,\"name\":\"Portada\",\"item\":\"https:\/\/elojocojo.org\/\"},{\"@type\":\"ListItem\",\"position\":2,\"name\":\"2021\",\"item\":\"https:\/\/elojocojo.org\/tag\/2021\/\"},{\"@type\":\"ListItem\",\"position\":3,\"name\":\"Estancado\"}]},{\"@type\":\"WebSite\",\"@id\":\"https:\/\/elojocojo.org\/#website\",\"url\":\"https:\/\/elojocojo.org\/\",\"name\":\"el ojO cojo\",\"description\":\"Todos estamos hechos de la misma esencia\",\"publisher\":{\"@id\":\"https:\/\/elojocojo.org\/#organization\"},\"potentialAction\":[{\"@type\":\"SearchAction\",\"target\":{\"@type\":\"EntryPoint\",\"urlTemplate\":\"https:\/\/elojocojo.org\/?s={search_term_string}\"},\"query-input\":{\"@type\":\"PropertyValueSpecification\",\"valueRequired\":true,\"valueName\":\"search_term_string\"}}],\"inLanguage\":\"es\"},{\"@type\":\"Organization\",\"@id\":\"https:\/\/elojocojo.org\/#organization\",\"name\":\"Meigas da r\u00faa\",\"url\":\"https:\/\/elojocojo.org\/\",\"logo\":{\"@type\":\"ImageObject\",\"inLanguage\":\"es\",\"@id\":\"https:\/\/elojocojo.org\/#\/schema\/logo\/image\/\",\"url\":\"https:\/\/meigasdarua.org\/wp-content\/uploads\/2020\/09\/cropped-logo-meigas-5.png\",\"contentUrl\":\"https:\/\/meigasdarua.org\/wp-content\/uploads\/2020\/09\/cropped-logo-meigas-5.png\",\"width\":109,\"height\":200,\"caption\":\"Meigas da r\u00faa\"},\"image\":{\"@id\":\"https:\/\/elojocojo.org\/#\/schema\/logo\/image\/\"},\"sameAs\":[\"https:\/\/www.facebook.com\/elojocojo\",\"https:\/\/x.com\/elojocojo\",\"https:\/\/www.instagram.com\/elojocojo\/?hl=es\",\"https:\/\/www.linkedin.com\/in\/el-ojo-cojo-b52b7769\/\",\"https:\/\/www.pinterest.es\/elojocojo\/_saved\/\",\"https:\/\/www.youtube.com\/channel\/UCkFtFTV0Bms7zH7vq8FZxZg\"]},{\"@type\":\"Person\",\"@id\":\"https:\/\/elojocojo.org\/#\/schema\/person\/0eebd75cb4d855e3f2b18abd9f7b9876\",\"name\":\"Pastora Laguna\",\"url\":\"https:\/\/elojocojo.org\/author\/pastora\/\"}]}<\/script>\n<!-- \/ Yoast SEO plugin. -->","yoast_head_json":{"title":"Estancado - el ojO cojo","description":"Estancado, dirigido por Konrad Kultys, sigue a Adam enfrentando su discapacidad y sus relaciones familiares en un cortometraje de 18 minutos.","robots":{"index":"index","follow":"follow","max-snippet":"max-snippet:-1","max-image-preview":"max-image-preview:large","max-video-preview":"max-video-preview:-1"},"canonical":"https:\/\/elojocojo.org\/estancado\/","og_locale":"es_ES","og_type":"article","og_title":"Estancado - el ojO cojo","og_description":"Estancado, dirigido por Konrad Kultys, sigue a Adam enfrentando su discapacidad y sus relaciones familiares en un cortometraje de 18 minutos.","og_url":"https:\/\/elojocojo.org\/estancado\/","og_site_name":"el ojO cojo","article_publisher":"https:\/\/www.facebook.com\/elojocojo","article_published_time":"2022-09-25T12:39:13+00:00","article_modified_time":"2026-02-22T20:04:57+00:00","og_image":[{"width":1024,"height":553,"url":"https:\/\/elojocojo.org\/wp-content\/uploads\/2022\/09\/ESTANCADO.png","type":"image\/png"}],"author":"Pastora Laguna","twitter_card":"summary_large_image","twitter_creator":"@elojocojo","twitter_site":"@elojocojo","twitter_misc":{"Escrito por":"Pastora Laguna","Tiempo de lectura":"2 minutos"},"schema":{"@context":"https:\/\/schema.org","@graph":[{"@type":"Article","@id":"https:\/\/elojocojo.org\/estancado\/#article","isPartOf":{"@id":"https:\/\/elojocojo.org\/estancado\/"},"author":{"name":"Pastora Laguna","@id":"https:\/\/elojocojo.org\/#\/schema\/person\/0eebd75cb4d855e3f2b18abd9f7b9876"},"headline":"Estancado","datePublished":"2022-09-25T12:39:13+00:00","dateModified":"2026-02-22T20:04:57+00:00","mainEntityOfPage":{"@id":"https:\/\/elojocojo.org\/estancado\/"},"wordCount":420,"publisher":{"@id":"https:\/\/elojocojo.org\/#organization"},"image":{"@id":"https:\/\/elojocojo.org\/estancado\/#primaryimage"},"thumbnailUrl":"https:\/\/elojocojo.org\/wp-content\/uploads\/2022\/09\/ESTANCADO.png","keywords":["2021","cortometraje","discapacidad","diversidad","familia","festival de cine","Festival el Ojo cojo","Polonia","salud mental"],"articleSection":["Cortometraje","Festival 2022"],"inLanguage":"es"},{"@type":"WebPage","@id":"https:\/\/elojocojo.org\/estancado\/","url":"https:\/\/elojocojo.org\/estancado\/","name":"Estancado - el ojO cojo","isPartOf":{"@id":"https:\/\/elojocojo.org\/#website"},"primaryImageOfPage":{"@id":"https:\/\/elojocojo.org\/estancado\/#primaryimage"},"image":{"@id":"https:\/\/elojocojo.org\/estancado\/#primaryimage"},"thumbnailUrl":"https:\/\/elojocojo.org\/wp-content\/uploads\/2022\/09\/ESTANCADO.png","datePublished":"2022-09-25T12:39:13+00:00","dateModified":"2026-02-22T20:04:57+00:00","description":"Estancado, dirigido por Konrad Kultys, sigue a Adam enfrentando su discapacidad y sus relaciones familiares en un cortometraje de 18 minutos.","breadcrumb":{"@id":"https:\/\/elojocojo.org\/estancado\/#breadcrumb"},"inLanguage":"es","potentialAction":[{"@type":"ReadAction","target":["https:\/\/elojocojo.org\/estancado\/"]}]},{"@type":"ImageObject","inLanguage":"es","@id":"https:\/\/elojocojo.org\/estancado\/#primaryimage","url":"https:\/\/elojocojo.org\/wp-content\/uploads\/2022\/09\/ESTANCADO.png","contentUrl":"https:\/\/elojocojo.org\/wp-content\/uploads\/2022\/09\/ESTANCADO.png","width":1024,"height":553,"caption":"Primer plano del protagonista, esta sin camiseta y se pueden ver sus tatuajes. Est\u00e1 sujetando un mechero que mira fijamente. El fondo desenfocado parece una cortina color naranja dentro de una habitaci\u00f3n."},{"@type":"BreadcrumbList","@id":"https:\/\/elojocojo.org\/estancado\/#breadcrumb","itemListElement":[{"@type":"ListItem","position":1,"name":"Portada","item":"https:\/\/elojocojo.org\/"},{"@type":"ListItem","position":2,"name":"2021","item":"https:\/\/elojocojo.org\/tag\/2021\/"},{"@type":"ListItem","position":3,"name":"Estancado"}]},{"@type":"WebSite","@id":"https:\/\/elojocojo.org\/#website","url":"https:\/\/elojocojo.org\/","name":"el ojO cojo","description":"Todos estamos hechos de la misma esencia","publisher":{"@id":"https:\/\/elojocojo.org\/#organization"},"potentialAction":[{"@type":"SearchAction","target":{"@type":"EntryPoint","urlTemplate":"https:\/\/elojocojo.org\/?s={search_term_string}"},"query-input":{"@type":"PropertyValueSpecification","valueRequired":true,"valueName":"search_term_string"}}],"inLanguage":"es"},{"@type":"Organization","@id":"https:\/\/elojocojo.org\/#organization","name":"Meigas da r\u00faa","url":"https:\/\/elojocojo.org\/","logo":{"@type":"ImageObject","inLanguage":"es","@id":"https:\/\/elojocojo.org\/#\/schema\/logo\/image\/","url":"https:\/\/meigasdarua.org\/wp-content\/uploads\/2020\/09\/cropped-logo-meigas-5.png","contentUrl":"https:\/\/meigasdarua.org\/wp-content\/uploads\/2020\/09\/cropped-logo-meigas-5.png","width":109,"height":200,"caption":"Meigas da r\u00faa"},"image":{"@id":"https:\/\/elojocojo.org\/#\/schema\/logo\/image\/"},"sameAs":["https:\/\/www.facebook.com\/elojocojo","https:\/\/x.com\/elojocojo","https:\/\/www.instagram.com\/elojocojo\/?hl=es","https:\/\/www.linkedin.com\/in\/el-ojo-cojo-b52b7769\/","https:\/\/www.pinterest.es\/elojocojo\/_saved\/","https:\/\/www.youtube.com\/channel\/UCkFtFTV0Bms7zH7vq8FZxZg"]},{"@type":"Person","@id":"https:\/\/elojocojo.org\/#\/schema\/person\/0eebd75cb4d855e3f2b18abd9f7b9876","name":"Pastora Laguna","url":"https:\/\/elojocojo.org\/author\/pastora\/"}]}},"_links":{"self":[{"href":"https:\/\/elojocojo.org\/wp-json\/wp\/v2\/posts\/43851","targetHints":{"allow":["GET"]}}],"collection":[{"href":"https:\/\/elojocojo.org\/wp-json\/wp\/v2\/posts"}],"about":[{"href":"https:\/\/elojocojo.org\/wp-json\/wp\/v2\/types\/post"}],"author":[{"embeddable":true,"href":"https:\/\/elojocojo.org\/wp-json\/wp\/v2\/users\/73"}],"replies":[{"embeddable":true,"href":"https:\/\/elojocojo.org\/wp-json\/wp\/v2\/comments?post=43851"}],"version-history":[{"count":18,"href":"https:\/\/elojocojo.org\/wp-json\/wp\/v2\/posts\/43851\/revisions"}],"predecessor-version":[{"id":75638,"href":"https:\/\/elojocojo.org\/wp-json\/wp\/v2\/posts\/43851\/revisions\/75638"}],"wp:featuredmedia":[{"embeddable":true,"href":"https:\/\/elojocojo.org\/wp-json\/wp\/v2\/media\/74156"}],"wp:attachment":[{"href":"https:\/\/elojocojo.org\/wp-json\/wp\/v2\/media?parent=43851"}],"wp:term":[{"taxonomy":"category","embeddable":true,"href":"https:\/\/elojocojo.org\/wp-json\/wp\/v2\/categories?post=43851"},{"taxonomy":"post_tag","embeddable":true,"href":"https:\/\/elojocojo.org\/wp-json\/wp\/v2\/tags?post=43851"}],"curies":[{"name":"wp","href":"https:\/\/api.w.org\/{rel}","templated":true}]}}