{"id":43799,"date":"2022-09-23T09:45:00","date_gmt":"2022-09-23T16:45:00","guid":{"rendered":"https:\/\/meigasdarua.org\/?p=43799"},"modified":"2025-09-17T13:03:25","modified_gmt":"2025-09-17T11:03:25","slug":"acto-de-dolor","status":"publish","type":"post","link":"https:\/\/elojocojo.org\/acto-de-dolor\/","title":{"rendered":"Acto de Dolor"},"content":{"rendered":"\n<figure class=\"wp-block-embed is-type-video is-provider-vimeo wp-block-embed-vimeo\"><div class=\"wp-block-embed__wrapper\">\n<iframe title=\"Atto di Dolore - Trailer\" src=\"https:\/\/player.vimeo.com\/video\/486890086?dnt=1&amp;app_id=122963\" width=\"1140\" height=\"601\" frameborder=\"0\" allow=\"autoplay; fullscreen; picture-in-picture; clipboard-write; encrypted-media\"><\/iframe>\n<\/div><\/figure>\n\n\n\n<p><strong>T\u00edtulo original:<\/strong> Acto de Dolor<br \/><strong>A\u00f1o: <\/strong>2021<br \/><strong>Director: <\/strong>Ilaria Pascazio<br \/><strong>G\u00e9nero: <\/strong>Ficci\u00f3n<br \/><strong>Duraci\u00f3n: <\/strong>14&#8242;<br \/><strong>Pa\u00eds: <\/strong>Italia<br \/><strong>Formato digital:<\/strong> Digital<br \/><strong>Tipo: <\/strong>Color<br \/><strong>Idioma: <\/strong>Italiano<br \/><strong>Subt\u00edtulos: <\/strong>Castellano<br \/><strong>Int\u00e9rpretes:<\/strong> Giada Di Palma, Emiliano Campagnola, Alessandro Pacioni<br \/><strong>Producci\u00f3n:<\/strong> Ilaria Pascazio<br \/><strong>Gui\u00f3n:<\/strong> Ilaria Pascazio, Edoardo Paoli<br \/><br \/><strong><sub>Sinopsis<\/sub><\/strong><\/p>\n\n\n\n<p>\u00abActo de Dolor\u00bb sumerge a los espectadores en la compleja relaci\u00f3n entre un padre y su hija, explorando un tejido emocional marcado por la religi\u00f3n, las mentiras y las verdades. Como consecuencia, desde el inicio, se palpa una tensi\u00f3n evidente que crea un fondo de conflictos no resueltos. As\u00ed, la narrativa avanza desvelando capas m\u00e1s profundas de esta conexi\u00f3n fracturada, donde lo religioso a\u00f1ade una dimensi\u00f3n espiritual a cada interacci\u00f3n. Por ello, la trama se desarrolla en un momento crucial, evidenciando la ruptura y llevando a la hija a una b\u00fasqueda desesperada por recuperar el amor paterno.<\/p>\n\n\n\n<p>En esta encrucijada emocional, la determinaci\u00f3n de la hija emerge como motor de la historia, mostrando su disposici\u00f3n a enfrentar barreras y superar obst\u00e1culos. De hecho, con cada paso, la trama profundiza en la complejidad de los sentimientos, explorando las capas emocionales de la protagonista. Por ello, surgen momentos reveladores donde mentiras y verdades se entrelazan de manera intrincada. As\u00ed, la verdad se convierte en una herramienta clave para sanar heridas y restaurar la confianza, actuando como moneda de cambio necesaria.<\/p>\n\n\n\n<p>La historia avanza con giros inesperados, desentra\u00f1ando la fragilidad de las relaciones familiares y la lucha constante por la comprensi\u00f3n mutua. En este contexto, la fe y la redenci\u00f3n adquieren protagonismo, a\u00f1adiendo profundidad a la narrativa. Finalmente, \u00abActo de Dolor\u00bb se revela como una exploraci\u00f3n reflexiva sobre el dolor, la p\u00e9rdida y la posibilidad de reconstruir lo desmoronado. Con todo, la trama invita a meditar sobre la complejidad de los v\u00ednculos familiares y la capacidad humana de hallar redenci\u00f3n en medio del sufrimiento.<\/p>\n\n\n\n<p><\/p>\n\n\n\n<p>El filme&nbsp;Acto de Dolor&nbsp;particip\u00f3 en la edici\u00f3n&nbsp;<strong><a href=\"https:\/\/elojocojo.org\/category\/festival-2022\/\">2022<\/a><\/strong>&nbsp;del <strong><a href=\"https:\/\/elojocojo.org\/bienvenida\/festivalelojocojo\/\">Festival de cine el ojO cojo<\/a><\/strong> en ese sentido nos sentimos honrados de haberla exhibido. <\/p>\n\n\n\n<p>Visita nuestro <a href=\"https:\/\/el-ojocojo.blogspot.com\/\">blog<\/a><\/p>\n\n\n\n<p><\/p>\n","protected":false},"excerpt":{"rendered":"<p>T\u00edtulo original: Acto de DolorA\u00f1o: 2021Director: Ilaria PascazioG\u00e9nero: Ficci\u00f3nDuraci\u00f3n: 14&#8242;Pa\u00eds: ItaliaFormato digital: DigitalTipo: ColorIdioma: ItalianoSubt\u00edtulos: CastellanoInt\u00e9rpretes: Giada Di Palma, Emiliano Campagnola, Alessandro PacioniProducci\u00f3n: Ilaria PascazioGui\u00f3n: Ilaria Pascazio, Edoardo Paoli Sinopsis \u00abActo de Dolor\u00bb sumerge a los espectadores en la compleja relaci\u00f3n entre un padre y su hija, explorando un tejido emocional marcado por la religi\u00f3n, [&hellip;]<\/p>\n","protected":false},"author":73,"featured_media":58526,"comment_status":"closed","ping_status":"closed","sticky":false,"template":"","format":"standard","meta":{"_monsterinsights_skip_tracking":false,"_monsterinsights_sitenote_active":false,"_monsterinsights_sitenote_note":"","_monsterinsights_sitenote_category":0,"footnotes":""},"categories":[1460,2052],"tags":[2021,2051,962,1468,1603,2119,2191,15,1981,1982,1628,473,226,1128],"class_list":{"0":"post-43799","1":"post","2":"type-post","3":"status-publish","4":"format-standard","5":"has-post-thumbnail","7":"category-cortometraje","8":"category-festival-2022","9":"tag-2021","10":"tag-2051","11":"tag-amor-filial","12":"tag-cortometraje","13":"tag-duelo","14":"tag-espanol","15":"tag-esperanza","16":"tag-familia","17":"tag-festival-de-cine","18":"tag-festival-el-ojo-cojo","19":"tag-ficcion","20":"tag-italia","21":"tag-libertad","22":"tag-salud-y-bienestar","23":"czr-hentry"},"yoast_head":"<!-- This site is optimized with the Yoast SEO plugin v27.1.1 - https:\/\/yoast.com\/product\/yoast-seo-wordpress\/ -->\n<title>Acto de Dolor - el ojO cojo<\/title>\n<meta name=\"description\" content=\"Cortometraje Acto de Dolor exhibido en la edici\u00f3n 2022 del Festival el ojO cojo. Pa\u00eds de origen, Italia. Dirigido por Ilaria Pascazio.\" \/>\n<meta name=\"robots\" content=\"index, follow, max-snippet:-1, max-image-preview:large, max-video-preview:-1\" \/>\n<link rel=\"canonical\" href=\"https:\/\/elojocojo.org\/acto-de-dolor\/\" \/>\n<meta property=\"og:locale\" content=\"es_ES\" \/>\n<meta property=\"og:type\" content=\"article\" \/>\n<meta property=\"og:title\" content=\"Acto de Dolor - el ojO cojo\" \/>\n<meta property=\"og:description\" content=\"Cortometraje Acto de Dolor exhibido en la edici\u00f3n 2022 del Festival el ojO cojo. Pa\u00eds de origen, Italia. Dirigido por Ilaria Pascazio.\" \/>\n<meta property=\"og:url\" content=\"https:\/\/elojocojo.org\/acto-de-dolor\/\" \/>\n<meta property=\"og:site_name\" content=\"el ojO cojo\" \/>\n<meta property=\"article:publisher\" content=\"https:\/\/www.facebook.com\/elojocojo\" \/>\n<meta property=\"article:published_time\" content=\"2022-09-23T16:45:00+00:00\" \/>\n<meta property=\"article:modified_time\" content=\"2025-09-17T11:03:25+00:00\" \/>\n<meta property=\"og:image\" content=\"https:\/\/elojocojo.org\/wp-content\/uploads\/2022\/09\/Acto-de-dolor-small.jpg\" \/>\n\t<meta property=\"og:image:width\" content=\"1915\" \/>\n\t<meta property=\"og:image:height\" content=\"1004\" \/>\n\t<meta property=\"og:image:type\" content=\"image\/jpeg\" \/>\n<meta name=\"author\" content=\"Pastora Laguna\" \/>\n<meta name=\"twitter:card\" content=\"summary_large_image\" \/>\n<meta name=\"twitter:creator\" content=\"@elojocojo\" \/>\n<meta name=\"twitter:site\" content=\"@elojocojo\" \/>\n<meta name=\"twitter:label1\" content=\"Escrito por\" \/>\n\t<meta name=\"twitter:data1\" content=\"Pastora Laguna\" \/>\n\t<meta name=\"twitter:label2\" content=\"Tiempo de lectura\" \/>\n\t<meta name=\"twitter:data2\" content=\"2 minutos\" \/>\n<script type=\"application\/ld+json\" class=\"yoast-schema-graph\">{\"@context\":\"https:\/\/schema.org\",\"@graph\":[{\"@type\":\"Article\",\"@id\":\"https:\/\/elojocojo.org\/acto-de-dolor\/#article\",\"isPartOf\":{\"@id\":\"https:\/\/elojocojo.org\/acto-de-dolor\/\"},\"author\":{\"name\":\"Pastora Laguna\",\"@id\":\"https:\/\/elojocojo.org\/#\/schema\/person\/0eebd75cb4d855e3f2b18abd9f7b9876\"},\"headline\":\"Acto de Dolor\",\"datePublished\":\"2022-09-23T16:45:00+00:00\",\"dateModified\":\"2025-09-17T11:03:25+00:00\",\"mainEntityOfPage\":{\"@id\":\"https:\/\/elojocojo.org\/acto-de-dolor\/\"},\"wordCount\":370,\"publisher\":{\"@id\":\"https:\/\/elojocojo.org\/#organization\"},\"image\":{\"@id\":\"https:\/\/elojocojo.org\/acto-de-dolor\/#primaryimage\"},\"thumbnailUrl\":\"https:\/\/elojocojo.org\/wp-content\/uploads\/2022\/09\/Acto-de-dolor-small.jpg\",\"keywords\":[\"2021\",\"2022\",\"amor filial\",\"cortometraje\",\"duelo\",\"espa\u00f1ol\",\"esperanza\",\"familia\",\"festival de cine\",\"Festival el Ojo cojo\",\"ficci\u00f3n\",\"Italia\",\"libertad\",\"Salud y bienestar\"],\"articleSection\":[\"Cortometraje\",\"Festival 2022\"],\"inLanguage\":\"es\"},{\"@type\":\"WebPage\",\"@id\":\"https:\/\/elojocojo.org\/acto-de-dolor\/\",\"url\":\"https:\/\/elojocojo.org\/acto-de-dolor\/\",\"name\":\"Acto de Dolor - el ojO cojo\",\"isPartOf\":{\"@id\":\"https:\/\/elojocojo.org\/#website\"},\"primaryImageOfPage\":{\"@id\":\"https:\/\/elojocojo.org\/acto-de-dolor\/#primaryimage\"},\"image\":{\"@id\":\"https:\/\/elojocojo.org\/acto-de-dolor\/#primaryimage\"},\"thumbnailUrl\":\"https:\/\/elojocojo.org\/wp-content\/uploads\/2022\/09\/Acto-de-dolor-small.jpg\",\"datePublished\":\"2022-09-23T16:45:00+00:00\",\"dateModified\":\"2025-09-17T11:03:25+00:00\",\"description\":\"Cortometraje Acto de Dolor exhibido en la edici\u00f3n 2022 del Festival el ojO cojo. Pa\u00eds de origen, Italia. Dirigido por Ilaria Pascazio.\",\"breadcrumb\":{\"@id\":\"https:\/\/elojocojo.org\/acto-de-dolor\/#breadcrumb\"},\"inLanguage\":\"es\",\"potentialAction\":[{\"@type\":\"ReadAction\",\"target\":[\"https:\/\/elojocojo.org\/acto-de-dolor\/\"]}]},{\"@type\":\"ImageObject\",\"inLanguage\":\"es\",\"@id\":\"https:\/\/elojocojo.org\/acto-de-dolor\/#primaryimage\",\"url\":\"https:\/\/elojocojo.org\/wp-content\/uploads\/2022\/09\/Acto-de-dolor-small.jpg\",\"contentUrl\":\"https:\/\/elojocojo.org\/wp-content\/uploads\/2022\/09\/Acto-de-dolor-small.jpg\",\"width\":1915,\"height\":1004},{\"@type\":\"BreadcrumbList\",\"@id\":\"https:\/\/elojocojo.org\/acto-de-dolor\/#breadcrumb\",\"itemListElement\":[{\"@type\":\"ListItem\",\"position\":1,\"name\":\"Portada\",\"item\":\"https:\/\/elojocojo.org\/\"},{\"@type\":\"ListItem\",\"position\":2,\"name\":\"2021\",\"item\":\"https:\/\/elojocojo.org\/tag\/2021\/\"},{\"@type\":\"ListItem\",\"position\":3,\"name\":\"Acto de Dolor\"}]},{\"@type\":\"WebSite\",\"@id\":\"https:\/\/elojocojo.org\/#website\",\"url\":\"https:\/\/elojocojo.org\/\",\"name\":\"el ojO cojo\",\"description\":\"Todos estamos hechos de la misma esencia\",\"publisher\":{\"@id\":\"https:\/\/elojocojo.org\/#organization\"},\"potentialAction\":[{\"@type\":\"SearchAction\",\"target\":{\"@type\":\"EntryPoint\",\"urlTemplate\":\"https:\/\/elojocojo.org\/?s={search_term_string}\"},\"query-input\":{\"@type\":\"PropertyValueSpecification\",\"valueRequired\":true,\"valueName\":\"search_term_string\"}}],\"inLanguage\":\"es\"},{\"@type\":\"Organization\",\"@id\":\"https:\/\/elojocojo.org\/#organization\",\"name\":\"Meigas da r\u00faa\",\"url\":\"https:\/\/elojocojo.org\/\",\"logo\":{\"@type\":\"ImageObject\",\"inLanguage\":\"es\",\"@id\":\"https:\/\/elojocojo.org\/#\/schema\/logo\/image\/\",\"url\":\"https:\/\/meigasdarua.org\/wp-content\/uploads\/2020\/09\/cropped-logo-meigas-5.png\",\"contentUrl\":\"https:\/\/meigasdarua.org\/wp-content\/uploads\/2020\/09\/cropped-logo-meigas-5.png\",\"width\":109,\"height\":200,\"caption\":\"Meigas da r\u00faa\"},\"image\":{\"@id\":\"https:\/\/elojocojo.org\/#\/schema\/logo\/image\/\"},\"sameAs\":[\"https:\/\/www.facebook.com\/elojocojo\",\"https:\/\/x.com\/elojocojo\",\"https:\/\/www.instagram.com\/elojocojo\/?hl=es\",\"https:\/\/www.linkedin.com\/in\/el-ojo-cojo-b52b7769\/\",\"https:\/\/www.pinterest.es\/elojocojo\/_saved\/\",\"https:\/\/www.youtube.com\/channel\/UCkFtFTV0Bms7zH7vq8FZxZg\"]},{\"@type\":\"Person\",\"@id\":\"https:\/\/elojocojo.org\/#\/schema\/person\/0eebd75cb4d855e3f2b18abd9f7b9876\",\"name\":\"Pastora Laguna\",\"url\":\"https:\/\/elojocojo.org\/author\/pastora\/\"}]}<\/script>\n<!-- \/ Yoast SEO plugin. -->","yoast_head_json":{"title":"Acto de Dolor - el ojO cojo","description":"Cortometraje Acto de Dolor exhibido en la edici\u00f3n 2022 del Festival el ojO cojo. Pa\u00eds de origen, Italia. Dirigido por Ilaria Pascazio.","robots":{"index":"index","follow":"follow","max-snippet":"max-snippet:-1","max-image-preview":"max-image-preview:large","max-video-preview":"max-video-preview:-1"},"canonical":"https:\/\/elojocojo.org\/acto-de-dolor\/","og_locale":"es_ES","og_type":"article","og_title":"Acto de Dolor - el ojO cojo","og_description":"Cortometraje Acto de Dolor exhibido en la edici\u00f3n 2022 del Festival el ojO cojo. Pa\u00eds de origen, Italia. Dirigido por Ilaria Pascazio.","og_url":"https:\/\/elojocojo.org\/acto-de-dolor\/","og_site_name":"el ojO cojo","article_publisher":"https:\/\/www.facebook.com\/elojocojo","article_published_time":"2022-09-23T16:45:00+00:00","article_modified_time":"2025-09-17T11:03:25+00:00","og_image":[{"width":1915,"height":1004,"url":"https:\/\/elojocojo.org\/wp-content\/uploads\/2022\/09\/Acto-de-dolor-small.jpg","type":"image\/jpeg"}],"author":"Pastora Laguna","twitter_card":"summary_large_image","twitter_creator":"@elojocojo","twitter_site":"@elojocojo","twitter_misc":{"Escrito por":"Pastora Laguna","Tiempo de lectura":"2 minutos"},"schema":{"@context":"https:\/\/schema.org","@graph":[{"@type":"Article","@id":"https:\/\/elojocojo.org\/acto-de-dolor\/#article","isPartOf":{"@id":"https:\/\/elojocojo.org\/acto-de-dolor\/"},"author":{"name":"Pastora Laguna","@id":"https:\/\/elojocojo.org\/#\/schema\/person\/0eebd75cb4d855e3f2b18abd9f7b9876"},"headline":"Acto de Dolor","datePublished":"2022-09-23T16:45:00+00:00","dateModified":"2025-09-17T11:03:25+00:00","mainEntityOfPage":{"@id":"https:\/\/elojocojo.org\/acto-de-dolor\/"},"wordCount":370,"publisher":{"@id":"https:\/\/elojocojo.org\/#organization"},"image":{"@id":"https:\/\/elojocojo.org\/acto-de-dolor\/#primaryimage"},"thumbnailUrl":"https:\/\/elojocojo.org\/wp-content\/uploads\/2022\/09\/Acto-de-dolor-small.jpg","keywords":["2021","2022","amor filial","cortometraje","duelo","espa\u00f1ol","esperanza","familia","festival de cine","Festival el Ojo cojo","ficci\u00f3n","Italia","libertad","Salud y bienestar"],"articleSection":["Cortometraje","Festival 2022"],"inLanguage":"es"},{"@type":"WebPage","@id":"https:\/\/elojocojo.org\/acto-de-dolor\/","url":"https:\/\/elojocojo.org\/acto-de-dolor\/","name":"Acto de Dolor - el ojO cojo","isPartOf":{"@id":"https:\/\/elojocojo.org\/#website"},"primaryImageOfPage":{"@id":"https:\/\/elojocojo.org\/acto-de-dolor\/#primaryimage"},"image":{"@id":"https:\/\/elojocojo.org\/acto-de-dolor\/#primaryimage"},"thumbnailUrl":"https:\/\/elojocojo.org\/wp-content\/uploads\/2022\/09\/Acto-de-dolor-small.jpg","datePublished":"2022-09-23T16:45:00+00:00","dateModified":"2025-09-17T11:03:25+00:00","description":"Cortometraje Acto de Dolor exhibido en la edici\u00f3n 2022 del Festival el ojO cojo. Pa\u00eds de origen, Italia. Dirigido por Ilaria Pascazio.","breadcrumb":{"@id":"https:\/\/elojocojo.org\/acto-de-dolor\/#breadcrumb"},"inLanguage":"es","potentialAction":[{"@type":"ReadAction","target":["https:\/\/elojocojo.org\/acto-de-dolor\/"]}]},{"@type":"ImageObject","inLanguage":"es","@id":"https:\/\/elojocojo.org\/acto-de-dolor\/#primaryimage","url":"https:\/\/elojocojo.org\/wp-content\/uploads\/2022\/09\/Acto-de-dolor-small.jpg","contentUrl":"https:\/\/elojocojo.org\/wp-content\/uploads\/2022\/09\/Acto-de-dolor-small.jpg","width":1915,"height":1004},{"@type":"BreadcrumbList","@id":"https:\/\/elojocojo.org\/acto-de-dolor\/#breadcrumb","itemListElement":[{"@type":"ListItem","position":1,"name":"Portada","item":"https:\/\/elojocojo.org\/"},{"@type":"ListItem","position":2,"name":"2021","item":"https:\/\/elojocojo.org\/tag\/2021\/"},{"@type":"ListItem","position":3,"name":"Acto de Dolor"}]},{"@type":"WebSite","@id":"https:\/\/elojocojo.org\/#website","url":"https:\/\/elojocojo.org\/","name":"el ojO cojo","description":"Todos estamos hechos de la misma esencia","publisher":{"@id":"https:\/\/elojocojo.org\/#organization"},"potentialAction":[{"@type":"SearchAction","target":{"@type":"EntryPoint","urlTemplate":"https:\/\/elojocojo.org\/?s={search_term_string}"},"query-input":{"@type":"PropertyValueSpecification","valueRequired":true,"valueName":"search_term_string"}}],"inLanguage":"es"},{"@type":"Organization","@id":"https:\/\/elojocojo.org\/#organization","name":"Meigas da r\u00faa","url":"https:\/\/elojocojo.org\/","logo":{"@type":"ImageObject","inLanguage":"es","@id":"https:\/\/elojocojo.org\/#\/schema\/logo\/image\/","url":"https:\/\/meigasdarua.org\/wp-content\/uploads\/2020\/09\/cropped-logo-meigas-5.png","contentUrl":"https:\/\/meigasdarua.org\/wp-content\/uploads\/2020\/09\/cropped-logo-meigas-5.png","width":109,"height":200,"caption":"Meigas da r\u00faa"},"image":{"@id":"https:\/\/elojocojo.org\/#\/schema\/logo\/image\/"},"sameAs":["https:\/\/www.facebook.com\/elojocojo","https:\/\/x.com\/elojocojo","https:\/\/www.instagram.com\/elojocojo\/?hl=es","https:\/\/www.linkedin.com\/in\/el-ojo-cojo-b52b7769\/","https:\/\/www.pinterest.es\/elojocojo\/_saved\/","https:\/\/www.youtube.com\/channel\/UCkFtFTV0Bms7zH7vq8FZxZg"]},{"@type":"Person","@id":"https:\/\/elojocojo.org\/#\/schema\/person\/0eebd75cb4d855e3f2b18abd9f7b9876","name":"Pastora Laguna","url":"https:\/\/elojocojo.org\/author\/pastora\/"}]}},"_links":{"self":[{"href":"https:\/\/elojocojo.org\/wp-json\/wp\/v2\/posts\/43799","targetHints":{"allow":["GET"]}}],"collection":[{"href":"https:\/\/elojocojo.org\/wp-json\/wp\/v2\/posts"}],"about":[{"href":"https:\/\/elojocojo.org\/wp-json\/wp\/v2\/types\/post"}],"author":[{"embeddable":true,"href":"https:\/\/elojocojo.org\/wp-json\/wp\/v2\/users\/73"}],"replies":[{"embeddable":true,"href":"https:\/\/elojocojo.org\/wp-json\/wp\/v2\/comments?post=43799"}],"version-history":[{"count":14,"href":"https:\/\/elojocojo.org\/wp-json\/wp\/v2\/posts\/43799\/revisions"}],"predecessor-version":[{"id":59166,"href":"https:\/\/elojocojo.org\/wp-json\/wp\/v2\/posts\/43799\/revisions\/59166"}],"wp:featuredmedia":[{"embeddable":true,"href":"https:\/\/elojocojo.org\/wp-json\/wp\/v2\/media\/58526"}],"wp:attachment":[{"href":"https:\/\/elojocojo.org\/wp-json\/wp\/v2\/media?parent=43799"}],"wp:term":[{"taxonomy":"category","embeddable":true,"href":"https:\/\/elojocojo.org\/wp-json\/wp\/v2\/categories?post=43799"},{"taxonomy":"post_tag","embeddable":true,"href":"https:\/\/elojocojo.org\/wp-json\/wp\/v2\/tags?post=43799"}],"curies":[{"name":"wp","href":"https:\/\/api.w.org\/{rel}","templated":true}]}}