{"id":42513,"date":"2021-09-30T07:22:44","date_gmt":"2021-09-30T14:22:44","guid":{"rendered":"https:\/\/meigasdarua.org\/?p=42513"},"modified":"2025-09-30T18:29:26","modified_gmt":"2025-09-30T16:29:26","slug":"sebastiene","status":"publish","type":"post","link":"https:\/\/elojocojo.org\/sebastiene\/","title":{"rendered":"Sebasti\u00e1n"},"content":{"rendered":"\n<figure class=\"wp-block-embed is-type-video is-provider-vimeo wp-block-embed-vimeo wp-embed-aspect-16-9 wp-has-aspect-ratio\"><div class=\"wp-block-embed__wrapper\">\n<iframe title=\"Trailer Sebastienne\" src=\"https:\/\/player.vimeo.com\/video\/535477616?h=978115ba15&amp;dnt=1&amp;app_id=122963\" width=\"1140\" height=\"641\" frameborder=\"0\" allow=\"autoplay; fullscreen; picture-in-picture\" allowfullscreen><\/iframe>\n<\/div><\/figure>\n\n\n\n<p>T\u00cdTULO: Sebastiene<br \/>T\u00cdTULO ORIGINAL: SEBASTIENNE<br \/>A\u00d1O: 2021<br \/>DIRECTOR: Jos\u00e9 Alberto Andr\u00e9s Lacasta<br \/>G\u00c9NERO cinematogr\u00e1fico: Corto Ficci\u00f3n Experimental<br \/>DURACI\u00d3N: 13&#8242;<br \/>PA\u00cdS: Espa\u00f1a<br \/>FORMATO ORIGINAL: Digital, bluray, dcp, .mov, .mp4<br \/>TIPO: Experimental, Corto<br \/>IDIOMA ORIGINAL: Espa\u00f1ol<br \/>SUBT\u00cdTULOS: Ingl\u00e9s<br \/>INT\u00c9RPRETES: Antonio Ayesta, Ingrid Magriny\u00e0<br \/>PRODUCCI\u00d3N: Jos\u00e9 Alberto Andr\u00e9s Lacasta, Leonor Villaluenga Pe\u00f1a<br \/>GUI\u00d3N: Jos\u00e9 Alberto Andr\u00e9s Lacasta<br \/>EDICI\u00d3N\/MONTAJE: Jorge Yetano<br \/>DIRECCI\u00d3N DE FOTOGRAF\u00cdA: Jorge Yetano,&nbsp;Jorge Armengod<br \/>SONIDO: Daniel Pe\u00f1a<br \/>M\u00daSICA: Pablo Contreras<\/p>\n\n\n\n<p><br \/>SINOPSIS: <\/p>\n\n\n\n<p>Sebastienne trabaja como conservador de patrimonio en el Palacio de la Aljafer\u00eda (Zaragoza). Entonces la llegada de un misterioso grabado sobre el Martirio de San Sebasti\u00e1n a su nombre lo transporta a un estado on\u00edrico de enso\u00f1aciones muy cercanas a la realidad. Desde all\u00ed empieza a recrear de una manera muy particular episodios de la vida del viejo m\u00e1rtir gracias a los cuales lucha por dirimir su identidad sexual invadida por un devastador sentimiento de culpa.<br \/><\/p>\n\n\n\n<p>PALMAR\u00c9S: <\/p>\n\n\n\n<p>Festival de Cine Open Vision 2021 | Mosc\u00fa | 12 de abril de 2021 | Federaci\u00f3n de Rusia | Mejor selecci\u00f3n oficial | Cortometraje, Mejor Danza | Federaci\u00f3n Rusa |<\/p>\n\n\n\n<p>6 Festival Internacional de Cine Inca Imperial 2021 | Lima | 14 de mayo de 2021 | Per\u00fa | Selecci\u00f3n Oficial (Mejor cortometraje experimental) | Per\u00fa |<\/p>\n\n\n\n<p>X Premios Sim\u00f3n del Cine Aragon\u00e9s 2021 | Zaragoza | 17 de junio de 2021 | 5 Nominaciones: Mejor Cortometraje, Mejor Montaje, Mejores Efectos Especiales y VFX, Mejor Maquillaje y Peluquer\u00eda y Mejor Vestuario | Espa\u00f1a |<\/p>\n\n\n\n<p>F\u00f3rum experimental | Los Angeles | 17 de agosto de 2021 | Los Angeles | Menci\u00f3n de Honor |<br \/>Estados Unidos |<\/p>\n\n\n\n<p><\/p>\n\n\n\n<p>El filme Sebasti\u00e1n particip\u00f3 en la edici\u00f3n <strong>2021<\/strong> del <a href=\"https:\/\/elojocojo.org\/category\/festival-2021\/\"><strong>Festival de cine el ojO cojo<\/strong> <\/a>en ese sentido nos sentimos honrados de haberla exhibido.<\/p>\n\n\n\n<p>Visita nuestro blog <a href=\"https:\/\/el-ojocojo.blogspot.com\/\">https:\/\/el-ojocojo.blogspot.com\/<\/a><\/p>\n","protected":false},"excerpt":{"rendered":"<p>T\u00cdTULO: SebastieneT\u00cdTULO ORIGINAL: SEBASTIENNEA\u00d1O: 2021DIRECTOR: Jos\u00e9 Alberto Andr\u00e9s LacastaG\u00c9NERO cinematogr\u00e1fico: Corto Ficci\u00f3n ExperimentalDURACI\u00d3N: 13&#8242;PA\u00cdS: Espa\u00f1aFORMATO ORIGINAL: Digital, bluray, dcp, .mov, .mp4TIPO: Experimental, CortoIDIOMA ORIGINAL: Espa\u00f1olSUBT\u00cdTULOS: Ingl\u00e9sINT\u00c9RPRETES: Antonio Ayesta, Ingrid Magriny\u00e0PRODUCCI\u00d3N: Jos\u00e9 Alberto Andr\u00e9s Lacasta, Leonor Villaluenga Pe\u00f1aGUI\u00d3N: Jos\u00e9 Alberto Andr\u00e9s LacastaEDICI\u00d3N\/MONTAJE: Jorge YetanoDIRECCI\u00d3N DE FOTOGRAF\u00cdA: Jorge Yetano,&nbsp;Jorge ArmengodSONIDO: Daniel Pe\u00f1aM\u00daSICA: Pablo Contreras SINOPSIS: Sebastienne trabaja [&hellip;]<\/p>\n","protected":false},"author":11,"featured_media":42523,"comment_status":"closed","ping_status":"closed","sticky":false,"template":"","format":"standard","meta":{"_monsterinsights_skip_tracking":false,"_monsterinsights_sitenote_active":false,"_monsterinsights_sitenote_note":"","_monsterinsights_sitenote_category":0,"footnotes":""},"categories":[1460,2019,30],"tags":[2010,2021,936,1005,1897,1908,1893,138,2119,2391,2150,1981,1982,1628,2118,948,1503,1896],"class_list":{"0":"post-42513","1":"post","2":"type-post","3":"status-publish","4":"format-standard","5":"has-post-thumbnail","7":"category-cortometraje","8":"category-festival-2021","9":"category-ficcion","10":"tag-mas-de-18-anos","11":"tag-2021","12":"tag-artista","13":"tag-baile","14":"tag-cine-accesible","15":"tag-cine-inclusivo","16":"tag-educar-en-valores","17":"tag-espana","18":"tag-espanol","19":"tag-espaol","20":"tag-experimental","21":"tag-festival-de-cine","22":"tag-festival-el-ojo-cojo","23":"tag-ficcion","24":"tag-ingles","25":"tag-lgtbi","26":"tag-musica","27":"tag-videoteca","28":"czr-hentry"},"yoast_head":"<!-- This site is optimized with the Yoast SEO plugin v27.1.1 - https:\/\/yoast.com\/product\/yoast-seo-wordpress\/ -->\n<title>Sebasti\u00e1n - el ojO cojo<\/title>\n<meta name=\"description\" content=\"Pel\u00edcula Sebasti\u00e1n exhibida en la edici\u00f3n 2021 del Festival el ojO cojo. Pa\u00eds de origen, Espa\u00f1a. Dirigido por Jos\u00e9 Alberto Andr\u00e9s Lacasta.\" \/>\n<meta name=\"robots\" content=\"index, follow, max-snippet:-1, max-image-preview:large, max-video-preview:-1\" \/>\n<link rel=\"canonical\" href=\"https:\/\/elojocojo.org\/sebastiene\/\" \/>\n<meta property=\"og:locale\" content=\"es_ES\" \/>\n<meta property=\"og:type\" content=\"article\" \/>\n<meta property=\"og:title\" content=\"Sebasti\u00e1n - el ojO cojo\" \/>\n<meta property=\"og:description\" content=\"Pel\u00edcula Sebasti\u00e1n exhibida en la edici\u00f3n 2021 del Festival el ojO cojo. Pa\u00eds de origen, Espa\u00f1a. Dirigido por Jos\u00e9 Alberto Andr\u00e9s Lacasta.\" \/>\n<meta property=\"og:url\" content=\"https:\/\/elojocojo.org\/sebastiene\/\" \/>\n<meta property=\"og:site_name\" content=\"el ojO cojo\" \/>\n<meta property=\"article:publisher\" content=\"https:\/\/www.facebook.com\/elojocojo\" \/>\n<meta property=\"article:published_time\" content=\"2021-09-30T14:22:44+00:00\" \/>\n<meta property=\"article:modified_time\" content=\"2025-09-30T16:29:26+00:00\" \/>\n<meta property=\"og:image\" content=\"https:\/\/elojocojo.org\/wp-content\/uploads\/2021\/09\/sebastienne_CART.webp\" \/>\n\t<meta property=\"og:image:width\" content=\"571\" \/>\n\t<meta property=\"og:image:height\" content=\"800\" \/>\n\t<meta property=\"og:image:type\" content=\"image\/webp\" \/>\n<meta name=\"author\" content=\"cojo\" \/>\n<meta name=\"twitter:card\" content=\"summary_large_image\" \/>\n<meta name=\"twitter:creator\" content=\"@elojocojo\" \/>\n<meta name=\"twitter:site\" content=\"@elojocojo\" \/>\n<meta name=\"twitter:label1\" content=\"Escrito por\" \/>\n\t<meta name=\"twitter:data1\" content=\"cojo\" \/>\n\t<meta name=\"twitter:label2\" content=\"Tiempo de lectura\" \/>\n\t<meta name=\"twitter:data2\" content=\"2 minutos\" \/>\n<script type=\"application\/ld+json\" class=\"yoast-schema-graph\">{\"@context\":\"https:\/\/schema.org\",\"@graph\":[{\"@type\":\"Article\",\"@id\":\"https:\/\/elojocojo.org\/sebastiene\/#article\",\"isPartOf\":{\"@id\":\"https:\/\/elojocojo.org\/sebastiene\/\"},\"author\":{\"name\":\"cojo\",\"@id\":\"https:\/\/elojocojo.org\/#\/schema\/person\/cba15985dd5da095cac31c1ff0d6e23e\"},\"headline\":\"Sebasti\u00e1n\",\"datePublished\":\"2021-09-30T14:22:44+00:00\",\"dateModified\":\"2025-09-30T16:29:26+00:00\",\"mainEntityOfPage\":{\"@id\":\"https:\/\/elojocojo.org\/sebastiene\/\"},\"wordCount\":291,\"publisher\":{\"@id\":\"https:\/\/elojocojo.org\/#organization\"},\"image\":{\"@id\":\"https:\/\/elojocojo.org\/sebastiene\/#primaryimage\"},\"thumbnailUrl\":\"https:\/\/elojocojo.org\/wp-content\/uploads\/2021\/09\/sebastienne_CART.webp\",\"keywords\":[\"+ de 18 a\u00f1os\",\"2021\",\"artista\",\"baile\",\"cine accesible\",\"cine inclusivo\",\"educar en valores\",\"Espa\u00f1a\",\"espa\u00f1ol\",\"espa\u00b1ol\",\"experimental\",\"festival de cine\",\"Festival el Ojo cojo\",\"ficci\u00f3n\",\"ingl\u00e9s\",\"LGTBI\",\"m\u00fasica\",\"Videoteca\"],\"articleSection\":[\"Cortometraje\",\"Festival 2021\",\"Ficci\u00f3n\"],\"inLanguage\":\"es\"},{\"@type\":\"WebPage\",\"@id\":\"https:\/\/elojocojo.org\/sebastiene\/\",\"url\":\"https:\/\/elojocojo.org\/sebastiene\/\",\"name\":\"Sebasti\u00e1n - el ojO cojo\",\"isPartOf\":{\"@id\":\"https:\/\/elojocojo.org\/#website\"},\"primaryImageOfPage\":{\"@id\":\"https:\/\/elojocojo.org\/sebastiene\/#primaryimage\"},\"image\":{\"@id\":\"https:\/\/elojocojo.org\/sebastiene\/#primaryimage\"},\"thumbnailUrl\":\"https:\/\/elojocojo.org\/wp-content\/uploads\/2021\/09\/sebastienne_CART.webp\",\"datePublished\":\"2021-09-30T14:22:44+00:00\",\"dateModified\":\"2025-09-30T16:29:26+00:00\",\"description\":\"Pel\u00edcula Sebasti\u00e1n exhibida en la edici\u00f3n 2021 del Festival el ojO cojo. Pa\u00eds de origen, Espa\u00f1a. Dirigido por Jos\u00e9 Alberto Andr\u00e9s Lacasta.\",\"breadcrumb\":{\"@id\":\"https:\/\/elojocojo.org\/sebastiene\/#breadcrumb\"},\"inLanguage\":\"es\",\"potentialAction\":[{\"@type\":\"ReadAction\",\"target\":[\"https:\/\/elojocojo.org\/sebastiene\/\"]}]},{\"@type\":\"ImageObject\",\"inLanguage\":\"es\",\"@id\":\"https:\/\/elojocojo.org\/sebastiene\/#primaryimage\",\"url\":\"https:\/\/elojocojo.org\/wp-content\/uploads\/2021\/09\/sebastienne_CART.webp\",\"contentUrl\":\"https:\/\/elojocojo.org\/wp-content\/uploads\/2021\/09\/sebastienne_CART.webp\",\"width\":571,\"height\":800,\"caption\":\"portada del film Sebastiene\"},{\"@type\":\"BreadcrumbList\",\"@id\":\"https:\/\/elojocojo.org\/sebastiene\/#breadcrumb\",\"itemListElement\":[{\"@type\":\"ListItem\",\"position\":1,\"name\":\"Portada\",\"item\":\"https:\/\/elojocojo.org\/\"},{\"@type\":\"ListItem\",\"position\":2,\"name\":\"+ de 18 a\u00f1os\",\"item\":\"https:\/\/elojocojo.org\/tag\/mas-de-18-anos\/\"},{\"@type\":\"ListItem\",\"position\":3,\"name\":\"Sebasti\u00e1n\"}]},{\"@type\":\"WebSite\",\"@id\":\"https:\/\/elojocojo.org\/#website\",\"url\":\"https:\/\/elojocojo.org\/\",\"name\":\"el ojO cojo\",\"description\":\"Todos estamos hechos de la misma esencia\",\"publisher\":{\"@id\":\"https:\/\/elojocojo.org\/#organization\"},\"potentialAction\":[{\"@type\":\"SearchAction\",\"target\":{\"@type\":\"EntryPoint\",\"urlTemplate\":\"https:\/\/elojocojo.org\/?s={search_term_string}\"},\"query-input\":{\"@type\":\"PropertyValueSpecification\",\"valueRequired\":true,\"valueName\":\"search_term_string\"}}],\"inLanguage\":\"es\"},{\"@type\":\"Organization\",\"@id\":\"https:\/\/elojocojo.org\/#organization\",\"name\":\"Meigas da r\u00faa\",\"url\":\"https:\/\/elojocojo.org\/\",\"logo\":{\"@type\":\"ImageObject\",\"inLanguage\":\"es\",\"@id\":\"https:\/\/elojocojo.org\/#\/schema\/logo\/image\/\",\"url\":\"https:\/\/meigasdarua.org\/wp-content\/uploads\/2020\/09\/cropped-logo-meigas-5.png\",\"contentUrl\":\"https:\/\/meigasdarua.org\/wp-content\/uploads\/2020\/09\/cropped-logo-meigas-5.png\",\"width\":109,\"height\":200,\"caption\":\"Meigas da r\u00faa\"},\"image\":{\"@id\":\"https:\/\/elojocojo.org\/#\/schema\/logo\/image\/\"},\"sameAs\":[\"https:\/\/www.facebook.com\/elojocojo\",\"https:\/\/x.com\/elojocojo\",\"https:\/\/www.instagram.com\/elojocojo\/?hl=es\",\"https:\/\/www.linkedin.com\/in\/el-ojo-cojo-b52b7769\/\",\"https:\/\/www.pinterest.es\/elojocojo\/_saved\/\",\"https:\/\/www.youtube.com\/channel\/UCkFtFTV0Bms7zH7vq8FZxZg\"]},{\"@type\":\"Person\",\"@id\":\"https:\/\/elojocojo.org\/#\/schema\/person\/cba15985dd5da095cac31c1ff0d6e23e\",\"name\":\"cojo\",\"url\":\"https:\/\/elojocojo.org\/author\/cojo\/\"}]}<\/script>\n<!-- \/ Yoast SEO plugin. -->","yoast_head_json":{"title":"Sebasti\u00e1n - el ojO cojo","description":"Pel\u00edcula Sebasti\u00e1n exhibida en la edici\u00f3n 2021 del Festival el ojO cojo. Pa\u00eds de origen, Espa\u00f1a. Dirigido por Jos\u00e9 Alberto Andr\u00e9s Lacasta.","robots":{"index":"index","follow":"follow","max-snippet":"max-snippet:-1","max-image-preview":"max-image-preview:large","max-video-preview":"max-video-preview:-1"},"canonical":"https:\/\/elojocojo.org\/sebastiene\/","og_locale":"es_ES","og_type":"article","og_title":"Sebasti\u00e1n - el ojO cojo","og_description":"Pel\u00edcula Sebasti\u00e1n exhibida en la edici\u00f3n 2021 del Festival el ojO cojo. Pa\u00eds de origen, Espa\u00f1a. Dirigido por Jos\u00e9 Alberto Andr\u00e9s Lacasta.","og_url":"https:\/\/elojocojo.org\/sebastiene\/","og_site_name":"el ojO cojo","article_publisher":"https:\/\/www.facebook.com\/elojocojo","article_published_time":"2021-09-30T14:22:44+00:00","article_modified_time":"2025-09-30T16:29:26+00:00","og_image":[{"width":571,"height":800,"url":"https:\/\/elojocojo.org\/wp-content\/uploads\/2021\/09\/sebastienne_CART.webp","type":"image\/webp"}],"author":"cojo","twitter_card":"summary_large_image","twitter_creator":"@elojocojo","twitter_site":"@elojocojo","twitter_misc":{"Escrito por":"cojo","Tiempo de lectura":"2 minutos"},"schema":{"@context":"https:\/\/schema.org","@graph":[{"@type":"Article","@id":"https:\/\/elojocojo.org\/sebastiene\/#article","isPartOf":{"@id":"https:\/\/elojocojo.org\/sebastiene\/"},"author":{"name":"cojo","@id":"https:\/\/elojocojo.org\/#\/schema\/person\/cba15985dd5da095cac31c1ff0d6e23e"},"headline":"Sebasti\u00e1n","datePublished":"2021-09-30T14:22:44+00:00","dateModified":"2025-09-30T16:29:26+00:00","mainEntityOfPage":{"@id":"https:\/\/elojocojo.org\/sebastiene\/"},"wordCount":291,"publisher":{"@id":"https:\/\/elojocojo.org\/#organization"},"image":{"@id":"https:\/\/elojocojo.org\/sebastiene\/#primaryimage"},"thumbnailUrl":"https:\/\/elojocojo.org\/wp-content\/uploads\/2021\/09\/sebastienne_CART.webp","keywords":["+ de 18 a\u00f1os","2021","artista","baile","cine accesible","cine inclusivo","educar en valores","Espa\u00f1a","espa\u00f1ol","espa\u00b1ol","experimental","festival de cine","Festival el Ojo cojo","ficci\u00f3n","ingl\u00e9s","LGTBI","m\u00fasica","Videoteca"],"articleSection":["Cortometraje","Festival 2021","Ficci\u00f3n"],"inLanguage":"es"},{"@type":"WebPage","@id":"https:\/\/elojocojo.org\/sebastiene\/","url":"https:\/\/elojocojo.org\/sebastiene\/","name":"Sebasti\u00e1n - el ojO cojo","isPartOf":{"@id":"https:\/\/elojocojo.org\/#website"},"primaryImageOfPage":{"@id":"https:\/\/elojocojo.org\/sebastiene\/#primaryimage"},"image":{"@id":"https:\/\/elojocojo.org\/sebastiene\/#primaryimage"},"thumbnailUrl":"https:\/\/elojocojo.org\/wp-content\/uploads\/2021\/09\/sebastienne_CART.webp","datePublished":"2021-09-30T14:22:44+00:00","dateModified":"2025-09-30T16:29:26+00:00","description":"Pel\u00edcula Sebasti\u00e1n exhibida en la edici\u00f3n 2021 del Festival el ojO cojo. Pa\u00eds de origen, Espa\u00f1a. Dirigido por Jos\u00e9 Alberto Andr\u00e9s Lacasta.","breadcrumb":{"@id":"https:\/\/elojocojo.org\/sebastiene\/#breadcrumb"},"inLanguage":"es","potentialAction":[{"@type":"ReadAction","target":["https:\/\/elojocojo.org\/sebastiene\/"]}]},{"@type":"ImageObject","inLanguage":"es","@id":"https:\/\/elojocojo.org\/sebastiene\/#primaryimage","url":"https:\/\/elojocojo.org\/wp-content\/uploads\/2021\/09\/sebastienne_CART.webp","contentUrl":"https:\/\/elojocojo.org\/wp-content\/uploads\/2021\/09\/sebastienne_CART.webp","width":571,"height":800,"caption":"portada del film Sebastiene"},{"@type":"BreadcrumbList","@id":"https:\/\/elojocojo.org\/sebastiene\/#breadcrumb","itemListElement":[{"@type":"ListItem","position":1,"name":"Portada","item":"https:\/\/elojocojo.org\/"},{"@type":"ListItem","position":2,"name":"+ de 18 a\u00f1os","item":"https:\/\/elojocojo.org\/tag\/mas-de-18-anos\/"},{"@type":"ListItem","position":3,"name":"Sebasti\u00e1n"}]},{"@type":"WebSite","@id":"https:\/\/elojocojo.org\/#website","url":"https:\/\/elojocojo.org\/","name":"el ojO cojo","description":"Todos estamos hechos de la misma esencia","publisher":{"@id":"https:\/\/elojocojo.org\/#organization"},"potentialAction":[{"@type":"SearchAction","target":{"@type":"EntryPoint","urlTemplate":"https:\/\/elojocojo.org\/?s={search_term_string}"},"query-input":{"@type":"PropertyValueSpecification","valueRequired":true,"valueName":"search_term_string"}}],"inLanguage":"es"},{"@type":"Organization","@id":"https:\/\/elojocojo.org\/#organization","name":"Meigas da r\u00faa","url":"https:\/\/elojocojo.org\/","logo":{"@type":"ImageObject","inLanguage":"es","@id":"https:\/\/elojocojo.org\/#\/schema\/logo\/image\/","url":"https:\/\/meigasdarua.org\/wp-content\/uploads\/2020\/09\/cropped-logo-meigas-5.png","contentUrl":"https:\/\/meigasdarua.org\/wp-content\/uploads\/2020\/09\/cropped-logo-meigas-5.png","width":109,"height":200,"caption":"Meigas da r\u00faa"},"image":{"@id":"https:\/\/elojocojo.org\/#\/schema\/logo\/image\/"},"sameAs":["https:\/\/www.facebook.com\/elojocojo","https:\/\/x.com\/elojocojo","https:\/\/www.instagram.com\/elojocojo\/?hl=es","https:\/\/www.linkedin.com\/in\/el-ojo-cojo-b52b7769\/","https:\/\/www.pinterest.es\/elojocojo\/_saved\/","https:\/\/www.youtube.com\/channel\/UCkFtFTV0Bms7zH7vq8FZxZg"]},{"@type":"Person","@id":"https:\/\/elojocojo.org\/#\/schema\/person\/cba15985dd5da095cac31c1ff0d6e23e","name":"cojo","url":"https:\/\/elojocojo.org\/author\/cojo\/"}]}},"_links":{"self":[{"href":"https:\/\/elojocojo.org\/wp-json\/wp\/v2\/posts\/42513","targetHints":{"allow":["GET"]}}],"collection":[{"href":"https:\/\/elojocojo.org\/wp-json\/wp\/v2\/posts"}],"about":[{"href":"https:\/\/elojocojo.org\/wp-json\/wp\/v2\/types\/post"}],"author":[{"embeddable":true,"href":"https:\/\/elojocojo.org\/wp-json\/wp\/v2\/users\/11"}],"replies":[{"embeddable":true,"href":"https:\/\/elojocojo.org\/wp-json\/wp\/v2\/comments?post=42513"}],"version-history":[{"count":1,"href":"https:\/\/elojocojo.org\/wp-json\/wp\/v2\/posts\/42513\/revisions"}],"predecessor-version":[{"id":48356,"href":"https:\/\/elojocojo.org\/wp-json\/wp\/v2\/posts\/42513\/revisions\/48356"}],"wp:featuredmedia":[{"embeddable":true,"href":"https:\/\/elojocojo.org\/wp-json\/wp\/v2\/media\/42523"}],"wp:attachment":[{"href":"https:\/\/elojocojo.org\/wp-json\/wp\/v2\/media?parent=42513"}],"wp:term":[{"taxonomy":"category","embeddable":true,"href":"https:\/\/elojocojo.org\/wp-json\/wp\/v2\/categories?post=42513"},{"taxonomy":"post_tag","embeddable":true,"href":"https:\/\/elojocojo.org\/wp-json\/wp\/v2\/tags?post=42513"}],"curies":[{"name":"wp","href":"https:\/\/api.w.org\/{rel}","templated":true}]}}