{"id":42510,"date":"2021-09-30T07:21:02","date_gmt":"2021-09-30T14:21:02","guid":{"rendered":"https:\/\/meigasdarua.org\/?p=42510"},"modified":"2025-09-30T18:29:31","modified_gmt":"2025-09-30T16:29:31","slug":"la-bestia","status":"publish","type":"post","link":"https:\/\/elojocojo.org\/la-bestia\/","title":{"rendered":"La Bestia"},"content":{"rendered":"\n<p>T\u00cdTULO: La Bestia<br \/>T\u00cdTULO ORIGINAL: La Bestia<br \/>A\u00d1O: 2020<br \/>DIRECTOR: Marlijn van Nuenen \/ Ram Tamez \/ Alfredo Gerard Kuttikatt<br \/>G\u00c9NERO cinematogr\u00e1fico: Corto Ficci\u00f3n Animada<br \/>DURACI\u00d3N: 7&#8242;<br \/>PA\u00cdS: Francia<br \/>FORMATO ORIGINAL: HD<br \/>TIPO: Animaci\u00f3n, Corto, Estudiantil<br \/>IDIOMA ORIGINAL: Espa\u00f1ol<br \/>SUBT\u00cdTULOS: Ingl\u00e9s<br \/>PRODUCCI\u00d3N: Mo\u00efra Marguin<br \/>GUI\u00d3N: Marlijn van Nuenen, Alfredo Gerard Kuttikatt, Ram Tamez<br \/>SONIDO: C\u00e9dric Denooz, C\u00e9dric Denooz<br \/>M\u00daSICA: Thomas Pironneau, Ram Tamez<br \/>Opera prima <\/p>\n\n\n\n<p><br \/>SINOPSIS: <\/p>\n\n\n\n<p>Un joven contrabandista mexicano y una peque\u00f1a&nbsp;ni\u00f1a viajan ilegalmente en un tren de carga, llamado La Bestia, para llegar a los Estados Unidos. Pero una herida en la pierna del hombre lo hace enfermar y transformar su percepci\u00f3n del viaje. Al cambiar la forma en que piensan y se comportan a lo largo del camino, los personajes que encontramos al principio no son los mismos que al final. Es una historia de ficci\u00f3n sobre Guayaba y Lupita y su viaje en \u201cLA BESTIA\u201d. Solo una peque\u00f1a historia que podr\u00eda ser una de las miles que ocurren todos los d\u00edas en la vida real.<\/p>\n\n\n\n<p>PALMAR\u00c9S:<\/p>\n\n\n\n<p>Premios Annie 2021 | Ganador Annie | Mejor pel\u00edcula estudiantil Marlijn van Nuenen Ram Tamez Alfredo Gerard Kuttikatt<\/p>\n\n\n\n<p><\/p>\n\n\n\n<p>El filme La Bestia particip\u00f3 en la edici\u00f3n <strong>2021<\/strong> del <a href=\"https:\/\/elojocojo.org\/category\/festival-2021\/\"><strong>Festival de cine el ojO cojo<\/strong> <\/a>en ese sentido nos sentimos honrados de haberla exhibido.<\/p>\n\n\n\n<p>Visita nuestro blog <a href=\"https:\/\/el-ojocojo.blogspot.com\/\">https:\/\/el-ojocojo.blogspot.com\/<\/a><\/p>\n\n\n\n<p><\/p>\n","protected":false},"excerpt":{"rendered":"<p>T\u00cdTULO: La BestiaT\u00cdTULO ORIGINAL: La BestiaA\u00d1O: 2020DIRECTOR: Marlijn van Nuenen \/ Ram Tamez \/ Alfredo Gerard KuttikattG\u00c9NERO cinematogr\u00e1fico: Corto Ficci\u00f3n AnimadaDURACI\u00d3N: 7&#8242;PA\u00cdS: FranciaFORMATO ORIGINAL: HDTIPO: Animaci\u00f3n, Corto, EstudiantilIDIOMA ORIGINAL: Espa\u00f1olSUBT\u00cdTULOS: Ingl\u00e9sPRODUCCI\u00d3N: Mo\u00efra MarguinGUI\u00d3N: Marlijn van Nuenen, Alfredo Gerard Kuttikatt, Ram TamezSONIDO: C\u00e9dric Denooz, C\u00e9dric DenoozM\u00daSICA: Thomas Pironneau, Ram TamezOpera prima SINOPSIS: Un joven contrabandista mexicano [&hellip;]<\/p>\n","protected":false},"author":11,"featured_media":59015,"comment_status":"closed","ping_status":"closed","sticky":false,"template":"","format":"standard","meta":{"_monsterinsights_skip_tracking":false,"_monsterinsights_sitenote_active":false,"_monsterinsights_sitenote_note":"","_monsterinsights_sitenote_category":0,"footnotes":""},"categories":[32,1460,2019],"tags":[2002,2021,1833,1897,1908,2003,1193,881,1893,2119,2391,1981,1982,1628,438,2118,433,60,128,1896],"class_list":{"0":"post-42510","1":"post","2":"type-post","3":"status-publish","4":"format-standard","5":"has-post-thumbnail","7":"category-animacion","8":"category-cortometraje","9":"category-festival-2021","10":"tag-2002","11":"tag-2021","12":"tag-animacion","13":"tag-cine-accesible","14":"tag-cine-inclusivo","15":"tag-de-13-a-15-anos","16":"tag-derechos-humanos","17":"tag-desplazados","18":"tag-educar-en-valores","19":"tag-espanol","20":"tag-espaol","21":"tag-festival-de-cine","22":"tag-festival-el-ojo-cojo","23":"tag-ficcion","24":"tag-francia","25":"tag-ingles","26":"tag-inmigrantes","27":"tag-migraciones","28":"tag-ninos","29":"tag-videoteca","30":"czr-hentry"},"yoast_head":"<!-- This site is optimized with the Yoast SEO plugin v27.1.1 - https:\/\/yoast.com\/product\/yoast-seo-wordpress\/ -->\n<title>La Bestia - el ojO cojo<\/title>\n<meta name=\"description\" content=\"Pel\u00edcula La Bestia exhibida en la edici\u00f3n 2021 del Festival el ojO cojo. Pa\u00eds de origen, Francia. Dirigido por Marlijn van Nuenen \/ Ram Tamez \/ Alfredo Gerard Kuttikatt.\" \/>\n<meta name=\"robots\" content=\"index, follow, max-snippet:-1, max-image-preview:large, max-video-preview:-1\" \/>\n<link rel=\"canonical\" href=\"https:\/\/elojocojo.org\/la-bestia\/\" \/>\n<meta property=\"og:locale\" content=\"es_ES\" \/>\n<meta property=\"og:type\" content=\"article\" \/>\n<meta property=\"og:title\" content=\"La Bestia - el ojO cojo\" \/>\n<meta property=\"og:description\" content=\"Pel\u00edcula La Bestia exhibida en la edici\u00f3n 2021 del Festival el ojO cojo. Pa\u00eds de origen, Francia. Dirigido por Marlijn van Nuenen \/ Ram Tamez \/ Alfredo Gerard Kuttikatt.\" \/>\n<meta property=\"og:url\" content=\"https:\/\/elojocojo.org\/la-bestia\/\" \/>\n<meta property=\"og:site_name\" content=\"el ojO cojo\" \/>\n<meta property=\"article:publisher\" content=\"https:\/\/www.facebook.com\/elojocojo\" \/>\n<meta property=\"article:published_time\" content=\"2021-09-30T14:21:02+00:00\" \/>\n<meta property=\"article:modified_time\" content=\"2025-09-30T16:29:31+00:00\" \/>\n<meta property=\"og:image\" content=\"https:\/\/elojocojo.org\/wp-content\/uploads\/2021\/09\/labestia_CART-dest.webp\" \/>\n\t<meta property=\"og:image:width\" content=\"253\" \/>\n\t<meta property=\"og:image:height\" content=\"101\" \/>\n\t<meta property=\"og:image:type\" content=\"image\/webp\" \/>\n<meta name=\"author\" content=\"cojo\" \/>\n<meta name=\"twitter:card\" content=\"summary_large_image\" \/>\n<meta name=\"twitter:creator\" content=\"@elojocojo\" \/>\n<meta name=\"twitter:site\" content=\"@elojocojo\" \/>\n<meta name=\"twitter:label1\" content=\"Escrito por\" \/>\n\t<meta name=\"twitter:data1\" content=\"cojo\" \/>\n\t<meta name=\"twitter:label2\" content=\"Tiempo de lectura\" \/>\n\t<meta name=\"twitter:data2\" content=\"1 minuto\" \/>\n<script type=\"application\/ld+json\" class=\"yoast-schema-graph\">{\"@context\":\"https:\/\/schema.org\",\"@graph\":[{\"@type\":\"Article\",\"@id\":\"https:\/\/elojocojo.org\/la-bestia\/#article\",\"isPartOf\":{\"@id\":\"https:\/\/elojocojo.org\/la-bestia\/\"},\"author\":{\"name\":\"cojo\",\"@id\":\"https:\/\/elojocojo.org\/#\/schema\/person\/cba15985dd5da095cac31c1ff0d6e23e\"},\"headline\":\"La Bestia\",\"datePublished\":\"2021-09-30T14:21:02+00:00\",\"dateModified\":\"2025-09-30T16:29:31+00:00\",\"mainEntityOfPage\":{\"@id\":\"https:\/\/elojocojo.org\/la-bestia\/\"},\"wordCount\":231,\"publisher\":{\"@id\":\"https:\/\/elojocojo.org\/#organization\"},\"image\":{\"@id\":\"https:\/\/elojocojo.org\/la-bestia\/#primaryimage\"},\"thumbnailUrl\":\"https:\/\/elojocojo.org\/wp-content\/uploads\/2021\/09\/labestia_CART-dest.webp\",\"keywords\":[\"2020\",\"2021\",\"animaci\u00f3n\",\"cine accesible\",\"cine inclusivo\",\"de 13 a 15 a\u00f1os\",\"Derechos Humanos\",\"Desplazados\",\"educar en valores\",\"espa\u00f1ol\",\"espa\u00b1ol\",\"festival de cine\",\"Festival el Ojo cojo\",\"ficci\u00f3n\",\"Francia\",\"ingl\u00e9s\",\"inmigrantes\",\"migraciones\",\"ni\u00f1os\",\"Videoteca\"],\"articleSection\":[\"Animaci\u00f3n\",\"Cortometraje\",\"Festival 2021\"],\"inLanguage\":\"es\"},{\"@type\":\"WebPage\",\"@id\":\"https:\/\/elojocojo.org\/la-bestia\/\",\"url\":\"https:\/\/elojocojo.org\/la-bestia\/\",\"name\":\"La Bestia - el ojO cojo\",\"isPartOf\":{\"@id\":\"https:\/\/elojocojo.org\/#website\"},\"primaryImageOfPage\":{\"@id\":\"https:\/\/elojocojo.org\/la-bestia\/#primaryimage\"},\"image\":{\"@id\":\"https:\/\/elojocojo.org\/la-bestia\/#primaryimage\"},\"thumbnailUrl\":\"https:\/\/elojocojo.org\/wp-content\/uploads\/2021\/09\/labestia_CART-dest.webp\",\"datePublished\":\"2021-09-30T14:21:02+00:00\",\"dateModified\":\"2025-09-30T16:29:31+00:00\",\"description\":\"Pel\u00edcula La Bestia exhibida en la edici\u00f3n 2021 del Festival el ojO cojo. Pa\u00eds de origen, Francia. Dirigido por Marlijn van Nuenen \/ Ram Tamez \/ Alfredo Gerard Kuttikatt.\",\"breadcrumb\":{\"@id\":\"https:\/\/elojocojo.org\/la-bestia\/#breadcrumb\"},\"inLanguage\":\"es\",\"potentialAction\":[{\"@type\":\"ReadAction\",\"target\":[\"https:\/\/elojocojo.org\/la-bestia\/\"]}]},{\"@type\":\"ImageObject\",\"inLanguage\":\"es\",\"@id\":\"https:\/\/elojocojo.org\/la-bestia\/#primaryimage\",\"url\":\"https:\/\/elojocojo.org\/wp-content\/uploads\/2021\/09\/labestia_CART-dest.webp\",\"contentUrl\":\"https:\/\/elojocojo.org\/wp-content\/uploads\/2021\/09\/labestia_CART-dest.webp\",\"width\":253,\"height\":101},{\"@type\":\"BreadcrumbList\",\"@id\":\"https:\/\/elojocojo.org\/la-bestia\/#breadcrumb\",\"itemListElement\":[{\"@type\":\"ListItem\",\"position\":1,\"name\":\"Portada\",\"item\":\"https:\/\/elojocojo.org\/\"},{\"@type\":\"ListItem\",\"position\":2,\"name\":\"2020\",\"item\":\"https:\/\/elojocojo.org\/tag\/2020\/\"},{\"@type\":\"ListItem\",\"position\":3,\"name\":\"La Bestia\"}]},{\"@type\":\"WebSite\",\"@id\":\"https:\/\/elojocojo.org\/#website\",\"url\":\"https:\/\/elojocojo.org\/\",\"name\":\"el ojO cojo\",\"description\":\"Todos estamos hechos de la misma esencia\",\"publisher\":{\"@id\":\"https:\/\/elojocojo.org\/#organization\"},\"potentialAction\":[{\"@type\":\"SearchAction\",\"target\":{\"@type\":\"EntryPoint\",\"urlTemplate\":\"https:\/\/elojocojo.org\/?s={search_term_string}\"},\"query-input\":{\"@type\":\"PropertyValueSpecification\",\"valueRequired\":true,\"valueName\":\"search_term_string\"}}],\"inLanguage\":\"es\"},{\"@type\":\"Organization\",\"@id\":\"https:\/\/elojocojo.org\/#organization\",\"name\":\"Meigas da r\u00faa\",\"url\":\"https:\/\/elojocojo.org\/\",\"logo\":{\"@type\":\"ImageObject\",\"inLanguage\":\"es\",\"@id\":\"https:\/\/elojocojo.org\/#\/schema\/logo\/image\/\",\"url\":\"https:\/\/meigasdarua.org\/wp-content\/uploads\/2020\/09\/cropped-logo-meigas-5.png\",\"contentUrl\":\"https:\/\/meigasdarua.org\/wp-content\/uploads\/2020\/09\/cropped-logo-meigas-5.png\",\"width\":109,\"height\":200,\"caption\":\"Meigas da r\u00faa\"},\"image\":{\"@id\":\"https:\/\/elojocojo.org\/#\/schema\/logo\/image\/\"},\"sameAs\":[\"https:\/\/www.facebook.com\/elojocojo\",\"https:\/\/x.com\/elojocojo\",\"https:\/\/www.instagram.com\/elojocojo\/?hl=es\",\"https:\/\/www.linkedin.com\/in\/el-ojo-cojo-b52b7769\/\",\"https:\/\/www.pinterest.es\/elojocojo\/_saved\/\",\"https:\/\/www.youtube.com\/channel\/UCkFtFTV0Bms7zH7vq8FZxZg\"]},{\"@type\":\"Person\",\"@id\":\"https:\/\/elojocojo.org\/#\/schema\/person\/cba15985dd5da095cac31c1ff0d6e23e\",\"name\":\"cojo\",\"url\":\"https:\/\/elojocojo.org\/author\/cojo\/\"}]}<\/script>\n<!-- \/ Yoast SEO plugin. -->","yoast_head_json":{"title":"La Bestia - el ojO cojo","description":"Pel\u00edcula La Bestia exhibida en la edici\u00f3n 2021 del Festival el ojO cojo. Pa\u00eds de origen, Francia. Dirigido por Marlijn van Nuenen \/ Ram Tamez \/ Alfredo Gerard Kuttikatt.","robots":{"index":"index","follow":"follow","max-snippet":"max-snippet:-1","max-image-preview":"max-image-preview:large","max-video-preview":"max-video-preview:-1"},"canonical":"https:\/\/elojocojo.org\/la-bestia\/","og_locale":"es_ES","og_type":"article","og_title":"La Bestia - el ojO cojo","og_description":"Pel\u00edcula La Bestia exhibida en la edici\u00f3n 2021 del Festival el ojO cojo. Pa\u00eds de origen, Francia. Dirigido por Marlijn van Nuenen \/ Ram Tamez \/ Alfredo Gerard Kuttikatt.","og_url":"https:\/\/elojocojo.org\/la-bestia\/","og_site_name":"el ojO cojo","article_publisher":"https:\/\/www.facebook.com\/elojocojo","article_published_time":"2021-09-30T14:21:02+00:00","article_modified_time":"2025-09-30T16:29:31+00:00","og_image":[{"width":253,"height":101,"url":"https:\/\/elojocojo.org\/wp-content\/uploads\/2021\/09\/labestia_CART-dest.webp","type":"image\/webp"}],"author":"cojo","twitter_card":"summary_large_image","twitter_creator":"@elojocojo","twitter_site":"@elojocojo","twitter_misc":{"Escrito por":"cojo","Tiempo de lectura":"1 minuto"},"schema":{"@context":"https:\/\/schema.org","@graph":[{"@type":"Article","@id":"https:\/\/elojocojo.org\/la-bestia\/#article","isPartOf":{"@id":"https:\/\/elojocojo.org\/la-bestia\/"},"author":{"name":"cojo","@id":"https:\/\/elojocojo.org\/#\/schema\/person\/cba15985dd5da095cac31c1ff0d6e23e"},"headline":"La Bestia","datePublished":"2021-09-30T14:21:02+00:00","dateModified":"2025-09-30T16:29:31+00:00","mainEntityOfPage":{"@id":"https:\/\/elojocojo.org\/la-bestia\/"},"wordCount":231,"publisher":{"@id":"https:\/\/elojocojo.org\/#organization"},"image":{"@id":"https:\/\/elojocojo.org\/la-bestia\/#primaryimage"},"thumbnailUrl":"https:\/\/elojocojo.org\/wp-content\/uploads\/2021\/09\/labestia_CART-dest.webp","keywords":["2020","2021","animaci\u00f3n","cine accesible","cine inclusivo","de 13 a 15 a\u00f1os","Derechos Humanos","Desplazados","educar en valores","espa\u00f1ol","espa\u00b1ol","festival de cine","Festival el Ojo cojo","ficci\u00f3n","Francia","ingl\u00e9s","inmigrantes","migraciones","ni\u00f1os","Videoteca"],"articleSection":["Animaci\u00f3n","Cortometraje","Festival 2021"],"inLanguage":"es"},{"@type":"WebPage","@id":"https:\/\/elojocojo.org\/la-bestia\/","url":"https:\/\/elojocojo.org\/la-bestia\/","name":"La Bestia - el ojO cojo","isPartOf":{"@id":"https:\/\/elojocojo.org\/#website"},"primaryImageOfPage":{"@id":"https:\/\/elojocojo.org\/la-bestia\/#primaryimage"},"image":{"@id":"https:\/\/elojocojo.org\/la-bestia\/#primaryimage"},"thumbnailUrl":"https:\/\/elojocojo.org\/wp-content\/uploads\/2021\/09\/labestia_CART-dest.webp","datePublished":"2021-09-30T14:21:02+00:00","dateModified":"2025-09-30T16:29:31+00:00","description":"Pel\u00edcula La Bestia exhibida en la edici\u00f3n 2021 del Festival el ojO cojo. Pa\u00eds de origen, Francia. Dirigido por Marlijn van Nuenen \/ Ram Tamez \/ Alfredo Gerard Kuttikatt.","breadcrumb":{"@id":"https:\/\/elojocojo.org\/la-bestia\/#breadcrumb"},"inLanguage":"es","potentialAction":[{"@type":"ReadAction","target":["https:\/\/elojocojo.org\/la-bestia\/"]}]},{"@type":"ImageObject","inLanguage":"es","@id":"https:\/\/elojocojo.org\/la-bestia\/#primaryimage","url":"https:\/\/elojocojo.org\/wp-content\/uploads\/2021\/09\/labestia_CART-dest.webp","contentUrl":"https:\/\/elojocojo.org\/wp-content\/uploads\/2021\/09\/labestia_CART-dest.webp","width":253,"height":101},{"@type":"BreadcrumbList","@id":"https:\/\/elojocojo.org\/la-bestia\/#breadcrumb","itemListElement":[{"@type":"ListItem","position":1,"name":"Portada","item":"https:\/\/elojocojo.org\/"},{"@type":"ListItem","position":2,"name":"2020","item":"https:\/\/elojocojo.org\/tag\/2020\/"},{"@type":"ListItem","position":3,"name":"La Bestia"}]},{"@type":"WebSite","@id":"https:\/\/elojocojo.org\/#website","url":"https:\/\/elojocojo.org\/","name":"el ojO cojo","description":"Todos estamos hechos de la misma esencia","publisher":{"@id":"https:\/\/elojocojo.org\/#organization"},"potentialAction":[{"@type":"SearchAction","target":{"@type":"EntryPoint","urlTemplate":"https:\/\/elojocojo.org\/?s={search_term_string}"},"query-input":{"@type":"PropertyValueSpecification","valueRequired":true,"valueName":"search_term_string"}}],"inLanguage":"es"},{"@type":"Organization","@id":"https:\/\/elojocojo.org\/#organization","name":"Meigas da r\u00faa","url":"https:\/\/elojocojo.org\/","logo":{"@type":"ImageObject","inLanguage":"es","@id":"https:\/\/elojocojo.org\/#\/schema\/logo\/image\/","url":"https:\/\/meigasdarua.org\/wp-content\/uploads\/2020\/09\/cropped-logo-meigas-5.png","contentUrl":"https:\/\/meigasdarua.org\/wp-content\/uploads\/2020\/09\/cropped-logo-meigas-5.png","width":109,"height":200,"caption":"Meigas da r\u00faa"},"image":{"@id":"https:\/\/elojocojo.org\/#\/schema\/logo\/image\/"},"sameAs":["https:\/\/www.facebook.com\/elojocojo","https:\/\/x.com\/elojocojo","https:\/\/www.instagram.com\/elojocojo\/?hl=es","https:\/\/www.linkedin.com\/in\/el-ojo-cojo-b52b7769\/","https:\/\/www.pinterest.es\/elojocojo\/_saved\/","https:\/\/www.youtube.com\/channel\/UCkFtFTV0Bms7zH7vq8FZxZg"]},{"@type":"Person","@id":"https:\/\/elojocojo.org\/#\/schema\/person\/cba15985dd5da095cac31c1ff0d6e23e","name":"cojo","url":"https:\/\/elojocojo.org\/author\/cojo\/"}]}},"_links":{"self":[{"href":"https:\/\/elojocojo.org\/wp-json\/wp\/v2\/posts\/42510","targetHints":{"allow":["GET"]}}],"collection":[{"href":"https:\/\/elojocojo.org\/wp-json\/wp\/v2\/posts"}],"about":[{"href":"https:\/\/elojocojo.org\/wp-json\/wp\/v2\/types\/post"}],"author":[{"embeddable":true,"href":"https:\/\/elojocojo.org\/wp-json\/wp\/v2\/users\/11"}],"replies":[{"embeddable":true,"href":"https:\/\/elojocojo.org\/wp-json\/wp\/v2\/comments?post=42510"}],"version-history":[{"count":1,"href":"https:\/\/elojocojo.org\/wp-json\/wp\/v2\/posts\/42510\/revisions"}],"predecessor-version":[{"id":48358,"href":"https:\/\/elojocojo.org\/wp-json\/wp\/v2\/posts\/42510\/revisions\/48358"}],"wp:featuredmedia":[{"embeddable":true,"href":"https:\/\/elojocojo.org\/wp-json\/wp\/v2\/media\/59015"}],"wp:attachment":[{"href":"https:\/\/elojocojo.org\/wp-json\/wp\/v2\/media?parent=42510"}],"wp:term":[{"taxonomy":"category","embeddable":true,"href":"https:\/\/elojocojo.org\/wp-json\/wp\/v2\/categories?post=42510"},{"taxonomy":"post_tag","embeddable":true,"href":"https:\/\/elojocojo.org\/wp-json\/wp\/v2\/tags?post=42510"}],"curies":[{"name":"wp","href":"https:\/\/api.w.org\/{rel}","templated":true}]}}