{"id":42484,"date":"2021-09-29T04:55:54","date_gmt":"2021-09-29T11:55:54","guid":{"rendered":"https:\/\/meigasdarua.org\/?p=42484"},"modified":"2025-09-17T15:53:25","modified_gmt":"2025-09-17T13:53:25","slug":"aly","status":"publish","type":"post","link":"https:\/\/elojocojo.org\/aly\/","title":{"rendered":"Aly"},"content":{"rendered":"\n<figure class=\"wp-block-embed is-type-video is-provider-vimeo wp-block-embed-vimeo wp-embed-aspect-16-9 wp-has-aspect-ratio\"><div class=\"wp-block-embed__wrapper\">\n<iframe title=\"ALY - Trailer\" src=\"https:\/\/player.vimeo.com\/video\/547949650?dnt=1&amp;app_id=122963\" width=\"1140\" height=\"641\" frameborder=\"0\" allow=\"autoplay; fullscreen; picture-in-picture\"><\/iframe>\n<\/div><\/figure>\n\n\n\n<p>T\u00cdTULO ORIGINAL: Aly<br \/>A\u00d1O: 2021<br \/>DIRECTOR: Thomas Wood<br \/>G\u00c9NERO cinematogr\u00e1fico: Corto Ficci\u00f3n<br \/>DURACI\u00d3N: 11&#8242;<br \/>PA\u00cdS: Francia<br \/>FORMATO ORIGINAL: Digital, Alexa Mini<br \/>TIPO: Corto<br \/>IDIOMA ORIGINAL: Franc\u00e9s<br \/>SUBT\u00cdTULOS: Ingl\u00e9s<br \/>INT\u00c9RPRETES: Mamadou Diallo<br \/>PRODUCCI\u00d3N: L\u00e9o Burgat, Michelangelo Fano<br \/>GUI\u00d3N: Thomas Wood<br \/>EDICI\u00d3N\/MONTAJE: Georgia Fu<br \/>DIRECCI\u00d3N DE FOTOGRAF\u00cdA: Jeff Wong<br \/>SONIDO: Cl\u00e9ment Badin<br \/>M\u00daSICA: Th\u00e9o Bedoucha<\/p>\n\n\n\n<h3 class=\"wp-block-heading\"><br \/>SINOPSIS: Aly<\/h3>\n\n\n\n<p>En las calles de Par\u00eds, Aly, un joven solicitante de asilo originario de Guinea, recibe una invitaci\u00f3n inesperada para asistir a una fiesta organizada por j\u00f3venes franceses. Lleno de expectativas y curiosidad, Aly se encamina hacia el evento, donde la promesa de una noche alegre parece ofrecer un respiro en su dif\u00edcil b\u00fasqueda de refugio en un pa\u00eds lejano.<\/p>\n\n\n\n<p>Mientras camina por las bulliciosas calles de la ciudad de la luz, Aly se ve inmerso en una realidad que no puede ignorar. Aunque su coraz\u00f3n alberga la esperanza de un futuro mejor, su mente no puede evitar confrontar las complejidades de su situaci\u00f3n como solicitante de asilo.<\/p>\n\n\n\n<p>Cuando finalmente llega a la fiesta y se encuentra rodeado de j\u00f3venes franceses que disfrutan de la vida nocturna parisina, Aly se da cuenta de que, aunque comparte el mismo espacio geogr\u00e1fico, sus realidades son radicalmente diferentes. La brecha cultural y las barreras ling\u00fc\u00edsticas se hacen evidentes.<\/p>\n\n\n\n<p>Despu\u00e9s de una noche de interacciones limitadas y dificultades de comunicaci\u00f3n, Aly regresa a su refugio temporal con una sensaci\u00f3n de aislamiento y una comprensi\u00f3n m\u00e1s profunda de la distancia que lo separa de la sociedad que lo rodea. Aunque su coraz\u00f3n ans\u00eda la inclusi\u00f3n y la aceptaci\u00f3n, Aly se enfrenta a la realidad de que, generalmente, su camino hacia la integraci\u00f3n en un nuevo pa\u00eds est\u00e1 plagado de desaf\u00edos.<\/p>\n\n\n\n<p>PALMAR\u00c9S:<\/p>\n\n\n\n<p>Festival Internacional de Cortometrajes de Palm Springs (Estados Unidos, 2021)<br \/>Premio<\/p>\n\n\n\n<p>El filme Aly particip\u00f3 en la edici\u00f3n <strong>2021<\/strong> del <a href=\"https:\/\/elojocojo.org\/category\/festival-2021\/\"><strong>Festival de cine el ojO cojo<\/strong> <\/a>en ese sentido nos sentimos honrados de haberla exhibido.<\/p>\n\n\n\n<p><a href=\"https:\/\/el-ojocojo.blogspot.com\/\">Visita nuestro blog<\/a><\/p>\n","protected":false},"excerpt":{"rendered":"<p>T\u00cdTULO ORIGINAL: AlyA\u00d1O: 2021DIRECTOR: Thomas WoodG\u00c9NERO cinematogr\u00e1fico: Corto Ficci\u00f3nDURACI\u00d3N: 11&#8242;PA\u00cdS: FranciaFORMATO ORIGINAL: Digital, Alexa MiniTIPO: CortoIDIOMA ORIGINAL: Franc\u00e9sSUBT\u00cdTULOS: Ingl\u00e9sINT\u00c9RPRETES: Mamadou DialloPRODUCCI\u00d3N: L\u00e9o Burgat, Michelangelo FanoGUI\u00d3N: Thomas WoodEDICI\u00d3N\/MONTAJE: Georgia FuDIRECCI\u00d3N DE FOTOGRAF\u00cdA: Jeff WongSONIDO: Cl\u00e9ment BadinM\u00daSICA: Th\u00e9o Bedoucha SINOPSIS: Aly En las calles de Par\u00eds, Aly, un joven solicitante de asilo originario de Guinea, recibe una [&hellip;]<\/p>\n","protected":false},"author":11,"featured_media":42485,"comment_status":"closed","ping_status":"closed","sticky":false,"template":"","format":"standard","meta":{"_monsterinsights_skip_tracking":false,"_monsterinsights_sitenote_active":false,"_monsterinsights_sitenote_note":"","_monsterinsights_sitenote_category":0,"footnotes":""},"categories":[1460,2019,30],"tags":[2021,1897,1908,1779,881,26,1893,2191,1476,1981,1982,1628,438,2118,433,60,1083,1896,1011],"class_list":{"0":"post-42484","1":"post","2":"type-post","3":"status-publish","4":"format-standard","5":"has-post-thumbnail","7":"category-cortometraje","8":"category-festival-2021","9":"category-ficcion","10":"tag-2021","11":"tag-cine-accesible","12":"tag-cine-inclusivo","13":"tag-cultura","14":"tag-desplazados","15":"tag-discriminacion","16":"tag-educar-en-valores","17":"tag-esperanza","18":"tag-exclusion","19":"tag-festival-de-cine","20":"tag-festival-el-ojo-cojo","21":"tag-ficcion","22":"tag-francia","23":"tag-ingles","24":"tag-inmigrantes","25":"tag-migraciones","26":"tag-minorias","27":"tag-videoteca","28":"tag-violencia-policial","29":"czr-hentry"},"yoast_head":"<!-- This site is optimized with the Yoast SEO plugin v27.1.1 - https:\/\/yoast.com\/product\/yoast-seo-wordpress\/ -->\n<title>Aly - el ojO cojo<\/title>\n<meta name=\"description\" content=\"Pel\u00edcula Aly exhibida en la edici\u00f3n 2021 del Festival el ojO cojo. Pa\u00eds de origen, Francia. Dirigido por Thomas Wood.\" \/>\n<meta name=\"robots\" content=\"index, follow, max-snippet:-1, max-image-preview:large, max-video-preview:-1\" \/>\n<link rel=\"canonical\" href=\"https:\/\/elojocojo.org\/aly\/\" \/>\n<meta property=\"og:locale\" content=\"es_ES\" \/>\n<meta property=\"og:type\" content=\"article\" \/>\n<meta property=\"og:title\" content=\"Aly - el ojO cojo\" \/>\n<meta property=\"og:description\" content=\"Pel\u00edcula Aly exhibida en la edici\u00f3n 2021 del Festival el ojO cojo. Pa\u00eds de origen, Francia. Dirigido por Thomas Wood.\" \/>\n<meta property=\"og:url\" content=\"https:\/\/elojocojo.org\/aly\/\" \/>\n<meta property=\"og:site_name\" content=\"el ojO cojo\" \/>\n<meta property=\"article:publisher\" content=\"https:\/\/www.facebook.com\/elojocojo\" \/>\n<meta property=\"article:published_time\" content=\"2021-09-29T11:55:54+00:00\" \/>\n<meta property=\"article:modified_time\" content=\"2025-09-17T13:53:25+00:00\" \/>\n<meta property=\"og:image\" content=\"https:\/\/elojocojo.org\/wp-content\/uploads\/2021\/09\/aly_CART.webp\" \/>\n\t<meta property=\"og:image:width\" content=\"768\" \/>\n\t<meta property=\"og:image:height\" content=\"1024\" \/>\n\t<meta property=\"og:image:type\" content=\"image\/webp\" \/>\n<meta name=\"author\" content=\"cojo\" \/>\n<meta name=\"twitter:card\" content=\"summary_large_image\" \/>\n<meta name=\"twitter:creator\" content=\"@elojocojo\" \/>\n<meta name=\"twitter:site\" content=\"@elojocojo\" \/>\n<meta name=\"twitter:label1\" content=\"Escrito por\" \/>\n\t<meta name=\"twitter:data1\" content=\"cojo\" \/>\n\t<meta name=\"twitter:label2\" content=\"Tiempo de lectura\" \/>\n\t<meta name=\"twitter:data2\" content=\"1 minuto\" \/>\n<script type=\"application\/ld+json\" class=\"yoast-schema-graph\">{\"@context\":\"https:\/\/schema.org\",\"@graph\":[{\"@type\":\"Article\",\"@id\":\"https:\/\/elojocojo.org\/aly\/#article\",\"isPartOf\":{\"@id\":\"https:\/\/elojocojo.org\/aly\/\"},\"author\":{\"name\":\"cojo\",\"@id\":\"https:\/\/elojocojo.org\/#\/schema\/person\/cba15985dd5da095cac31c1ff0d6e23e\"},\"headline\":\"Aly\",\"datePublished\":\"2021-09-29T11:55:54+00:00\",\"dateModified\":\"2025-09-17T13:53:25+00:00\",\"mainEntityOfPage\":{\"@id\":\"https:\/\/elojocojo.org\/aly\/\"},\"wordCount\":350,\"publisher\":{\"@id\":\"https:\/\/elojocojo.org\/#organization\"},\"image\":{\"@id\":\"https:\/\/elojocojo.org\/aly\/#primaryimage\"},\"thumbnailUrl\":\"https:\/\/elojocojo.org\/wp-content\/uploads\/2021\/09\/aly_CART.webp\",\"keywords\":[\"2021\",\"cine accesible\",\"cine inclusivo\",\"cultura\",\"Desplazados\",\"discriminaci\u00f3n\",\"educar en valores\",\"esperanza\",\"exclusi\u00f3n\",\"festival de cine\",\"Festival el Ojo cojo\",\"ficci\u00f3n\",\"Francia\",\"ingl\u00e9s\",\"inmigrantes\",\"migraciones\",\"minor\u00edas\",\"Videoteca\",\"violencia policial\"],\"articleSection\":[\"Cortometraje\",\"Festival 2021\",\"Ficci\u00f3n\"],\"inLanguage\":\"es\"},{\"@type\":\"WebPage\",\"@id\":\"https:\/\/elojocojo.org\/aly\/\",\"url\":\"https:\/\/elojocojo.org\/aly\/\",\"name\":\"Aly - el ojO cojo\",\"isPartOf\":{\"@id\":\"https:\/\/elojocojo.org\/#website\"},\"primaryImageOfPage\":{\"@id\":\"https:\/\/elojocojo.org\/aly\/#primaryimage\"},\"image\":{\"@id\":\"https:\/\/elojocojo.org\/aly\/#primaryimage\"},\"thumbnailUrl\":\"https:\/\/elojocojo.org\/wp-content\/uploads\/2021\/09\/aly_CART.webp\",\"datePublished\":\"2021-09-29T11:55:54+00:00\",\"dateModified\":\"2025-09-17T13:53:25+00:00\",\"description\":\"Pel\u00edcula Aly exhibida en la edici\u00f3n 2021 del Festival el ojO cojo. Pa\u00eds de origen, Francia. Dirigido por Thomas Wood.\",\"breadcrumb\":{\"@id\":\"https:\/\/elojocojo.org\/aly\/#breadcrumb\"},\"inLanguage\":\"es\",\"potentialAction\":[{\"@type\":\"ReadAction\",\"target\":[\"https:\/\/elojocojo.org\/aly\/\"]}]},{\"@type\":\"ImageObject\",\"inLanguage\":\"es\",\"@id\":\"https:\/\/elojocojo.org\/aly\/#primaryimage\",\"url\":\"https:\/\/elojocojo.org\/wp-content\/uploads\/2021\/09\/aly_CART.webp\",\"contentUrl\":\"https:\/\/elojocojo.org\/wp-content\/uploads\/2021\/09\/aly_CART.webp\",\"width\":768,\"height\":1024,\"caption\":\"portada del film aly\"},{\"@type\":\"BreadcrumbList\",\"@id\":\"https:\/\/elojocojo.org\/aly\/#breadcrumb\",\"itemListElement\":[{\"@type\":\"ListItem\",\"position\":1,\"name\":\"Portada\",\"item\":\"https:\/\/elojocojo.org\/\"},{\"@type\":\"ListItem\",\"position\":2,\"name\":\"2021\",\"item\":\"https:\/\/elojocojo.org\/tag\/2021\/\"},{\"@type\":\"ListItem\",\"position\":3,\"name\":\"Aly\"}]},{\"@type\":\"WebSite\",\"@id\":\"https:\/\/elojocojo.org\/#website\",\"url\":\"https:\/\/elojocojo.org\/\",\"name\":\"el ojO cojo\",\"description\":\"Todos estamos hechos de la misma esencia\",\"publisher\":{\"@id\":\"https:\/\/elojocojo.org\/#organization\"},\"potentialAction\":[{\"@type\":\"SearchAction\",\"target\":{\"@type\":\"EntryPoint\",\"urlTemplate\":\"https:\/\/elojocojo.org\/?s={search_term_string}\"},\"query-input\":{\"@type\":\"PropertyValueSpecification\",\"valueRequired\":true,\"valueName\":\"search_term_string\"}}],\"inLanguage\":\"es\"},{\"@type\":\"Organization\",\"@id\":\"https:\/\/elojocojo.org\/#organization\",\"name\":\"Meigas da r\u00faa\",\"url\":\"https:\/\/elojocojo.org\/\",\"logo\":{\"@type\":\"ImageObject\",\"inLanguage\":\"es\",\"@id\":\"https:\/\/elojocojo.org\/#\/schema\/logo\/image\/\",\"url\":\"https:\/\/meigasdarua.org\/wp-content\/uploads\/2020\/09\/cropped-logo-meigas-5.png\",\"contentUrl\":\"https:\/\/meigasdarua.org\/wp-content\/uploads\/2020\/09\/cropped-logo-meigas-5.png\",\"width\":109,\"height\":200,\"caption\":\"Meigas da r\u00faa\"},\"image\":{\"@id\":\"https:\/\/elojocojo.org\/#\/schema\/logo\/image\/\"},\"sameAs\":[\"https:\/\/www.facebook.com\/elojocojo\",\"https:\/\/x.com\/elojocojo\",\"https:\/\/www.instagram.com\/elojocojo\/?hl=es\",\"https:\/\/www.linkedin.com\/in\/el-ojo-cojo-b52b7769\/\",\"https:\/\/www.pinterest.es\/elojocojo\/_saved\/\",\"https:\/\/www.youtube.com\/channel\/UCkFtFTV0Bms7zH7vq8FZxZg\"]},{\"@type\":\"Person\",\"@id\":\"https:\/\/elojocojo.org\/#\/schema\/person\/cba15985dd5da095cac31c1ff0d6e23e\",\"name\":\"cojo\",\"url\":\"https:\/\/elojocojo.org\/author\/cojo\/\"}]}<\/script>\n<!-- \/ Yoast SEO plugin. -->","yoast_head_json":{"title":"Aly - el ojO cojo","description":"Pel\u00edcula Aly exhibida en la edici\u00f3n 2021 del Festival el ojO cojo. Pa\u00eds de origen, Francia. Dirigido por Thomas Wood.","robots":{"index":"index","follow":"follow","max-snippet":"max-snippet:-1","max-image-preview":"max-image-preview:large","max-video-preview":"max-video-preview:-1"},"canonical":"https:\/\/elojocojo.org\/aly\/","og_locale":"es_ES","og_type":"article","og_title":"Aly - el ojO cojo","og_description":"Pel\u00edcula Aly exhibida en la edici\u00f3n 2021 del Festival el ojO cojo. Pa\u00eds de origen, Francia. Dirigido por Thomas Wood.","og_url":"https:\/\/elojocojo.org\/aly\/","og_site_name":"el ojO cojo","article_publisher":"https:\/\/www.facebook.com\/elojocojo","article_published_time":"2021-09-29T11:55:54+00:00","article_modified_time":"2025-09-17T13:53:25+00:00","og_image":[{"width":768,"height":1024,"url":"https:\/\/elojocojo.org\/wp-content\/uploads\/2021\/09\/aly_CART.webp","type":"image\/webp"}],"author":"cojo","twitter_card":"summary_large_image","twitter_creator":"@elojocojo","twitter_site":"@elojocojo","twitter_misc":{"Escrito por":"cojo","Tiempo de lectura":"1 minuto"},"schema":{"@context":"https:\/\/schema.org","@graph":[{"@type":"Article","@id":"https:\/\/elojocojo.org\/aly\/#article","isPartOf":{"@id":"https:\/\/elojocojo.org\/aly\/"},"author":{"name":"cojo","@id":"https:\/\/elojocojo.org\/#\/schema\/person\/cba15985dd5da095cac31c1ff0d6e23e"},"headline":"Aly","datePublished":"2021-09-29T11:55:54+00:00","dateModified":"2025-09-17T13:53:25+00:00","mainEntityOfPage":{"@id":"https:\/\/elojocojo.org\/aly\/"},"wordCount":350,"publisher":{"@id":"https:\/\/elojocojo.org\/#organization"},"image":{"@id":"https:\/\/elojocojo.org\/aly\/#primaryimage"},"thumbnailUrl":"https:\/\/elojocojo.org\/wp-content\/uploads\/2021\/09\/aly_CART.webp","keywords":["2021","cine accesible","cine inclusivo","cultura","Desplazados","discriminaci\u00f3n","educar en valores","esperanza","exclusi\u00f3n","festival de cine","Festival el Ojo cojo","ficci\u00f3n","Francia","ingl\u00e9s","inmigrantes","migraciones","minor\u00edas","Videoteca","violencia policial"],"articleSection":["Cortometraje","Festival 2021","Ficci\u00f3n"],"inLanguage":"es"},{"@type":"WebPage","@id":"https:\/\/elojocojo.org\/aly\/","url":"https:\/\/elojocojo.org\/aly\/","name":"Aly - el ojO cojo","isPartOf":{"@id":"https:\/\/elojocojo.org\/#website"},"primaryImageOfPage":{"@id":"https:\/\/elojocojo.org\/aly\/#primaryimage"},"image":{"@id":"https:\/\/elojocojo.org\/aly\/#primaryimage"},"thumbnailUrl":"https:\/\/elojocojo.org\/wp-content\/uploads\/2021\/09\/aly_CART.webp","datePublished":"2021-09-29T11:55:54+00:00","dateModified":"2025-09-17T13:53:25+00:00","description":"Pel\u00edcula Aly exhibida en la edici\u00f3n 2021 del Festival el ojO cojo. Pa\u00eds de origen, Francia. Dirigido por Thomas Wood.","breadcrumb":{"@id":"https:\/\/elojocojo.org\/aly\/#breadcrumb"},"inLanguage":"es","potentialAction":[{"@type":"ReadAction","target":["https:\/\/elojocojo.org\/aly\/"]}]},{"@type":"ImageObject","inLanguage":"es","@id":"https:\/\/elojocojo.org\/aly\/#primaryimage","url":"https:\/\/elojocojo.org\/wp-content\/uploads\/2021\/09\/aly_CART.webp","contentUrl":"https:\/\/elojocojo.org\/wp-content\/uploads\/2021\/09\/aly_CART.webp","width":768,"height":1024,"caption":"portada del film aly"},{"@type":"BreadcrumbList","@id":"https:\/\/elojocojo.org\/aly\/#breadcrumb","itemListElement":[{"@type":"ListItem","position":1,"name":"Portada","item":"https:\/\/elojocojo.org\/"},{"@type":"ListItem","position":2,"name":"2021","item":"https:\/\/elojocojo.org\/tag\/2021\/"},{"@type":"ListItem","position":3,"name":"Aly"}]},{"@type":"WebSite","@id":"https:\/\/elojocojo.org\/#website","url":"https:\/\/elojocojo.org\/","name":"el ojO cojo","description":"Todos estamos hechos de la misma esencia","publisher":{"@id":"https:\/\/elojocojo.org\/#organization"},"potentialAction":[{"@type":"SearchAction","target":{"@type":"EntryPoint","urlTemplate":"https:\/\/elojocojo.org\/?s={search_term_string}"},"query-input":{"@type":"PropertyValueSpecification","valueRequired":true,"valueName":"search_term_string"}}],"inLanguage":"es"},{"@type":"Organization","@id":"https:\/\/elojocojo.org\/#organization","name":"Meigas da r\u00faa","url":"https:\/\/elojocojo.org\/","logo":{"@type":"ImageObject","inLanguage":"es","@id":"https:\/\/elojocojo.org\/#\/schema\/logo\/image\/","url":"https:\/\/meigasdarua.org\/wp-content\/uploads\/2020\/09\/cropped-logo-meigas-5.png","contentUrl":"https:\/\/meigasdarua.org\/wp-content\/uploads\/2020\/09\/cropped-logo-meigas-5.png","width":109,"height":200,"caption":"Meigas da r\u00faa"},"image":{"@id":"https:\/\/elojocojo.org\/#\/schema\/logo\/image\/"},"sameAs":["https:\/\/www.facebook.com\/elojocojo","https:\/\/x.com\/elojocojo","https:\/\/www.instagram.com\/elojocojo\/?hl=es","https:\/\/www.linkedin.com\/in\/el-ojo-cojo-b52b7769\/","https:\/\/www.pinterest.es\/elojocojo\/_saved\/","https:\/\/www.youtube.com\/channel\/UCkFtFTV0Bms7zH7vq8FZxZg"]},{"@type":"Person","@id":"https:\/\/elojocojo.org\/#\/schema\/person\/cba15985dd5da095cac31c1ff0d6e23e","name":"cojo","url":"https:\/\/elojocojo.org\/author\/cojo\/"}]}},"_links":{"self":[{"href":"https:\/\/elojocojo.org\/wp-json\/wp\/v2\/posts\/42484","targetHints":{"allow":["GET"]}}],"collection":[{"href":"https:\/\/elojocojo.org\/wp-json\/wp\/v2\/posts"}],"about":[{"href":"https:\/\/elojocojo.org\/wp-json\/wp\/v2\/types\/post"}],"author":[{"embeddable":true,"href":"https:\/\/elojocojo.org\/wp-json\/wp\/v2\/users\/11"}],"replies":[{"embeddable":true,"href":"https:\/\/elojocojo.org\/wp-json\/wp\/v2\/comments?post=42484"}],"version-history":[{"count":3,"href":"https:\/\/elojocojo.org\/wp-json\/wp\/v2\/posts\/42484\/revisions"}],"predecessor-version":[{"id":71865,"href":"https:\/\/elojocojo.org\/wp-json\/wp\/v2\/posts\/42484\/revisions\/71865"}],"wp:featuredmedia":[{"embeddable":true,"href":"https:\/\/elojocojo.org\/wp-json\/wp\/v2\/media\/42485"}],"wp:attachment":[{"href":"https:\/\/elojocojo.org\/wp-json\/wp\/v2\/media?parent=42484"}],"wp:term":[{"taxonomy":"category","embeddable":true,"href":"https:\/\/elojocojo.org\/wp-json\/wp\/v2\/categories?post=42484"},{"taxonomy":"post_tag","embeddable":true,"href":"https:\/\/elojocojo.org\/wp-json\/wp\/v2\/tags?post=42484"}],"curies":[{"name":"wp","href":"https:\/\/api.w.org\/{rel}","templated":true}]}}