{"id":42478,"date":"2021-09-29T04:49:24","date_gmt":"2021-09-29T11:49:24","guid":{"rendered":"https:\/\/meigasdarua.org\/?p=42478"},"modified":"2025-09-30T18:29:42","modified_gmt":"2025-09-30T16:29:42","slug":"invierno","status":"publish","type":"post","link":"https:\/\/elojocojo.org\/invierno\/","title":{"rendered":"Invierno"},"content":{"rendered":"\n<figure class=\"wp-block-embed is-type-video is-provider-vimeo wp-block-embed-vimeo wp-embed-aspect-16-9 wp-has-aspect-ratio\"><div class=\"wp-block-embed__wrapper\">\n<iframe title=\"INVERNO (Timo&#039;s winter) di Giulio Mastromauro - Trailer ITA\" src=\"https:\/\/player.vimeo.com\/video\/392090752?h=0777b21953&amp;dnt=1&amp;app_id=122963\" width=\"1140\" height=\"641\" frameborder=\"0\" allow=\"autoplay; fullscreen; picture-in-picture\" allowfullscreen><\/iframe>\n<\/div><\/figure>\n\n\n\n<p>T\u00cdTULO: Invierno<br \/>T\u00cdTULO ORIGINAL: Inverno (Timo&#8217;s winter) &#8211; Espa\u00f1ol SUBS<br \/>A\u00d1O: 2020<br \/>DIRECTOR: Giulio Mastromauro<br \/>G\u00c9NERO cinematogr\u00e1fico: Corto Ficci\u00f3n<br \/>DURACI\u00d3N: 16&#8242;<br \/>PA\u00cdS: Italia<br \/>FORMATO ORIGINAL: HD<br \/>TIPO: Corto<br \/>IDIOMA ORIGINAL: Griego<br \/>SUBT\u00cdTULOS: Espa\u00f1ol<br \/>INT\u00c9RPRETES: Giulio Beranek, Babak Karimi, Elisabetta De Vito, Christian Petaroscia<br \/>PRODUCCI\u00d3N: Zen Movie, Indaco Film, Wave Cinema, Diero Film<br \/>GUI\u00d3N: Andrea Brusa, Giulio Mastromauro<br \/>EDICI\u00d3N\/MONTAJE: Gianluca Scarpa<br \/>DIRECCI\u00d3N DE FOTOGRAF\u00cdA: Sandro Chessa<br \/>SONIDO: Matteo Bendinelli<\/p>\n\n\n\n<p><br \/>SINOPSIS: <\/p>\n\n\n\n<p> Invierno. Timo, el m\u00e1s joven de una comunidad griega de trabajadores de Funfair, tendr\u00e1 que enfrentarse al invierno m\u00e1s duro junto a sus seres queridos. Una historia sobre la muerte como semilla de esperanza, los abuelos como apoyo de su nieto.&nbsp;Una pel\u00edcula hermosa y un mensaje poderoso.&nbsp;Y su especial amargor con sabor m\u00e1s a sal.&nbsp;M\u00e1s importante a\u00fan, la justa definici\u00f3n de familia frente a la p\u00e9rdida de su orden familiar.<\/p>\n\n\n\n<p>PALMAR\u00c9S: <\/p>\n\n\n\n<p>FESTIVAL DE CINE DE ISCHIA (ITALIA) | Ganador al MEJOR CORTOMETRAJE<\/p>\n\n\n\n<p>FESTIVAL DE CINE DE LA PRATO (ITALIA) | Ganador del MEJOR CORTOMETRAJE. Ganador del MEJOR DIRECTOR | Ganador del MEJOR GUI\u00d3N.<\/p>\n\n\n\n<p>PREMIOS DE CINE DE ONYKO (ESTONIA) | Ganador al MEJOR CORTOMETRAJE DRAMA<\/p>\n\n\n\n<p>FESTIVAL DE CINE ITALIANO DE SAN DIEGO (EE.UU.) | Ganador del PREMIO GOLDEN RISTRETTO<\/p>\n\n\n\n<p>\u200b<\/p>\n\n\n\n<p>El filme Invierno particip\u00f3 en la edici\u00f3n <strong>2021<\/strong> del <a href=\"https:\/\/elojocojo.org\/category\/festival-2021\/\"><strong>Festival de cine el ojO cojo<\/strong> <\/a>en ese sentido nos sentimos honrados de haberla exhibido.<\/p>\n\n\n\n<p>Visita nuestro blog <a href=\"https:\/\/el-ojocojo.blogspot.com\/\">https:\/\/el-ojocojo.blogspot.com\/<\/a><\/p>\n","protected":false},"excerpt":{"rendered":"<p>T\u00cdTULO: InviernoT\u00cdTULO ORIGINAL: Inverno (Timo&#8217;s winter) &#8211; Espa\u00f1ol SUBSA\u00d1O: 2020DIRECTOR: Giulio MastromauroG\u00c9NERO cinematogr\u00e1fico: Corto Ficci\u00f3nDURACI\u00d3N: 16&#8242;PA\u00cdS: ItaliaFORMATO ORIGINAL: HDTIPO: CortoIDIOMA ORIGINAL: GriegoSUBT\u00cdTULOS: Espa\u00f1olINT\u00c9RPRETES: Giulio Beranek, Babak Karimi, Elisabetta De Vito, Christian PetarosciaPRODUCCI\u00d3N: Zen Movie, Indaco Film, Wave Cinema, Diero FilmGUI\u00d3N: Andrea Brusa, Giulio MastromauroEDICI\u00d3N\/MONTAJE: Gianluca ScarpaDIRECCI\u00d3N DE FOTOGRAF\u00cdA: Sandro ChessaSONIDO: Matteo Bendinelli SINOPSIS: Invierno. Timo, [&hellip;]<\/p>\n","protected":false},"author":11,"featured_media":42479,"comment_status":"closed","ping_status":"closed","sticky":false,"template":"","format":"standard","meta":{"_monsterinsights_skip_tracking":false,"_monsterinsights_sitenote_active":false,"_monsterinsights_sitenote_note":"","_monsterinsights_sitenote_category":0,"footnotes":""},"categories":[1460,2019,30],"tags":[2002,2021,962,1897,1908,62,2003,1737,1603,1893,2119,2391,2191,15,1981,1982,1628,473,288,128,1484,1128,1013,1896],"class_list":{"0":"post-42478","1":"post","2":"type-post","3":"status-publish","4":"format-standard","5":"has-post-thumbnail","7":"category-cortometraje","8":"category-festival-2021","9":"category-ficcion","10":"tag-2002","11":"tag-2021","12":"tag-amor-filial","13":"tag-cine-accesible","14":"tag-cine-inclusivo","15":"tag-convivencia","16":"tag-de-13-a-15-anos","17":"tag-drama","18":"tag-duelo","19":"tag-educar-en-valores","20":"tag-espanol","21":"tag-espaol","22":"tag-esperanza","23":"tag-familia","24":"tag-festival-de-cine","25":"tag-festival-el-ojo-cojo","26":"tag-ficcion","27":"tag-italia","28":"tag-jovenes","29":"tag-ninos","30":"tag-salud-mental","31":"tag-salud-y-bienestar","32":"tag-vida-cotidiana","33":"tag-videoteca","34":"czr-hentry"},"yoast_head":"<!-- This site is optimized with the Yoast SEO plugin v27.1.1 - https:\/\/yoast.com\/product\/yoast-seo-wordpress\/ -->\n<title>Invierno - el ojO cojo<\/title>\n<meta name=\"description\" content=\"Pel\u00edcula Invierno exhibida en la edici\u00f3n 2021 del Festival el ojO cojo. Pa\u00eds de origen, Italia. Dirigido por Giulio Mastromauro.\" \/>\n<meta name=\"robots\" content=\"index, follow, max-snippet:-1, max-image-preview:large, max-video-preview:-1\" \/>\n<link rel=\"canonical\" href=\"https:\/\/elojocojo.org\/invierno\/\" \/>\n<meta property=\"og:locale\" content=\"es_ES\" \/>\n<meta property=\"og:type\" content=\"article\" \/>\n<meta property=\"og:title\" content=\"Invierno - el ojO cojo\" \/>\n<meta property=\"og:description\" content=\"Pel\u00edcula Invierno exhibida en la edici\u00f3n 2021 del Festival el ojO cojo. Pa\u00eds de origen, Italia. Dirigido por Giulio Mastromauro.\" \/>\n<meta property=\"og:url\" content=\"https:\/\/elojocojo.org\/invierno\/\" \/>\n<meta property=\"og:site_name\" content=\"el ojO cojo\" \/>\n<meta property=\"article:publisher\" content=\"https:\/\/www.facebook.com\/elojocojo\" \/>\n<meta property=\"article:published_time\" content=\"2021-09-29T11:49:24+00:00\" \/>\n<meta property=\"article:modified_time\" content=\"2025-09-30T16:29:42+00:00\" \/>\n<meta property=\"og:image\" content=\"https:\/\/elojocojo.org\/wp-content\/uploads\/2021\/09\/inverno_CART-e1635460598206.webp\" \/>\n\t<meta property=\"og:image:width\" content=\"900\" \/>\n\t<meta property=\"og:image:height\" content=\"1274\" \/>\n\t<meta property=\"og:image:type\" content=\"image\/webp\" \/>\n<meta name=\"author\" content=\"cojo\" \/>\n<meta name=\"twitter:card\" content=\"summary_large_image\" \/>\n<meta name=\"twitter:creator\" content=\"@elojocojo\" \/>\n<meta name=\"twitter:site\" content=\"@elojocojo\" \/>\n<meta name=\"twitter:label1\" content=\"Escrito por\" \/>\n\t<meta name=\"twitter:data1\" content=\"cojo\" \/>\n\t<meta name=\"twitter:label2\" content=\"Tiempo de lectura\" \/>\n\t<meta name=\"twitter:data2\" content=\"1 minuto\" \/>\n<script type=\"application\/ld+json\" class=\"yoast-schema-graph\">{\"@context\":\"https:\/\/schema.org\",\"@graph\":[{\"@type\":\"Article\",\"@id\":\"https:\/\/elojocojo.org\/invierno\/#article\",\"isPartOf\":{\"@id\":\"https:\/\/elojocojo.org\/invierno\/\"},\"author\":{\"name\":\"cojo\",\"@id\":\"https:\/\/elojocojo.org\/#\/schema\/person\/cba15985dd5da095cac31c1ff0d6e23e\"},\"headline\":\"Invierno\",\"datePublished\":\"2021-09-29T11:49:24+00:00\",\"dateModified\":\"2025-09-30T16:29:42+00:00\",\"mainEntityOfPage\":{\"@id\":\"https:\/\/elojocojo.org\/invierno\/\"},\"wordCount\":248,\"publisher\":{\"@id\":\"https:\/\/elojocojo.org\/#organization\"},\"image\":{\"@id\":\"https:\/\/elojocojo.org\/invierno\/#primaryimage\"},\"thumbnailUrl\":\"https:\/\/elojocojo.org\/wp-content\/uploads\/2021\/09\/inverno_CART-e1635460598206.webp\",\"keywords\":[\"2020\",\"2021\",\"amor filial\",\"cine accesible\",\"cine inclusivo\",\"convivencia\",\"de 13 a 15 a\u00f1os\",\"drama\",\"duelo\",\"educar en valores\",\"espa\u00f1ol\",\"espa\u00b1ol\",\"esperanza\",\"familia\",\"festival de cine\",\"Festival el Ojo cojo\",\"ficci\u00f3n\",\"Italia\",\"j\u00f3venes\",\"ni\u00f1os\",\"salud mental\",\"Salud y bienestar\",\"vida cotidiana\",\"Videoteca\"],\"articleSection\":[\"Cortometraje\",\"Festival 2021\",\"Ficci\u00f3n\"],\"inLanguage\":\"es\"},{\"@type\":\"WebPage\",\"@id\":\"https:\/\/elojocojo.org\/invierno\/\",\"url\":\"https:\/\/elojocojo.org\/invierno\/\",\"name\":\"Invierno - el ojO cojo\",\"isPartOf\":{\"@id\":\"https:\/\/elojocojo.org\/#website\"},\"primaryImageOfPage\":{\"@id\":\"https:\/\/elojocojo.org\/invierno\/#primaryimage\"},\"image\":{\"@id\":\"https:\/\/elojocojo.org\/invierno\/#primaryimage\"},\"thumbnailUrl\":\"https:\/\/elojocojo.org\/wp-content\/uploads\/2021\/09\/inverno_CART-e1635460598206.webp\",\"datePublished\":\"2021-09-29T11:49:24+00:00\",\"dateModified\":\"2025-09-30T16:29:42+00:00\",\"description\":\"Pel\u00edcula Invierno exhibida en la edici\u00f3n 2021 del Festival el ojO cojo. Pa\u00eds de origen, Italia. Dirigido por Giulio Mastromauro.\",\"breadcrumb\":{\"@id\":\"https:\/\/elojocojo.org\/invierno\/#breadcrumb\"},\"inLanguage\":\"es\",\"potentialAction\":[{\"@type\":\"ReadAction\",\"target\":[\"https:\/\/elojocojo.org\/invierno\/\"]}]},{\"@type\":\"ImageObject\",\"inLanguage\":\"es\",\"@id\":\"https:\/\/elojocojo.org\/invierno\/#primaryimage\",\"url\":\"https:\/\/elojocojo.org\/wp-content\/uploads\/2021\/09\/inverno_CART-e1635460598206.webp\",\"contentUrl\":\"https:\/\/elojocojo.org\/wp-content\/uploads\/2021\/09\/inverno_CART-e1635460598206.webp\",\"width\":900,\"height\":1274,\"caption\":\"portada del film invierno\"},{\"@type\":\"BreadcrumbList\",\"@id\":\"https:\/\/elojocojo.org\/invierno\/#breadcrumb\",\"itemListElement\":[{\"@type\":\"ListItem\",\"position\":1,\"name\":\"Portada\",\"item\":\"https:\/\/elojocojo.org\/\"},{\"@type\":\"ListItem\",\"position\":2,\"name\":\"2020\",\"item\":\"https:\/\/elojocojo.org\/tag\/2020\/\"},{\"@type\":\"ListItem\",\"position\":3,\"name\":\"Invierno\"}]},{\"@type\":\"WebSite\",\"@id\":\"https:\/\/elojocojo.org\/#website\",\"url\":\"https:\/\/elojocojo.org\/\",\"name\":\"el ojO cojo\",\"description\":\"Todos estamos hechos de la misma esencia\",\"publisher\":{\"@id\":\"https:\/\/elojocojo.org\/#organization\"},\"potentialAction\":[{\"@type\":\"SearchAction\",\"target\":{\"@type\":\"EntryPoint\",\"urlTemplate\":\"https:\/\/elojocojo.org\/?s={search_term_string}\"},\"query-input\":{\"@type\":\"PropertyValueSpecification\",\"valueRequired\":true,\"valueName\":\"search_term_string\"}}],\"inLanguage\":\"es\"},{\"@type\":\"Organization\",\"@id\":\"https:\/\/elojocojo.org\/#organization\",\"name\":\"Meigas da r\u00faa\",\"url\":\"https:\/\/elojocojo.org\/\",\"logo\":{\"@type\":\"ImageObject\",\"inLanguage\":\"es\",\"@id\":\"https:\/\/elojocojo.org\/#\/schema\/logo\/image\/\",\"url\":\"https:\/\/meigasdarua.org\/wp-content\/uploads\/2020\/09\/cropped-logo-meigas-5.png\",\"contentUrl\":\"https:\/\/meigasdarua.org\/wp-content\/uploads\/2020\/09\/cropped-logo-meigas-5.png\",\"width\":109,\"height\":200,\"caption\":\"Meigas da r\u00faa\"},\"image\":{\"@id\":\"https:\/\/elojocojo.org\/#\/schema\/logo\/image\/\"},\"sameAs\":[\"https:\/\/www.facebook.com\/elojocojo\",\"https:\/\/x.com\/elojocojo\",\"https:\/\/www.instagram.com\/elojocojo\/?hl=es\",\"https:\/\/www.linkedin.com\/in\/el-ojo-cojo-b52b7769\/\",\"https:\/\/www.pinterest.es\/elojocojo\/_saved\/\",\"https:\/\/www.youtube.com\/channel\/UCkFtFTV0Bms7zH7vq8FZxZg\"]},{\"@type\":\"Person\",\"@id\":\"https:\/\/elojocojo.org\/#\/schema\/person\/cba15985dd5da095cac31c1ff0d6e23e\",\"name\":\"cojo\",\"url\":\"https:\/\/elojocojo.org\/author\/cojo\/\"}]}<\/script>\n<!-- \/ Yoast SEO plugin. -->","yoast_head_json":{"title":"Invierno - el ojO cojo","description":"Pel\u00edcula Invierno exhibida en la edici\u00f3n 2021 del Festival el ojO cojo. Pa\u00eds de origen, Italia. Dirigido por Giulio Mastromauro.","robots":{"index":"index","follow":"follow","max-snippet":"max-snippet:-1","max-image-preview":"max-image-preview:large","max-video-preview":"max-video-preview:-1"},"canonical":"https:\/\/elojocojo.org\/invierno\/","og_locale":"es_ES","og_type":"article","og_title":"Invierno - el ojO cojo","og_description":"Pel\u00edcula Invierno exhibida en la edici\u00f3n 2021 del Festival el ojO cojo. Pa\u00eds de origen, Italia. Dirigido por Giulio Mastromauro.","og_url":"https:\/\/elojocojo.org\/invierno\/","og_site_name":"el ojO cojo","article_publisher":"https:\/\/www.facebook.com\/elojocojo","article_published_time":"2021-09-29T11:49:24+00:00","article_modified_time":"2025-09-30T16:29:42+00:00","og_image":[{"width":900,"height":1274,"url":"https:\/\/elojocojo.org\/wp-content\/uploads\/2021\/09\/inverno_CART-e1635460598206.webp","type":"image\/webp"}],"author":"cojo","twitter_card":"summary_large_image","twitter_creator":"@elojocojo","twitter_site":"@elojocojo","twitter_misc":{"Escrito por":"cojo","Tiempo de lectura":"1 minuto"},"schema":{"@context":"https:\/\/schema.org","@graph":[{"@type":"Article","@id":"https:\/\/elojocojo.org\/invierno\/#article","isPartOf":{"@id":"https:\/\/elojocojo.org\/invierno\/"},"author":{"name":"cojo","@id":"https:\/\/elojocojo.org\/#\/schema\/person\/cba15985dd5da095cac31c1ff0d6e23e"},"headline":"Invierno","datePublished":"2021-09-29T11:49:24+00:00","dateModified":"2025-09-30T16:29:42+00:00","mainEntityOfPage":{"@id":"https:\/\/elojocojo.org\/invierno\/"},"wordCount":248,"publisher":{"@id":"https:\/\/elojocojo.org\/#organization"},"image":{"@id":"https:\/\/elojocojo.org\/invierno\/#primaryimage"},"thumbnailUrl":"https:\/\/elojocojo.org\/wp-content\/uploads\/2021\/09\/inverno_CART-e1635460598206.webp","keywords":["2020","2021","amor filial","cine accesible","cine inclusivo","convivencia","de 13 a 15 a\u00f1os","drama","duelo","educar en valores","espa\u00f1ol","espa\u00b1ol","esperanza","familia","festival de cine","Festival el Ojo cojo","ficci\u00f3n","Italia","j\u00f3venes","ni\u00f1os","salud mental","Salud y bienestar","vida cotidiana","Videoteca"],"articleSection":["Cortometraje","Festival 2021","Ficci\u00f3n"],"inLanguage":"es"},{"@type":"WebPage","@id":"https:\/\/elojocojo.org\/invierno\/","url":"https:\/\/elojocojo.org\/invierno\/","name":"Invierno - el ojO cojo","isPartOf":{"@id":"https:\/\/elojocojo.org\/#website"},"primaryImageOfPage":{"@id":"https:\/\/elojocojo.org\/invierno\/#primaryimage"},"image":{"@id":"https:\/\/elojocojo.org\/invierno\/#primaryimage"},"thumbnailUrl":"https:\/\/elojocojo.org\/wp-content\/uploads\/2021\/09\/inverno_CART-e1635460598206.webp","datePublished":"2021-09-29T11:49:24+00:00","dateModified":"2025-09-30T16:29:42+00:00","description":"Pel\u00edcula Invierno exhibida en la edici\u00f3n 2021 del Festival el ojO cojo. Pa\u00eds de origen, Italia. Dirigido por Giulio Mastromauro.","breadcrumb":{"@id":"https:\/\/elojocojo.org\/invierno\/#breadcrumb"},"inLanguage":"es","potentialAction":[{"@type":"ReadAction","target":["https:\/\/elojocojo.org\/invierno\/"]}]},{"@type":"ImageObject","inLanguage":"es","@id":"https:\/\/elojocojo.org\/invierno\/#primaryimage","url":"https:\/\/elojocojo.org\/wp-content\/uploads\/2021\/09\/inverno_CART-e1635460598206.webp","contentUrl":"https:\/\/elojocojo.org\/wp-content\/uploads\/2021\/09\/inverno_CART-e1635460598206.webp","width":900,"height":1274,"caption":"portada del film invierno"},{"@type":"BreadcrumbList","@id":"https:\/\/elojocojo.org\/invierno\/#breadcrumb","itemListElement":[{"@type":"ListItem","position":1,"name":"Portada","item":"https:\/\/elojocojo.org\/"},{"@type":"ListItem","position":2,"name":"2020","item":"https:\/\/elojocojo.org\/tag\/2020\/"},{"@type":"ListItem","position":3,"name":"Invierno"}]},{"@type":"WebSite","@id":"https:\/\/elojocojo.org\/#website","url":"https:\/\/elojocojo.org\/","name":"el ojO cojo","description":"Todos estamos hechos de la misma esencia","publisher":{"@id":"https:\/\/elojocojo.org\/#organization"},"potentialAction":[{"@type":"SearchAction","target":{"@type":"EntryPoint","urlTemplate":"https:\/\/elojocojo.org\/?s={search_term_string}"},"query-input":{"@type":"PropertyValueSpecification","valueRequired":true,"valueName":"search_term_string"}}],"inLanguage":"es"},{"@type":"Organization","@id":"https:\/\/elojocojo.org\/#organization","name":"Meigas da r\u00faa","url":"https:\/\/elojocojo.org\/","logo":{"@type":"ImageObject","inLanguage":"es","@id":"https:\/\/elojocojo.org\/#\/schema\/logo\/image\/","url":"https:\/\/meigasdarua.org\/wp-content\/uploads\/2020\/09\/cropped-logo-meigas-5.png","contentUrl":"https:\/\/meigasdarua.org\/wp-content\/uploads\/2020\/09\/cropped-logo-meigas-5.png","width":109,"height":200,"caption":"Meigas da r\u00faa"},"image":{"@id":"https:\/\/elojocojo.org\/#\/schema\/logo\/image\/"},"sameAs":["https:\/\/www.facebook.com\/elojocojo","https:\/\/x.com\/elojocojo","https:\/\/www.instagram.com\/elojocojo\/?hl=es","https:\/\/www.linkedin.com\/in\/el-ojo-cojo-b52b7769\/","https:\/\/www.pinterest.es\/elojocojo\/_saved\/","https:\/\/www.youtube.com\/channel\/UCkFtFTV0Bms7zH7vq8FZxZg"]},{"@type":"Person","@id":"https:\/\/elojocojo.org\/#\/schema\/person\/cba15985dd5da095cac31c1ff0d6e23e","name":"cojo","url":"https:\/\/elojocojo.org\/author\/cojo\/"}]}},"_links":{"self":[{"href":"https:\/\/elojocojo.org\/wp-json\/wp\/v2\/posts\/42478","targetHints":{"allow":["GET"]}}],"collection":[{"href":"https:\/\/elojocojo.org\/wp-json\/wp\/v2\/posts"}],"about":[{"href":"https:\/\/elojocojo.org\/wp-json\/wp\/v2\/types\/post"}],"author":[{"embeddable":true,"href":"https:\/\/elojocojo.org\/wp-json\/wp\/v2\/users\/11"}],"replies":[{"embeddable":true,"href":"https:\/\/elojocojo.org\/wp-json\/wp\/v2\/comments?post=42478"}],"version-history":[{"count":1,"href":"https:\/\/elojocojo.org\/wp-json\/wp\/v2\/posts\/42478\/revisions"}],"predecessor-version":[{"id":48366,"href":"https:\/\/elojocojo.org\/wp-json\/wp\/v2\/posts\/42478\/revisions\/48366"}],"wp:featuredmedia":[{"embeddable":true,"href":"https:\/\/elojocojo.org\/wp-json\/wp\/v2\/media\/42479"}],"wp:attachment":[{"href":"https:\/\/elojocojo.org\/wp-json\/wp\/v2\/media?parent=42478"}],"wp:term":[{"taxonomy":"category","embeddable":true,"href":"https:\/\/elojocojo.org\/wp-json\/wp\/v2\/categories?post=42478"},{"taxonomy":"post_tag","embeddable":true,"href":"https:\/\/elojocojo.org\/wp-json\/wp\/v2\/tags?post=42478"}],"curies":[{"name":"wp","href":"https:\/\/api.w.org\/{rel}","templated":true}]}}