{"id":42459,"date":"2021-09-28T07:53:19","date_gmt":"2021-09-28T14:53:19","guid":{"rendered":"https:\/\/meigasdarua.org\/?p=42459"},"modified":"2025-09-30T18:30:06","modified_gmt":"2025-09-30T16:30:06","slug":"complices","status":"publish","type":"post","link":"https:\/\/elojocojo.org\/complices\/","title":{"rendered":"C\u00f3mplices"},"content":{"rendered":"\n<figure class=\"wp-block-embed is-type-video is-provider-youtube wp-block-embed-youtube wp-embed-aspect-16-9 wp-has-aspect-ratio\"><div class=\"wp-block-embed__wrapper\">\n<iframe title=\"C\u00d3MPLICES | TEASER TRAILER | YAQ DISTRIBUCI\u00d3N | CORTOMETRAJE | SHORTFILM\" width=\"1140\" height=\"641\" src=\"https:\/\/www.youtube.com\/embed\/93YKZ527yCY?feature=oembed\" frameborder=\"0\" allow=\"accelerometer; autoplay; clipboard-write; encrypted-media; gyroscope; picture-in-picture\" allowfullscreen><\/iframe>\n<\/div><\/figure>\n\n\n\n<p>T\u00cdTULO: C\u00f3mplices<br \/>T\u00cdTULO ORIGINAL: Accomplices<br \/>A\u00d1O: 2020<br \/>DIRECTOR: Rub\u00e9n Guindo Nova<br \/>G\u00c9NERO cinematogr\u00e1fico: Corto Ficci\u00f3n<br \/>DURACI\u00d3N: 20&#8242;<br \/>PA\u00cdS: Espa\u00f1a<br \/>FORMATO ORIGINAL: 4K<br \/>TIPO: Corto<br \/>IDIOMA ORIGINAL: Espa\u00f1ol<br \/>SUBT\u00cdTULOS: Ingl\u00e9s, Espa\u00f1ol<br \/>INT\u00c9RPRETES: Paula Gallego, M\u00f3nika Arroyo<br \/>PRODUCCI\u00d3N: Miguel Monteagudo<br \/>GUI\u00d3N: Rub\u00e9n Guindo Nova, Nuria Cabezas<br \/>DIRECCI\u00d3N DE FOTOGRAF\u00cdA:  Miguel Ezequiel <br \/>SONIDO: Mar\u00eda del Amor Castro<br \/>M\u00daSICA:  Jes\u00fas Calder\u00f3n <\/p>\n\n\n\n<p><br \/>SINOPSIS: <\/p>\n\n\n\n<p>C\u00f3mplices. Ana es una adolescente de quince a\u00f1os que asiste a sus clases todos los d\u00edas en la escuela. Aunque parece tener una vida bastante normal, hay una dura realidad oculta: durante a\u00f1os la han acosado cruel y repetidamente ante la indiferencia de sus compa\u00f1eros y tutores. Su vida diaria se ha convertido en una tortura insoportable agravada por la precaria situaci\u00f3n econ\u00f3mica que est\u00e1 asfixiando a su familia. A trav\u00e9s de los ojos de Ana, una joven adolescente, podremos ver c\u00f3mo el acoso continuado puede anular y destruir la personalidad de cualquier menor. Es un cortometraje sobre el acoso escolar (bullying) que busca ser un grito desesperado contra la sinraz\u00f3n, la deshumanizaci\u00f3n y la p\u00e9rdida de valores de la sociedad a todos los niveles, y tambi\u00e9n una cr\u00edtica al uso irresponsable o malintencionado de las redes sociales.<br \/><\/p>\n\n\n\n<p>PALMAR\u00c9S:<\/p>\n\n\n\n<p>MEJOR REPARTO en el Creation International Film Festival (EEUU)<br \/>MEJOR BSO en el Creation International Film Festival (EEUU)<br \/>PRIMER PREMIO en Festival Internacional Cine En Corto Levante Almeriense (ESPA\u00d1A)<br \/>PRIMER PREMIO en Festival Befree (ESPA\u00d1A)<\/p>\n\n\n\n<p><\/p>\n\n\n\n<p>El filme C\u00f3mplices particip\u00f3 en la edici\u00f3n <strong>2021<\/strong> del <a href=\"https:\/\/elojocojo.org\/category\/festival-2021\/\"><strong>Festival de cine el ojO cojo<\/strong> <\/a>en ese sentido nos sentimos honrados de haberla exhibido.<\/p>\n\n\n\n<p>Visita nuestro blog <a href=\"https:\/\/el-ojocojo.blogspot.com\/\">https:\/\/el-ojocojo.blogspot.com\/<\/a><\/p>\n","protected":false},"excerpt":{"rendered":"<p>T\u00cdTULO: C\u00f3mplicesT\u00cdTULO ORIGINAL: AccomplicesA\u00d1O: 2020DIRECTOR: Rub\u00e9n Guindo NovaG\u00c9NERO cinematogr\u00e1fico: Corto Ficci\u00f3nDURACI\u00d3N: 20&#8242;PA\u00cdS: Espa\u00f1aFORMATO ORIGINAL: 4KTIPO: CortoIDIOMA ORIGINAL: Espa\u00f1olSUBT\u00cdTULOS: Ingl\u00e9s, Espa\u00f1olINT\u00c9RPRETES: Paula Gallego, M\u00f3nika ArroyoPRODUCCI\u00d3N: Miguel MonteagudoGUI\u00d3N: Rub\u00e9n Guindo Nova, Nuria CabezasDIRECCI\u00d3N DE FOTOGRAF\u00cdA: Miguel Ezequiel SONIDO: Mar\u00eda del Amor CastroM\u00daSICA: Jes\u00fas Calder\u00f3n SINOPSIS: C\u00f3mplices. Ana es una adolescente de quince a\u00f1os que asiste a sus [&hellip;]<\/p>\n","protected":false},"author":11,"featured_media":42460,"comment_status":"closed","ping_status":"closed","sticky":false,"template":"","format":"standard","meta":{"_monsterinsights_skip_tracking":false,"_monsterinsights_sitenote_active":false,"_monsterinsights_sitenote_note":"","_monsterinsights_sitenote_category":0,"footnotes":""},"categories":[1460,2019,30],"tags":[2021,1897,1908,2003,1603,1893,2117,138,2119,2391,15,929,1981,1982,1628,1060,2118,288,91,1484,1128,1013,1896],"class_list":{"0":"post-42459","1":"post","2":"type-post","3":"status-publish","4":"format-standard","5":"has-post-thumbnail","7":"category-cortometraje","8":"category-festival-2021","9":"category-ficcion","10":"tag-2021","11":"tag-cine-accesible","12":"tag-cine-inclusivo","13":"tag-de-13-a-15-anos","14":"tag-duelo","15":"tag-educar-en-valores","16":"tag-eeuu","17":"tag-espana","18":"tag-espanol","19":"tag-espaol","20":"tag-familia","21":"tag-feminismo","22":"tag-festival-de-cine","23":"tag-festival-el-ojo-cojo","24":"tag-ficcion","25":"tag-igualdad-de-genero","26":"tag-ingles","27":"tag-jovenes","28":"tag-mujer","29":"tag-salud-mental","30":"tag-salud-y-bienestar","31":"tag-vida-cotidiana","32":"tag-videoteca","33":"czr-hentry"},"yoast_head":"<!-- This site is optimized with the Yoast SEO plugin v27.1.1 - https:\/\/yoast.com\/product\/yoast-seo-wordpress\/ -->\n<title>C\u00f3mplices - el ojO cojo<\/title>\n<meta name=\"description\" content=\"Pel\u00edcula C\u00f3mplices exhibida en la edici\u00f3n 2021 del Festival el ojO cojo. Pa\u00eds de origen, Espa\u00f1a. Dirigido por Rub\u00e9n Guindo Nova.\" \/>\n<meta name=\"robots\" content=\"index, follow, max-snippet:-1, max-image-preview:large, max-video-preview:-1\" \/>\n<link rel=\"canonical\" href=\"https:\/\/elojocojo.org\/complices\/\" \/>\n<meta property=\"og:locale\" content=\"es_ES\" \/>\n<meta property=\"og:type\" content=\"article\" \/>\n<meta property=\"og:title\" content=\"C\u00f3mplices - el ojO cojo\" \/>\n<meta property=\"og:description\" content=\"Pel\u00edcula C\u00f3mplices exhibida en la edici\u00f3n 2021 del Festival el ojO cojo. Pa\u00eds de origen, Espa\u00f1a. Dirigido por Rub\u00e9n Guindo Nova.\" \/>\n<meta property=\"og:url\" content=\"https:\/\/elojocojo.org\/complices\/\" \/>\n<meta property=\"og:site_name\" content=\"el ojO cojo\" \/>\n<meta property=\"article:publisher\" content=\"https:\/\/www.facebook.com\/elojocojo\" \/>\n<meta property=\"article:published_time\" content=\"2021-09-28T14:53:19+00:00\" \/>\n<meta property=\"article:modified_time\" content=\"2025-09-30T16:30:06+00:00\" \/>\n<meta property=\"og:image\" content=\"https:\/\/elojocojo.org\/wp-content\/uploads\/2021\/09\/accomplices_CART.webp\" \/>\n\t<meta property=\"og:image:width\" content=\"565\" \/>\n\t<meta property=\"og:image:height\" content=\"800\" \/>\n\t<meta property=\"og:image:type\" content=\"image\/webp\" \/>\n<meta name=\"author\" content=\"cojo\" \/>\n<meta name=\"twitter:card\" content=\"summary_large_image\" \/>\n<meta name=\"twitter:creator\" content=\"@elojocojo\" \/>\n<meta name=\"twitter:site\" content=\"@elojocojo\" \/>\n<meta name=\"twitter:label1\" content=\"Escrito por\" \/>\n\t<meta name=\"twitter:data1\" content=\"cojo\" \/>\n\t<meta name=\"twitter:label2\" content=\"Tiempo de lectura\" \/>\n\t<meta name=\"twitter:data2\" content=\"2 minutos\" \/>\n<script type=\"application\/ld+json\" class=\"yoast-schema-graph\">{\"@context\":\"https:\/\/schema.org\",\"@graph\":[{\"@type\":\"Article\",\"@id\":\"https:\/\/elojocojo.org\/complices\/#article\",\"isPartOf\":{\"@id\":\"https:\/\/elojocojo.org\/complices\/\"},\"author\":{\"name\":\"cojo\",\"@id\":\"https:\/\/elojocojo.org\/#\/schema\/person\/cba15985dd5da095cac31c1ff0d6e23e\"},\"headline\":\"C\u00f3mplices\",\"datePublished\":\"2021-09-28T14:53:19+00:00\",\"dateModified\":\"2025-09-30T16:30:06+00:00\",\"mainEntityOfPage\":{\"@id\":\"https:\/\/elojocojo.org\/complices\/\"},\"wordCount\":302,\"publisher\":{\"@id\":\"https:\/\/elojocojo.org\/#organization\"},\"image\":{\"@id\":\"https:\/\/elojocojo.org\/complices\/#primaryimage\"},\"thumbnailUrl\":\"https:\/\/elojocojo.org\/wp-content\/uploads\/2021\/09\/accomplices_CART.webp\",\"keywords\":[\"2021\",\"cine accesible\",\"cine inclusivo\",\"de 13 a 15 a\u00f1os\",\"duelo\",\"educar en valores\",\"EEUU\",\"Espa\u00f1a\",\"espa\u00f1ol\",\"espa\u00b1ol\",\"familia\",\"feminismo\",\"festival de cine\",\"Festival el Ojo cojo\",\"ficci\u00f3n\",\"igualdad de g\u00e9nero\",\"ingl\u00e9s\",\"j\u00f3venes\",\"mujer\",\"salud mental\",\"Salud y bienestar\",\"vida cotidiana\",\"Videoteca\"],\"articleSection\":[\"Cortometraje\",\"Festival 2021\",\"Ficci\u00f3n\"],\"inLanguage\":\"es\"},{\"@type\":\"WebPage\",\"@id\":\"https:\/\/elojocojo.org\/complices\/\",\"url\":\"https:\/\/elojocojo.org\/complices\/\",\"name\":\"C\u00f3mplices - el ojO cojo\",\"isPartOf\":{\"@id\":\"https:\/\/elojocojo.org\/#website\"},\"primaryImageOfPage\":{\"@id\":\"https:\/\/elojocojo.org\/complices\/#primaryimage\"},\"image\":{\"@id\":\"https:\/\/elojocojo.org\/complices\/#primaryimage\"},\"thumbnailUrl\":\"https:\/\/elojocojo.org\/wp-content\/uploads\/2021\/09\/accomplices_CART.webp\",\"datePublished\":\"2021-09-28T14:53:19+00:00\",\"dateModified\":\"2025-09-30T16:30:06+00:00\",\"description\":\"Pel\u00edcula C\u00f3mplices exhibida en la edici\u00f3n 2021 del Festival el ojO cojo. Pa\u00eds de origen, Espa\u00f1a. Dirigido por Rub\u00e9n Guindo Nova.\",\"breadcrumb\":{\"@id\":\"https:\/\/elojocojo.org\/complices\/#breadcrumb\"},\"inLanguage\":\"es\",\"potentialAction\":[{\"@type\":\"ReadAction\",\"target\":[\"https:\/\/elojocojo.org\/complices\/\"]}]},{\"@type\":\"ImageObject\",\"inLanguage\":\"es\",\"@id\":\"https:\/\/elojocojo.org\/complices\/#primaryimage\",\"url\":\"https:\/\/elojocojo.org\/wp-content\/uploads\/2021\/09\/accomplices_CART.webp\",\"contentUrl\":\"https:\/\/elojocojo.org\/wp-content\/uploads\/2021\/09\/accomplices_CART.webp\",\"width\":565,\"height\":800,\"caption\":\"portada del film complices\"},{\"@type\":\"BreadcrumbList\",\"@id\":\"https:\/\/elojocojo.org\/complices\/#breadcrumb\",\"itemListElement\":[{\"@type\":\"ListItem\",\"position\":1,\"name\":\"Portada\",\"item\":\"https:\/\/elojocojo.org\/\"},{\"@type\":\"ListItem\",\"position\":2,\"name\":\"2021\",\"item\":\"https:\/\/elojocojo.org\/tag\/2021\/\"},{\"@type\":\"ListItem\",\"position\":3,\"name\":\"C\u00f3mplices\"}]},{\"@type\":\"WebSite\",\"@id\":\"https:\/\/elojocojo.org\/#website\",\"url\":\"https:\/\/elojocojo.org\/\",\"name\":\"el ojO cojo\",\"description\":\"Todos estamos hechos de la misma esencia\",\"publisher\":{\"@id\":\"https:\/\/elojocojo.org\/#organization\"},\"potentialAction\":[{\"@type\":\"SearchAction\",\"target\":{\"@type\":\"EntryPoint\",\"urlTemplate\":\"https:\/\/elojocojo.org\/?s={search_term_string}\"},\"query-input\":{\"@type\":\"PropertyValueSpecification\",\"valueRequired\":true,\"valueName\":\"search_term_string\"}}],\"inLanguage\":\"es\"},{\"@type\":\"Organization\",\"@id\":\"https:\/\/elojocojo.org\/#organization\",\"name\":\"Meigas da r\u00faa\",\"url\":\"https:\/\/elojocojo.org\/\",\"logo\":{\"@type\":\"ImageObject\",\"inLanguage\":\"es\",\"@id\":\"https:\/\/elojocojo.org\/#\/schema\/logo\/image\/\",\"url\":\"https:\/\/meigasdarua.org\/wp-content\/uploads\/2020\/09\/cropped-logo-meigas-5.png\",\"contentUrl\":\"https:\/\/meigasdarua.org\/wp-content\/uploads\/2020\/09\/cropped-logo-meigas-5.png\",\"width\":109,\"height\":200,\"caption\":\"Meigas da r\u00faa\"},\"image\":{\"@id\":\"https:\/\/elojocojo.org\/#\/schema\/logo\/image\/\"},\"sameAs\":[\"https:\/\/www.facebook.com\/elojocojo\",\"https:\/\/x.com\/elojocojo\",\"https:\/\/www.instagram.com\/elojocojo\/?hl=es\",\"https:\/\/www.linkedin.com\/in\/el-ojo-cojo-b52b7769\/\",\"https:\/\/www.pinterest.es\/elojocojo\/_saved\/\",\"https:\/\/www.youtube.com\/channel\/UCkFtFTV0Bms7zH7vq8FZxZg\"]},{\"@type\":\"Person\",\"@id\":\"https:\/\/elojocojo.org\/#\/schema\/person\/cba15985dd5da095cac31c1ff0d6e23e\",\"name\":\"cojo\",\"url\":\"https:\/\/elojocojo.org\/author\/cojo\/\"}]}<\/script>\n<!-- \/ Yoast SEO plugin. -->","yoast_head_json":{"title":"C\u00f3mplices - el ojO cojo","description":"Pel\u00edcula C\u00f3mplices exhibida en la edici\u00f3n 2021 del Festival el ojO cojo. Pa\u00eds de origen, Espa\u00f1a. Dirigido por Rub\u00e9n Guindo Nova.","robots":{"index":"index","follow":"follow","max-snippet":"max-snippet:-1","max-image-preview":"max-image-preview:large","max-video-preview":"max-video-preview:-1"},"canonical":"https:\/\/elojocojo.org\/complices\/","og_locale":"es_ES","og_type":"article","og_title":"C\u00f3mplices - el ojO cojo","og_description":"Pel\u00edcula C\u00f3mplices exhibida en la edici\u00f3n 2021 del Festival el ojO cojo. Pa\u00eds de origen, Espa\u00f1a. Dirigido por Rub\u00e9n Guindo Nova.","og_url":"https:\/\/elojocojo.org\/complices\/","og_site_name":"el ojO cojo","article_publisher":"https:\/\/www.facebook.com\/elojocojo","article_published_time":"2021-09-28T14:53:19+00:00","article_modified_time":"2025-09-30T16:30:06+00:00","og_image":[{"width":565,"height":800,"url":"https:\/\/elojocojo.org\/wp-content\/uploads\/2021\/09\/accomplices_CART.webp","type":"image\/webp"}],"author":"cojo","twitter_card":"summary_large_image","twitter_creator":"@elojocojo","twitter_site":"@elojocojo","twitter_misc":{"Escrito por":"cojo","Tiempo de lectura":"2 minutos"},"schema":{"@context":"https:\/\/schema.org","@graph":[{"@type":"Article","@id":"https:\/\/elojocojo.org\/complices\/#article","isPartOf":{"@id":"https:\/\/elojocojo.org\/complices\/"},"author":{"name":"cojo","@id":"https:\/\/elojocojo.org\/#\/schema\/person\/cba15985dd5da095cac31c1ff0d6e23e"},"headline":"C\u00f3mplices","datePublished":"2021-09-28T14:53:19+00:00","dateModified":"2025-09-30T16:30:06+00:00","mainEntityOfPage":{"@id":"https:\/\/elojocojo.org\/complices\/"},"wordCount":302,"publisher":{"@id":"https:\/\/elojocojo.org\/#organization"},"image":{"@id":"https:\/\/elojocojo.org\/complices\/#primaryimage"},"thumbnailUrl":"https:\/\/elojocojo.org\/wp-content\/uploads\/2021\/09\/accomplices_CART.webp","keywords":["2021","cine accesible","cine inclusivo","de 13 a 15 a\u00f1os","duelo","educar en valores","EEUU","Espa\u00f1a","espa\u00f1ol","espa\u00b1ol","familia","feminismo","festival de cine","Festival el Ojo cojo","ficci\u00f3n","igualdad de g\u00e9nero","ingl\u00e9s","j\u00f3venes","mujer","salud mental","Salud y bienestar","vida cotidiana","Videoteca"],"articleSection":["Cortometraje","Festival 2021","Ficci\u00f3n"],"inLanguage":"es"},{"@type":"WebPage","@id":"https:\/\/elojocojo.org\/complices\/","url":"https:\/\/elojocojo.org\/complices\/","name":"C\u00f3mplices - el ojO cojo","isPartOf":{"@id":"https:\/\/elojocojo.org\/#website"},"primaryImageOfPage":{"@id":"https:\/\/elojocojo.org\/complices\/#primaryimage"},"image":{"@id":"https:\/\/elojocojo.org\/complices\/#primaryimage"},"thumbnailUrl":"https:\/\/elojocojo.org\/wp-content\/uploads\/2021\/09\/accomplices_CART.webp","datePublished":"2021-09-28T14:53:19+00:00","dateModified":"2025-09-30T16:30:06+00:00","description":"Pel\u00edcula C\u00f3mplices exhibida en la edici\u00f3n 2021 del Festival el ojO cojo. Pa\u00eds de origen, Espa\u00f1a. Dirigido por Rub\u00e9n Guindo Nova.","breadcrumb":{"@id":"https:\/\/elojocojo.org\/complices\/#breadcrumb"},"inLanguage":"es","potentialAction":[{"@type":"ReadAction","target":["https:\/\/elojocojo.org\/complices\/"]}]},{"@type":"ImageObject","inLanguage":"es","@id":"https:\/\/elojocojo.org\/complices\/#primaryimage","url":"https:\/\/elojocojo.org\/wp-content\/uploads\/2021\/09\/accomplices_CART.webp","contentUrl":"https:\/\/elojocojo.org\/wp-content\/uploads\/2021\/09\/accomplices_CART.webp","width":565,"height":800,"caption":"portada del film complices"},{"@type":"BreadcrumbList","@id":"https:\/\/elojocojo.org\/complices\/#breadcrumb","itemListElement":[{"@type":"ListItem","position":1,"name":"Portada","item":"https:\/\/elojocojo.org\/"},{"@type":"ListItem","position":2,"name":"2021","item":"https:\/\/elojocojo.org\/tag\/2021\/"},{"@type":"ListItem","position":3,"name":"C\u00f3mplices"}]},{"@type":"WebSite","@id":"https:\/\/elojocojo.org\/#website","url":"https:\/\/elojocojo.org\/","name":"el ojO cojo","description":"Todos estamos hechos de la misma esencia","publisher":{"@id":"https:\/\/elojocojo.org\/#organization"},"potentialAction":[{"@type":"SearchAction","target":{"@type":"EntryPoint","urlTemplate":"https:\/\/elojocojo.org\/?s={search_term_string}"},"query-input":{"@type":"PropertyValueSpecification","valueRequired":true,"valueName":"search_term_string"}}],"inLanguage":"es"},{"@type":"Organization","@id":"https:\/\/elojocojo.org\/#organization","name":"Meigas da r\u00faa","url":"https:\/\/elojocojo.org\/","logo":{"@type":"ImageObject","inLanguage":"es","@id":"https:\/\/elojocojo.org\/#\/schema\/logo\/image\/","url":"https:\/\/meigasdarua.org\/wp-content\/uploads\/2020\/09\/cropped-logo-meigas-5.png","contentUrl":"https:\/\/meigasdarua.org\/wp-content\/uploads\/2020\/09\/cropped-logo-meigas-5.png","width":109,"height":200,"caption":"Meigas da r\u00faa"},"image":{"@id":"https:\/\/elojocojo.org\/#\/schema\/logo\/image\/"},"sameAs":["https:\/\/www.facebook.com\/elojocojo","https:\/\/x.com\/elojocojo","https:\/\/www.instagram.com\/elojocojo\/?hl=es","https:\/\/www.linkedin.com\/in\/el-ojo-cojo-b52b7769\/","https:\/\/www.pinterest.es\/elojocojo\/_saved\/","https:\/\/www.youtube.com\/channel\/UCkFtFTV0Bms7zH7vq8FZxZg"]},{"@type":"Person","@id":"https:\/\/elojocojo.org\/#\/schema\/person\/cba15985dd5da095cac31c1ff0d6e23e","name":"cojo","url":"https:\/\/elojocojo.org\/author\/cojo\/"}]}},"_links":{"self":[{"href":"https:\/\/elojocojo.org\/wp-json\/wp\/v2\/posts\/42459","targetHints":{"allow":["GET"]}}],"collection":[{"href":"https:\/\/elojocojo.org\/wp-json\/wp\/v2\/posts"}],"about":[{"href":"https:\/\/elojocojo.org\/wp-json\/wp\/v2\/types\/post"}],"author":[{"embeddable":true,"href":"https:\/\/elojocojo.org\/wp-json\/wp\/v2\/users\/11"}],"replies":[{"embeddable":true,"href":"https:\/\/elojocojo.org\/wp-json\/wp\/v2\/comments?post=42459"}],"version-history":[{"count":1,"href":"https:\/\/elojocojo.org\/wp-json\/wp\/v2\/posts\/42459\/revisions"}],"predecessor-version":[{"id":48385,"href":"https:\/\/elojocojo.org\/wp-json\/wp\/v2\/posts\/42459\/revisions\/48385"}],"wp:featuredmedia":[{"embeddable":true,"href":"https:\/\/elojocojo.org\/wp-json\/wp\/v2\/media\/42460"}],"wp:attachment":[{"href":"https:\/\/elojocojo.org\/wp-json\/wp\/v2\/media?parent=42459"}],"wp:term":[{"taxonomy":"category","embeddable":true,"href":"https:\/\/elojocojo.org\/wp-json\/wp\/v2\/categories?post=42459"},{"taxonomy":"post_tag","embeddable":true,"href":"https:\/\/elojocojo.org\/wp-json\/wp\/v2\/tags?post=42459"}],"curies":[{"name":"wp","href":"https:\/\/api.w.org\/{rel}","templated":true}]}}