{"id":42447,"date":"2021-09-28T06:16:13","date_gmt":"2021-09-28T13:16:13","guid":{"rendered":"https:\/\/meigasdarua.org\/?p=42447"},"modified":"2025-09-26T18:52:57","modified_gmt":"2025-09-26T16:52:57","slug":"hoy-no","status":"publish","type":"post","link":"https:\/\/elojocojo.org\/hoy-no\/","title":{"rendered":"Hoy no"},"content":{"rendered":"\n<figure class=\"wp-block-embed is-type-video is-provider-youtube wp-block-embed-youtube wp-embed-aspect-16-9 wp-has-aspect-ratio\"><div class=\"wp-block-embed__wrapper\">\n<iframe title=\"Not Today: A Suicide Prevention Story | Trailer | Aditya Kripalani | Harsh Chhaya | Rucha Inamdar\" width=\"1140\" height=\"641\" src=\"https:\/\/www.youtube.com\/embed\/KpFxAIi2lnE?feature=oembed\" frameborder=\"0\" allow=\"accelerometer; autoplay; clipboard-write; encrypted-media; gyroscope; picture-in-picture; web-share\" referrerpolicy=\"strict-origin-when-cross-origin\" allowfullscreen><\/iframe>\n<\/div><\/figure>\n\n\n\n<p><br \/>Titulo Original: <em>Not today<\/em><\/p>\n\n\n\n<p><br \/>A\u00f1o: 2021<\/p>\n\n\n\n<p><br \/>Director: Aditya Kripalani<\/p>\n\n\n\n<p><br \/>Genero cinematogr\u00e1fico: Ficci\u00f3n<\/p>\n\n\n\n<p><br \/>Duracion: 93&#8242;<\/p>\n\n\n\n<p><br \/>Pais: India<\/p>\n\n\n\n<p><br \/>Formato Original: Digital<\/p>\n\n\n\n<p><br \/>Tipo: Largometraje<\/p>\n\n\n\n<p><br \/>Idioma Original: Ingl\u00e9s, Hindi<\/p>\n\n\n\n<p><br \/>Subtitulos: Ingl\u00e9s<\/p>\n\n\n\n<p><br \/>Interpretes: Rucha Inamdar, Harsh Chhaya<\/p>\n\n\n\n<p><br \/>Produccion: Aditya Kripalani, Sweta Chhabria Kripalani, Swati Shetty<\/p>\n\n\n\n<p><br \/>Guion: Aditya Kripalani<\/p>\n\n\n\n<p><br \/>Edicion\/Montaje: Rachita Singh<\/p>\n\n\n\n<p><br \/>Direccion de Fotografia: Aditi Sharma<\/p>\n\n\n\n<p><br \/>Sonido: Gourav Gill y Nilesh Jatwa<\/p>\n\n\n\n<h2 class=\"wp-block-heading\"><br \/><strong>Sinopsis<\/strong><\/h2>\n\n\n\n<h3 class=\"wp-block-heading\"><strong>Aliah Rupawala: Una Mujer de Fe y Desaf\u00edo Personal<\/strong><\/h3>\n\n\n\n<p>Aliah Rupawala es una mujer musulmana bohri de 24 a\u00f1os. Viene de una familia tradicional que sigue normas estrictas. Desde peque\u00f1a, ha tenido dificultades para encontrar su lugar en un mundo lleno de expectativas. Sin embargo, decide convertirse en Consejera de Prevenci\u00f3n del Suicidio, un trabajo que desaf\u00eda tanto su fe como las expectativas familiares.<\/p>\n\n\n\n<h3 class=\"wp-block-heading\"><strong>Un Encuentro Decisivo<\/strong><\/h3>\n\n\n\n<p>En su primer d\u00eda como Consejera de Prevenci\u00f3n del Suicidio, Aliah se enfrenta a una situaci\u00f3n extrema. Un hombre de 52 a\u00f1os est\u00e1 a punto de saltar desde la terraza de un rascacielos. Este encuentro pone en duda su decisi\u00f3n, ya que se siente abrumada por el desaf\u00edo. Mientras intenta salvarlo, se pregunta si est\u00e1 preparada para enfrentar tanto el dolor de los dem\u00e1s como el suyo propio. Para ganarse su confianza, comienza a compartir su historia personal. Aunque su objetivo inicial es evitar que el hombre salte, ambos empiezan a abrirse el uno al otro, revelando sus temores y dolores ocultos. De esta manera, Aliah comienza a comprender que, en realidad, ella tambi\u00e9n necesita sanar.<\/p>\n\n\n\n<h3 class=\"wp-block-heading\"><strong>Un Hombre que Necesita Sanar<\/strong><\/h3>\n\n\n\n<p>El hombre, quien tiene 15 a\u00f1os de experiencia como Consejero de Prevenci\u00f3n del Suicidio, tambi\u00e9n lucha con su propio dolor. Aunque ha escuchado las historias de otros durante a\u00f1os, no sabe c\u00f3mo sanar el suyo. En este proceso, Aliah, joven y decidida, le ofrece una nueva perspectiva sobre la vida. Mientras ella lo intenta salvar, \u00e9l se da cuenta de que tambi\u00e9n necesita salvarse a s\u00ed mismo. De este modo, ambos se ven involucrados en un proceso de sanaci\u00f3n mutua.<\/p>\n\n\n\n<h3 class=\"wp-block-heading\"><strong>Un Viaje de Sanaci\u00f3n Mutua<\/strong><\/h3>\n\n\n\n<p>Lo que comienza como un intento desesperado por evitar una tragedia se convierte en una experiencia transformadora. Aliah, poco a poco, comienza a liberar su propio dolor mientras ayuda al hombre. A trav\u00e9s de este proceso, ambos sanan. La relaci\u00f3n entre ellos cambia de Consejera de Prevenci\u00f3n del Suicidio y Suicida a una historia de sanaci\u00f3n mutua. Al final, aprenden que, al ayudar a los dem\u00e1s, tambi\u00e9n se encuentra la propia luz. Finalmente, ambos se dan cuenta de que sus vidas nunca ser\u00e1n las mismas tras este encuentro.<\/p>\n\n\n\n<h3 class=\"wp-block-heading\">Palmares<\/h3>\n\n\n\n<p>Premio FIPRESCI de la cr\u00edtica internacional en el 13\u00ba Festival Internacional de Cine de Bengaluru.<\/p>\n\n\n\n<p>Mejor Pel\u00edcula Asi\u00e1tica en el mismo festival.<\/p>\n\n\n\n<p>2021<\/p>\n\n\n\n<p>Premio Ray of Hope Igniting Flame en el Festival de Cine Asi\u00e1tico del Reino Unido<\/p>\n\n\n\n<p>2022<\/p>\n\n\n\n<p>Menci\u00f3n Honor\u00edfica en el Festival de Cine de Nueva Jersey<\/p>\n\n\n<div class=\"wp-block-image\">\n<figure class=\"aligncenter size-medium\"><img decoding=\"async\" width=\"400\" height=\"240\" src=\"https:\/\/elojocojo.org\/wp-content\/uploads\/2021\/09\/1848633-adityakripalani-400x240.jpg\" alt=\"\" class=\"wp-image-68834\" style=\"object-fit:cover\" srcset=\"https:\/\/elojocojo.org\/wp-content\/uploads\/2021\/09\/1848633-adityakripalani-400x240.jpg 400w, https:\/\/elojocojo.org\/wp-content\/uploads\/2021\/09\/1848633-adityakripalani-600x360.jpg 600w, https:\/\/elojocojo.org\/wp-content\/uploads\/2021\/09\/1848633-adityakripalani-300x180.jpg 300w, https:\/\/elojocojo.org\/wp-content\/uploads\/2021\/09\/1848633-adityakripalani-768x461.jpg 768w, https:\/\/elojocojo.org\/wp-content\/uploads\/2021\/09\/1848633-adityakripalani-150x90.jpg 150w, https:\/\/elojocojo.org\/wp-content\/uploads\/2021\/09\/1848633-adityakripalani.jpg 1200w\" sizes=\"(max-width: 400px) 100vw, 400px\" \/><\/figure>\n<\/div>\n\n\n<p>El filme <em>Hoy no<\/em> particip\u00f3 en la edici\u00f3n <strong>2021<\/strong> del <a href=\"https:\/\/elojocojo.org\/category\/festival-2021\/\"><strong>Festival de cine el ojO cojo<\/strong> <\/a>en ese sentido nos sentimos honrados de haberla exhibido.<\/p>\n\n\n\n<p><a href=\"https:\/\/www.imdb.com\/es\/title\/tt13860794\/ratings\/?ref_=tt_ov_rat\">IMDB<\/a><\/p>\n\n\n\n<p>Visita nuestro <a href=\"https:\/\/el-ojocojo.blogspot.com\/\">blog <\/a><\/p>\n","protected":false},"excerpt":{"rendered":"<p>En su primer d\u00eda, recibe una llamada de Ashwin Mathur, un hombre de 52 a\u00f1os al borde del suicidio. A medida que Aliah intenta persuadirlo para que no salte desde un edificio, ambos se ven obligados a confrontar sus propios traumas y heridas emocionales.<\/p>\n","protected":false},"author":11,"featured_media":42448,"comment_status":"closed","ping_status":"closed","sticky":false,"template":"","format":"standard","meta":{"_monsterinsights_skip_tracking":false,"_monsterinsights_sitenote_active":false,"_monsterinsights_sitenote_note":"","_monsterinsights_sitenote_category":0,"footnotes":""},"categories":[2019,30],"tags":[2010,2021,1897,1908,1431,1737,1893,2191,1981,1628,631,2118,2067,123,1484,1128,25,1896],"class_list":{"0":"post-42447","1":"post","2":"type-post","3":"status-publish","4":"format-standard","5":"has-post-thumbnail","7":"category-festival-2021","8":"category-ficcion","9":"tag-mas-de-18-anos","10":"tag-2021","11":"tag-cine-accesible","12":"tag-cine-inclusivo","13":"tag-costumbres-y-tradiciones","14":"tag-drama","15":"tag-educar-en-valores","16":"tag-esperanza","17":"tag-festival-de-cine","18":"tag-ficcion","19":"tag-india","20":"tag-ingles","21":"tag-prevencion-del-suicidio","22":"tag-religion","23":"tag-salud-mental","24":"tag-salud-y-bienestar","25":"tag-soledad","26":"tag-videoteca","27":"czr-hentry"},"yoast_head":"<!-- This site is optimized with the Yoast SEO plugin v27.1.1 - https:\/\/yoast.com\/product\/yoast-seo-wordpress\/ -->\n<title>Hoy no - el ojO cojo<\/title>\n<meta name=\"description\" content=\"Pel\u00edcula Hoy no exhibida en la edici\u00f3n 2021 del Festival el ojO cojo. Pa\u00eds de origen, India. Dirigido por Aditya Kripalani.\" \/>\n<meta name=\"robots\" content=\"index, follow, max-snippet:-1, max-image-preview:large, max-video-preview:-1\" \/>\n<link rel=\"canonical\" href=\"https:\/\/elojocojo.org\/hoy-no\/\" \/>\n<meta property=\"og:locale\" content=\"es_ES\" \/>\n<meta property=\"og:type\" content=\"article\" \/>\n<meta property=\"og:title\" content=\"Hoy no - el ojO cojo\" \/>\n<meta property=\"og:description\" content=\"Pel\u00edcula Hoy no exhibida en la edici\u00f3n 2021 del Festival el ojO cojo. Pa\u00eds de origen, India. Dirigido por Aditya Kripalani.\" \/>\n<meta property=\"og:url\" content=\"https:\/\/elojocojo.org\/hoy-no\/\" \/>\n<meta property=\"og:site_name\" content=\"el ojO cojo\" \/>\n<meta property=\"article:publisher\" content=\"https:\/\/www.facebook.com\/elojocojo\" \/>\n<meta property=\"article:published_time\" content=\"2021-09-28T13:16:13+00:00\" \/>\n<meta property=\"article:modified_time\" content=\"2025-09-26T16:52:57+00:00\" \/>\n<meta property=\"og:image\" content=\"https:\/\/elojocojo.org\/wp-content\/uploads\/2021\/09\/nottoday_CART.webp\" \/>\n\t<meta property=\"og:image:width\" content=\"800\" \/>\n\t<meta property=\"og:image:height\" content=\"423\" \/>\n\t<meta property=\"og:image:type\" content=\"image\/webp\" \/>\n<meta name=\"author\" content=\"cojo\" \/>\n<meta name=\"twitter:card\" content=\"summary_large_image\" \/>\n<meta name=\"twitter:creator\" content=\"@elojocojo\" \/>\n<meta name=\"twitter:site\" content=\"@elojocojo\" \/>\n<meta name=\"twitter:label1\" content=\"Escrito por\" \/>\n\t<meta name=\"twitter:data1\" content=\"cojo\" \/>\n\t<meta name=\"twitter:label2\" content=\"Tiempo de lectura\" \/>\n\t<meta name=\"twitter:data2\" content=\"2 minutos\" \/>\n<script type=\"application\/ld+json\" class=\"yoast-schema-graph\">{\"@context\":\"https:\/\/schema.org\",\"@graph\":[{\"@type\":\"Article\",\"@id\":\"https:\/\/elojocojo.org\/hoy-no\/#article\",\"isPartOf\":{\"@id\":\"https:\/\/elojocojo.org\/hoy-no\/\"},\"author\":{\"name\":\"cojo\",\"@id\":\"https:\/\/elojocojo.org\/#\/schema\/person\/cba15985dd5da095cac31c1ff0d6e23e\"},\"headline\":\"Hoy no\",\"datePublished\":\"2021-09-28T13:16:13+00:00\",\"dateModified\":\"2025-09-26T16:52:57+00:00\",\"mainEntityOfPage\":{\"@id\":\"https:\/\/elojocojo.org\/hoy-no\/\"},\"wordCount\":540,\"publisher\":{\"@id\":\"https:\/\/elojocojo.org\/#organization\"},\"image\":{\"@id\":\"https:\/\/elojocojo.org\/hoy-no\/#primaryimage\"},\"thumbnailUrl\":\"https:\/\/elojocojo.org\/wp-content\/uploads\/2021\/09\/nottoday_CART.webp\",\"keywords\":[\"+ de 18 a\u00f1os\",\"2021\",\"cine accesible\",\"cine inclusivo\",\"costumbres y tradiciones\",\"drama\",\"educar en valores\",\"esperanza\",\"festival de cine\",\"ficci\u00f3n\",\"India\",\"ingl\u00e9s\",\"prevenci\u00f3n del suicidio\",\"religi\u00f3n\",\"salud mental\",\"Salud y bienestar\",\"soledad\",\"Videoteca\"],\"articleSection\":[\"Festival 2021\",\"Ficci\u00f3n\"],\"inLanguage\":\"es\"},{\"@type\":\"WebPage\",\"@id\":\"https:\/\/elojocojo.org\/hoy-no\/\",\"url\":\"https:\/\/elojocojo.org\/hoy-no\/\",\"name\":\"Hoy no - el ojO cojo\",\"isPartOf\":{\"@id\":\"https:\/\/elojocojo.org\/#website\"},\"primaryImageOfPage\":{\"@id\":\"https:\/\/elojocojo.org\/hoy-no\/#primaryimage\"},\"image\":{\"@id\":\"https:\/\/elojocojo.org\/hoy-no\/#primaryimage\"},\"thumbnailUrl\":\"https:\/\/elojocojo.org\/wp-content\/uploads\/2021\/09\/nottoday_CART.webp\",\"datePublished\":\"2021-09-28T13:16:13+00:00\",\"dateModified\":\"2025-09-26T16:52:57+00:00\",\"description\":\"Pel\u00edcula Hoy no exhibida en la edici\u00f3n 2021 del Festival el ojO cojo. Pa\u00eds de origen, India. Dirigido por Aditya Kripalani.\",\"breadcrumb\":{\"@id\":\"https:\/\/elojocojo.org\/hoy-no\/#breadcrumb\"},\"inLanguage\":\"es\",\"potentialAction\":[{\"@type\":\"ReadAction\",\"target\":[\"https:\/\/elojocojo.org\/hoy-no\/\"]}]},{\"@type\":\"ImageObject\",\"inLanguage\":\"es\",\"@id\":\"https:\/\/elojocojo.org\/hoy-no\/#primaryimage\",\"url\":\"https:\/\/elojocojo.org\/wp-content\/uploads\/2021\/09\/nottoday_CART.webp\",\"contentUrl\":\"https:\/\/elojocojo.org\/wp-content\/uploads\/2021\/09\/nottoday_CART.webp\",\"width\":800,\"height\":423,\"caption\":\"Hoy no Comienza como un intento desesperado por evitar una tragedia se convierte en una experiencia transformadora.\"},{\"@type\":\"BreadcrumbList\",\"@id\":\"https:\/\/elojocojo.org\/hoy-no\/#breadcrumb\",\"itemListElement\":[{\"@type\":\"ListItem\",\"position\":1,\"name\":\"Portada\",\"item\":\"https:\/\/elojocojo.org\/\"},{\"@type\":\"ListItem\",\"position\":2,\"name\":\"+ de 18 a\u00f1os\",\"item\":\"https:\/\/elojocojo.org\/tag\/mas-de-18-anos\/\"},{\"@type\":\"ListItem\",\"position\":3,\"name\":\"Hoy no\"}]},{\"@type\":\"WebSite\",\"@id\":\"https:\/\/elojocojo.org\/#website\",\"url\":\"https:\/\/elojocojo.org\/\",\"name\":\"el ojO cojo\",\"description\":\"Todos estamos hechos de la misma esencia\",\"publisher\":{\"@id\":\"https:\/\/elojocojo.org\/#organization\"},\"potentialAction\":[{\"@type\":\"SearchAction\",\"target\":{\"@type\":\"EntryPoint\",\"urlTemplate\":\"https:\/\/elojocojo.org\/?s={search_term_string}\"},\"query-input\":{\"@type\":\"PropertyValueSpecification\",\"valueRequired\":true,\"valueName\":\"search_term_string\"}}],\"inLanguage\":\"es\"},{\"@type\":\"Organization\",\"@id\":\"https:\/\/elojocojo.org\/#organization\",\"name\":\"Meigas da r\u00faa\",\"url\":\"https:\/\/elojocojo.org\/\",\"logo\":{\"@type\":\"ImageObject\",\"inLanguage\":\"es\",\"@id\":\"https:\/\/elojocojo.org\/#\/schema\/logo\/image\/\",\"url\":\"https:\/\/meigasdarua.org\/wp-content\/uploads\/2020\/09\/cropped-logo-meigas-5.png\",\"contentUrl\":\"https:\/\/meigasdarua.org\/wp-content\/uploads\/2020\/09\/cropped-logo-meigas-5.png\",\"width\":109,\"height\":200,\"caption\":\"Meigas da r\u00faa\"},\"image\":{\"@id\":\"https:\/\/elojocojo.org\/#\/schema\/logo\/image\/\"},\"sameAs\":[\"https:\/\/www.facebook.com\/elojocojo\",\"https:\/\/x.com\/elojocojo\",\"https:\/\/www.instagram.com\/elojocojo\/?hl=es\",\"https:\/\/www.linkedin.com\/in\/el-ojo-cojo-b52b7769\/\",\"https:\/\/www.pinterest.es\/elojocojo\/_saved\/\",\"https:\/\/www.youtube.com\/channel\/UCkFtFTV0Bms7zH7vq8FZxZg\"]},{\"@type\":\"Person\",\"@id\":\"https:\/\/elojocojo.org\/#\/schema\/person\/cba15985dd5da095cac31c1ff0d6e23e\",\"name\":\"cojo\",\"url\":\"https:\/\/elojocojo.org\/author\/cojo\/\"}]}<\/script>\n<!-- \/ Yoast SEO plugin. -->","yoast_head_json":{"title":"Hoy no - el ojO cojo","description":"Pel\u00edcula Hoy no exhibida en la edici\u00f3n 2021 del Festival el ojO cojo. Pa\u00eds de origen, India. Dirigido por Aditya Kripalani.","robots":{"index":"index","follow":"follow","max-snippet":"max-snippet:-1","max-image-preview":"max-image-preview:large","max-video-preview":"max-video-preview:-1"},"canonical":"https:\/\/elojocojo.org\/hoy-no\/","og_locale":"es_ES","og_type":"article","og_title":"Hoy no - el ojO cojo","og_description":"Pel\u00edcula Hoy no exhibida en la edici\u00f3n 2021 del Festival el ojO cojo. Pa\u00eds de origen, India. Dirigido por Aditya Kripalani.","og_url":"https:\/\/elojocojo.org\/hoy-no\/","og_site_name":"el ojO cojo","article_publisher":"https:\/\/www.facebook.com\/elojocojo","article_published_time":"2021-09-28T13:16:13+00:00","article_modified_time":"2025-09-26T16:52:57+00:00","og_image":[{"width":800,"height":423,"url":"https:\/\/elojocojo.org\/wp-content\/uploads\/2021\/09\/nottoday_CART.webp","type":"image\/webp"}],"author":"cojo","twitter_card":"summary_large_image","twitter_creator":"@elojocojo","twitter_site":"@elojocojo","twitter_misc":{"Escrito por":"cojo","Tiempo de lectura":"2 minutos"},"schema":{"@context":"https:\/\/schema.org","@graph":[{"@type":"Article","@id":"https:\/\/elojocojo.org\/hoy-no\/#article","isPartOf":{"@id":"https:\/\/elojocojo.org\/hoy-no\/"},"author":{"name":"cojo","@id":"https:\/\/elojocojo.org\/#\/schema\/person\/cba15985dd5da095cac31c1ff0d6e23e"},"headline":"Hoy no","datePublished":"2021-09-28T13:16:13+00:00","dateModified":"2025-09-26T16:52:57+00:00","mainEntityOfPage":{"@id":"https:\/\/elojocojo.org\/hoy-no\/"},"wordCount":540,"publisher":{"@id":"https:\/\/elojocojo.org\/#organization"},"image":{"@id":"https:\/\/elojocojo.org\/hoy-no\/#primaryimage"},"thumbnailUrl":"https:\/\/elojocojo.org\/wp-content\/uploads\/2021\/09\/nottoday_CART.webp","keywords":["+ de 18 a\u00f1os","2021","cine accesible","cine inclusivo","costumbres y tradiciones","drama","educar en valores","esperanza","festival de cine","ficci\u00f3n","India","ingl\u00e9s","prevenci\u00f3n del suicidio","religi\u00f3n","salud mental","Salud y bienestar","soledad","Videoteca"],"articleSection":["Festival 2021","Ficci\u00f3n"],"inLanguage":"es"},{"@type":"WebPage","@id":"https:\/\/elojocojo.org\/hoy-no\/","url":"https:\/\/elojocojo.org\/hoy-no\/","name":"Hoy no - el ojO cojo","isPartOf":{"@id":"https:\/\/elojocojo.org\/#website"},"primaryImageOfPage":{"@id":"https:\/\/elojocojo.org\/hoy-no\/#primaryimage"},"image":{"@id":"https:\/\/elojocojo.org\/hoy-no\/#primaryimage"},"thumbnailUrl":"https:\/\/elojocojo.org\/wp-content\/uploads\/2021\/09\/nottoday_CART.webp","datePublished":"2021-09-28T13:16:13+00:00","dateModified":"2025-09-26T16:52:57+00:00","description":"Pel\u00edcula Hoy no exhibida en la edici\u00f3n 2021 del Festival el ojO cojo. Pa\u00eds de origen, India. Dirigido por Aditya Kripalani.","breadcrumb":{"@id":"https:\/\/elojocojo.org\/hoy-no\/#breadcrumb"},"inLanguage":"es","potentialAction":[{"@type":"ReadAction","target":["https:\/\/elojocojo.org\/hoy-no\/"]}]},{"@type":"ImageObject","inLanguage":"es","@id":"https:\/\/elojocojo.org\/hoy-no\/#primaryimage","url":"https:\/\/elojocojo.org\/wp-content\/uploads\/2021\/09\/nottoday_CART.webp","contentUrl":"https:\/\/elojocojo.org\/wp-content\/uploads\/2021\/09\/nottoday_CART.webp","width":800,"height":423,"caption":"Hoy no Comienza como un intento desesperado por evitar una tragedia se convierte en una experiencia transformadora."},{"@type":"BreadcrumbList","@id":"https:\/\/elojocojo.org\/hoy-no\/#breadcrumb","itemListElement":[{"@type":"ListItem","position":1,"name":"Portada","item":"https:\/\/elojocojo.org\/"},{"@type":"ListItem","position":2,"name":"+ de 18 a\u00f1os","item":"https:\/\/elojocojo.org\/tag\/mas-de-18-anos\/"},{"@type":"ListItem","position":3,"name":"Hoy no"}]},{"@type":"WebSite","@id":"https:\/\/elojocojo.org\/#website","url":"https:\/\/elojocojo.org\/","name":"el ojO cojo","description":"Todos estamos hechos de la misma esencia","publisher":{"@id":"https:\/\/elojocojo.org\/#organization"},"potentialAction":[{"@type":"SearchAction","target":{"@type":"EntryPoint","urlTemplate":"https:\/\/elojocojo.org\/?s={search_term_string}"},"query-input":{"@type":"PropertyValueSpecification","valueRequired":true,"valueName":"search_term_string"}}],"inLanguage":"es"},{"@type":"Organization","@id":"https:\/\/elojocojo.org\/#organization","name":"Meigas da r\u00faa","url":"https:\/\/elojocojo.org\/","logo":{"@type":"ImageObject","inLanguage":"es","@id":"https:\/\/elojocojo.org\/#\/schema\/logo\/image\/","url":"https:\/\/meigasdarua.org\/wp-content\/uploads\/2020\/09\/cropped-logo-meigas-5.png","contentUrl":"https:\/\/meigasdarua.org\/wp-content\/uploads\/2020\/09\/cropped-logo-meigas-5.png","width":109,"height":200,"caption":"Meigas da r\u00faa"},"image":{"@id":"https:\/\/elojocojo.org\/#\/schema\/logo\/image\/"},"sameAs":["https:\/\/www.facebook.com\/elojocojo","https:\/\/x.com\/elojocojo","https:\/\/www.instagram.com\/elojocojo\/?hl=es","https:\/\/www.linkedin.com\/in\/el-ojo-cojo-b52b7769\/","https:\/\/www.pinterest.es\/elojocojo\/_saved\/","https:\/\/www.youtube.com\/channel\/UCkFtFTV0Bms7zH7vq8FZxZg"]},{"@type":"Person","@id":"https:\/\/elojocojo.org\/#\/schema\/person\/cba15985dd5da095cac31c1ff0d6e23e","name":"cojo","url":"https:\/\/elojocojo.org\/author\/cojo\/"}]}},"_links":{"self":[{"href":"https:\/\/elojocojo.org\/wp-json\/wp\/v2\/posts\/42447","targetHints":{"allow":["GET"]}}],"collection":[{"href":"https:\/\/elojocojo.org\/wp-json\/wp\/v2\/posts"}],"about":[{"href":"https:\/\/elojocojo.org\/wp-json\/wp\/v2\/types\/post"}],"author":[{"embeddable":true,"href":"https:\/\/elojocojo.org\/wp-json\/wp\/v2\/users\/11"}],"replies":[{"embeddable":true,"href":"https:\/\/elojocojo.org\/wp-json\/wp\/v2\/comments?post=42447"}],"version-history":[{"count":14,"href":"https:\/\/elojocojo.org\/wp-json\/wp\/v2\/posts\/42447\/revisions"}],"predecessor-version":[{"id":68836,"href":"https:\/\/elojocojo.org\/wp-json\/wp\/v2\/posts\/42447\/revisions\/68836"}],"wp:featuredmedia":[{"embeddable":true,"href":"https:\/\/elojocojo.org\/wp-json\/wp\/v2\/media\/42448"}],"wp:attachment":[{"href":"https:\/\/elojocojo.org\/wp-json\/wp\/v2\/media?parent=42447"}],"wp:term":[{"taxonomy":"category","embeddable":true,"href":"https:\/\/elojocojo.org\/wp-json\/wp\/v2\/categories?post=42447"},{"taxonomy":"post_tag","embeddable":true,"href":"https:\/\/elojocojo.org\/wp-json\/wp\/v2\/tags?post=42447"}],"curies":[{"name":"wp","href":"https:\/\/api.w.org\/{rel}","templated":true}]}}