{"id":25918,"date":"2020-09-25T14:41:42","date_gmt":"2020-09-25T21:41:42","guid":{"rendered":"https:\/\/elojocojo.org\/?p=25918"},"modified":"2025-09-17T17:08:33","modified_gmt":"2025-09-17T15:08:33","slug":"perfecto","status":"publish","type":"post","link":"https:\/\/elojocojo.org\/perfecto\/","title":{"rendered":"Perfecto"},"content":{"rendered":"\n<p>El filme\u00a0Perfecto\u00a0particip\u00f3 en la edici\u00f3n\u00a0<strong>2014<\/strong>\u00a0del <a href=\"https:\/\/elojocojo.org\/category\/festival-2014\/\"><strong>Festival<\/strong><\/a><a href=\"https:\/\/elojocojo.org\/category\/festival-2013\/\"><strong> de cine el ojO cojo<\/strong><\/a><\/p>\n\n\n\n<figure class=\"wp-block-embed is-type-video is-provider-youtube wp-block-embed-youtube wp-embed-aspect-16-9 wp-has-aspect-ratio\"><div class=\"wp-block-embed__wrapper\">\n<iframe title=\"Perfect \/ Adelheid Sudibyo \/ 18-25 \/ Taiwan \/ 2:17\" width=\"1140\" height=\"641\" src=\"https:\/\/www.youtube.com\/embed\/qD7yFTBHqhQ?feature=oembed\" frameborder=\"0\" allow=\"accelerometer; autoplay; clipboard-write; encrypted-media; gyroscope; picture-in-picture; web-share\" allowfullscreen><\/iframe>\n<\/div><\/figure>\n\n\n\n<p>El filme&nbsp;Perfecto&nbsp;particip\u00f3 en la edici\u00f3n&nbsp;<strong>2014<\/strong>&nbsp;del <a href=\"https:\/\/elojocojo.org\/category\/festival-2014\/\"><strong>Festival<\/strong><\/a><a href=\"https:\/\/elojocojo.org\/category\/festival-2013\/\"><strong> de cine el ojO cojo<\/strong> <\/a>en ese sentido nos sentimos honrados de haberla exhibido.<\/p>\n\n\n\n<p><strong>T\u00cdTULO<\/strong>: Perfecto<br \/><strong>T\u00cdTULO<\/strong> <strong>ORIGINAL<\/strong>: Perfect<br \/><strong>A\u00d1O<\/strong>: 2013<br \/><strong>DIRECTOR<\/strong>: Adelheid Sudibyo<br \/><strong>G\u00c9NERO<\/strong>: Ficci\u00f3n<br \/><strong>DURACI\u00d3N<\/strong>: 2&#8242; 17<br \/><strong>PA\u00cdS<\/strong>: Taiwan<br \/><strong>IDIOMA<\/strong> <strong>ORIGINAL<\/strong>: Ingl\u00e9s<br \/><strong>SUBT\u00cdTULOS<\/strong>: Castellano<\/p>\n\n\n\n<h3 class=\"wp-block-heading\">sinopsis: Perfecto<\/h3>\n\n\n\n<p>El acoso escolar es una triste realidad que afecta a estudiantes en todo el mundo, y abordarlo es esencial para catalizar un cambio significativo. En este contexto, el cortometraje taiwan\u00e9s \u00abPor un Cambio\u00bb dirigido por Adelheid Sudibyo, se alza como una voz valiente que se une a la conversaci\u00f3n global sobre este problema creciente.<\/p>\n\n\n\n<p>Generalmente, el acoso ha permeado las escuelas de manera alarmante, dejando cicatrices emocionales en j\u00f3venes v\u00edctimas que necesitan desesperadamente apoyo y comprensi\u00f3n. Como un faro de conciencia, este cortometraje arroja luz sobre el tema de manera conmovedora y convincente.<\/p>\n\n\n\n<p>Luego, a medida que la trama se desenvuelve, el espectador es testigo de las vidas de los estudiantes afectados, sus miedos, sus luchas y su valent\u00eda para enfrentar la adversidad. Adem\u00e1s, el cortometraje muestra c\u00f3mo, aunque el acoso pueda parecer abrumador, la empat\u00eda y la solidaridad entre compa\u00f1eros pueden marcar una diferencia significativa.<\/p>\n\n\n\n<p>Eventualmente, \u00abPor un Cambio\u00bb subraya la importancia de la comunicaci\u00f3n abierta y la empat\u00eda en la lucha contra el acoso escolar. El cortometraje muestra c\u00f3mo hablar sobre el problema es el primer paso decisivo hacia el cambio, y c\u00f3mo cada voz que se alza puede tener un impacto igualmente poderoso.<\/p>\n\n\n\n<p>Finalmente, esta obra cinematogr\u00e1fica no solo plantea una reflexi\u00f3n sobre el acoso escolar, sino que tambi\u00e9n inspira a la audiencia a tomar medidas en sus propias comunidades para poner fin a esta triste realidad. Porque, al unirnos como sociedad, pronto podemos crear un entorno escolar m\u00e1s seguro y compasivo para las generaciones venideras.<\/p>\n\n\n\n<p><a href=\"https:\/\/el-ojocojo.blogspot.com\/\">Visita nuestro blog<\/a><\/p>\n","protected":false},"excerpt":{"rendered":"<p>El filme\u00a0Perfecto\u00a0particip\u00f3 en la edici\u00f3n\u00a02014\u00a0del Festival de cine el ojO cojo El filme&nbsp;Perfecto&nbsp;particip\u00f3 en la edici\u00f3n&nbsp;2014&nbsp;del Festival de cine el ojO cojo en ese sentido nos sentimos honrados de haberla exhibido. T\u00cdTULO: PerfectoT\u00cdTULO ORIGINAL: PerfectA\u00d1O: 2013DIRECTOR: Adelheid SudibyoG\u00c9NERO: Ficci\u00f3nDURACI\u00d3N: 2&#8242; 17PA\u00cdS: TaiwanIDIOMA ORIGINAL: Ingl\u00e9sSUBT\u00cdTULOS: Castellano sinopsis: Perfecto El acoso escolar es una triste realidad que [&hellip;]<\/p>\n","protected":false},"author":11,"featured_media":26111,"comment_status":"closed","ping_status":"closed","sticky":false,"template":"","format":"standard","meta":{"_monsterinsights_skip_tracking":false,"_monsterinsights_sitenote_active":false,"_monsterinsights_sitenote_note":"","_monsterinsights_sitenote_category":0,"footnotes":""},"categories":[1460,7,30],"tags":[1999,112,75,1193,1443,26,892,1000,946,1258,2119,1981,1982,1628,1060,2118,288,128,922,1231],"class_list":{"0":"post-25918","1":"post","2":"type-post","3":"status-publish","4":"format-standard","5":"has-post-thumbnail","7":"category-cortometraje","8":"category-festival-2014","9":"category-ficcion","10":"tag-1999","11":"tag-amor","12":"tag-asia","13":"tag-derechos-humanos","14":"tag-desigualdad","15":"tag-discriminacion","16":"tag-diversidad-cultural","17":"tag-diversidad-funcional","18":"tag-diversidad-sexual","19":"tag-empoderamiento","20":"tag-espanol","21":"tag-festival-de-cine","22":"tag-festival-el-ojo-cojo","23":"tag-ficcion","24":"tag-igualdad-de-genero","25":"tag-ingles","26":"tag-jovenes","27":"tag-ninos","28":"tag-peliculas-para-ninos","29":"tag-reduccion-de-las-desigualdades","30":"czr-hentry"},"yoast_head":"<!-- This site is optimized with the Yoast SEO plugin v27.1.1 - https:\/\/yoast.com\/product\/yoast-seo-wordpress\/ -->\n<title>Perfecto - Festival el ojO cojo<\/title>\n<meta name=\"description\" content=\"Cortometraje Perfecto exhibido en la edici\u00f3n 2014 del Festival el ojO cojo. Pa\u00eds de origen, Taiw\u00e1n. Dirigido por Adelheid Sudibyo.\" \/>\n<meta name=\"robots\" content=\"index, follow, max-snippet:-1, max-image-preview:large, max-video-preview:-1\" \/>\n<link rel=\"canonical\" href=\"https:\/\/elojocojo.org\/perfecto\/\" \/>\n<meta property=\"og:locale\" content=\"es_ES\" \/>\n<meta property=\"og:type\" content=\"article\" \/>\n<meta property=\"og:title\" content=\"Perfecto - Festival el ojO cojo\" \/>\n<meta property=\"og:description\" content=\"Cortometraje Perfecto exhibido en la edici\u00f3n 2014 del Festival el ojO cojo. Pa\u00eds de origen, Taiw\u00e1n. Dirigido por Adelheid Sudibyo.\" \/>\n<meta property=\"og:url\" content=\"https:\/\/elojocojo.org\/perfecto\/\" \/>\n<meta property=\"og:site_name\" content=\"el ojO cojo\" \/>\n<meta property=\"article:publisher\" content=\"https:\/\/www.facebook.com\/elojocojo\" \/>\n<meta property=\"article:published_time\" content=\"2020-09-25T21:41:42+00:00\" \/>\n<meta property=\"article:modified_time\" content=\"2025-09-17T15:08:33+00:00\" \/>\n<meta property=\"og:image\" content=\"https:\/\/elojocojo.org\/wp-content\/uploads\/2020\/09\/perfecto.jpg\" \/>\n\t<meta property=\"og:image:width\" content=\"480\" \/>\n\t<meta property=\"og:image:height\" content=\"360\" \/>\n\t<meta property=\"og:image:type\" content=\"image\/jpeg\" \/>\n<meta name=\"author\" content=\"cojo\" \/>\n<meta name=\"twitter:card\" content=\"summary_large_image\" \/>\n<meta name=\"twitter:creator\" content=\"@elojocojo\" \/>\n<meta name=\"twitter:site\" content=\"@elojocojo\" \/>\n<meta name=\"twitter:label1\" content=\"Escrito por\" \/>\n\t<meta name=\"twitter:data1\" content=\"cojo\" \/>\n\t<meta name=\"twitter:label2\" content=\"Tiempo de lectura\" \/>\n\t<meta name=\"twitter:data2\" content=\"2 minutos\" \/>\n<script type=\"application\/ld+json\" class=\"yoast-schema-graph\">{\"@context\":\"https:\/\/schema.org\",\"@graph\":[{\"@type\":\"Article\",\"@id\":\"https:\/\/elojocojo.org\/perfecto\/#article\",\"isPartOf\":{\"@id\":\"https:\/\/elojocojo.org\/perfecto\/\"},\"author\":{\"name\":\"cojo\",\"@id\":\"https:\/\/elojocojo.org\/#\/schema\/person\/cba15985dd5da095cac31c1ff0d6e23e\"},\"headline\":\"Perfecto\",\"datePublished\":\"2020-09-25T21:41:42+00:00\",\"dateModified\":\"2025-09-17T15:08:33+00:00\",\"mainEntityOfPage\":{\"@id\":\"https:\/\/elojocojo.org\/perfecto\/\"},\"wordCount\":352,\"publisher\":{\"@id\":\"https:\/\/elojocojo.org\/#organization\"},\"image\":{\"@id\":\"https:\/\/elojocojo.org\/perfecto\/#primaryimage\"},\"thumbnailUrl\":\"https:\/\/elojocojo.org\/wp-content\/uploads\/2020\/09\/perfecto.jpg\",\"keywords\":[\"2014\",\"amor\",\"Asia\",\"Derechos Humanos\",\"desigualdad\",\"discriminaci\u00f3n\",\"diversidad cultural\",\"diversidad funcional\",\"diversidad sexual\",\"empoderamiento\",\"espa\u00f1ol\",\"festival de cine\",\"Festival el Ojo cojo\",\"ficci\u00f3n\",\"igualdad de g\u00e9nero\",\"ingl\u00e9s\",\"j\u00f3venes\",\"ni\u00f1os\",\"pel\u00edculas para ni\u00f1os\",\"Reducci\u00f3n de las desigualdades\"],\"articleSection\":[\"Cortometraje\",\"Festival 2014\",\"Ficci\u00f3n\"],\"inLanguage\":\"es\"},{\"@type\":\"WebPage\",\"@id\":\"https:\/\/elojocojo.org\/perfecto\/\",\"url\":\"https:\/\/elojocojo.org\/perfecto\/\",\"name\":\"Perfecto - Festival el ojO cojo\",\"isPartOf\":{\"@id\":\"https:\/\/elojocojo.org\/#website\"},\"primaryImageOfPage\":{\"@id\":\"https:\/\/elojocojo.org\/perfecto\/#primaryimage\"},\"image\":{\"@id\":\"https:\/\/elojocojo.org\/perfecto\/#primaryimage\"},\"thumbnailUrl\":\"https:\/\/elojocojo.org\/wp-content\/uploads\/2020\/09\/perfecto.jpg\",\"datePublished\":\"2020-09-25T21:41:42+00:00\",\"dateModified\":\"2025-09-17T15:08:33+00:00\",\"description\":\"Cortometraje Perfecto exhibido en la edici\u00f3n 2014 del Festival el ojO cojo. Pa\u00eds de origen, Taiw\u00e1n. Dirigido por Adelheid Sudibyo.\",\"breadcrumb\":{\"@id\":\"https:\/\/elojocojo.org\/perfecto\/#breadcrumb\"},\"inLanguage\":\"es\",\"potentialAction\":[{\"@type\":\"ReadAction\",\"target\":[\"https:\/\/elojocojo.org\/perfecto\/\"]}]},{\"@type\":\"ImageObject\",\"inLanguage\":\"es\",\"@id\":\"https:\/\/elojocojo.org\/perfecto\/#primaryimage\",\"url\":\"https:\/\/elojocojo.org\/wp-content\/uploads\/2020\/09\/perfecto.jpg\",\"contentUrl\":\"https:\/\/elojocojo.org\/wp-content\/uploads\/2020\/09\/perfecto.jpg\",\"width\":480,\"height\":360},{\"@type\":\"BreadcrumbList\",\"@id\":\"https:\/\/elojocojo.org\/perfecto\/#breadcrumb\",\"itemListElement\":[{\"@type\":\"ListItem\",\"position\":1,\"name\":\"Portada\",\"item\":\"https:\/\/elojocojo.org\/\"},{\"@type\":\"ListItem\",\"position\":2,\"name\":\"2014\",\"item\":\"https:\/\/elojocojo.org\/tag\/2014\/\"},{\"@type\":\"ListItem\",\"position\":3,\"name\":\"Perfecto\"}]},{\"@type\":\"WebSite\",\"@id\":\"https:\/\/elojocojo.org\/#website\",\"url\":\"https:\/\/elojocojo.org\/\",\"name\":\"el ojO cojo\",\"description\":\"Todos estamos hechos de la misma esencia\",\"publisher\":{\"@id\":\"https:\/\/elojocojo.org\/#organization\"},\"potentialAction\":[{\"@type\":\"SearchAction\",\"target\":{\"@type\":\"EntryPoint\",\"urlTemplate\":\"https:\/\/elojocojo.org\/?s={search_term_string}\"},\"query-input\":{\"@type\":\"PropertyValueSpecification\",\"valueRequired\":true,\"valueName\":\"search_term_string\"}}],\"inLanguage\":\"es\"},{\"@type\":\"Organization\",\"@id\":\"https:\/\/elojocojo.org\/#organization\",\"name\":\"Meigas da r\u00faa\",\"url\":\"https:\/\/elojocojo.org\/\",\"logo\":{\"@type\":\"ImageObject\",\"inLanguage\":\"es\",\"@id\":\"https:\/\/elojocojo.org\/#\/schema\/logo\/image\/\",\"url\":\"https:\/\/meigasdarua.org\/wp-content\/uploads\/2020\/09\/cropped-logo-meigas-5.png\",\"contentUrl\":\"https:\/\/meigasdarua.org\/wp-content\/uploads\/2020\/09\/cropped-logo-meigas-5.png\",\"width\":109,\"height\":200,\"caption\":\"Meigas da r\u00faa\"},\"image\":{\"@id\":\"https:\/\/elojocojo.org\/#\/schema\/logo\/image\/\"},\"sameAs\":[\"https:\/\/www.facebook.com\/elojocojo\",\"https:\/\/x.com\/elojocojo\",\"https:\/\/www.instagram.com\/elojocojo\/?hl=es\",\"https:\/\/www.linkedin.com\/in\/el-ojo-cojo-b52b7769\/\",\"https:\/\/www.pinterest.es\/elojocojo\/_saved\/\",\"https:\/\/www.youtube.com\/channel\/UCkFtFTV0Bms7zH7vq8FZxZg\"]},{\"@type\":\"Person\",\"@id\":\"https:\/\/elojocojo.org\/#\/schema\/person\/cba15985dd5da095cac31c1ff0d6e23e\",\"name\":\"cojo\",\"url\":\"https:\/\/elojocojo.org\/author\/cojo\/\"}]}<\/script>\n<!-- \/ Yoast SEO plugin. -->","yoast_head_json":{"title":"Perfecto - Festival el ojO cojo","description":"Cortometraje Perfecto exhibido en la edici\u00f3n 2014 del Festival el ojO cojo. Pa\u00eds de origen, Taiw\u00e1n. Dirigido por Adelheid Sudibyo.","robots":{"index":"index","follow":"follow","max-snippet":"max-snippet:-1","max-image-preview":"max-image-preview:large","max-video-preview":"max-video-preview:-1"},"canonical":"https:\/\/elojocojo.org\/perfecto\/","og_locale":"es_ES","og_type":"article","og_title":"Perfecto - Festival el ojO cojo","og_description":"Cortometraje Perfecto exhibido en la edici\u00f3n 2014 del Festival el ojO cojo. Pa\u00eds de origen, Taiw\u00e1n. Dirigido por Adelheid Sudibyo.","og_url":"https:\/\/elojocojo.org\/perfecto\/","og_site_name":"el ojO cojo","article_publisher":"https:\/\/www.facebook.com\/elojocojo","article_published_time":"2020-09-25T21:41:42+00:00","article_modified_time":"2025-09-17T15:08:33+00:00","og_image":[{"width":480,"height":360,"url":"https:\/\/elojocojo.org\/wp-content\/uploads\/2020\/09\/perfecto.jpg","type":"image\/jpeg"}],"author":"cojo","twitter_card":"summary_large_image","twitter_creator":"@elojocojo","twitter_site":"@elojocojo","twitter_misc":{"Escrito por":"cojo","Tiempo de lectura":"2 minutos"},"schema":{"@context":"https:\/\/schema.org","@graph":[{"@type":"Article","@id":"https:\/\/elojocojo.org\/perfecto\/#article","isPartOf":{"@id":"https:\/\/elojocojo.org\/perfecto\/"},"author":{"name":"cojo","@id":"https:\/\/elojocojo.org\/#\/schema\/person\/cba15985dd5da095cac31c1ff0d6e23e"},"headline":"Perfecto","datePublished":"2020-09-25T21:41:42+00:00","dateModified":"2025-09-17T15:08:33+00:00","mainEntityOfPage":{"@id":"https:\/\/elojocojo.org\/perfecto\/"},"wordCount":352,"publisher":{"@id":"https:\/\/elojocojo.org\/#organization"},"image":{"@id":"https:\/\/elojocojo.org\/perfecto\/#primaryimage"},"thumbnailUrl":"https:\/\/elojocojo.org\/wp-content\/uploads\/2020\/09\/perfecto.jpg","keywords":["2014","amor","Asia","Derechos Humanos","desigualdad","discriminaci\u00f3n","diversidad cultural","diversidad funcional","diversidad sexual","empoderamiento","espa\u00f1ol","festival de cine","Festival el Ojo cojo","ficci\u00f3n","igualdad de g\u00e9nero","ingl\u00e9s","j\u00f3venes","ni\u00f1os","pel\u00edculas para ni\u00f1os","Reducci\u00f3n de las desigualdades"],"articleSection":["Cortometraje","Festival 2014","Ficci\u00f3n"],"inLanguage":"es"},{"@type":"WebPage","@id":"https:\/\/elojocojo.org\/perfecto\/","url":"https:\/\/elojocojo.org\/perfecto\/","name":"Perfecto - Festival el ojO cojo","isPartOf":{"@id":"https:\/\/elojocojo.org\/#website"},"primaryImageOfPage":{"@id":"https:\/\/elojocojo.org\/perfecto\/#primaryimage"},"image":{"@id":"https:\/\/elojocojo.org\/perfecto\/#primaryimage"},"thumbnailUrl":"https:\/\/elojocojo.org\/wp-content\/uploads\/2020\/09\/perfecto.jpg","datePublished":"2020-09-25T21:41:42+00:00","dateModified":"2025-09-17T15:08:33+00:00","description":"Cortometraje Perfecto exhibido en la edici\u00f3n 2014 del Festival el ojO cojo. Pa\u00eds de origen, Taiw\u00e1n. Dirigido por Adelheid Sudibyo.","breadcrumb":{"@id":"https:\/\/elojocojo.org\/perfecto\/#breadcrumb"},"inLanguage":"es","potentialAction":[{"@type":"ReadAction","target":["https:\/\/elojocojo.org\/perfecto\/"]}]},{"@type":"ImageObject","inLanguage":"es","@id":"https:\/\/elojocojo.org\/perfecto\/#primaryimage","url":"https:\/\/elojocojo.org\/wp-content\/uploads\/2020\/09\/perfecto.jpg","contentUrl":"https:\/\/elojocojo.org\/wp-content\/uploads\/2020\/09\/perfecto.jpg","width":480,"height":360},{"@type":"BreadcrumbList","@id":"https:\/\/elojocojo.org\/perfecto\/#breadcrumb","itemListElement":[{"@type":"ListItem","position":1,"name":"Portada","item":"https:\/\/elojocojo.org\/"},{"@type":"ListItem","position":2,"name":"2014","item":"https:\/\/elojocojo.org\/tag\/2014\/"},{"@type":"ListItem","position":3,"name":"Perfecto"}]},{"@type":"WebSite","@id":"https:\/\/elojocojo.org\/#website","url":"https:\/\/elojocojo.org\/","name":"el ojO cojo","description":"Todos estamos hechos de la misma esencia","publisher":{"@id":"https:\/\/elojocojo.org\/#organization"},"potentialAction":[{"@type":"SearchAction","target":{"@type":"EntryPoint","urlTemplate":"https:\/\/elojocojo.org\/?s={search_term_string}"},"query-input":{"@type":"PropertyValueSpecification","valueRequired":true,"valueName":"search_term_string"}}],"inLanguage":"es"},{"@type":"Organization","@id":"https:\/\/elojocojo.org\/#organization","name":"Meigas da r\u00faa","url":"https:\/\/elojocojo.org\/","logo":{"@type":"ImageObject","inLanguage":"es","@id":"https:\/\/elojocojo.org\/#\/schema\/logo\/image\/","url":"https:\/\/meigasdarua.org\/wp-content\/uploads\/2020\/09\/cropped-logo-meigas-5.png","contentUrl":"https:\/\/meigasdarua.org\/wp-content\/uploads\/2020\/09\/cropped-logo-meigas-5.png","width":109,"height":200,"caption":"Meigas da r\u00faa"},"image":{"@id":"https:\/\/elojocojo.org\/#\/schema\/logo\/image\/"},"sameAs":["https:\/\/www.facebook.com\/elojocojo","https:\/\/x.com\/elojocojo","https:\/\/www.instagram.com\/elojocojo\/?hl=es","https:\/\/www.linkedin.com\/in\/el-ojo-cojo-b52b7769\/","https:\/\/www.pinterest.es\/elojocojo\/_saved\/","https:\/\/www.youtube.com\/channel\/UCkFtFTV0Bms7zH7vq8FZxZg"]},{"@type":"Person","@id":"https:\/\/elojocojo.org\/#\/schema\/person\/cba15985dd5da095cac31c1ff0d6e23e","name":"cojo","url":"https:\/\/elojocojo.org\/author\/cojo\/"}]}},"_links":{"self":[{"href":"https:\/\/elojocojo.org\/wp-json\/wp\/v2\/posts\/25918","targetHints":{"allow":["GET"]}}],"collection":[{"href":"https:\/\/elojocojo.org\/wp-json\/wp\/v2\/posts"}],"about":[{"href":"https:\/\/elojocojo.org\/wp-json\/wp\/v2\/types\/post"}],"author":[{"embeddable":true,"href":"https:\/\/elojocojo.org\/wp-json\/wp\/v2\/users\/11"}],"replies":[{"embeddable":true,"href":"https:\/\/elojocojo.org\/wp-json\/wp\/v2\/comments?post=25918"}],"version-history":[{"count":4,"href":"https:\/\/elojocojo.org\/wp-json\/wp\/v2\/posts\/25918\/revisions"}],"predecessor-version":[{"id":58024,"href":"https:\/\/elojocojo.org\/wp-json\/wp\/v2\/posts\/25918\/revisions\/58024"}],"wp:featuredmedia":[{"embeddable":true,"href":"https:\/\/elojocojo.org\/wp-json\/wp\/v2\/media\/26111"}],"wp:attachment":[{"href":"https:\/\/elojocojo.org\/wp-json\/wp\/v2\/media?parent=25918"}],"wp:term":[{"taxonomy":"category","embeddable":true,"href":"https:\/\/elojocojo.org\/wp-json\/wp\/v2\/categories?post=25918"},{"taxonomy":"post_tag","embeddable":true,"href":"https:\/\/elojocojo.org\/wp-json\/wp\/v2\/tags?post=25918"}],"curies":[{"name":"wp","href":"https:\/\/api.w.org\/{rel}","templated":true}]}}