{"id":25831,"date":"2020-09-23T15:40:16","date_gmt":"2020-09-23T22:40:16","guid":{"rendered":"http:\/\/www.elojocojo.org\/?p=25831"},"modified":"2025-09-17T17:11:33","modified_gmt":"2025-09-17T15:11:33","slug":"chamaco","status":"publish","type":"post","link":"https:\/\/elojocojo.org\/chamaco\/","title":{"rendered":"Chamaco"},"content":{"rendered":"\n<figure class=\"wp-block-image size-large\"><img decoding=\"async\" width=\"252\" height=\"360\" src=\"https:\/\/elojocojo.org\/wp-content\/uploads\/2023\/09\/chamaco-252x360.jpg\" alt=\"Chamaco\" class=\"wp-image-53427\" srcset=\"https:\/\/elojocojo.org\/wp-content\/uploads\/2023\/09\/chamaco-252x360.jpg 252w, https:\/\/elojocojo.org\/wp-content\/uploads\/2023\/09\/chamaco-350x500.jpg 350w, https:\/\/elojocojo.org\/wp-content\/uploads\/2023\/09\/chamaco-280x400.jpg 280w, https:\/\/elojocojo.org\/wp-content\/uploads\/2023\/09\/chamaco.jpg 400w\" sizes=\"(max-width: 252px) 100vw, 252px\" \/><\/figure>\n\n\n\n<p><strong>T\u00cdTULO<\/strong>: Chamaco<br \/><strong>T\u00cdTULO<\/strong> <strong>ORIGINAL<\/strong>: Chamaco<br \/><strong>A\u00d1O<\/strong>: 2010<br \/><strong>DIRECTOR<\/strong>: Juan Carlos Cremata Malberti<br \/><strong>G\u00c9NERO<\/strong>: Ficci\u00f3n<br \/><strong>DURACI\u00d3N<\/strong>: 95&#8242;<br \/><strong>PA\u00cdS<\/strong>: Cuba<br \/><strong>IDIOMA<\/strong> <strong>ORIGINAL<\/strong>: Castellano<br \/><strong>INT\u00c9RPRETES<\/strong>: Fidel Betancourt, Aram\u00eds Delgado, Laura Ramos, Caleb Casas, Alina Rodr\u00edguez, Francisco \u00abPancho\u00bb Garc\u00eda, Luis Alberto Garc\u00eda, Alfredo Chang<\/p>\n\n\n\n<p><strong>PRODUCCI\u00d3N<\/strong>: Juan M. Villar, Iohamil Navarro, Juan C. Cremata Malberti, Jos\u00e9 C. Cremata Malberti<br \/><strong>GUI\u00d3N<\/strong>: Juan Carlos Cremata Malberti y Abel Melo<br \/><strong>EDICI\u00d3N<\/strong>\/<strong>MONTAJE<\/strong>: Adri\u00e1n Garc\u00eda<br \/><strong>DIRECCI\u00d3N<\/strong> <strong>DE<\/strong> <strong>FOTOGRAF\u00cdA<\/strong>: Lily Su\u00e1rez<br \/><strong>SONIDO<\/strong>: Rub\u00e9n Vald\u00e9s, Camilo Machado<br \/><strong>M\u00daSICA<\/strong>: Amaury Ram\u00edrez Malberti<br \/><\/p>\n\n\n\n<h3 class=\"wp-block-heading\"><strong>Sinopsis<\/strong>: Chamaco<\/h3>\n\n\n\n<p>A partir del descubrimiento de un joven asesinado en el Parque Central de La Habana, se desencadena una serie de coincidencias que destapan una cruda realidad y comentan sobre la noche habanera y la corrupci\u00f3n en el oscuro mundo de la prostituci\u00f3n masculina.<\/p>\n\n\n\n<p>Generalmente, la historia se sumerge en las sombras de la vida nocturna de La Habana, donde los secretos y las conexiones ocultas rigen la existencia de los personajes. Aunque la ciudad brilla con su encanto, su cara oculta revela una red de enga\u00f1os y violencia que afecta a las vidas de aquellos atrapados en ella.<\/p>\n\n\n\n<p>Despu\u00e9s de que el asesinato sacude a la comunidad, la trama se centra en las investigaciones y revelaciones que se suceden, mostrando c\u00f3mo incluso en medio de la oscuridad, la verdad puede emerger decisivamente.<\/p>\n\n\n\n<p>A medida que se desentra\u00f1an los detalles del crimen, se exploran las complejas relaciones entre los protagonistas, revelando conexiones inesperadas y secretos guardados durante mucho tiempo. La pel\u00edcula arroja luz sobre los dilemas morales y personales que enfrentan mientras luchan por sobrevivir en un mundo lleno de peligros.<\/p>\n\n\n\n<p>Finalmente, \u00abSombras en el Parque Central\u00bb es un retrato crudo y revelador de una realidad subterr\u00e1nea que coexiste con la belleza superficial de La Habana. A trav\u00e9s de su narrativa intrigante y personajes complejos, la pel\u00edcula nos invita a cuestionar la percepci\u00f3n que tenemos de una ciudad y a reconocer que, incluso en las sombras, siempre existe la posibilidad de la redenci\u00f3n y la verdad.<\/p>\n\n\n\n<figure class=\"wp-block-embed is-type-video is-provider-youtube wp-block-embed-youtube wp-embed-aspect-4-3 wp-has-aspect-ratio\"><div class=\"wp-block-embed__wrapper\">\n<iframe title=\"Juan Carlos Cremata y su film Chamaco. avi\" width=\"1140\" height=\"855\" src=\"https:\/\/www.youtube.com\/embed\/BdarTlUA2GE?feature=oembed\" frameborder=\"0\" allow=\"accelerometer; autoplay; clipboard-write; encrypted-media; gyroscope; picture-in-picture; web-share\" allowfullscreen><\/iframe>\n<\/div><\/figure>\n\n\n\n<p>El filme\u00a0Chamaco\u00a0particip\u00f3 en la edici\u00f3n\u00a0<strong>2014<\/strong>\u00a0del <a href=\"https:\/\/elojocojo.org\/category\/festival-2014\/\"><strong>Festival<\/strong><\/a><a href=\"https:\/\/elojocojo.org\/category\/festival-2013\/\"><strong> de cine el ojO cojo<\/strong> <\/a>en ese sentido nos sentimos honrados de haberla exhibido.<\/p>\n\n\n\n<p><strong><a href=\"https:\/\/el-ojocojo.blogspot.com\/\">Visita nuestro blog<\/a><\/strong><\/p>\n","protected":false},"excerpt":{"rendered":"<p>T\u00cdTULO: ChamacoT\u00cdTULO ORIGINAL: ChamacoA\u00d1O: 2010DIRECTOR: Juan Carlos Cremata MalbertiG\u00c9NERO: Ficci\u00f3nDURACI\u00d3N: 95&#8242;PA\u00cdS: CubaIDIOMA ORIGINAL: CastellanoINT\u00c9RPRETES: Fidel Betancourt, Aram\u00eds Delgado, Laura Ramos, Caleb Casas, Alina Rodr\u00edguez, Francisco \u00abPancho\u00bb Garc\u00eda, Luis Alberto Garc\u00eda, Alfredo Chang PRODUCCI\u00d3N: Juan M. Villar, Iohamil Navarro, Juan C. Cremata Malberti, Jos\u00e9 C. Cremata MalbertiGUI\u00d3N: Juan Carlos Cremata Malberti y Abel MeloEDICI\u00d3N\/MONTAJE: Adri\u00e1n Garc\u00edaDIRECCI\u00d3N [&hellip;]<\/p>\n","protected":false},"author":11,"featured_media":0,"comment_status":"closed","ping_status":"closed","sticky":false,"template":"","format":"standard","meta":{"_monsterinsights_skip_tracking":false,"_monsterinsights_sitenote_active":false,"_monsterinsights_sitenote_note":"","_monsterinsights_sitenote_category":0,"footnotes":""},"categories":[7,30],"tags":[1999,88,1468,1014,1193,1024,2119,1981,1628,179,1207,707,150,136,1011],"class_list":{"0":"post-25831","1":"post","2":"type-post","3":"status-publish","4":"format-standard","6":"category-festival-2014","7":"category-ficcion","8":"tag-1999","9":"tag-america-latina","10":"tag-cortometraje","11":"tag-cuba","12":"tag-derechos-humanos","13":"tag-dictadura","14":"tag-espanol","15":"tag-festival-de-cine","16":"tag-ficcion","17":"tag-politica","18":"tag-prostitucion","19":"tag-reivindicacion","20":"tag-sexualidad","21":"tag-violencia","22":"tag-violencia-policial","23":"czr-hentry"},"yoast_head":"<!-- This site is optimized with the Yoast SEO plugin v27.1.1 - https:\/\/yoast.com\/product\/yoast-seo-wordpress\/ -->\n<title>Chamaco<\/title>\n<meta name=\"description\" content=\"Pel\u00edcula Chamaco exhibida en la edici\u00f3n 2014 del Festival el ojO cojo. Pa\u00eds de origen, Cuba. Dirigido por Juan Carlos Cremata Malberti.\" \/>\n<meta name=\"robots\" content=\"index, follow, max-snippet:-1, max-image-preview:large, max-video-preview:-1\" \/>\n<link rel=\"canonical\" href=\"https:\/\/elojocojo.org\/chamaco\/\" \/>\n<meta property=\"og:locale\" content=\"es_ES\" \/>\n<meta property=\"og:type\" content=\"article\" \/>\n<meta property=\"og:title\" content=\"Chamaco\" \/>\n<meta property=\"og:description\" content=\"Pel\u00edcula Chamaco exhibida en la edici\u00f3n 2014 del Festival el ojO cojo. Pa\u00eds de origen, Cuba. Dirigido por Juan Carlos Cremata Malberti.\" \/>\n<meta property=\"og:url\" content=\"https:\/\/elojocojo.org\/chamaco\/\" \/>\n<meta property=\"og:site_name\" content=\"el ojO cojo\" \/>\n<meta property=\"article:publisher\" content=\"https:\/\/www.facebook.com\/elojocojo\" \/>\n<meta property=\"article:published_time\" content=\"2020-09-23T22:40:16+00:00\" \/>\n<meta property=\"article:modified_time\" content=\"2025-09-17T15:11:33+00:00\" \/>\n<meta property=\"og:image\" content=\"https:\/\/elojocojo.org\/wp-content\/uploads\/2023\/09\/chamaco-252x360.jpg\" \/>\n<meta name=\"author\" content=\"cojo\" \/>\n<meta name=\"twitter:card\" content=\"summary_large_image\" \/>\n<meta name=\"twitter:creator\" content=\"@elojocojo\" \/>\n<meta name=\"twitter:site\" content=\"@elojocojo\" \/>\n<meta name=\"twitter:label1\" content=\"Escrito por\" \/>\n\t<meta name=\"twitter:data1\" content=\"cojo\" \/>\n\t<meta name=\"twitter:label2\" content=\"Tiempo de lectura\" \/>\n\t<meta name=\"twitter:data2\" content=\"2 minutos\" \/>\n<script type=\"application\/ld+json\" class=\"yoast-schema-graph\">{\"@context\":\"https:\/\/schema.org\",\"@graph\":[{\"@type\":\"Article\",\"@id\":\"https:\/\/elojocojo.org\/chamaco\/#article\",\"isPartOf\":{\"@id\":\"https:\/\/elojocojo.org\/chamaco\/\"},\"author\":{\"name\":\"cojo\",\"@id\":\"https:\/\/elojocojo.org\/#\/schema\/person\/cba15985dd5da095cac31c1ff0d6e23e\"},\"headline\":\"Chamaco\",\"datePublished\":\"2020-09-23T22:40:16+00:00\",\"dateModified\":\"2025-09-17T15:11:33+00:00\",\"mainEntityOfPage\":{\"@id\":\"https:\/\/elojocojo.org\/chamaco\/\"},\"wordCount\":401,\"publisher\":{\"@id\":\"https:\/\/elojocojo.org\/#organization\"},\"image\":{\"@id\":\"https:\/\/elojocojo.org\/chamaco\/#primaryimage\"},\"thumbnailUrl\":\"https:\/\/elojocojo.org\/wp-content\/uploads\/2023\/09\/chamaco-252x360.jpg\",\"keywords\":[\"2014\",\"Am\u00e9rica Latina\",\"cortometraje\",\"Cuba\",\"Derechos Humanos\",\"dictadura\",\"espa\u00f1ol\",\"festival de cine\",\"ficci\u00f3n\",\"pol\u00edtica\",\"prostituci\u00f3n\",\"reivindicaci\u00f3n\",\"sexualidad\",\"violencia\",\"violencia policial\"],\"articleSection\":[\"Festival 2014\",\"Ficci\u00f3n\"],\"inLanguage\":\"es\"},{\"@type\":\"WebPage\",\"@id\":\"https:\/\/elojocojo.org\/chamaco\/\",\"url\":\"https:\/\/elojocojo.org\/chamaco\/\",\"name\":\"Chamaco\",\"isPartOf\":{\"@id\":\"https:\/\/elojocojo.org\/#website\"},\"primaryImageOfPage\":{\"@id\":\"https:\/\/elojocojo.org\/chamaco\/#primaryimage\"},\"image\":{\"@id\":\"https:\/\/elojocojo.org\/chamaco\/#primaryimage\"},\"thumbnailUrl\":\"https:\/\/elojocojo.org\/wp-content\/uploads\/2023\/09\/chamaco-252x360.jpg\",\"datePublished\":\"2020-09-23T22:40:16+00:00\",\"dateModified\":\"2025-09-17T15:11:33+00:00\",\"description\":\"Pel\u00edcula Chamaco exhibida en la edici\u00f3n 2014 del Festival el ojO cojo. Pa\u00eds de origen, Cuba. Dirigido por Juan Carlos Cremata Malberti.\",\"breadcrumb\":{\"@id\":\"https:\/\/elojocojo.org\/chamaco\/#breadcrumb\"},\"inLanguage\":\"es\",\"potentialAction\":[{\"@type\":\"ReadAction\",\"target\":[\"https:\/\/elojocojo.org\/chamaco\/\"]}]},{\"@type\":\"ImageObject\",\"inLanguage\":\"es\",\"@id\":\"https:\/\/elojocojo.org\/chamaco\/#primaryimage\",\"url\":\"https:\/\/elojocojo.org\/wp-content\/uploads\/2023\/09\/chamaco.jpg\",\"contentUrl\":\"https:\/\/elojocojo.org\/wp-content\/uploads\/2023\/09\/chamaco.jpg\",\"width\":400,\"height\":572},{\"@type\":\"BreadcrumbList\",\"@id\":\"https:\/\/elojocojo.org\/chamaco\/#breadcrumb\",\"itemListElement\":[{\"@type\":\"ListItem\",\"position\":1,\"name\":\"Portada\",\"item\":\"https:\/\/elojocojo.org\/\"},{\"@type\":\"ListItem\",\"position\":2,\"name\":\"2014\",\"item\":\"https:\/\/elojocojo.org\/tag\/2014\/\"},{\"@type\":\"ListItem\",\"position\":3,\"name\":\"Chamaco\"}]},{\"@type\":\"WebSite\",\"@id\":\"https:\/\/elojocojo.org\/#website\",\"url\":\"https:\/\/elojocojo.org\/\",\"name\":\"el ojO cojo\",\"description\":\"Todos estamos hechos de la misma esencia\",\"publisher\":{\"@id\":\"https:\/\/elojocojo.org\/#organization\"},\"potentialAction\":[{\"@type\":\"SearchAction\",\"target\":{\"@type\":\"EntryPoint\",\"urlTemplate\":\"https:\/\/elojocojo.org\/?s={search_term_string}\"},\"query-input\":{\"@type\":\"PropertyValueSpecification\",\"valueRequired\":true,\"valueName\":\"search_term_string\"}}],\"inLanguage\":\"es\"},{\"@type\":\"Organization\",\"@id\":\"https:\/\/elojocojo.org\/#organization\",\"name\":\"Meigas da r\u00faa\",\"url\":\"https:\/\/elojocojo.org\/\",\"logo\":{\"@type\":\"ImageObject\",\"inLanguage\":\"es\",\"@id\":\"https:\/\/elojocojo.org\/#\/schema\/logo\/image\/\",\"url\":\"https:\/\/meigasdarua.org\/wp-content\/uploads\/2020\/09\/cropped-logo-meigas-5.png\",\"contentUrl\":\"https:\/\/meigasdarua.org\/wp-content\/uploads\/2020\/09\/cropped-logo-meigas-5.png\",\"width\":109,\"height\":200,\"caption\":\"Meigas da r\u00faa\"},\"image\":{\"@id\":\"https:\/\/elojocojo.org\/#\/schema\/logo\/image\/\"},\"sameAs\":[\"https:\/\/www.facebook.com\/elojocojo\",\"https:\/\/x.com\/elojocojo\",\"https:\/\/www.instagram.com\/elojocojo\/?hl=es\",\"https:\/\/www.linkedin.com\/in\/el-ojo-cojo-b52b7769\/\",\"https:\/\/www.pinterest.es\/elojocojo\/_saved\/\",\"https:\/\/www.youtube.com\/channel\/UCkFtFTV0Bms7zH7vq8FZxZg\"]},{\"@type\":\"Person\",\"@id\":\"https:\/\/elojocojo.org\/#\/schema\/person\/cba15985dd5da095cac31c1ff0d6e23e\",\"name\":\"cojo\",\"url\":\"https:\/\/elojocojo.org\/author\/cojo\/\"}]}<\/script>\n<!-- \/ Yoast SEO plugin. -->","yoast_head_json":{"title":"Chamaco","description":"Pel\u00edcula Chamaco exhibida en la edici\u00f3n 2014 del Festival el ojO cojo. Pa\u00eds de origen, Cuba. Dirigido por Juan Carlos Cremata Malberti.","robots":{"index":"index","follow":"follow","max-snippet":"max-snippet:-1","max-image-preview":"max-image-preview:large","max-video-preview":"max-video-preview:-1"},"canonical":"https:\/\/elojocojo.org\/chamaco\/","og_locale":"es_ES","og_type":"article","og_title":"Chamaco","og_description":"Pel\u00edcula Chamaco exhibida en la edici\u00f3n 2014 del Festival el ojO cojo. Pa\u00eds de origen, Cuba. Dirigido por Juan Carlos Cremata Malberti.","og_url":"https:\/\/elojocojo.org\/chamaco\/","og_site_name":"el ojO cojo","article_publisher":"https:\/\/www.facebook.com\/elojocojo","article_published_time":"2020-09-23T22:40:16+00:00","article_modified_time":"2025-09-17T15:11:33+00:00","og_image":[{"url":"https:\/\/elojocojo.org\/wp-content\/uploads\/2023\/09\/chamaco-252x360.jpg","type":"","width":"","height":""}],"author":"cojo","twitter_card":"summary_large_image","twitter_creator":"@elojocojo","twitter_site":"@elojocojo","twitter_misc":{"Escrito por":"cojo","Tiempo de lectura":"2 minutos"},"schema":{"@context":"https:\/\/schema.org","@graph":[{"@type":"Article","@id":"https:\/\/elojocojo.org\/chamaco\/#article","isPartOf":{"@id":"https:\/\/elojocojo.org\/chamaco\/"},"author":{"name":"cojo","@id":"https:\/\/elojocojo.org\/#\/schema\/person\/cba15985dd5da095cac31c1ff0d6e23e"},"headline":"Chamaco","datePublished":"2020-09-23T22:40:16+00:00","dateModified":"2025-09-17T15:11:33+00:00","mainEntityOfPage":{"@id":"https:\/\/elojocojo.org\/chamaco\/"},"wordCount":401,"publisher":{"@id":"https:\/\/elojocojo.org\/#organization"},"image":{"@id":"https:\/\/elojocojo.org\/chamaco\/#primaryimage"},"thumbnailUrl":"https:\/\/elojocojo.org\/wp-content\/uploads\/2023\/09\/chamaco-252x360.jpg","keywords":["2014","Am\u00e9rica Latina","cortometraje","Cuba","Derechos Humanos","dictadura","espa\u00f1ol","festival de cine","ficci\u00f3n","pol\u00edtica","prostituci\u00f3n","reivindicaci\u00f3n","sexualidad","violencia","violencia policial"],"articleSection":["Festival 2014","Ficci\u00f3n"],"inLanguage":"es"},{"@type":"WebPage","@id":"https:\/\/elojocojo.org\/chamaco\/","url":"https:\/\/elojocojo.org\/chamaco\/","name":"Chamaco","isPartOf":{"@id":"https:\/\/elojocojo.org\/#website"},"primaryImageOfPage":{"@id":"https:\/\/elojocojo.org\/chamaco\/#primaryimage"},"image":{"@id":"https:\/\/elojocojo.org\/chamaco\/#primaryimage"},"thumbnailUrl":"https:\/\/elojocojo.org\/wp-content\/uploads\/2023\/09\/chamaco-252x360.jpg","datePublished":"2020-09-23T22:40:16+00:00","dateModified":"2025-09-17T15:11:33+00:00","description":"Pel\u00edcula Chamaco exhibida en la edici\u00f3n 2014 del Festival el ojO cojo. Pa\u00eds de origen, Cuba. Dirigido por Juan Carlos Cremata Malberti.","breadcrumb":{"@id":"https:\/\/elojocojo.org\/chamaco\/#breadcrumb"},"inLanguage":"es","potentialAction":[{"@type":"ReadAction","target":["https:\/\/elojocojo.org\/chamaco\/"]}]},{"@type":"ImageObject","inLanguage":"es","@id":"https:\/\/elojocojo.org\/chamaco\/#primaryimage","url":"https:\/\/elojocojo.org\/wp-content\/uploads\/2023\/09\/chamaco.jpg","contentUrl":"https:\/\/elojocojo.org\/wp-content\/uploads\/2023\/09\/chamaco.jpg","width":400,"height":572},{"@type":"BreadcrumbList","@id":"https:\/\/elojocojo.org\/chamaco\/#breadcrumb","itemListElement":[{"@type":"ListItem","position":1,"name":"Portada","item":"https:\/\/elojocojo.org\/"},{"@type":"ListItem","position":2,"name":"2014","item":"https:\/\/elojocojo.org\/tag\/2014\/"},{"@type":"ListItem","position":3,"name":"Chamaco"}]},{"@type":"WebSite","@id":"https:\/\/elojocojo.org\/#website","url":"https:\/\/elojocojo.org\/","name":"el ojO cojo","description":"Todos estamos hechos de la misma esencia","publisher":{"@id":"https:\/\/elojocojo.org\/#organization"},"potentialAction":[{"@type":"SearchAction","target":{"@type":"EntryPoint","urlTemplate":"https:\/\/elojocojo.org\/?s={search_term_string}"},"query-input":{"@type":"PropertyValueSpecification","valueRequired":true,"valueName":"search_term_string"}}],"inLanguage":"es"},{"@type":"Organization","@id":"https:\/\/elojocojo.org\/#organization","name":"Meigas da r\u00faa","url":"https:\/\/elojocojo.org\/","logo":{"@type":"ImageObject","inLanguage":"es","@id":"https:\/\/elojocojo.org\/#\/schema\/logo\/image\/","url":"https:\/\/meigasdarua.org\/wp-content\/uploads\/2020\/09\/cropped-logo-meigas-5.png","contentUrl":"https:\/\/meigasdarua.org\/wp-content\/uploads\/2020\/09\/cropped-logo-meigas-5.png","width":109,"height":200,"caption":"Meigas da r\u00faa"},"image":{"@id":"https:\/\/elojocojo.org\/#\/schema\/logo\/image\/"},"sameAs":["https:\/\/www.facebook.com\/elojocojo","https:\/\/x.com\/elojocojo","https:\/\/www.instagram.com\/elojocojo\/?hl=es","https:\/\/www.linkedin.com\/in\/el-ojo-cojo-b52b7769\/","https:\/\/www.pinterest.es\/elojocojo\/_saved\/","https:\/\/www.youtube.com\/channel\/UCkFtFTV0Bms7zH7vq8FZxZg"]},{"@type":"Person","@id":"https:\/\/elojocojo.org\/#\/schema\/person\/cba15985dd5da095cac31c1ff0d6e23e","name":"cojo","url":"https:\/\/elojocojo.org\/author\/cojo\/"}]}},"_links":{"self":[{"href":"https:\/\/elojocojo.org\/wp-json\/wp\/v2\/posts\/25831","targetHints":{"allow":["GET"]}}],"collection":[{"href":"https:\/\/elojocojo.org\/wp-json\/wp\/v2\/posts"}],"about":[{"href":"https:\/\/elojocojo.org\/wp-json\/wp\/v2\/types\/post"}],"author":[{"embeddable":true,"href":"https:\/\/elojocojo.org\/wp-json\/wp\/v2\/users\/11"}],"replies":[{"embeddable":true,"href":"https:\/\/elojocojo.org\/wp-json\/wp\/v2\/comments?post=25831"}],"version-history":[{"count":3,"href":"https:\/\/elojocojo.org\/wp-json\/wp\/v2\/posts\/25831\/revisions"}],"predecessor-version":[{"id":58028,"href":"https:\/\/elojocojo.org\/wp-json\/wp\/v2\/posts\/25831\/revisions\/58028"}],"wp:attachment":[{"href":"https:\/\/elojocojo.org\/wp-json\/wp\/v2\/media?parent=25831"}],"wp:term":[{"taxonomy":"category","embeddable":true,"href":"https:\/\/elojocojo.org\/wp-json\/wp\/v2\/categories?post=25831"},{"taxonomy":"post_tag","embeddable":true,"href":"https:\/\/elojocojo.org\/wp-json\/wp\/v2\/tags?post=25831"}],"curies":[{"name":"wp","href":"https:\/\/api.w.org\/{rel}","templated":true}]}}