{"id":24952,"date":"2020-08-07T09:00:33","date_gmt":"2020-08-07T16:00:33","guid":{"rendered":"http:\/\/www.elojocojo.org\/?p=24952"},"modified":"2025-09-26T19:45:53","modified_gmt":"2025-09-26T17:45:53","slug":"90-millas","status":"publish","type":"post","link":"https:\/\/elojocojo.org\/90-millas\/","title":{"rendered":"90 Millas"},"content":{"rendered":"\n<figure class=\"wp-block-image\"><img decoding=\"async\" width=\"338\" height=\"500\" src=\"https:\/\/www.elojocojo.org\/wp-content\/uploads\/2020\/08\/41477_550x814-338x500.jpg\" alt=\"90 Millas\" class=\"wp-image-25035\" srcset=\"https:\/\/elojocojo.org\/wp-content\/uploads\/2020\/08\/41477_550x814-338x500.jpg 338w, https:\/\/elojocojo.org\/wp-content\/uploads\/2020\/08\/41477_550x814-243x360.jpg 243w, https:\/\/elojocojo.org\/wp-content\/uploads\/2020\/08\/41477_550x814-270x400.jpg 270w, https:\/\/elojocojo.org\/wp-content\/uploads\/2020\/08\/41477_550x814.jpg 550w\" sizes=\"(max-width: 338px) 100vw, 338px\" \/><\/figure>\n\n\n\n<p>T\u00cdTULO ORIGINAL: 90 Millas<br \/>A\u00d1O: 2001<br \/>DIRECTOR: Juan Carlos Zald\u00edvar<br \/>G\u00c9NERO : Documental<br \/>DURACI\u00d3N: 90 min<br \/>FORMATO ORIGINAL: Beta<\/p>\n\n\n\n<p>TIPO: Color Dolby Digital<br \/>GUI\u00d3N: Juan Carlos Zald\u00edvar<\/p>\n\n\n\n<h3 class=\"wp-block-heading\">SINOPSIS: 90 Millas<\/h3>\n\n\n\n<p>\u00abNoventa Millas\u00bb es un documental que nos sumerge en la distancia geogr\u00e1fica que separa la isla de Cuba de los Estados Unidos, una distancia que, aunque medida en millas, se siente inmensurable cuando se observa a trav\u00e9s del prisma de una familia dividida. Adem\u00e1s, esta pel\u00edcula arroja nueva luz sobre un tema a menudo simplificado: las relaciones entre cubanos y cubano-americanos.<\/p>\n\n\n\n<p>Ciertamente, las din\u00e1micas familiares son un reflejo de las complejidades de la historia compartida entre ambas naciones. Como resultado, \u00abNoventa Millas\u00bb nos permite explorar las tensiones y los lazos que persisten entre los que se quedaron en Cuba y los que emigraron a los Estados Unidos.<\/p>\n\n\n\n<p>Como un mosaico de historias personales, especialmente aquellas de aquellos que quedaron atr\u00e1s y los que partieron en busca de nuevas oportunidades, esta pel\u00edcula nos lleva en un viaje emocional. Luego, mientras escuchamos los testimonios de aquellos que tomaron caminos diferentes, entendemos c\u00f3mo las decisiones de un individuo pueden impactar en toda una familia.<\/p>\n\n\n\n<p>Entonces, cuando el documental se sumerge en las vidas de estas personas, vemos c\u00f3mo sus experiencias y perspectivas evolucionan, decididamente, a lo largo del tiempo. Eventualmente, llegamos a apreciar la complejidad de las relaciones familiares que trascienden fronteras.<\/p>\n\n\n\n<p>PALMARES<\/p>\n\n\n\n<p>Gran Coral &#8211; Primer Premio, Mejor Documental<\/p>\n\n\n\n<p>Premio Memoria Documental &#8211; Festival de Cine de La Habana, 2001<\/p>\n\n\n\n<p>El filme 90 Millas particip\u00f3 en la edici\u00f3n <a href=\"https:\/\/elojocojo.org\/category\/festival-2004\/\"><span class=\"s1\"><b>2004\u00a0<\/b><\/span><\/a>del <a href=\"https:\/\/elojocojo.org\/category\/festival-2004\/\"><span class=\"s1\"><b>Festival de cine el ojO cojo<\/b> <\/span><\/a>en ese sentido nos sentimos honrados de haberla exhibido.<\/p>\n\n\n\n<p><strong><a href=\"https:\/\/el-ojocojo.blogspot.com\/\">Visita nuestro blog<\/a><\/strong><\/p>\n","protected":false},"excerpt":{"rendered":"<p>90 Millas<\/p>\n","protected":false},"author":11,"featured_media":25039,"comment_status":"closed","ping_status":"closed","sticky":false,"template":"","format":"standard","meta":{"_monsterinsights_skip_tracking":false,"_monsterinsights_sitenote_active":false,"_monsterinsights_sitenote_note":"","_monsterinsights_sitenote_category":0,"footnotes":""},"categories":[2053,430],"tags":[1929,1774,62,1014,892,1499,1981,1982,2384,1834,60],"class_list":{"0":"post-24952","1":"post","2":"type-post","3":"status-publish","4":"format-standard","5":"has-post-thumbnail","7":"category-documental","8":"category-festival-2004","9":"tag-1929","10":"tag-choque-cultural","11":"tag-convivencia","12":"tag-cuba","13":"tag-diversidad-cultural","14":"tag-exilio","15":"tag-festival-de-cine","16":"tag-festival-el-ojo-cojo","17":"tag-frontera","18":"tag-fronteras","19":"tag-migraciones","20":"czr-hentry"},"yoast_head":"<!-- This site is optimized with the Yoast SEO plugin v27.1.1 - https:\/\/yoast.com\/product\/yoast-seo-wordpress\/ -->\n<title>90 Millas, de Juan C. Zald\u00edvar<\/title>\n<meta name=\"description\" content=\"Documental 90 Millas exhibido en la edici\u00f3n 2004 del Festival el ojO cojo. Pa\u00eds de origen, Cuba. Dirigido por Juan Carlos Zald\u00edvar.\" \/>\n<meta name=\"robots\" content=\"index, follow, max-snippet:-1, max-image-preview:large, max-video-preview:-1\" \/>\n<link rel=\"canonical\" href=\"https:\/\/elojocojo.org\/90-millas\/\" \/>\n<meta property=\"og:locale\" content=\"es_ES\" \/>\n<meta property=\"og:type\" content=\"article\" \/>\n<meta property=\"og:title\" content=\"90 Millas, de Juan C. Zald\u00edvar\" \/>\n<meta property=\"og:description\" content=\"Documental 90 Millas exhibido en la edici\u00f3n 2004 del Festival el ojO cojo. Pa\u00eds de origen, Cuba. Dirigido por Juan Carlos Zald\u00edvar.\" \/>\n<meta property=\"og:url\" content=\"https:\/\/elojocojo.org\/90-millas\/\" \/>\n<meta property=\"og:site_name\" content=\"el ojO cojo\" \/>\n<meta property=\"article:publisher\" content=\"https:\/\/www.facebook.com\/elojocojo\" \/>\n<meta property=\"article:published_time\" content=\"2020-08-07T16:00:33+00:00\" \/>\n<meta property=\"article:modified_time\" content=\"2025-09-26T17:45:53+00:00\" \/>\n<meta property=\"og:image\" content=\"https:\/\/elojocojo.org\/wp-content\/uploads\/2020\/08\/41477_550x8141.jpg\" \/>\n\t<meta property=\"og:image:width\" content=\"523\" \/>\n\t<meta property=\"og:image:height\" content=\"231\" \/>\n\t<meta property=\"og:image:type\" content=\"image\/jpeg\" \/>\n<meta name=\"author\" content=\"cojo\" \/>\n<meta name=\"twitter:card\" content=\"summary_large_image\" \/>\n<meta name=\"twitter:creator\" content=\"@elojocojo\" \/>\n<meta name=\"twitter:site\" content=\"@elojocojo\" \/>\n<meta name=\"twitter:label1\" content=\"Escrito por\" \/>\n\t<meta name=\"twitter:data1\" content=\"cojo\" \/>\n\t<meta name=\"twitter:label2\" content=\"Tiempo de lectura\" \/>\n\t<meta name=\"twitter:data2\" content=\"1 minuto\" \/>\n<script type=\"application\/ld+json\" class=\"yoast-schema-graph\">{\"@context\":\"https:\/\/schema.org\",\"@graph\":[{\"@type\":\"Article\",\"@id\":\"https:\/\/elojocojo.org\/90-millas\/#article\",\"isPartOf\":{\"@id\":\"https:\/\/elojocojo.org\/90-millas\/\"},\"author\":{\"name\":\"cojo\",\"@id\":\"https:\/\/elojocojo.org\/#\/schema\/person\/cba15985dd5da095cac31c1ff0d6e23e\"},\"headline\":\"90 Millas\",\"datePublished\":\"2020-08-07T16:00:33+00:00\",\"dateModified\":\"2025-09-26T17:45:53+00:00\",\"mainEntityOfPage\":{\"@id\":\"https:\/\/elojocojo.org\/90-millas\/\"},\"wordCount\":281,\"publisher\":{\"@id\":\"https:\/\/elojocojo.org\/#organization\"},\"image\":{\"@id\":\"https:\/\/elojocojo.org\/90-millas\/#primaryimage\"},\"thumbnailUrl\":\"https:\/\/elojocojo.org\/wp-content\/uploads\/2020\/08\/41477_550x8141.jpg\",\"keywords\":[\"2004\",\"choque cultural\",\"convivencia\",\"Cuba\",\"diversidad cultural\",\"exilio\",\"festival de cine\",\"Festival el Ojo cojo\",\"frontera\",\"fronteras\",\"migraciones\"],\"articleSection\":[\"Documental\",\"Festival 2004\"],\"inLanguage\":\"es\"},{\"@type\":\"WebPage\",\"@id\":\"https:\/\/elojocojo.org\/90-millas\/\",\"url\":\"https:\/\/elojocojo.org\/90-millas\/\",\"name\":\"90 Millas, de Juan C. Zald\u00edvar\",\"isPartOf\":{\"@id\":\"https:\/\/elojocojo.org\/#website\"},\"primaryImageOfPage\":{\"@id\":\"https:\/\/elojocojo.org\/90-millas\/#primaryimage\"},\"image\":{\"@id\":\"https:\/\/elojocojo.org\/90-millas\/#primaryimage\"},\"thumbnailUrl\":\"https:\/\/elojocojo.org\/wp-content\/uploads\/2020\/08\/41477_550x8141.jpg\",\"datePublished\":\"2020-08-07T16:00:33+00:00\",\"dateModified\":\"2025-09-26T17:45:53+00:00\",\"description\":\"Documental 90 Millas exhibido en la edici\u00f3n 2004 del Festival el ojO cojo. Pa\u00eds de origen, Cuba. Dirigido por Juan Carlos Zald\u00edvar.\",\"breadcrumb\":{\"@id\":\"https:\/\/elojocojo.org\/90-millas\/#breadcrumb\"},\"inLanguage\":\"es\",\"potentialAction\":[{\"@type\":\"ReadAction\",\"target\":[\"https:\/\/elojocojo.org\/90-millas\/\"]}]},{\"@type\":\"ImageObject\",\"inLanguage\":\"es\",\"@id\":\"https:\/\/elojocojo.org\/90-millas\/#primaryimage\",\"url\":\"https:\/\/elojocojo.org\/wp-content\/uploads\/2020\/08\/41477_550x8141.jpg\",\"contentUrl\":\"https:\/\/elojocojo.org\/wp-content\/uploads\/2020\/08\/41477_550x8141.jpg\",\"width\":523,\"height\":231},{\"@type\":\"BreadcrumbList\",\"@id\":\"https:\/\/elojocojo.org\/90-millas\/#breadcrumb\",\"itemListElement\":[{\"@type\":\"ListItem\",\"position\":1,\"name\":\"Portada\",\"item\":\"https:\/\/elojocojo.org\/\"},{\"@type\":\"ListItem\",\"position\":2,\"name\":\"2004\",\"item\":\"https:\/\/elojocojo.org\/tag\/2004\/\"},{\"@type\":\"ListItem\",\"position\":3,\"name\":\"90 Millas\"}]},{\"@type\":\"WebSite\",\"@id\":\"https:\/\/elojocojo.org\/#website\",\"url\":\"https:\/\/elojocojo.org\/\",\"name\":\"el ojO cojo\",\"description\":\"Todos estamos hechos de la misma esencia\",\"publisher\":{\"@id\":\"https:\/\/elojocojo.org\/#organization\"},\"potentialAction\":[{\"@type\":\"SearchAction\",\"target\":{\"@type\":\"EntryPoint\",\"urlTemplate\":\"https:\/\/elojocojo.org\/?s={search_term_string}\"},\"query-input\":{\"@type\":\"PropertyValueSpecification\",\"valueRequired\":true,\"valueName\":\"search_term_string\"}}],\"inLanguage\":\"es\"},{\"@type\":\"Organization\",\"@id\":\"https:\/\/elojocojo.org\/#organization\",\"name\":\"Meigas da r\u00faa\",\"url\":\"https:\/\/elojocojo.org\/\",\"logo\":{\"@type\":\"ImageObject\",\"inLanguage\":\"es\",\"@id\":\"https:\/\/elojocojo.org\/#\/schema\/logo\/image\/\",\"url\":\"https:\/\/meigasdarua.org\/wp-content\/uploads\/2020\/09\/cropped-logo-meigas-5.png\",\"contentUrl\":\"https:\/\/meigasdarua.org\/wp-content\/uploads\/2020\/09\/cropped-logo-meigas-5.png\",\"width\":109,\"height\":200,\"caption\":\"Meigas da r\u00faa\"},\"image\":{\"@id\":\"https:\/\/elojocojo.org\/#\/schema\/logo\/image\/\"},\"sameAs\":[\"https:\/\/www.facebook.com\/elojocojo\",\"https:\/\/x.com\/elojocojo\",\"https:\/\/www.instagram.com\/elojocojo\/?hl=es\",\"https:\/\/www.linkedin.com\/in\/el-ojo-cojo-b52b7769\/\",\"https:\/\/www.pinterest.es\/elojocojo\/_saved\/\",\"https:\/\/www.youtube.com\/channel\/UCkFtFTV0Bms7zH7vq8FZxZg\"]},{\"@type\":\"Person\",\"@id\":\"https:\/\/elojocojo.org\/#\/schema\/person\/cba15985dd5da095cac31c1ff0d6e23e\",\"name\":\"cojo\",\"url\":\"https:\/\/elojocojo.org\/author\/cojo\/\"}]}<\/script>\n<!-- \/ Yoast SEO plugin. -->","yoast_head_json":{"title":"90 Millas, de Juan C. Zald\u00edvar","description":"Documental 90 Millas exhibido en la edici\u00f3n 2004 del Festival el ojO cojo. Pa\u00eds de origen, Cuba. Dirigido por Juan Carlos Zald\u00edvar.","robots":{"index":"index","follow":"follow","max-snippet":"max-snippet:-1","max-image-preview":"max-image-preview:large","max-video-preview":"max-video-preview:-1"},"canonical":"https:\/\/elojocojo.org\/90-millas\/","og_locale":"es_ES","og_type":"article","og_title":"90 Millas, de Juan C. Zald\u00edvar","og_description":"Documental 90 Millas exhibido en la edici\u00f3n 2004 del Festival el ojO cojo. Pa\u00eds de origen, Cuba. Dirigido por Juan Carlos Zald\u00edvar.","og_url":"https:\/\/elojocojo.org\/90-millas\/","og_site_name":"el ojO cojo","article_publisher":"https:\/\/www.facebook.com\/elojocojo","article_published_time":"2020-08-07T16:00:33+00:00","article_modified_time":"2025-09-26T17:45:53+00:00","og_image":[{"width":523,"height":231,"url":"https:\/\/elojocojo.org\/wp-content\/uploads\/2020\/08\/41477_550x8141.jpg","type":"image\/jpeg"}],"author":"cojo","twitter_card":"summary_large_image","twitter_creator":"@elojocojo","twitter_site":"@elojocojo","twitter_misc":{"Escrito por":"cojo","Tiempo de lectura":"1 minuto"},"schema":{"@context":"https:\/\/schema.org","@graph":[{"@type":"Article","@id":"https:\/\/elojocojo.org\/90-millas\/#article","isPartOf":{"@id":"https:\/\/elojocojo.org\/90-millas\/"},"author":{"name":"cojo","@id":"https:\/\/elojocojo.org\/#\/schema\/person\/cba15985dd5da095cac31c1ff0d6e23e"},"headline":"90 Millas","datePublished":"2020-08-07T16:00:33+00:00","dateModified":"2025-09-26T17:45:53+00:00","mainEntityOfPage":{"@id":"https:\/\/elojocojo.org\/90-millas\/"},"wordCount":281,"publisher":{"@id":"https:\/\/elojocojo.org\/#organization"},"image":{"@id":"https:\/\/elojocojo.org\/90-millas\/#primaryimage"},"thumbnailUrl":"https:\/\/elojocojo.org\/wp-content\/uploads\/2020\/08\/41477_550x8141.jpg","keywords":["2004","choque cultural","convivencia","Cuba","diversidad cultural","exilio","festival de cine","Festival el Ojo cojo","frontera","fronteras","migraciones"],"articleSection":["Documental","Festival 2004"],"inLanguage":"es"},{"@type":"WebPage","@id":"https:\/\/elojocojo.org\/90-millas\/","url":"https:\/\/elojocojo.org\/90-millas\/","name":"90 Millas, de Juan C. Zald\u00edvar","isPartOf":{"@id":"https:\/\/elojocojo.org\/#website"},"primaryImageOfPage":{"@id":"https:\/\/elojocojo.org\/90-millas\/#primaryimage"},"image":{"@id":"https:\/\/elojocojo.org\/90-millas\/#primaryimage"},"thumbnailUrl":"https:\/\/elojocojo.org\/wp-content\/uploads\/2020\/08\/41477_550x8141.jpg","datePublished":"2020-08-07T16:00:33+00:00","dateModified":"2025-09-26T17:45:53+00:00","description":"Documental 90 Millas exhibido en la edici\u00f3n 2004 del Festival el ojO cojo. Pa\u00eds de origen, Cuba. Dirigido por Juan Carlos Zald\u00edvar.","breadcrumb":{"@id":"https:\/\/elojocojo.org\/90-millas\/#breadcrumb"},"inLanguage":"es","potentialAction":[{"@type":"ReadAction","target":["https:\/\/elojocojo.org\/90-millas\/"]}]},{"@type":"ImageObject","inLanguage":"es","@id":"https:\/\/elojocojo.org\/90-millas\/#primaryimage","url":"https:\/\/elojocojo.org\/wp-content\/uploads\/2020\/08\/41477_550x8141.jpg","contentUrl":"https:\/\/elojocojo.org\/wp-content\/uploads\/2020\/08\/41477_550x8141.jpg","width":523,"height":231},{"@type":"BreadcrumbList","@id":"https:\/\/elojocojo.org\/90-millas\/#breadcrumb","itemListElement":[{"@type":"ListItem","position":1,"name":"Portada","item":"https:\/\/elojocojo.org\/"},{"@type":"ListItem","position":2,"name":"2004","item":"https:\/\/elojocojo.org\/tag\/2004\/"},{"@type":"ListItem","position":3,"name":"90 Millas"}]},{"@type":"WebSite","@id":"https:\/\/elojocojo.org\/#website","url":"https:\/\/elojocojo.org\/","name":"el ojO cojo","description":"Todos estamos hechos de la misma esencia","publisher":{"@id":"https:\/\/elojocojo.org\/#organization"},"potentialAction":[{"@type":"SearchAction","target":{"@type":"EntryPoint","urlTemplate":"https:\/\/elojocojo.org\/?s={search_term_string}"},"query-input":{"@type":"PropertyValueSpecification","valueRequired":true,"valueName":"search_term_string"}}],"inLanguage":"es"},{"@type":"Organization","@id":"https:\/\/elojocojo.org\/#organization","name":"Meigas da r\u00faa","url":"https:\/\/elojocojo.org\/","logo":{"@type":"ImageObject","inLanguage":"es","@id":"https:\/\/elojocojo.org\/#\/schema\/logo\/image\/","url":"https:\/\/meigasdarua.org\/wp-content\/uploads\/2020\/09\/cropped-logo-meigas-5.png","contentUrl":"https:\/\/meigasdarua.org\/wp-content\/uploads\/2020\/09\/cropped-logo-meigas-5.png","width":109,"height":200,"caption":"Meigas da r\u00faa"},"image":{"@id":"https:\/\/elojocojo.org\/#\/schema\/logo\/image\/"},"sameAs":["https:\/\/www.facebook.com\/elojocojo","https:\/\/x.com\/elojocojo","https:\/\/www.instagram.com\/elojocojo\/?hl=es","https:\/\/www.linkedin.com\/in\/el-ojo-cojo-b52b7769\/","https:\/\/www.pinterest.es\/elojocojo\/_saved\/","https:\/\/www.youtube.com\/channel\/UCkFtFTV0Bms7zH7vq8FZxZg"]},{"@type":"Person","@id":"https:\/\/elojocojo.org\/#\/schema\/person\/cba15985dd5da095cac31c1ff0d6e23e","name":"cojo","url":"https:\/\/elojocojo.org\/author\/cojo\/"}]}},"_links":{"self":[{"href":"https:\/\/elojocojo.org\/wp-json\/wp\/v2\/posts\/24952","targetHints":{"allow":["GET"]}}],"collection":[{"href":"https:\/\/elojocojo.org\/wp-json\/wp\/v2\/posts"}],"about":[{"href":"https:\/\/elojocojo.org\/wp-json\/wp\/v2\/types\/post"}],"author":[{"embeddable":true,"href":"https:\/\/elojocojo.org\/wp-json\/wp\/v2\/users\/11"}],"replies":[{"embeddable":true,"href":"https:\/\/elojocojo.org\/wp-json\/wp\/v2\/comments?post=24952"}],"version-history":[{"count":4,"href":"https:\/\/elojocojo.org\/wp-json\/wp\/v2\/posts\/24952\/revisions"}],"predecessor-version":[{"id":58443,"href":"https:\/\/elojocojo.org\/wp-json\/wp\/v2\/posts\/24952\/revisions\/58443"}],"wp:featuredmedia":[{"embeddable":true,"href":"https:\/\/elojocojo.org\/wp-json\/wp\/v2\/media\/25039"}],"wp:attachment":[{"href":"https:\/\/elojocojo.org\/wp-json\/wp\/v2\/media?parent=24952"}],"wp:term":[{"taxonomy":"category","embeddable":true,"href":"https:\/\/elojocojo.org\/wp-json\/wp\/v2\/categories?post=24952"},{"taxonomy":"post_tag","embeddable":true,"href":"https:\/\/elojocojo.org\/wp-json\/wp\/v2\/tags?post=24952"}],"curies":[{"name":"wp","href":"https:\/\/api.w.org\/{rel}","templated":true}]}}