{"id":24867,"date":"2020-08-03T23:48:15","date_gmt":"2020-08-04T06:48:15","guid":{"rendered":"http:\/\/www.elojocojo.org\/?p=24867"},"modified":"2025-09-17T17:25:27","modified_gmt":"2025-09-17T15:25:27","slug":"ana-beatriz","status":"publish","type":"post","link":"https:\/\/elojocojo.org\/ana-beatriz\/","title":{"rendered":"Ana Beatriz"},"content":{"rendered":"\n<figure class=\"wp-block-embed is-type-video is-provider-vimeo wp-block-embed-vimeo wp-embed-aspect-4-3 wp-has-aspect-ratio\"><div class=\"wp-block-embed__wrapper\">\n<iframe title=\"Ana Beatriz\" src=\"https:\/\/player.vimeo.com\/video\/13738966?dnt=1&amp;app_id=122963\" width=\"640\" height=\"424\" frameborder=\"0\" allow=\"autoplay; fullscreen; picture-in-picture\"><\/iframe>\n<\/div><\/figure>\n\n\n\n<p><strong>T\u00cdTULO<\/strong>: Ana Beatriz<br \/><strong>T\u00cdTULO ORIGINAL<\/strong>: Ana Beatriz<br \/><strong>A\u00d1O<\/strong>: 2008<br \/><strong>DIRECTOR<\/strong>: Clarissa Cardoso<br \/><strong>G\u00c9NERO cinematogr\u00e1fico<\/strong>: Ficci\u00f3n<br \/><strong>DURACI\u00d3N<\/strong>: 10\u2019<br \/><strong>PA\u00cdS<\/strong>: Brasil<br \/><strong>FORMATO<\/strong> <strong>ORIGINAL<\/strong>: 35mm<br \/><strong>TIPO<\/strong>: Color<br \/><strong>IDIOMA ORIGINAL<\/strong>: Portugu\u00e9s<br \/><strong>INT\u00c9RPRETES<\/strong>: Juliano Cazarr\u00e9, Peti Portela, S\u00e9rgio Lacerda<br \/><strong>GUI\u00d3N<\/strong>: Clarissa Cardoso, Juliano Cazarr\u00e9<br \/><strong>EDICI\u00d3N<\/strong>\/<strong>MONTAJE<\/strong>: Santiago Dellape<br \/><strong>DIRECCI\u00d3N DE FOTOGRAF\u00cdA<\/strong>: Vini Goulart<br \/><strong>SONIDO<\/strong>: Patrick de Jongh<\/p>\n\n\n\n<h3 class=\"wp-block-heading\"><strong>SINOPSIS<\/strong>:  Ana Beatriz<\/h3>\n\n\n\n<p>Ana Beatriz y Paulo Roberto, dos almas destinadas a cruzarse, a\u00fan no se conocen, pero su encuentro parece inminente. Adem\u00e1s, un nuevo d\u00eda comienza, aparentemente como cualquier otro, en sus respectivas vidas.<\/p>\n\n\n\n<p>Como dos seres que avanzan por caminos paralelos, sus destinos est\u00e1n entrelazados, aunque por ahora, ellos sigan siendo extra\u00f1os el uno para el otro. Ciertamente, el universo conspira de maneras misteriosas para reunir a las personas adecuadas en el momento adecuado.<\/p>\n\n\n\n<p>Mientras sus d\u00edas transcurren en la rutina habitual, la cercan\u00eda de su encuentro se siente como un latido en el aire. Especialmente, cada decisi\u00f3n que toman, cada paso que dan, los acerca un poco m\u00e1s el uno al otro.<\/p>\n\n\n\n<p>Entonces, cuando finalmente llegue ese momento, cuando sus miradas se crucen y sus vidas se entrelacen, todo cambiar\u00e1. Aunque parezca un d\u00eda com\u00fan, ser\u00e1 el d\u00eda en que el destino los una de manera decisiva.<\/p>\n\n\n\n<p>Porque, como el universo lo ha planeado, su encuentro ser\u00e1 el comienzo de una historia extraordinaria. Y aunque por ahora sean desconocidos, pronto se dar\u00e1n cuenta de que estaban destinados a estar juntos. Igualmente, en ese instante, sus mundos se fusionar\u00e1n y la promesa de un amor excepcional tomar\u00e1 forma, demostrando que en cada d\u00eda ordinario puede esconderse un giro extraordinario del destino.<\/p>\n\n\n\n<p><strong>PALMAR\u00c9S<\/strong>:<br \/>Mejor montaje en el Festival Cine de Elche 2009<br \/>Mejor gui\u00f3n en el Festival Brasilia de cine brasile\u00f1o en 2008<br \/>Premio Porta Curtas en el Festival Internacional de Cortometrajes de S\u00e3o Paulo en 2009<\/p>\n\n\n\n<p>El filme Ana Beatriz particip\u00f3 en la edici\u00f3n <strong>2010<\/strong> del <a href=\"https:\/\/elojocojo.org\/category\/festival-2010\/\"><strong>Festival de cine el ojO cojo<\/strong> <\/a>en ese sentido nos sentimos honrados de haberla exhibido.<\/p>\n\n\n\n<p><strong><a href=\"https:\/\/el-ojocojo.blogspot.com\/\">Visita nuestro blog<\/a><\/strong><\/p>\n","protected":false},"excerpt":{"rendered":"<p>T\u00cdTULO: Ana BeatrizT\u00cdTULO ORIGINAL: Ana BeatrizA\u00d1O: 2008DIRECTOR: Clarissa CardosoG\u00c9NERO cinematogr\u00e1fico: Ficci\u00f3nDURACI\u00d3N: 10\u2019PA\u00cdS: BrasilFORMATO ORIGINAL: 35mmTIPO: ColorIDIOMA ORIGINAL: Portugu\u00e9sINT\u00c9RPRETES: Juliano Cazarr\u00e9, Peti Portela, S\u00e9rgio LacerdaGUI\u00d3N: Clarissa Cardoso, Juliano Cazarr\u00e9EDICI\u00d3N\/MONTAJE: Santiago DellapeDIRECCI\u00d3N DE FOTOGRAF\u00cdA: Vini GoulartSONIDO: Patrick de Jongh SINOPSIS: Ana Beatriz Ana Beatriz y Paulo Roberto, dos almas destinadas a cruzarse, a\u00fan no se conocen, pero [&hellip;]<\/p>\n","protected":false},"author":11,"featured_media":24868,"comment_status":"closed","ping_status":"open","sticky":false,"template":"","format":"standard","meta":{"_monsterinsights_skip_tracking":false,"_monsterinsights_sitenote_active":false,"_monsterinsights_sitenote_note":"","_monsterinsights_sitenote_category":0,"footnotes":""},"categories":[1460,3,30],"tags":[1996,169,112,89,62,1468,1981,1982,1628,150,1013],"class_list":{"0":"post-24867","1":"post","2":"type-post","3":"status-publish","4":"format-standard","5":"has-post-thumbnail","7":"category-cortometraje","8":"category-festival-2010","9":"category-ficcion","10":"tag-1996","11":"tag-amistad","12":"tag-amor","13":"tag-brasil","14":"tag-convivencia","15":"tag-cortometraje","16":"tag-festival-de-cine","17":"tag-festival-el-ojo-cojo","18":"tag-ficcion","19":"tag-sexualidad","20":"tag-vida-cotidiana","21":"czr-hentry"},"yoast_head":"<!-- This site is optimized with the Yoast SEO plugin v27.1.1 - https:\/\/yoast.com\/product\/yoast-seo-wordpress\/ -->\n<title>Ana Beatriz | Ficci\u00f3n<\/title>\n<meta name=\"description\" content=\"Cortometraje Ana Beatriz exhibido en la edici\u00f3n 2010 del Festival el ojO cojo. Pa\u00eds de origen, Brasil. Dirigido por Clarissa Cardoso.\" \/>\n<meta name=\"robots\" content=\"index, follow, max-snippet:-1, max-image-preview:large, max-video-preview:-1\" \/>\n<link rel=\"canonical\" href=\"https:\/\/elojocojo.org\/ana-beatriz\/\" \/>\n<meta property=\"og:locale\" content=\"es_ES\" \/>\n<meta property=\"og:type\" content=\"article\" \/>\n<meta property=\"og:title\" content=\"Ana Beatriz | Ficci\u00f3n\" \/>\n<meta property=\"og:description\" content=\"Cortometraje Ana Beatriz exhibido en la edici\u00f3n 2010 del Festival el ojO cojo. Pa\u00eds de origen, Brasil. Dirigido por Clarissa Cardoso.\" \/>\n<meta property=\"og:url\" content=\"https:\/\/elojocojo.org\/ana-beatriz\/\" \/>\n<meta property=\"og:site_name\" content=\"el ojO cojo\" \/>\n<meta property=\"article:publisher\" content=\"https:\/\/www.facebook.com\/elojocojo\" \/>\n<meta property=\"article:published_time\" content=\"2020-08-04T06:48:15+00:00\" \/>\n<meta property=\"article:modified_time\" content=\"2025-09-17T15:25:27+00:00\" \/>\n<meta property=\"og:image\" content=\"https:\/\/elojocojo.org\/wp-content\/uploads\/2020\/08\/Ana-Beatriz.jpg\" \/>\n\t<meta property=\"og:image:width\" content=\"480\" \/>\n\t<meta property=\"og:image:height\" content=\"360\" \/>\n\t<meta property=\"og:image:type\" content=\"image\/jpeg\" \/>\n<meta name=\"author\" content=\"cojo\" \/>\n<meta name=\"twitter:card\" content=\"summary_large_image\" \/>\n<meta name=\"twitter:creator\" content=\"@elojocojo\" \/>\n<meta name=\"twitter:site\" content=\"@elojocojo\" \/>\n<meta name=\"twitter:label1\" content=\"Escrito por\" \/>\n\t<meta name=\"twitter:data1\" content=\"cojo\" \/>\n\t<meta name=\"twitter:label2\" content=\"Tiempo de lectura\" \/>\n\t<meta name=\"twitter:data2\" content=\"1 minuto\" \/>\n<script type=\"application\/ld+json\" class=\"yoast-schema-graph\">{\"@context\":\"https:\/\/schema.org\",\"@graph\":[{\"@type\":\"Article\",\"@id\":\"https:\/\/elojocojo.org\/ana-beatriz\/#article\",\"isPartOf\":{\"@id\":\"https:\/\/elojocojo.org\/ana-beatriz\/\"},\"author\":{\"name\":\"cojo\",\"@id\":\"https:\/\/elojocojo.org\/#\/schema\/person\/cba15985dd5da095cac31c1ff0d6e23e\"},\"headline\":\"Ana Beatriz\",\"datePublished\":\"2020-08-04T06:48:15+00:00\",\"dateModified\":\"2025-09-17T15:25:27+00:00\",\"mainEntityOfPage\":{\"@id\":\"https:\/\/elojocojo.org\/ana-beatriz\/\"},\"wordCount\":362,\"publisher\":{\"@id\":\"https:\/\/elojocojo.org\/#organization\"},\"image\":{\"@id\":\"https:\/\/elojocojo.org\/ana-beatriz\/#primaryimage\"},\"thumbnailUrl\":\"https:\/\/elojocojo.org\/wp-content\/uploads\/2020\/08\/Ana-Beatriz.jpg\",\"keywords\":[\"2010\",\"amistad\",\"amor\",\"Brasil\",\"convivencia\",\"cortometraje\",\"festival de cine\",\"Festival el Ojo cojo\",\"ficci\u00f3n\",\"sexualidad\",\"vida cotidiana\"],\"articleSection\":[\"Cortometraje\",\"Festival 2010\",\"Ficci\u00f3n\"],\"inLanguage\":\"es\"},{\"@type\":\"WebPage\",\"@id\":\"https:\/\/elojocojo.org\/ana-beatriz\/\",\"url\":\"https:\/\/elojocojo.org\/ana-beatriz\/\",\"name\":\"Ana Beatriz | Ficci\u00f3n\",\"isPartOf\":{\"@id\":\"https:\/\/elojocojo.org\/#website\"},\"primaryImageOfPage\":{\"@id\":\"https:\/\/elojocojo.org\/ana-beatriz\/#primaryimage\"},\"image\":{\"@id\":\"https:\/\/elojocojo.org\/ana-beatriz\/#primaryimage\"},\"thumbnailUrl\":\"https:\/\/elojocojo.org\/wp-content\/uploads\/2020\/08\/Ana-Beatriz.jpg\",\"datePublished\":\"2020-08-04T06:48:15+00:00\",\"dateModified\":\"2025-09-17T15:25:27+00:00\",\"description\":\"Cortometraje Ana Beatriz exhibido en la edici\u00f3n 2010 del Festival el ojO cojo. Pa\u00eds de origen, Brasil. Dirigido por Clarissa Cardoso.\",\"breadcrumb\":{\"@id\":\"https:\/\/elojocojo.org\/ana-beatriz\/#breadcrumb\"},\"inLanguage\":\"es\",\"potentialAction\":[{\"@type\":\"ReadAction\",\"target\":[\"https:\/\/elojocojo.org\/ana-beatriz\/\"]}]},{\"@type\":\"ImageObject\",\"inLanguage\":\"es\",\"@id\":\"https:\/\/elojocojo.org\/ana-beatriz\/#primaryimage\",\"url\":\"https:\/\/elojocojo.org\/wp-content\/uploads\/2020\/08\/Ana-Beatriz.jpg\",\"contentUrl\":\"https:\/\/elojocojo.org\/wp-content\/uploads\/2020\/08\/Ana-Beatriz.jpg\",\"width\":480,\"height\":360},{\"@type\":\"BreadcrumbList\",\"@id\":\"https:\/\/elojocojo.org\/ana-beatriz\/#breadcrumb\",\"itemListElement\":[{\"@type\":\"ListItem\",\"position\":1,\"name\":\"Portada\",\"item\":\"https:\/\/elojocojo.org\/\"},{\"@type\":\"ListItem\",\"position\":2,\"name\":\"2010\",\"item\":\"https:\/\/elojocojo.org\/tag\/2010\/\"},{\"@type\":\"ListItem\",\"position\":3,\"name\":\"Ana Beatriz\"}]},{\"@type\":\"WebSite\",\"@id\":\"https:\/\/elojocojo.org\/#website\",\"url\":\"https:\/\/elojocojo.org\/\",\"name\":\"el ojO cojo\",\"description\":\"Todos estamos hechos de la misma esencia\",\"publisher\":{\"@id\":\"https:\/\/elojocojo.org\/#organization\"},\"potentialAction\":[{\"@type\":\"SearchAction\",\"target\":{\"@type\":\"EntryPoint\",\"urlTemplate\":\"https:\/\/elojocojo.org\/?s={search_term_string}\"},\"query-input\":{\"@type\":\"PropertyValueSpecification\",\"valueRequired\":true,\"valueName\":\"search_term_string\"}}],\"inLanguage\":\"es\"},{\"@type\":\"Organization\",\"@id\":\"https:\/\/elojocojo.org\/#organization\",\"name\":\"Meigas da r\u00faa\",\"url\":\"https:\/\/elojocojo.org\/\",\"logo\":{\"@type\":\"ImageObject\",\"inLanguage\":\"es\",\"@id\":\"https:\/\/elojocojo.org\/#\/schema\/logo\/image\/\",\"url\":\"https:\/\/meigasdarua.org\/wp-content\/uploads\/2020\/09\/cropped-logo-meigas-5.png\",\"contentUrl\":\"https:\/\/meigasdarua.org\/wp-content\/uploads\/2020\/09\/cropped-logo-meigas-5.png\",\"width\":109,\"height\":200,\"caption\":\"Meigas da r\u00faa\"},\"image\":{\"@id\":\"https:\/\/elojocojo.org\/#\/schema\/logo\/image\/\"},\"sameAs\":[\"https:\/\/www.facebook.com\/elojocojo\",\"https:\/\/x.com\/elojocojo\",\"https:\/\/www.instagram.com\/elojocojo\/?hl=es\",\"https:\/\/www.linkedin.com\/in\/el-ojo-cojo-b52b7769\/\",\"https:\/\/www.pinterest.es\/elojocojo\/_saved\/\",\"https:\/\/www.youtube.com\/channel\/UCkFtFTV0Bms7zH7vq8FZxZg\"]},{\"@type\":\"Person\",\"@id\":\"https:\/\/elojocojo.org\/#\/schema\/person\/cba15985dd5da095cac31c1ff0d6e23e\",\"name\":\"cojo\",\"url\":\"https:\/\/elojocojo.org\/author\/cojo\/\"}]}<\/script>\n<!-- \/ Yoast SEO plugin. -->","yoast_head_json":{"title":"Ana Beatriz | Ficci\u00f3n","description":"Cortometraje Ana Beatriz exhibido en la edici\u00f3n 2010 del Festival el ojO cojo. Pa\u00eds de origen, Brasil. Dirigido por Clarissa Cardoso.","robots":{"index":"index","follow":"follow","max-snippet":"max-snippet:-1","max-image-preview":"max-image-preview:large","max-video-preview":"max-video-preview:-1"},"canonical":"https:\/\/elojocojo.org\/ana-beatriz\/","og_locale":"es_ES","og_type":"article","og_title":"Ana Beatriz | Ficci\u00f3n","og_description":"Cortometraje Ana Beatriz exhibido en la edici\u00f3n 2010 del Festival el ojO cojo. Pa\u00eds de origen, Brasil. Dirigido por Clarissa Cardoso.","og_url":"https:\/\/elojocojo.org\/ana-beatriz\/","og_site_name":"el ojO cojo","article_publisher":"https:\/\/www.facebook.com\/elojocojo","article_published_time":"2020-08-04T06:48:15+00:00","article_modified_time":"2025-09-17T15:25:27+00:00","og_image":[{"width":480,"height":360,"url":"https:\/\/elojocojo.org\/wp-content\/uploads\/2020\/08\/Ana-Beatriz.jpg","type":"image\/jpeg"}],"author":"cojo","twitter_card":"summary_large_image","twitter_creator":"@elojocojo","twitter_site":"@elojocojo","twitter_misc":{"Escrito por":"cojo","Tiempo de lectura":"1 minuto"},"schema":{"@context":"https:\/\/schema.org","@graph":[{"@type":"Article","@id":"https:\/\/elojocojo.org\/ana-beatriz\/#article","isPartOf":{"@id":"https:\/\/elojocojo.org\/ana-beatriz\/"},"author":{"name":"cojo","@id":"https:\/\/elojocojo.org\/#\/schema\/person\/cba15985dd5da095cac31c1ff0d6e23e"},"headline":"Ana Beatriz","datePublished":"2020-08-04T06:48:15+00:00","dateModified":"2025-09-17T15:25:27+00:00","mainEntityOfPage":{"@id":"https:\/\/elojocojo.org\/ana-beatriz\/"},"wordCount":362,"publisher":{"@id":"https:\/\/elojocojo.org\/#organization"},"image":{"@id":"https:\/\/elojocojo.org\/ana-beatriz\/#primaryimage"},"thumbnailUrl":"https:\/\/elojocojo.org\/wp-content\/uploads\/2020\/08\/Ana-Beatriz.jpg","keywords":["2010","amistad","amor","Brasil","convivencia","cortometraje","festival de cine","Festival el Ojo cojo","ficci\u00f3n","sexualidad","vida cotidiana"],"articleSection":["Cortometraje","Festival 2010","Ficci\u00f3n"],"inLanguage":"es"},{"@type":"WebPage","@id":"https:\/\/elojocojo.org\/ana-beatriz\/","url":"https:\/\/elojocojo.org\/ana-beatriz\/","name":"Ana Beatriz | Ficci\u00f3n","isPartOf":{"@id":"https:\/\/elojocojo.org\/#website"},"primaryImageOfPage":{"@id":"https:\/\/elojocojo.org\/ana-beatriz\/#primaryimage"},"image":{"@id":"https:\/\/elojocojo.org\/ana-beatriz\/#primaryimage"},"thumbnailUrl":"https:\/\/elojocojo.org\/wp-content\/uploads\/2020\/08\/Ana-Beatriz.jpg","datePublished":"2020-08-04T06:48:15+00:00","dateModified":"2025-09-17T15:25:27+00:00","description":"Cortometraje Ana Beatriz exhibido en la edici\u00f3n 2010 del Festival el ojO cojo. Pa\u00eds de origen, Brasil. Dirigido por Clarissa Cardoso.","breadcrumb":{"@id":"https:\/\/elojocojo.org\/ana-beatriz\/#breadcrumb"},"inLanguage":"es","potentialAction":[{"@type":"ReadAction","target":["https:\/\/elojocojo.org\/ana-beatriz\/"]}]},{"@type":"ImageObject","inLanguage":"es","@id":"https:\/\/elojocojo.org\/ana-beatriz\/#primaryimage","url":"https:\/\/elojocojo.org\/wp-content\/uploads\/2020\/08\/Ana-Beatriz.jpg","contentUrl":"https:\/\/elojocojo.org\/wp-content\/uploads\/2020\/08\/Ana-Beatriz.jpg","width":480,"height":360},{"@type":"BreadcrumbList","@id":"https:\/\/elojocojo.org\/ana-beatriz\/#breadcrumb","itemListElement":[{"@type":"ListItem","position":1,"name":"Portada","item":"https:\/\/elojocojo.org\/"},{"@type":"ListItem","position":2,"name":"2010","item":"https:\/\/elojocojo.org\/tag\/2010\/"},{"@type":"ListItem","position":3,"name":"Ana Beatriz"}]},{"@type":"WebSite","@id":"https:\/\/elojocojo.org\/#website","url":"https:\/\/elojocojo.org\/","name":"el ojO cojo","description":"Todos estamos hechos de la misma esencia","publisher":{"@id":"https:\/\/elojocojo.org\/#organization"},"potentialAction":[{"@type":"SearchAction","target":{"@type":"EntryPoint","urlTemplate":"https:\/\/elojocojo.org\/?s={search_term_string}"},"query-input":{"@type":"PropertyValueSpecification","valueRequired":true,"valueName":"search_term_string"}}],"inLanguage":"es"},{"@type":"Organization","@id":"https:\/\/elojocojo.org\/#organization","name":"Meigas da r\u00faa","url":"https:\/\/elojocojo.org\/","logo":{"@type":"ImageObject","inLanguage":"es","@id":"https:\/\/elojocojo.org\/#\/schema\/logo\/image\/","url":"https:\/\/meigasdarua.org\/wp-content\/uploads\/2020\/09\/cropped-logo-meigas-5.png","contentUrl":"https:\/\/meigasdarua.org\/wp-content\/uploads\/2020\/09\/cropped-logo-meigas-5.png","width":109,"height":200,"caption":"Meigas da r\u00faa"},"image":{"@id":"https:\/\/elojocojo.org\/#\/schema\/logo\/image\/"},"sameAs":["https:\/\/www.facebook.com\/elojocojo","https:\/\/x.com\/elojocojo","https:\/\/www.instagram.com\/elojocojo\/?hl=es","https:\/\/www.linkedin.com\/in\/el-ojo-cojo-b52b7769\/","https:\/\/www.pinterest.es\/elojocojo\/_saved\/","https:\/\/www.youtube.com\/channel\/UCkFtFTV0Bms7zH7vq8FZxZg"]},{"@type":"Person","@id":"https:\/\/elojocojo.org\/#\/schema\/person\/cba15985dd5da095cac31c1ff0d6e23e","name":"cojo","url":"https:\/\/elojocojo.org\/author\/cojo\/"}]}},"_links":{"self":[{"href":"https:\/\/elojocojo.org\/wp-json\/wp\/v2\/posts\/24867","targetHints":{"allow":["GET"]}}],"collection":[{"href":"https:\/\/elojocojo.org\/wp-json\/wp\/v2\/posts"}],"about":[{"href":"https:\/\/elojocojo.org\/wp-json\/wp\/v2\/types\/post"}],"author":[{"embeddable":true,"href":"https:\/\/elojocojo.org\/wp-json\/wp\/v2\/users\/11"}],"replies":[{"embeddable":true,"href":"https:\/\/elojocojo.org\/wp-json\/wp\/v2\/comments?post=24867"}],"version-history":[{"count":3,"href":"https:\/\/elojocojo.org\/wp-json\/wp\/v2\/posts\/24867\/revisions"}],"predecessor-version":[{"id":57075,"href":"https:\/\/elojocojo.org\/wp-json\/wp\/v2\/posts\/24867\/revisions\/57075"}],"wp:featuredmedia":[{"embeddable":true,"href":"https:\/\/elojocojo.org\/wp-json\/wp\/v2\/media\/24868"}],"wp:attachment":[{"href":"https:\/\/elojocojo.org\/wp-json\/wp\/v2\/media?parent=24867"}],"wp:term":[{"taxonomy":"category","embeddable":true,"href":"https:\/\/elojocojo.org\/wp-json\/wp\/v2\/categories?post=24867"},{"taxonomy":"post_tag","embeddable":true,"href":"https:\/\/elojocojo.org\/wp-json\/wp\/v2\/tags?post=24867"}],"curies":[{"name":"wp","href":"https:\/\/api.w.org\/{rel}","templated":true}]}}