{"id":24719,"date":"2020-07-29T23:07:07","date_gmt":"2020-07-30T06:07:07","guid":{"rendered":"http:\/\/www.elojocojo.org\/?p=24719"},"modified":"2025-09-30T18:39:04","modified_gmt":"2025-09-30T16:39:04","slug":"solo","status":"publish","type":"post","link":"https:\/\/elojocojo.org\/solo\/","title":{"rendered":"Solo"},"content":{"rendered":"\n<p><strong>T\u00cdTULO<\/strong>: Solo<br \/><strong>T\u00cdTULO ORIGINAL<\/strong>: Solo<br \/><strong>A\u00d1O<\/strong>: 2009<br \/><strong>DIRECTOR<\/strong>: Vicente Rubio Gandia<br \/><strong>G\u00c9NERO cinematogr\u00e1fico<\/strong>: Documental<br \/><strong>DURACI\u00d3N<\/strong>: 73\u2019<br \/><strong>PA\u00cdS<\/strong>: Espa\u00f1a<br \/><strong>FORMATO<\/strong> <strong>ORIGINAL<\/strong>: HDV<br \/><strong>TIPO<\/strong>: Color<br \/><strong>IDIOMA ORIGINAL<\/strong>: Espa\u00f1ol<br \/><strong>SUBT\u00cdTULOS<\/strong>: Ingl\u00e9s y Espa\u00f1ol<br \/><strong>INT\u00c9RPRETES<\/strong>: Vicente Rubio, Jos\u00e9 Rubio, Virtudes Gand\u00eda, Trini Rubio, Francisco Rubio, Miguel \u00c1ngel Montilla<br \/><strong>GUI\u00d3N<\/strong>: Vicente Rubio Gandia<br \/><strong>M\u00daSICA<\/strong>: Oscar Albuixech<\/p>\n\n\n\n<p><strong>OPERA PRIMA<\/strong><\/p>\n\n\n\n<h3 class=\"wp-block-heading\"><strong>SINOPSIS<\/strong>: Solo<\/h3>\n\n\n\n<p>\u00abSolo\u00bb es un documental inusual y conmovedor que aborda el tema de la esquizofrenia de una manera singular. La raz\u00f3n de su singularidad radica en su director y protagonista, Vicente Rubio, quien padece la misma enfermedad que se presenta en el documental. Como resultado, la pel\u00edcula ofrece una perspectiva interna y genuina de la esquizofrenia, permiti\u00e9ndonos adentrarnos en las vivencias que Vicente film\u00f3 durante uno de sus episodios psic\u00f3ticos.<\/p>\n\n\n\n<p>As\u00ed, el documental se convierte en un testimonio impactante de lo que significa vivir con la esquizofrenia, una enfermedad mental que a menudo se malinterpreta o estigmatiza. Adem\u00e1s, Vicente desaf\u00eda las expectativas convencionales y destaca la humanidad detr\u00e1s de la enfermedad.<\/p>\n\n\n\n<p>Decisivamente, el enfoque de \u00abSolo\u00bb es una revelaci\u00f3n, ya que nos sumerge en el mundo complejo de la mente de Vicente. Cuando presenciamos sus experiencias psic\u00f3ticas a trav\u00e9s de su lente, somos testigos de la confusi\u00f3n, el miedo y la belleza que coexisten en su realidad.<\/p>\n\n\n\n<p>Aunque la esquizofrenia es una batalla constante para Vicente, su determinaci\u00f3n para compartir su historia y desafiar el estigma que rodea a la enfermedad es evidente a lo largo del documental. Eventualmente, su valent\u00eda y autenticidad iluminan un camino hacia la comprensi\u00f3n y la empat\u00eda.<\/p>\n\n\n\n<p>Finalmente, \u00abSolo\u00bb nos muestra que, generalmente, detr\u00e1s de la esquizofrenia yace una compleja historia humana, y que la empat\u00eda y el entendimiento pueden ser las herramientas m\u00e1s poderosas para abordar la enfermedad mental. Igualmente, mientras exploramos el mundo interior de Vicente, aprendemos que el camino hacia la sanaci\u00f3n y la aceptaci\u00f3n comienza con la apertura y la compasi\u00f3n. Luego, este documental nos desaf\u00eda a repensar nuestras percepciones y prejuicios sobre la esquizofrenia y nos inspira a ver a las personas m\u00e1s all\u00e1 de su enfermedad.<\/p>\n\n\n\n<p>El filme Solo particip\u00f3 en la edici\u00f3n <strong>2010<\/strong> del <a href=\"https:\/\/elojocojo.org\/category\/festival-2010\/\"><strong>Festival de cine el ojO cojo<\/strong> <\/a>en ese sentido nos sentimos honrados de haberla exhibido.<\/p>\n\n\n\n<p><a href=\"https:\/\/el-ojocojo.blogspot.com\/\">Visita nuestro blog<\/a><\/p>\n","protected":false},"excerpt":{"rendered":"<p>T\u00cdTULO: SoloT\u00cdTULO ORIGINAL: SoloA\u00d1O: 2009DIRECTOR: Vicente Rubio GandiaG\u00c9NERO cinematogr\u00e1fico: DocumentalDURACI\u00d3N: 73\u2019PA\u00cdS: Espa\u00f1aFORMATO ORIGINAL: HDVTIPO: ColorIDIOMA ORIGINAL: Espa\u00f1olSUBT\u00cdTULOS: Ingl\u00e9s y Espa\u00f1olINT\u00c9RPRETES: Vicente Rubio, Jos\u00e9 Rubio, Virtudes Gand\u00eda, Trini Rubio, Francisco Rubio, Miguel \u00c1ngel MontillaGUI\u00d3N: Vicente Rubio GandiaM\u00daSICA: Oscar Albuixech OPERA PRIMA SINOPSIS: Solo \u00abSolo\u00bb es un documental inusual y conmovedor que aborda el tema de la [&hellip;]<\/p>\n","protected":false},"author":11,"featured_media":24720,"comment_status":"closed","ping_status":"closed","sticky":false,"template":"","format":"standard","meta":{"_monsterinsights_skip_tracking":false,"_monsterinsights_sitenote_active":false,"_monsterinsights_sitenote_note":"","_monsterinsights_sitenote_category":0,"footnotes":""},"categories":[2053,991,3],"tags":[1996,186,62,1737,1838,138,2119,2391,1981,1982,1547,2118,1484,1128],"class_list":{"0":"post-24719","1":"post","2":"type-post","3":"status-publish","4":"format-standard","5":"has-post-thumbnail","7":"category-documental","8":"category-drama","9":"category-festival-2010","10":"tag-1996","11":"tag-arte","12":"tag-convivencia","13":"tag-drama","14":"tag-enfermedad","15":"tag-espana","16":"tag-espanol","17":"tag-espaol","18":"tag-festival-de-cine","19":"tag-festival-el-ojo-cojo","20":"tag-guerra","21":"tag-ingles","22":"tag-salud-mental","23":"tag-salud-y-bienestar","24":"czr-hentry"},"yoast_head":"<!-- This site is optimized with the Yoast SEO plugin v27.1.1 - https:\/\/yoast.com\/product\/yoast-seo-wordpress\/ -->\n<title>Solo - el ojO cojo<\/title>\n<meta name=\"description\" content=\"Documental Solo exhibido en la edici\u00f3n 2010 del Festival el ojO cojo. Pa\u00eds de origen, Espa\u00f1a. Dirigido por Vicente Rubio Gandia.\" \/>\n<meta name=\"robots\" content=\"index, follow, max-snippet:-1, max-image-preview:large, max-video-preview:-1\" \/>\n<link rel=\"canonical\" href=\"https:\/\/elojocojo.org\/solo\/\" \/>\n<meta property=\"og:locale\" content=\"es_ES\" \/>\n<meta property=\"og:type\" content=\"article\" \/>\n<meta property=\"og:title\" content=\"Solo - el ojO cojo\" \/>\n<meta property=\"og:description\" content=\"Documental Solo exhibido en la edici\u00f3n 2010 del Festival el ojO cojo. Pa\u00eds de origen, Espa\u00f1a. Dirigido por Vicente Rubio Gandia.\" \/>\n<meta property=\"og:url\" content=\"https:\/\/elojocojo.org\/solo\/\" \/>\n<meta property=\"og:site_name\" content=\"el ojO cojo\" \/>\n<meta property=\"article:publisher\" content=\"https:\/\/www.facebook.com\/elojocojo\" \/>\n<meta property=\"article:published_time\" content=\"2020-07-30T06:07:07+00:00\" \/>\n<meta property=\"article:modified_time\" content=\"2025-09-30T16:39:04+00:00\" \/>\n<meta property=\"og:image\" content=\"https:\/\/elojocojo.org\/wp-content\/uploads\/2020\/07\/Solo.jpg\" \/>\n\t<meta property=\"og:image:width\" content=\"1280\" \/>\n\t<meta property=\"og:image:height\" content=\"720\" \/>\n\t<meta property=\"og:image:type\" content=\"image\/jpeg\" \/>\n<meta name=\"author\" content=\"cojo\" \/>\n<meta name=\"twitter:card\" content=\"summary_large_image\" \/>\n<meta name=\"twitter:creator\" content=\"@elojocojo\" \/>\n<meta name=\"twitter:site\" content=\"@elojocojo\" \/>\n<meta name=\"twitter:label1\" content=\"Escrito por\" \/>\n\t<meta name=\"twitter:data1\" content=\"cojo\" \/>\n\t<meta name=\"twitter:label2\" content=\"Tiempo de lectura\" \/>\n\t<meta name=\"twitter:data2\" content=\"1 minuto\" \/>\n<script type=\"application\/ld+json\" class=\"yoast-schema-graph\">{\"@context\":\"https:\/\/schema.org\",\"@graph\":[{\"@type\":\"Article\",\"@id\":\"https:\/\/elojocojo.org\/solo\/#article\",\"isPartOf\":{\"@id\":\"https:\/\/elojocojo.org\/solo\/\"},\"author\":{\"name\":\"cojo\",\"@id\":\"https:\/\/elojocojo.org\/#\/schema\/person\/cba15985dd5da095cac31c1ff0d6e23e\"},\"headline\":\"Solo\",\"datePublished\":\"2020-07-30T06:07:07+00:00\",\"dateModified\":\"2025-09-30T16:39:04+00:00\",\"mainEntityOfPage\":{\"@id\":\"https:\/\/elojocojo.org\/solo\/\"},\"wordCount\":406,\"publisher\":{\"@id\":\"https:\/\/elojocojo.org\/#organization\"},\"image\":{\"@id\":\"https:\/\/elojocojo.org\/solo\/#primaryimage\"},\"thumbnailUrl\":\"https:\/\/elojocojo.org\/wp-content\/uploads\/2020\/07\/Solo.jpg\",\"keywords\":[\"2010\",\"Arte\",\"convivencia\",\"drama\",\"enfermedad\",\"Espa\u00f1a\",\"espa\u00f1ol\",\"espa\u00b1ol\",\"festival de cine\",\"Festival el Ojo cojo\",\"guerra\",\"ingl\u00e9s\",\"salud mental\",\"Salud y bienestar\"],\"articleSection\":[\"Documental\",\"Drama\",\"Festival 2010\"],\"inLanguage\":\"es\"},{\"@type\":\"WebPage\",\"@id\":\"https:\/\/elojocojo.org\/solo\/\",\"url\":\"https:\/\/elojocojo.org\/solo\/\",\"name\":\"Solo - el ojO cojo\",\"isPartOf\":{\"@id\":\"https:\/\/elojocojo.org\/#website\"},\"primaryImageOfPage\":{\"@id\":\"https:\/\/elojocojo.org\/solo\/#primaryimage\"},\"image\":{\"@id\":\"https:\/\/elojocojo.org\/solo\/#primaryimage\"},\"thumbnailUrl\":\"https:\/\/elojocojo.org\/wp-content\/uploads\/2020\/07\/Solo.jpg\",\"datePublished\":\"2020-07-30T06:07:07+00:00\",\"dateModified\":\"2025-09-30T16:39:04+00:00\",\"description\":\"Documental Solo exhibido en la edici\u00f3n 2010 del Festival el ojO cojo. Pa\u00eds de origen, Espa\u00f1a. Dirigido por Vicente Rubio Gandia.\",\"breadcrumb\":{\"@id\":\"https:\/\/elojocojo.org\/solo\/#breadcrumb\"},\"inLanguage\":\"es\",\"potentialAction\":[{\"@type\":\"ReadAction\",\"target\":[\"https:\/\/elojocojo.org\/solo\/\"]}]},{\"@type\":\"ImageObject\",\"inLanguage\":\"es\",\"@id\":\"https:\/\/elojocojo.org\/solo\/#primaryimage\",\"url\":\"https:\/\/elojocojo.org\/wp-content\/uploads\/2020\/07\/Solo.jpg\",\"contentUrl\":\"https:\/\/elojocojo.org\/wp-content\/uploads\/2020\/07\/Solo.jpg\",\"width\":1280,\"height\":720},{\"@type\":\"BreadcrumbList\",\"@id\":\"https:\/\/elojocojo.org\/solo\/#breadcrumb\",\"itemListElement\":[{\"@type\":\"ListItem\",\"position\":1,\"name\":\"Portada\",\"item\":\"https:\/\/elojocojo.org\/\"},{\"@type\":\"ListItem\",\"position\":2,\"name\":\"2010\",\"item\":\"https:\/\/elojocojo.org\/tag\/2010\/\"},{\"@type\":\"ListItem\",\"position\":3,\"name\":\"Solo\"}]},{\"@type\":\"WebSite\",\"@id\":\"https:\/\/elojocojo.org\/#website\",\"url\":\"https:\/\/elojocojo.org\/\",\"name\":\"el ojO cojo\",\"description\":\"Todos estamos hechos de la misma esencia\",\"publisher\":{\"@id\":\"https:\/\/elojocojo.org\/#organization\"},\"potentialAction\":[{\"@type\":\"SearchAction\",\"target\":{\"@type\":\"EntryPoint\",\"urlTemplate\":\"https:\/\/elojocojo.org\/?s={search_term_string}\"},\"query-input\":{\"@type\":\"PropertyValueSpecification\",\"valueRequired\":true,\"valueName\":\"search_term_string\"}}],\"inLanguage\":\"es\"},{\"@type\":\"Organization\",\"@id\":\"https:\/\/elojocojo.org\/#organization\",\"name\":\"Meigas da r\u00faa\",\"url\":\"https:\/\/elojocojo.org\/\",\"logo\":{\"@type\":\"ImageObject\",\"inLanguage\":\"es\",\"@id\":\"https:\/\/elojocojo.org\/#\/schema\/logo\/image\/\",\"url\":\"https:\/\/meigasdarua.org\/wp-content\/uploads\/2020\/09\/cropped-logo-meigas-5.png\",\"contentUrl\":\"https:\/\/meigasdarua.org\/wp-content\/uploads\/2020\/09\/cropped-logo-meigas-5.png\",\"width\":109,\"height\":200,\"caption\":\"Meigas da r\u00faa\"},\"image\":{\"@id\":\"https:\/\/elojocojo.org\/#\/schema\/logo\/image\/\"},\"sameAs\":[\"https:\/\/www.facebook.com\/elojocojo\",\"https:\/\/x.com\/elojocojo\",\"https:\/\/www.instagram.com\/elojocojo\/?hl=es\",\"https:\/\/www.linkedin.com\/in\/el-ojo-cojo-b52b7769\/\",\"https:\/\/www.pinterest.es\/elojocojo\/_saved\/\",\"https:\/\/www.youtube.com\/channel\/UCkFtFTV0Bms7zH7vq8FZxZg\"]},{\"@type\":\"Person\",\"@id\":\"https:\/\/elojocojo.org\/#\/schema\/person\/cba15985dd5da095cac31c1ff0d6e23e\",\"name\":\"cojo\",\"url\":\"https:\/\/elojocojo.org\/author\/cojo\/\"}]}<\/script>\n<!-- \/ Yoast SEO plugin. -->","yoast_head_json":{"title":"Solo - el ojO cojo","description":"Documental Solo exhibido en la edici\u00f3n 2010 del Festival el ojO cojo. Pa\u00eds de origen, Espa\u00f1a. Dirigido por Vicente Rubio Gandia.","robots":{"index":"index","follow":"follow","max-snippet":"max-snippet:-1","max-image-preview":"max-image-preview:large","max-video-preview":"max-video-preview:-1"},"canonical":"https:\/\/elojocojo.org\/solo\/","og_locale":"es_ES","og_type":"article","og_title":"Solo - el ojO cojo","og_description":"Documental Solo exhibido en la edici\u00f3n 2010 del Festival el ojO cojo. Pa\u00eds de origen, Espa\u00f1a. Dirigido por Vicente Rubio Gandia.","og_url":"https:\/\/elojocojo.org\/solo\/","og_site_name":"el ojO cojo","article_publisher":"https:\/\/www.facebook.com\/elojocojo","article_published_time":"2020-07-30T06:07:07+00:00","article_modified_time":"2025-09-30T16:39:04+00:00","og_image":[{"width":1280,"height":720,"url":"https:\/\/elojocojo.org\/wp-content\/uploads\/2020\/07\/Solo.jpg","type":"image\/jpeg"}],"author":"cojo","twitter_card":"summary_large_image","twitter_creator":"@elojocojo","twitter_site":"@elojocojo","twitter_misc":{"Escrito por":"cojo","Tiempo de lectura":"1 minuto"},"schema":{"@context":"https:\/\/schema.org","@graph":[{"@type":"Article","@id":"https:\/\/elojocojo.org\/solo\/#article","isPartOf":{"@id":"https:\/\/elojocojo.org\/solo\/"},"author":{"name":"cojo","@id":"https:\/\/elojocojo.org\/#\/schema\/person\/cba15985dd5da095cac31c1ff0d6e23e"},"headline":"Solo","datePublished":"2020-07-30T06:07:07+00:00","dateModified":"2025-09-30T16:39:04+00:00","mainEntityOfPage":{"@id":"https:\/\/elojocojo.org\/solo\/"},"wordCount":406,"publisher":{"@id":"https:\/\/elojocojo.org\/#organization"},"image":{"@id":"https:\/\/elojocojo.org\/solo\/#primaryimage"},"thumbnailUrl":"https:\/\/elojocojo.org\/wp-content\/uploads\/2020\/07\/Solo.jpg","keywords":["2010","Arte","convivencia","drama","enfermedad","Espa\u00f1a","espa\u00f1ol","espa\u00b1ol","festival de cine","Festival el Ojo cojo","guerra","ingl\u00e9s","salud mental","Salud y bienestar"],"articleSection":["Documental","Drama","Festival 2010"],"inLanguage":"es"},{"@type":"WebPage","@id":"https:\/\/elojocojo.org\/solo\/","url":"https:\/\/elojocojo.org\/solo\/","name":"Solo - el ojO cojo","isPartOf":{"@id":"https:\/\/elojocojo.org\/#website"},"primaryImageOfPage":{"@id":"https:\/\/elojocojo.org\/solo\/#primaryimage"},"image":{"@id":"https:\/\/elojocojo.org\/solo\/#primaryimage"},"thumbnailUrl":"https:\/\/elojocojo.org\/wp-content\/uploads\/2020\/07\/Solo.jpg","datePublished":"2020-07-30T06:07:07+00:00","dateModified":"2025-09-30T16:39:04+00:00","description":"Documental Solo exhibido en la edici\u00f3n 2010 del Festival el ojO cojo. Pa\u00eds de origen, Espa\u00f1a. Dirigido por Vicente Rubio Gandia.","breadcrumb":{"@id":"https:\/\/elojocojo.org\/solo\/#breadcrumb"},"inLanguage":"es","potentialAction":[{"@type":"ReadAction","target":["https:\/\/elojocojo.org\/solo\/"]}]},{"@type":"ImageObject","inLanguage":"es","@id":"https:\/\/elojocojo.org\/solo\/#primaryimage","url":"https:\/\/elojocojo.org\/wp-content\/uploads\/2020\/07\/Solo.jpg","contentUrl":"https:\/\/elojocojo.org\/wp-content\/uploads\/2020\/07\/Solo.jpg","width":1280,"height":720},{"@type":"BreadcrumbList","@id":"https:\/\/elojocojo.org\/solo\/#breadcrumb","itemListElement":[{"@type":"ListItem","position":1,"name":"Portada","item":"https:\/\/elojocojo.org\/"},{"@type":"ListItem","position":2,"name":"2010","item":"https:\/\/elojocojo.org\/tag\/2010\/"},{"@type":"ListItem","position":3,"name":"Solo"}]},{"@type":"WebSite","@id":"https:\/\/elojocojo.org\/#website","url":"https:\/\/elojocojo.org\/","name":"el ojO cojo","description":"Todos estamos hechos de la misma esencia","publisher":{"@id":"https:\/\/elojocojo.org\/#organization"},"potentialAction":[{"@type":"SearchAction","target":{"@type":"EntryPoint","urlTemplate":"https:\/\/elojocojo.org\/?s={search_term_string}"},"query-input":{"@type":"PropertyValueSpecification","valueRequired":true,"valueName":"search_term_string"}}],"inLanguage":"es"},{"@type":"Organization","@id":"https:\/\/elojocojo.org\/#organization","name":"Meigas da r\u00faa","url":"https:\/\/elojocojo.org\/","logo":{"@type":"ImageObject","inLanguage":"es","@id":"https:\/\/elojocojo.org\/#\/schema\/logo\/image\/","url":"https:\/\/meigasdarua.org\/wp-content\/uploads\/2020\/09\/cropped-logo-meigas-5.png","contentUrl":"https:\/\/meigasdarua.org\/wp-content\/uploads\/2020\/09\/cropped-logo-meigas-5.png","width":109,"height":200,"caption":"Meigas da r\u00faa"},"image":{"@id":"https:\/\/elojocojo.org\/#\/schema\/logo\/image\/"},"sameAs":["https:\/\/www.facebook.com\/elojocojo","https:\/\/x.com\/elojocojo","https:\/\/www.instagram.com\/elojocojo\/?hl=es","https:\/\/www.linkedin.com\/in\/el-ojo-cojo-b52b7769\/","https:\/\/www.pinterest.es\/elojocojo\/_saved\/","https:\/\/www.youtube.com\/channel\/UCkFtFTV0Bms7zH7vq8FZxZg"]},{"@type":"Person","@id":"https:\/\/elojocojo.org\/#\/schema\/person\/cba15985dd5da095cac31c1ff0d6e23e","name":"cojo","url":"https:\/\/elojocojo.org\/author\/cojo\/"}]}},"_links":{"self":[{"href":"https:\/\/elojocojo.org\/wp-json\/wp\/v2\/posts\/24719","targetHints":{"allow":["GET"]}}],"collection":[{"href":"https:\/\/elojocojo.org\/wp-json\/wp\/v2\/posts"}],"about":[{"href":"https:\/\/elojocojo.org\/wp-json\/wp\/v2\/types\/post"}],"author":[{"embeddable":true,"href":"https:\/\/elojocojo.org\/wp-json\/wp\/v2\/users\/11"}],"replies":[{"embeddable":true,"href":"https:\/\/elojocojo.org\/wp-json\/wp\/v2\/comments?post=24719"}],"version-history":[{"count":3,"href":"https:\/\/elojocojo.org\/wp-json\/wp\/v2\/posts\/24719\/revisions"}],"predecessor-version":[{"id":57093,"href":"https:\/\/elojocojo.org\/wp-json\/wp\/v2\/posts\/24719\/revisions\/57093"}],"wp:featuredmedia":[{"embeddable":true,"href":"https:\/\/elojocojo.org\/wp-json\/wp\/v2\/media\/24720"}],"wp:attachment":[{"href":"https:\/\/elojocojo.org\/wp-json\/wp\/v2\/media?parent=24719"}],"wp:term":[{"taxonomy":"category","embeddable":true,"href":"https:\/\/elojocojo.org\/wp-json\/wp\/v2\/categories?post=24719"},{"taxonomy":"post_tag","embeddable":true,"href":"https:\/\/elojocojo.org\/wp-json\/wp\/v2\/tags?post=24719"}],"curies":[{"name":"wp","href":"https:\/\/api.w.org\/{rel}","templated":true}]}}