{"id":24708,"date":"2020-07-29T01:38:16","date_gmt":"2020-07-29T08:38:16","guid":{"rendered":"http:\/\/www.elojocojo.org\/?p=24708"},"modified":"2025-09-30T18:39:13","modified_gmt":"2025-09-30T16:39:13","slug":"senor-marka","status":"publish","type":"post","link":"https:\/\/elojocojo.org\/senor-marka\/","title":{"rendered":"Se\u00f1or Marka"},"content":{"rendered":"\n<figure class=\"wp-block-image size-large\"><img decoding=\"async\" width=\"603\" height=\"360\" src=\"https:\/\/elojocojo.org\/wp-content\/uploads\/2020\/07\/Se\u00f1or-Marka-603x360.jpg\" alt=\"Se\u00f1or Marka\" class=\"wp-image-24709\" srcset=\"https:\/\/elojocojo.org\/wp-content\/uploads\/2020\/07\/Se\u00f1or-Marka-603x360.jpg 603w, https:\/\/elojocojo.org\/wp-content\/uploads\/2020\/07\/Se\u00f1or-Marka-400x239.jpg 400w, https:\/\/elojocojo.org\/wp-content\/uploads\/2020\/07\/Se\u00f1or-Marka-300x179.jpg 300w, https:\/\/elojocojo.org\/wp-content\/uploads\/2020\/07\/Se\u00f1or-Marka-768x458.jpg 768w, https:\/\/elojocojo.org\/wp-content\/uploads\/2020\/07\/Se\u00f1or-Marka.jpg 893w\" sizes=\"(max-width: 603px) 100vw, 603px\" \/><\/figure>\n\n\n\n<p><br \/><strong>T\u00cdTULO ORIGINAL<\/strong>: Se\u00f1or Marka<br \/><strong>A\u00d1O<\/strong>: 2009<br \/><strong>DIRECTOR<\/strong>: Van Laeken a.k.a Marka Serge<br \/><strong>G\u00c9NERO cinematogr\u00e1fico<\/strong>: Documental<br \/><strong>DURACI\u00d3N<\/strong>: 52\u2019<br \/><strong>PA\u00cdS<\/strong>: B\u00e9lgica y Cuba<br \/><strong>FORMATO ORIGINAL<\/strong>: HDV<br \/><strong>TIPO<\/strong>: Color<br \/><strong>IDIOMA ORIGINAL<\/strong>: Franc\u00e9s y Espa\u00f1ol<br \/><strong>SUBT\u00cdTULOS<\/strong>: Espa\u00f1ol<br \/><strong>PRODUCCI\u00d3N<\/strong>: Patapouf Productions<br \/><strong>GUI\u00d3N<\/strong>: Marka y St\u00e9phane Sergeant.<br \/><strong>EDICI\u00d3N<\/strong>\/<strong>MONTAJE<\/strong>: Marka<\/p>\n\n\n\n<p><strong>SINOPSIS<\/strong>:<\/p>\n\n\n\n<p><br \/>\u00abSe\u00f1or Marka\u00bb, dirigida por Van Laeken a.k.a Marka Serge, es una pel\u00edcula que sirve como primera prueba y origen de la miniserie \u00abD\u00e9jame cantar tu canci\u00f3n\u00bb. En esta producci\u00f3n, se nos presenta el fascinante encuentro entre el cantante belga y m\u00fasicos de La Habana, Cuba. A lo largo del documental, presenciamos c\u00f3mo Marka Serge se sumerge en la cultura cubana, aprende espa\u00f1ol y experimenta con la fusi\u00f3n de su m\u00fasica con los vibrantes ritmos cubanos.<\/p>\n\n\n\n<p>La pel\u00edcula nos sumerge en el proceso de creaci\u00f3n y colaboraci\u00f3n entre Marka Serge y los talentosos m\u00fasicos cubanos. A trav\u00e9s de la m\u00fasica y las interacciones personales, se construye un puente cultural entre B\u00e9lgica y Cuba, y se exploran las similitudes y diferencias entre ambos mundos musicales.<\/p>\n\n\n\n<p>El documental nos lleva en un viaje emocionante y enriquecedor, que culmina con el lanzamiento del disco \u00abMarka Y La Sonora Cubana\u00bb. Este hito representa el resultado de la colaboraci\u00f3n y el esfuerzo conjunto de Marka Serge y los m\u00fasicos cubanos, y marca un nuevo cap\u00edtulo en la carrera musical del cantante belga.<\/p>\n\n\n\n<p><\/p>\n\n\n\n<p>El filme Se\u00f1or Marka particip\u00f3 en la edici\u00f3n <strong>2010<\/strong> del <a href=\"https:\/\/elojocojo.org\/category\/festival-2010\/\"><strong>Festival de cine el ojO cojo<\/strong> <\/a>en ese sentido nos sentimos honrados de haberla exhibido.<\/p>\n\n\n\n<p>Visita nuestro blog&nbsp;<a href=\"https:\/\/el-ojocojo.blogspot.com\/\" target=\"_blank\" rel=\"noreferrer noopener\">https:\/\/el-ojocojo.blogspot.<\/a><\/p>\n","protected":false},"excerpt":{"rendered":"<p>T\u00cdTULO ORIGINAL: Se\u00f1or MarkaA\u00d1O: 2009DIRECTOR: Van Laeken a.k.a Marka SergeG\u00c9NERO cinematogr\u00e1fico: DocumentalDURACI\u00d3N: 52\u2019PA\u00cdS: B\u00e9lgica y CubaFORMATO ORIGINAL: HDVTIPO: ColorIDIOMA ORIGINAL: Franc\u00e9s y Espa\u00f1olSUBT\u00cdTULOS: Espa\u00f1olPRODUCCI\u00d3N: Patapouf ProductionsGUI\u00d3N: Marka y St\u00e9phane Sergeant.EDICI\u00d3N\/MONTAJE: Marka SINOPSIS: \u00abSe\u00f1or Marka\u00bb, dirigida por Van Laeken a.k.a Marka Serge, es una pel\u00edcula que sirve como primera prueba y origen de la miniserie \u00abD\u00e9jame [&hellip;]<\/p>\n","protected":false},"author":11,"featured_media":24709,"comment_status":"closed","ping_status":"closed","sticky":false,"template":"","format":"standard","meta":{"_monsterinsights_skip_tracking":false,"_monsterinsights_sitenote_active":false,"_monsterinsights_sitenote_note":"","_monsterinsights_sitenote_category":0,"footnotes":""},"categories":[2053,3],"tags":[1996,1126,186,886,1014,1779,892,2119,2391,1981,1982,998,1503],"class_list":{"0":"post-24708","1":"post","2":"type-post","3":"status-publish","4":"format-standard","5":"has-post-thumbnail","7":"category-documental","8":"category-festival-2010","9":"tag-1996","10":"tag-alianzas-para-lograr-objetivos","11":"tag-arte","12":"tag-belgica","13":"tag-cuba","14":"tag-cultura","15":"tag-diversidad-cultural","16":"tag-espanol","17":"tag-espaol","18":"tag-festival-de-cine","19":"tag-festival-el-ojo-cojo","20":"tag-interculturalidad","21":"tag-musica","22":"czr-hentry"},"yoast_head":"<!-- This site is optimized with the Yoast SEO plugin v27.1.1 - https:\/\/yoast.com\/product\/yoast-seo-wordpress\/ -->\n<title>Se\u00f1or Marka - el ojO cojo<\/title>\n<meta name=\"description\" content=\"Se\u00f1or Marka exhibido en la edici\u00f3n 2010 del Festival el ojO cojo. Pa\u00eds de origen, B\u00e9lgica y Cuba. Dirigido por Van Laeken a.k.a Marka Serge.\" \/>\n<meta name=\"robots\" content=\"index, follow, max-snippet:-1, max-image-preview:large, max-video-preview:-1\" \/>\n<link rel=\"canonical\" href=\"https:\/\/elojocojo.org\/senor-marka\/\" \/>\n<meta property=\"og:locale\" content=\"es_ES\" \/>\n<meta property=\"og:type\" content=\"article\" \/>\n<meta property=\"og:title\" content=\"Se\u00f1or Marka - el ojO cojo\" \/>\n<meta property=\"og:description\" content=\"Se\u00f1or Marka exhibido en la edici\u00f3n 2010 del Festival el ojO cojo. Pa\u00eds de origen, B\u00e9lgica y Cuba. Dirigido por Van Laeken a.k.a Marka Serge.\" \/>\n<meta property=\"og:url\" content=\"https:\/\/elojocojo.org\/senor-marka\/\" \/>\n<meta property=\"og:site_name\" content=\"el ojO cojo\" \/>\n<meta property=\"article:publisher\" content=\"https:\/\/www.facebook.com\/elojocojo\" \/>\n<meta property=\"article:published_time\" content=\"2020-07-29T08:38:16+00:00\" \/>\n<meta property=\"article:modified_time\" content=\"2025-09-30T16:39:13+00:00\" \/>\n<meta property=\"og:image\" content=\"https:\/\/elojocojo.org\/wp-content\/uploads\/2020\/07\/Se\u00f1or-Marka.jpg\" \/>\n\t<meta property=\"og:image:width\" content=\"893\" \/>\n\t<meta property=\"og:image:height\" content=\"533\" \/>\n\t<meta property=\"og:image:type\" content=\"image\/jpeg\" \/>\n<meta name=\"author\" content=\"cojo\" \/>\n<meta name=\"twitter:card\" content=\"summary_large_image\" \/>\n<meta name=\"twitter:creator\" content=\"@elojocojo\" \/>\n<meta name=\"twitter:site\" content=\"@elojocojo\" \/>\n<meta name=\"twitter:label1\" content=\"Escrito por\" \/>\n\t<meta name=\"twitter:data1\" content=\"cojo\" \/>\n\t<meta name=\"twitter:label2\" content=\"Tiempo de lectura\" \/>\n\t<meta name=\"twitter:data2\" content=\"1 minuto\" \/>\n<script type=\"application\/ld+json\" class=\"yoast-schema-graph\">{\"@context\":\"https:\/\/schema.org\",\"@graph\":[{\"@type\":\"Article\",\"@id\":\"https:\/\/elojocojo.org\/senor-marka\/#article\",\"isPartOf\":{\"@id\":\"https:\/\/elojocojo.org\/senor-marka\/\"},\"author\":{\"name\":\"cojo\",\"@id\":\"https:\/\/elojocojo.org\/#\/schema\/person\/cba15985dd5da095cac31c1ff0d6e23e\"},\"headline\":\"Se\u00f1or Marka\",\"datePublished\":\"2020-07-29T08:38:16+00:00\",\"dateModified\":\"2025-09-30T16:39:13+00:00\",\"mainEntityOfPage\":{\"@id\":\"https:\/\/elojocojo.org\/senor-marka\/\"},\"wordCount\":295,\"publisher\":{\"@id\":\"https:\/\/elojocojo.org\/#organization\"},\"image\":{\"@id\":\"https:\/\/elojocojo.org\/senor-marka\/#primaryimage\"},\"thumbnailUrl\":\"https:\/\/elojocojo.org\/wp-content\/uploads\/2020\/07\/Se\u00f1or-Marka.jpg\",\"keywords\":[\"2010\",\"Alianzas para lograr objetivos\",\"Arte\",\"B\u00e9lgica\",\"Cuba\",\"cultura\",\"diversidad cultural\",\"espa\u00f1ol\",\"espa\u00b1ol\",\"festival de cine\",\"Festival el Ojo cojo\",\"interculturalidad\",\"m\u00fasica\"],\"articleSection\":[\"Documental\",\"Festival 2010\"],\"inLanguage\":\"es\"},{\"@type\":\"WebPage\",\"@id\":\"https:\/\/elojocojo.org\/senor-marka\/\",\"url\":\"https:\/\/elojocojo.org\/senor-marka\/\",\"name\":\"Se\u00f1or Marka - el ojO cojo\",\"isPartOf\":{\"@id\":\"https:\/\/elojocojo.org\/#website\"},\"primaryImageOfPage\":{\"@id\":\"https:\/\/elojocojo.org\/senor-marka\/#primaryimage\"},\"image\":{\"@id\":\"https:\/\/elojocojo.org\/senor-marka\/#primaryimage\"},\"thumbnailUrl\":\"https:\/\/elojocojo.org\/wp-content\/uploads\/2020\/07\/Se\u00f1or-Marka.jpg\",\"datePublished\":\"2020-07-29T08:38:16+00:00\",\"dateModified\":\"2025-09-30T16:39:13+00:00\",\"description\":\"Se\u00f1or Marka exhibido en la edici\u00f3n 2010 del Festival el ojO cojo. Pa\u00eds de origen, B\u00e9lgica y Cuba. Dirigido por Van Laeken a.k.a Marka Serge.\",\"breadcrumb\":{\"@id\":\"https:\/\/elojocojo.org\/senor-marka\/#breadcrumb\"},\"inLanguage\":\"es\",\"potentialAction\":[{\"@type\":\"ReadAction\",\"target\":[\"https:\/\/elojocojo.org\/senor-marka\/\"]}]},{\"@type\":\"ImageObject\",\"inLanguage\":\"es\",\"@id\":\"https:\/\/elojocojo.org\/senor-marka\/#primaryimage\",\"url\":\"https:\/\/elojocojo.org\/wp-content\/uploads\/2020\/07\/Se\u00f1or-Marka.jpg\",\"contentUrl\":\"https:\/\/elojocojo.org\/wp-content\/uploads\/2020\/07\/Se\u00f1or-Marka.jpg\",\"width\":893,\"height\":533,\"caption\":\"Se\u00f1or Marka\"},{\"@type\":\"BreadcrumbList\",\"@id\":\"https:\/\/elojocojo.org\/senor-marka\/#breadcrumb\",\"itemListElement\":[{\"@type\":\"ListItem\",\"position\":1,\"name\":\"Portada\",\"item\":\"https:\/\/elojocojo.org\/\"},{\"@type\":\"ListItem\",\"position\":2,\"name\":\"2010\",\"item\":\"https:\/\/elojocojo.org\/tag\/2010\/\"},{\"@type\":\"ListItem\",\"position\":3,\"name\":\"Se\u00f1or Marka\"}]},{\"@type\":\"WebSite\",\"@id\":\"https:\/\/elojocojo.org\/#website\",\"url\":\"https:\/\/elojocojo.org\/\",\"name\":\"el ojO cojo\",\"description\":\"Todos estamos hechos de la misma esencia\",\"publisher\":{\"@id\":\"https:\/\/elojocojo.org\/#organization\"},\"potentialAction\":[{\"@type\":\"SearchAction\",\"target\":{\"@type\":\"EntryPoint\",\"urlTemplate\":\"https:\/\/elojocojo.org\/?s={search_term_string}\"},\"query-input\":{\"@type\":\"PropertyValueSpecification\",\"valueRequired\":true,\"valueName\":\"search_term_string\"}}],\"inLanguage\":\"es\"},{\"@type\":\"Organization\",\"@id\":\"https:\/\/elojocojo.org\/#organization\",\"name\":\"Meigas da r\u00faa\",\"url\":\"https:\/\/elojocojo.org\/\",\"logo\":{\"@type\":\"ImageObject\",\"inLanguage\":\"es\",\"@id\":\"https:\/\/elojocojo.org\/#\/schema\/logo\/image\/\",\"url\":\"https:\/\/meigasdarua.org\/wp-content\/uploads\/2020\/09\/cropped-logo-meigas-5.png\",\"contentUrl\":\"https:\/\/meigasdarua.org\/wp-content\/uploads\/2020\/09\/cropped-logo-meigas-5.png\",\"width\":109,\"height\":200,\"caption\":\"Meigas da r\u00faa\"},\"image\":{\"@id\":\"https:\/\/elojocojo.org\/#\/schema\/logo\/image\/\"},\"sameAs\":[\"https:\/\/www.facebook.com\/elojocojo\",\"https:\/\/x.com\/elojocojo\",\"https:\/\/www.instagram.com\/elojocojo\/?hl=es\",\"https:\/\/www.linkedin.com\/in\/el-ojo-cojo-b52b7769\/\",\"https:\/\/www.pinterest.es\/elojocojo\/_saved\/\",\"https:\/\/www.youtube.com\/channel\/UCkFtFTV0Bms7zH7vq8FZxZg\"]},{\"@type\":\"Person\",\"@id\":\"https:\/\/elojocojo.org\/#\/schema\/person\/cba15985dd5da095cac31c1ff0d6e23e\",\"name\":\"cojo\",\"url\":\"https:\/\/elojocojo.org\/author\/cojo\/\"}]}<\/script>\n<!-- \/ Yoast SEO plugin. -->","yoast_head_json":{"title":"Se\u00f1or Marka - el ojO cojo","description":"Se\u00f1or Marka exhibido en la edici\u00f3n 2010 del Festival el ojO cojo. Pa\u00eds de origen, B\u00e9lgica y Cuba. Dirigido por Van Laeken a.k.a Marka Serge.","robots":{"index":"index","follow":"follow","max-snippet":"max-snippet:-1","max-image-preview":"max-image-preview:large","max-video-preview":"max-video-preview:-1"},"canonical":"https:\/\/elojocojo.org\/senor-marka\/","og_locale":"es_ES","og_type":"article","og_title":"Se\u00f1or Marka - el ojO cojo","og_description":"Se\u00f1or Marka exhibido en la edici\u00f3n 2010 del Festival el ojO cojo. Pa\u00eds de origen, B\u00e9lgica y Cuba. Dirigido por Van Laeken a.k.a Marka Serge.","og_url":"https:\/\/elojocojo.org\/senor-marka\/","og_site_name":"el ojO cojo","article_publisher":"https:\/\/www.facebook.com\/elojocojo","article_published_time":"2020-07-29T08:38:16+00:00","article_modified_time":"2025-09-30T16:39:13+00:00","og_image":[{"width":893,"height":533,"url":"https:\/\/elojocojo.org\/wp-content\/uploads\/2020\/07\/Se\u00f1or-Marka.jpg","type":"image\/jpeg"}],"author":"cojo","twitter_card":"summary_large_image","twitter_creator":"@elojocojo","twitter_site":"@elojocojo","twitter_misc":{"Escrito por":"cojo","Tiempo de lectura":"1 minuto"},"schema":{"@context":"https:\/\/schema.org","@graph":[{"@type":"Article","@id":"https:\/\/elojocojo.org\/senor-marka\/#article","isPartOf":{"@id":"https:\/\/elojocojo.org\/senor-marka\/"},"author":{"name":"cojo","@id":"https:\/\/elojocojo.org\/#\/schema\/person\/cba15985dd5da095cac31c1ff0d6e23e"},"headline":"Se\u00f1or Marka","datePublished":"2020-07-29T08:38:16+00:00","dateModified":"2025-09-30T16:39:13+00:00","mainEntityOfPage":{"@id":"https:\/\/elojocojo.org\/senor-marka\/"},"wordCount":295,"publisher":{"@id":"https:\/\/elojocojo.org\/#organization"},"image":{"@id":"https:\/\/elojocojo.org\/senor-marka\/#primaryimage"},"thumbnailUrl":"https:\/\/elojocojo.org\/wp-content\/uploads\/2020\/07\/Se\u00f1or-Marka.jpg","keywords":["2010","Alianzas para lograr objetivos","Arte","B\u00e9lgica","Cuba","cultura","diversidad cultural","espa\u00f1ol","espa\u00b1ol","festival de cine","Festival el Ojo cojo","interculturalidad","m\u00fasica"],"articleSection":["Documental","Festival 2010"],"inLanguage":"es"},{"@type":"WebPage","@id":"https:\/\/elojocojo.org\/senor-marka\/","url":"https:\/\/elojocojo.org\/senor-marka\/","name":"Se\u00f1or Marka - el ojO cojo","isPartOf":{"@id":"https:\/\/elojocojo.org\/#website"},"primaryImageOfPage":{"@id":"https:\/\/elojocojo.org\/senor-marka\/#primaryimage"},"image":{"@id":"https:\/\/elojocojo.org\/senor-marka\/#primaryimage"},"thumbnailUrl":"https:\/\/elojocojo.org\/wp-content\/uploads\/2020\/07\/Se\u00f1or-Marka.jpg","datePublished":"2020-07-29T08:38:16+00:00","dateModified":"2025-09-30T16:39:13+00:00","description":"Se\u00f1or Marka exhibido en la edici\u00f3n 2010 del Festival el ojO cojo. Pa\u00eds de origen, B\u00e9lgica y Cuba. Dirigido por Van Laeken a.k.a Marka Serge.","breadcrumb":{"@id":"https:\/\/elojocojo.org\/senor-marka\/#breadcrumb"},"inLanguage":"es","potentialAction":[{"@type":"ReadAction","target":["https:\/\/elojocojo.org\/senor-marka\/"]}]},{"@type":"ImageObject","inLanguage":"es","@id":"https:\/\/elojocojo.org\/senor-marka\/#primaryimage","url":"https:\/\/elojocojo.org\/wp-content\/uploads\/2020\/07\/Se\u00f1or-Marka.jpg","contentUrl":"https:\/\/elojocojo.org\/wp-content\/uploads\/2020\/07\/Se\u00f1or-Marka.jpg","width":893,"height":533,"caption":"Se\u00f1or Marka"},{"@type":"BreadcrumbList","@id":"https:\/\/elojocojo.org\/senor-marka\/#breadcrumb","itemListElement":[{"@type":"ListItem","position":1,"name":"Portada","item":"https:\/\/elojocojo.org\/"},{"@type":"ListItem","position":2,"name":"2010","item":"https:\/\/elojocojo.org\/tag\/2010\/"},{"@type":"ListItem","position":3,"name":"Se\u00f1or Marka"}]},{"@type":"WebSite","@id":"https:\/\/elojocojo.org\/#website","url":"https:\/\/elojocojo.org\/","name":"el ojO cojo","description":"Todos estamos hechos de la misma esencia","publisher":{"@id":"https:\/\/elojocojo.org\/#organization"},"potentialAction":[{"@type":"SearchAction","target":{"@type":"EntryPoint","urlTemplate":"https:\/\/elojocojo.org\/?s={search_term_string}"},"query-input":{"@type":"PropertyValueSpecification","valueRequired":true,"valueName":"search_term_string"}}],"inLanguage":"es"},{"@type":"Organization","@id":"https:\/\/elojocojo.org\/#organization","name":"Meigas da r\u00faa","url":"https:\/\/elojocojo.org\/","logo":{"@type":"ImageObject","inLanguage":"es","@id":"https:\/\/elojocojo.org\/#\/schema\/logo\/image\/","url":"https:\/\/meigasdarua.org\/wp-content\/uploads\/2020\/09\/cropped-logo-meigas-5.png","contentUrl":"https:\/\/meigasdarua.org\/wp-content\/uploads\/2020\/09\/cropped-logo-meigas-5.png","width":109,"height":200,"caption":"Meigas da r\u00faa"},"image":{"@id":"https:\/\/elojocojo.org\/#\/schema\/logo\/image\/"},"sameAs":["https:\/\/www.facebook.com\/elojocojo","https:\/\/x.com\/elojocojo","https:\/\/www.instagram.com\/elojocojo\/?hl=es","https:\/\/www.linkedin.com\/in\/el-ojo-cojo-b52b7769\/","https:\/\/www.pinterest.es\/elojocojo\/_saved\/","https:\/\/www.youtube.com\/channel\/UCkFtFTV0Bms7zH7vq8FZxZg"]},{"@type":"Person","@id":"https:\/\/elojocojo.org\/#\/schema\/person\/cba15985dd5da095cac31c1ff0d6e23e","name":"cojo","url":"https:\/\/elojocojo.org\/author\/cojo\/"}]}},"_links":{"self":[{"href":"https:\/\/elojocojo.org\/wp-json\/wp\/v2\/posts\/24708","targetHints":{"allow":["GET"]}}],"collection":[{"href":"https:\/\/elojocojo.org\/wp-json\/wp\/v2\/posts"}],"about":[{"href":"https:\/\/elojocojo.org\/wp-json\/wp\/v2\/types\/post"}],"author":[{"embeddable":true,"href":"https:\/\/elojocojo.org\/wp-json\/wp\/v2\/users\/11"}],"replies":[{"embeddable":true,"href":"https:\/\/elojocojo.org\/wp-json\/wp\/v2\/comments?post=24708"}],"version-history":[{"count":6,"href":"https:\/\/elojocojo.org\/wp-json\/wp\/v2\/posts\/24708\/revisions"}],"predecessor-version":[{"id":57132,"href":"https:\/\/elojocojo.org\/wp-json\/wp\/v2\/posts\/24708\/revisions\/57132"}],"wp:featuredmedia":[{"embeddable":true,"href":"https:\/\/elojocojo.org\/wp-json\/wp\/v2\/media\/24709"}],"wp:attachment":[{"href":"https:\/\/elojocojo.org\/wp-json\/wp\/v2\/media?parent=24708"}],"wp:term":[{"taxonomy":"category","embeddable":true,"href":"https:\/\/elojocojo.org\/wp-json\/wp\/v2\/categories?post=24708"},{"taxonomy":"post_tag","embeddable":true,"href":"https:\/\/elojocojo.org\/wp-json\/wp\/v2\/tags?post=24708"}],"curies":[{"name":"wp","href":"https:\/\/api.w.org\/{rel}","templated":true}]}}