{"id":24703,"date":"2020-07-29T00:53:42","date_gmt":"2020-07-29T07:53:42","guid":{"rendered":"http:\/\/www.elojocojo.org\/?p=24703"},"modified":"2025-09-30T18:39:18","modified_gmt":"2025-09-30T16:39:18","slug":"rosa-negra","status":"publish","type":"post","link":"https:\/\/elojocojo.org\/rosa-negra\/","title":{"rendered":"Rosa Negra"},"content":{"rendered":"\n<p><strong>T\u00cdTULO<\/strong>: Rosa Negra<br \/><strong>T\u00cdTULO ORIGINAL<\/strong>: Schwarze Rose<br \/><strong>A\u00d1O<\/strong>: 2008<br \/><strong>DIRECTOR<\/strong>: Rosio Hanisch<br \/><strong>G\u00c9NERO cinematogr\u00e1fico<\/strong>: Ficci\u00f3n<br \/><strong>DURACI\u00d3N<\/strong>: 30\u2019<br \/><strong>PA\u00cdS<\/strong>: Espa\u00f1a y Alemania<br \/><strong>FORMATO ORIGINAL<\/strong>: HDV<br \/><strong>TIPO<\/strong>: Color<br \/><strong>IDIOMA ORIGINAL<\/strong>: Espa\u00f1ol y Aleman<br \/><strong>SUBT\u00cdTULOS<\/strong>: Espa\u00f1ol y Aleman<br \/><strong>INT\u00c9RPRETES<\/strong>: Anna Rodriguez<br \/><strong>PRODUCCI\u00d3N<\/strong>: Rosio Hanisch<\/p>\n\n\n\n<p><strong>OPERA PRIMA<\/strong><\/p>\n\n\n\n<h3 class=\"wp-block-heading\"><strong>SINOPSIS:  Rosa Negra<\/strong>                                                                                                                                                                                                     <\/h3>\n\n\n\n<p>Rosa, una valiente mujer afro-cubana, se ve enfrentada a una decisi\u00f3n trascendental en su vida: emigrar a Alemania. Adem\u00e1s, su amor por su pa\u00eds natal es innegable, aunque la imperiosa necesidad de mejorar su vida en todos los aspectos la obliga a considerar dejar Cuba. Como resultado, se embarca en un viaje lleno de desaf\u00edos y sacrificios.<\/p>\n\n\n\n<p>Ciertamente, Rosa se enfrenta a una encrucijada emocional. Como una hija de la tierra cubana, abandonar su pa\u00eds es una decisi\u00f3n dolorosa. Pero, como la oportunidad de una vida mejor llama a su puerta, debe tomar una decisi\u00f3n que cambiar\u00e1 su destino.<\/p>\n\n\n\n<p>Entonces, cuando Rosa finalmente toma la determinaci\u00f3n de emigrar, se sumerge en un proceso de adaptaci\u00f3n a una nueva cultura, un nuevo idioma y nuevas tradiciones. Despu\u00e9s de dejar atr\u00e1s todo lo conocido, su valent\u00eda y determinaci\u00f3n la acompa\u00f1an en cada paso.<\/p>\n\n\n\n<p>Eventualmente, su historia se convierte en un testimonio inspirador de la lucha y la b\u00fasqueda de un futuro m\u00e1s brillante. Mientras se enfrenta a los desaf\u00edos de la inmigraci\u00f3n, Rosa descubre una fortaleza interior que no sab\u00eda que ten\u00eda.<\/p>\n\n\n\n<p>Aunque extra\u00f1a su hogar y su cultura, Rosa se esfuerza por construir una nueva vida en tierras alemanas. Porque, aunque el camino sea dif\u00edcil, la esperanza y la determinaci\u00f3n la impulsan a seguir adelante. Pronto, Rosa comprende que el amor por su pa\u00eds nunca se desvanecer\u00e1, pero su decisi\u00f3n de emigrar es un paso hacia un futuro lleno de oportunidades.<\/p>\n\n\n\n<p>Igualmente, mientras teje un nuevo cap\u00edtulo en su vida, Rosa demuestra que el coraje y la determinaci\u00f3n pueden superar cualquier obst\u00e1culo. Luego, su historia nos recuerda que, aunque el hogar se quede atr\u00e1s, el esp\u00edritu humano puede encontrar un nuevo lugar donde florecer y prosperar, incluso en las circunstancias m\u00e1s desafiantes. Porque, por encima de todo, Rosa nos ense\u00f1a que la b\u00fasqueda de una vida mejor puede ser una poderosa fuerza de cambio y crecimiento personal.<\/p>\n\n\n\n<p>El filme Rosa Negra particip\u00f3 en la edici\u00f3n <strong>2010<\/strong> del <a href=\"https:\/\/elojocojo.org\/category\/festival-2010\/\"><strong>Festival de cine el ojO cojo<\/strong> <\/a>en ese sentido nos sentimos honrados de haberla exhibido.<\/p>\n\n\n\n<p><a href=\"https:\/\/el-ojocojo.blogspot.com\/\">Visita nuestro blog<\/a> <\/p>\n","protected":false},"excerpt":{"rendered":"<p>T\u00cdTULO: Rosa NegraT\u00cdTULO ORIGINAL: Schwarze RoseA\u00d1O: 2008DIRECTOR: Rosio HanischG\u00c9NERO cinematogr\u00e1fico: Ficci\u00f3nDURACI\u00d3N: 30\u2019PA\u00cdS: Espa\u00f1a y AlemaniaFORMATO ORIGINAL: HDVTIPO: ColorIDIOMA ORIGINAL: Espa\u00f1ol y AlemanSUBT\u00cdTULOS: Espa\u00f1ol y AlemanINT\u00c9RPRETES: Anna RodriguezPRODUCCI\u00d3N: Rosio Hanisch OPERA PRIMA SINOPSIS: Rosa Negra Rosa, una valiente mujer afro-cubana, se ve enfrentada a una decisi\u00f3n trascendental en su vida: emigrar a Alemania. Adem\u00e1s, su amor [&hellip;]<\/p>\n","protected":false},"author":11,"featured_media":37357,"comment_status":"closed","ping_status":"closed","sticky":false,"template":"","format":"standard","meta":{"_monsterinsights_skip_tracking":false,"_monsterinsights_sitenote_active":false,"_monsterinsights_sitenote_note":"","_monsterinsights_sitenote_category":0,"footnotes":""},"categories":[3,30],"tags":[1996,78,1014,1779,1795,138,2119,2391,2191,1981,1982,1628,1092,1438,1057],"class_list":{"0":"post-24703","1":"post","2":"type-post","3":"status-publish","4":"format-standard","5":"has-post-thumbnail","7":"category-festival-2010","8":"category-ficcion","9":"tag-1996","10":"tag-alemania","11":"tag-cuba","12":"tag-cultura","13":"tag-emigracion","14":"tag-espana","15":"tag-espanol","16":"tag-espaol","17":"tag-esperanza","18":"tag-festival-de-cine","19":"tag-festival-el-ojo-cojo","20":"tag-ficcion","21":"tag-fin-de-la-pobreza","22":"tag-pobreza","23":"tag-trabajo-decente-y-crecimiento-economico","24":"czr-hentry"},"yoast_head":"<!-- This site is optimized with the Yoast SEO plugin v27.1.1 - https:\/\/yoast.com\/product\/yoast-seo-wordpress\/ -->\n<title>Rosa Negra - el ojO cojo<\/title>\n<meta name=\"description\" content=\"Pel\u00edcula Rosa Negra exhibido en la edici\u00f3n 2010 del Festival el ojO cojo. Pa\u00eds de origen, Espa\u00f1a y Alemania. Dirigido por Rosio Hanisch.\" \/>\n<meta name=\"robots\" content=\"index, follow, max-snippet:-1, max-image-preview:large, max-video-preview:-1\" \/>\n<link rel=\"canonical\" href=\"https:\/\/elojocojo.org\/rosa-negra\/\" \/>\n<meta property=\"og:locale\" content=\"es_ES\" \/>\n<meta property=\"og:type\" content=\"article\" \/>\n<meta property=\"og:title\" content=\"Rosa Negra - el ojO cojo\" \/>\n<meta property=\"og:description\" content=\"Pel\u00edcula Rosa Negra exhibido en la edici\u00f3n 2010 del Festival el ojO cojo. Pa\u00eds de origen, Espa\u00f1a y Alemania. Dirigido por Rosio Hanisch.\" \/>\n<meta property=\"og:url\" content=\"https:\/\/elojocojo.org\/rosa-negra\/\" \/>\n<meta property=\"og:site_name\" content=\"el ojO cojo\" \/>\n<meta property=\"article:publisher\" content=\"https:\/\/www.facebook.com\/elojocojo\" \/>\n<meta property=\"article:published_time\" content=\"2020-07-29T07:53:42+00:00\" \/>\n<meta property=\"article:modified_time\" content=\"2025-09-30T16:39:18+00:00\" \/>\n<meta property=\"og:image\" content=\"https:\/\/elojocojo.org\/wp-content\/uploads\/2020\/07\/mqdefault.jpg\" \/>\n\t<meta property=\"og:image:width\" content=\"320\" \/>\n\t<meta property=\"og:image:height\" content=\"180\" \/>\n\t<meta property=\"og:image:type\" content=\"image\/jpeg\" \/>\n<meta name=\"author\" content=\"cojo\" \/>\n<meta name=\"twitter:card\" content=\"summary_large_image\" \/>\n<meta name=\"twitter:creator\" content=\"@elojocojo\" \/>\n<meta name=\"twitter:site\" content=\"@elojocojo\" \/>\n<meta name=\"twitter:label1\" content=\"Escrito por\" \/>\n\t<meta name=\"twitter:data1\" content=\"cojo\" \/>\n\t<meta name=\"twitter:label2\" content=\"Tiempo de lectura\" \/>\n\t<meta name=\"twitter:data2\" content=\"1 minuto\" \/>\n<script type=\"application\/ld+json\" class=\"yoast-schema-graph\">{\"@context\":\"https:\/\/schema.org\",\"@graph\":[{\"@type\":\"Article\",\"@id\":\"https:\/\/elojocojo.org\/rosa-negra\/#article\",\"isPartOf\":{\"@id\":\"https:\/\/elojocojo.org\/rosa-negra\/\"},\"author\":{\"name\":\"cojo\",\"@id\":\"https:\/\/elojocojo.org\/#\/schema\/person\/cba15985dd5da095cac31c1ff0d6e23e\"},\"headline\":\"Rosa Negra\",\"datePublished\":\"2020-07-29T07:53:42+00:00\",\"dateModified\":\"2025-09-30T16:39:18+00:00\",\"mainEntityOfPage\":{\"@id\":\"https:\/\/elojocojo.org\/rosa-negra\/\"},\"wordCount\":437,\"publisher\":{\"@id\":\"https:\/\/elojocojo.org\/#organization\"},\"image\":{\"@id\":\"https:\/\/elojocojo.org\/rosa-negra\/#primaryimage\"},\"thumbnailUrl\":\"https:\/\/elojocojo.org\/wp-content\/uploads\/2020\/07\/mqdefault.jpg\",\"keywords\":[\"2010\",\"Alemania\",\"Cuba\",\"cultura\",\"emigraci\u00f3n\",\"Espa\u00f1a\",\"espa\u00f1ol\",\"espa\u00b1ol\",\"esperanza\",\"festival de cine\",\"Festival el Ojo cojo\",\"ficci\u00f3n\",\"Fin de la pobreza\",\"pobreza\",\"Trabajo decente y crecimiento econ\u00f3mico\"],\"articleSection\":[\"Festival 2010\",\"Ficci\u00f3n\"],\"inLanguage\":\"es\"},{\"@type\":\"WebPage\",\"@id\":\"https:\/\/elojocojo.org\/rosa-negra\/\",\"url\":\"https:\/\/elojocojo.org\/rosa-negra\/\",\"name\":\"Rosa Negra - el ojO cojo\",\"isPartOf\":{\"@id\":\"https:\/\/elojocojo.org\/#website\"},\"primaryImageOfPage\":{\"@id\":\"https:\/\/elojocojo.org\/rosa-negra\/#primaryimage\"},\"image\":{\"@id\":\"https:\/\/elojocojo.org\/rosa-negra\/#primaryimage\"},\"thumbnailUrl\":\"https:\/\/elojocojo.org\/wp-content\/uploads\/2020\/07\/mqdefault.jpg\",\"datePublished\":\"2020-07-29T07:53:42+00:00\",\"dateModified\":\"2025-09-30T16:39:18+00:00\",\"description\":\"Pel\u00edcula Rosa Negra exhibido en la edici\u00f3n 2010 del Festival el ojO cojo. Pa\u00eds de origen, Espa\u00f1a y Alemania. Dirigido por Rosio Hanisch.\",\"breadcrumb\":{\"@id\":\"https:\/\/elojocojo.org\/rosa-negra\/#breadcrumb\"},\"inLanguage\":\"es\",\"potentialAction\":[{\"@type\":\"ReadAction\",\"target\":[\"https:\/\/elojocojo.org\/rosa-negra\/\"]}]},{\"@type\":\"ImageObject\",\"inLanguage\":\"es\",\"@id\":\"https:\/\/elojocojo.org\/rosa-negra\/#primaryimage\",\"url\":\"https:\/\/elojocojo.org\/wp-content\/uploads\/2020\/07\/mqdefault.jpg\",\"contentUrl\":\"https:\/\/elojocojo.org\/wp-content\/uploads\/2020\/07\/mqdefault.jpg\",\"width\":320,\"height\":180},{\"@type\":\"BreadcrumbList\",\"@id\":\"https:\/\/elojocojo.org\/rosa-negra\/#breadcrumb\",\"itemListElement\":[{\"@type\":\"ListItem\",\"position\":1,\"name\":\"Portada\",\"item\":\"https:\/\/elojocojo.org\/\"},{\"@type\":\"ListItem\",\"position\":2,\"name\":\"2010\",\"item\":\"https:\/\/elojocojo.org\/tag\/2010\/\"},{\"@type\":\"ListItem\",\"position\":3,\"name\":\"Rosa Negra\"}]},{\"@type\":\"WebSite\",\"@id\":\"https:\/\/elojocojo.org\/#website\",\"url\":\"https:\/\/elojocojo.org\/\",\"name\":\"el ojO cojo\",\"description\":\"Todos estamos hechos de la misma esencia\",\"publisher\":{\"@id\":\"https:\/\/elojocojo.org\/#organization\"},\"potentialAction\":[{\"@type\":\"SearchAction\",\"target\":{\"@type\":\"EntryPoint\",\"urlTemplate\":\"https:\/\/elojocojo.org\/?s={search_term_string}\"},\"query-input\":{\"@type\":\"PropertyValueSpecification\",\"valueRequired\":true,\"valueName\":\"search_term_string\"}}],\"inLanguage\":\"es\"},{\"@type\":\"Organization\",\"@id\":\"https:\/\/elojocojo.org\/#organization\",\"name\":\"Meigas da r\u00faa\",\"url\":\"https:\/\/elojocojo.org\/\",\"logo\":{\"@type\":\"ImageObject\",\"inLanguage\":\"es\",\"@id\":\"https:\/\/elojocojo.org\/#\/schema\/logo\/image\/\",\"url\":\"https:\/\/meigasdarua.org\/wp-content\/uploads\/2020\/09\/cropped-logo-meigas-5.png\",\"contentUrl\":\"https:\/\/meigasdarua.org\/wp-content\/uploads\/2020\/09\/cropped-logo-meigas-5.png\",\"width\":109,\"height\":200,\"caption\":\"Meigas da r\u00faa\"},\"image\":{\"@id\":\"https:\/\/elojocojo.org\/#\/schema\/logo\/image\/\"},\"sameAs\":[\"https:\/\/www.facebook.com\/elojocojo\",\"https:\/\/x.com\/elojocojo\",\"https:\/\/www.instagram.com\/elojocojo\/?hl=es\",\"https:\/\/www.linkedin.com\/in\/el-ojo-cojo-b52b7769\/\",\"https:\/\/www.pinterest.es\/elojocojo\/_saved\/\",\"https:\/\/www.youtube.com\/channel\/UCkFtFTV0Bms7zH7vq8FZxZg\"]},{\"@type\":\"Person\",\"@id\":\"https:\/\/elojocojo.org\/#\/schema\/person\/cba15985dd5da095cac31c1ff0d6e23e\",\"name\":\"cojo\",\"url\":\"https:\/\/elojocojo.org\/author\/cojo\/\"}]}<\/script>\n<!-- \/ Yoast SEO plugin. -->","yoast_head_json":{"title":"Rosa Negra - el ojO cojo","description":"Pel\u00edcula Rosa Negra exhibido en la edici\u00f3n 2010 del Festival el ojO cojo. Pa\u00eds de origen, Espa\u00f1a y Alemania. Dirigido por Rosio Hanisch.","robots":{"index":"index","follow":"follow","max-snippet":"max-snippet:-1","max-image-preview":"max-image-preview:large","max-video-preview":"max-video-preview:-1"},"canonical":"https:\/\/elojocojo.org\/rosa-negra\/","og_locale":"es_ES","og_type":"article","og_title":"Rosa Negra - el ojO cojo","og_description":"Pel\u00edcula Rosa Negra exhibido en la edici\u00f3n 2010 del Festival el ojO cojo. Pa\u00eds de origen, Espa\u00f1a y Alemania. Dirigido por Rosio Hanisch.","og_url":"https:\/\/elojocojo.org\/rosa-negra\/","og_site_name":"el ojO cojo","article_publisher":"https:\/\/www.facebook.com\/elojocojo","article_published_time":"2020-07-29T07:53:42+00:00","article_modified_time":"2025-09-30T16:39:18+00:00","og_image":[{"width":320,"height":180,"url":"https:\/\/elojocojo.org\/wp-content\/uploads\/2020\/07\/mqdefault.jpg","type":"image\/jpeg"}],"author":"cojo","twitter_card":"summary_large_image","twitter_creator":"@elojocojo","twitter_site":"@elojocojo","twitter_misc":{"Escrito por":"cojo","Tiempo de lectura":"1 minuto"},"schema":{"@context":"https:\/\/schema.org","@graph":[{"@type":"Article","@id":"https:\/\/elojocojo.org\/rosa-negra\/#article","isPartOf":{"@id":"https:\/\/elojocojo.org\/rosa-negra\/"},"author":{"name":"cojo","@id":"https:\/\/elojocojo.org\/#\/schema\/person\/cba15985dd5da095cac31c1ff0d6e23e"},"headline":"Rosa Negra","datePublished":"2020-07-29T07:53:42+00:00","dateModified":"2025-09-30T16:39:18+00:00","mainEntityOfPage":{"@id":"https:\/\/elojocojo.org\/rosa-negra\/"},"wordCount":437,"publisher":{"@id":"https:\/\/elojocojo.org\/#organization"},"image":{"@id":"https:\/\/elojocojo.org\/rosa-negra\/#primaryimage"},"thumbnailUrl":"https:\/\/elojocojo.org\/wp-content\/uploads\/2020\/07\/mqdefault.jpg","keywords":["2010","Alemania","Cuba","cultura","emigraci\u00f3n","Espa\u00f1a","espa\u00f1ol","espa\u00b1ol","esperanza","festival de cine","Festival el Ojo cojo","ficci\u00f3n","Fin de la pobreza","pobreza","Trabajo decente y crecimiento econ\u00f3mico"],"articleSection":["Festival 2010","Ficci\u00f3n"],"inLanguage":"es"},{"@type":"WebPage","@id":"https:\/\/elojocojo.org\/rosa-negra\/","url":"https:\/\/elojocojo.org\/rosa-negra\/","name":"Rosa Negra - el ojO cojo","isPartOf":{"@id":"https:\/\/elojocojo.org\/#website"},"primaryImageOfPage":{"@id":"https:\/\/elojocojo.org\/rosa-negra\/#primaryimage"},"image":{"@id":"https:\/\/elojocojo.org\/rosa-negra\/#primaryimage"},"thumbnailUrl":"https:\/\/elojocojo.org\/wp-content\/uploads\/2020\/07\/mqdefault.jpg","datePublished":"2020-07-29T07:53:42+00:00","dateModified":"2025-09-30T16:39:18+00:00","description":"Pel\u00edcula Rosa Negra exhibido en la edici\u00f3n 2010 del Festival el ojO cojo. Pa\u00eds de origen, Espa\u00f1a y Alemania. Dirigido por Rosio Hanisch.","breadcrumb":{"@id":"https:\/\/elojocojo.org\/rosa-negra\/#breadcrumb"},"inLanguage":"es","potentialAction":[{"@type":"ReadAction","target":["https:\/\/elojocojo.org\/rosa-negra\/"]}]},{"@type":"ImageObject","inLanguage":"es","@id":"https:\/\/elojocojo.org\/rosa-negra\/#primaryimage","url":"https:\/\/elojocojo.org\/wp-content\/uploads\/2020\/07\/mqdefault.jpg","contentUrl":"https:\/\/elojocojo.org\/wp-content\/uploads\/2020\/07\/mqdefault.jpg","width":320,"height":180},{"@type":"BreadcrumbList","@id":"https:\/\/elojocojo.org\/rosa-negra\/#breadcrumb","itemListElement":[{"@type":"ListItem","position":1,"name":"Portada","item":"https:\/\/elojocojo.org\/"},{"@type":"ListItem","position":2,"name":"2010","item":"https:\/\/elojocojo.org\/tag\/2010\/"},{"@type":"ListItem","position":3,"name":"Rosa Negra"}]},{"@type":"WebSite","@id":"https:\/\/elojocojo.org\/#website","url":"https:\/\/elojocojo.org\/","name":"el ojO cojo","description":"Todos estamos hechos de la misma esencia","publisher":{"@id":"https:\/\/elojocojo.org\/#organization"},"potentialAction":[{"@type":"SearchAction","target":{"@type":"EntryPoint","urlTemplate":"https:\/\/elojocojo.org\/?s={search_term_string}"},"query-input":{"@type":"PropertyValueSpecification","valueRequired":true,"valueName":"search_term_string"}}],"inLanguage":"es"},{"@type":"Organization","@id":"https:\/\/elojocojo.org\/#organization","name":"Meigas da r\u00faa","url":"https:\/\/elojocojo.org\/","logo":{"@type":"ImageObject","inLanguage":"es","@id":"https:\/\/elojocojo.org\/#\/schema\/logo\/image\/","url":"https:\/\/meigasdarua.org\/wp-content\/uploads\/2020\/09\/cropped-logo-meigas-5.png","contentUrl":"https:\/\/meigasdarua.org\/wp-content\/uploads\/2020\/09\/cropped-logo-meigas-5.png","width":109,"height":200,"caption":"Meigas da r\u00faa"},"image":{"@id":"https:\/\/elojocojo.org\/#\/schema\/logo\/image\/"},"sameAs":["https:\/\/www.facebook.com\/elojocojo","https:\/\/x.com\/elojocojo","https:\/\/www.instagram.com\/elojocojo\/?hl=es","https:\/\/www.linkedin.com\/in\/el-ojo-cojo-b52b7769\/","https:\/\/www.pinterest.es\/elojocojo\/_saved\/","https:\/\/www.youtube.com\/channel\/UCkFtFTV0Bms7zH7vq8FZxZg"]},{"@type":"Person","@id":"https:\/\/elojocojo.org\/#\/schema\/person\/cba15985dd5da095cac31c1ff0d6e23e","name":"cojo","url":"https:\/\/elojocojo.org\/author\/cojo\/"}]}},"_links":{"self":[{"href":"https:\/\/elojocojo.org\/wp-json\/wp\/v2\/posts\/24703","targetHints":{"allow":["GET"]}}],"collection":[{"href":"https:\/\/elojocojo.org\/wp-json\/wp\/v2\/posts"}],"about":[{"href":"https:\/\/elojocojo.org\/wp-json\/wp\/v2\/types\/post"}],"author":[{"embeddable":true,"href":"https:\/\/elojocojo.org\/wp-json\/wp\/v2\/users\/11"}],"replies":[{"embeddable":true,"href":"https:\/\/elojocojo.org\/wp-json\/wp\/v2\/comments?post=24703"}],"version-history":[{"count":3,"href":"https:\/\/elojocojo.org\/wp-json\/wp\/v2\/posts\/24703\/revisions"}],"predecessor-version":[{"id":57095,"href":"https:\/\/elojocojo.org\/wp-json\/wp\/v2\/posts\/24703\/revisions\/57095"}],"wp:featuredmedia":[{"embeddable":true,"href":"https:\/\/elojocojo.org\/wp-json\/wp\/v2\/media\/37357"}],"wp:attachment":[{"href":"https:\/\/elojocojo.org\/wp-json\/wp\/v2\/media?parent=24703"}],"wp:term":[{"taxonomy":"category","embeddable":true,"href":"https:\/\/elojocojo.org\/wp-json\/wp\/v2\/categories?post=24703"},{"taxonomy":"post_tag","embeddable":true,"href":"https:\/\/elojocojo.org\/wp-json\/wp\/v2\/tags?post=24703"}],"curies":[{"name":"wp","href":"https:\/\/api.w.org\/{rel}","templated":true}]}}