{"id":24696,"date":"2020-07-29T00:06:16","date_gmt":"2020-07-29T07:06:16","guid":{"rendered":"http:\/\/www.elojocojo.org\/?p=24696"},"modified":"2025-09-30T18:39:28","modified_gmt":"2025-09-30T16:39:28","slug":"prostituida","status":"publish","type":"post","link":"https:\/\/elojocojo.org\/prostituida\/","title":{"rendered":"Prostituida"},"content":{"rendered":"\n<p><strong>T\u00cdTULO<\/strong>: Prostituida<br \/><strong>T\u00cdTULO<\/strong> <strong>ORIGINAL<\/strong>: Prostituida<br \/><strong>A\u00d1O<\/strong>: 2009<br \/><strong>DIRECTOR<\/strong>: Frida Spiwak<br \/><strong>G\u00c9NERO<\/strong> <strong>cinematogr\u00e1fico<\/strong>: Documental<br \/><strong>DURACI\u00d3N<\/strong>: 51\u2019<br \/><strong>PA\u00cdS<\/strong>: Colombia<br \/><strong>FORMATO<\/strong> <strong>ORIGINAL<\/strong>: HDV<br \/><strong>TIPO<\/strong>: Color<br \/><strong>IDIOMA ORIGINAL<\/strong>: Espa\u00f1ol<br \/><strong>SUBT\u00cdTULOS<\/strong>: Ingl\u00e9s<br \/><strong>PRODUCCI\u00d3N<\/strong>: \u00c1ngela Lara<br \/><strong>GUI\u00d3N<\/strong>: Frida Spiwak<br \/><strong>EDICI\u00d3N<\/strong>\/<strong>MONTAJE<\/strong>: Esteban Mu\u00f1oz<br \/><strong>SONIDO<\/strong>: Diego Balanta<br \/><strong>M\u00daSICA<\/strong>: Diego Andr\u00e9s Gonz\u00e1lez Serrato<\/p>\n\n\n\n<p><strong>OPERA<\/strong> <strong>PRIMA<\/strong><\/p>\n\n\n\n<h3 class=\"wp-block-heading\"><strong>SINOPSIS<\/strong>:Prostituida <\/h3>\n\n\n\n<p>\u00abProstituida\u00bb es un documental impactante que da voz a 11 mujeres, quienes comparten sus conmovedores testimonios de vida. Adem\u00e1s, a trav\u00e9s de sus palabras y gestos, estas valientes mujeres arrojan luz sobre una realidad que dista mucho de ser lo que algunos llaman una \u00abvida alegre\u00bb o una \u00abvida f\u00e1cil\u00bb. El documental se basa en una profunda investigaci\u00f3n en el \u00e1mbito del trauma psicol\u00f3gico y los derechos humanos.<\/p>\n\n\n\n<p>Ciertamente, \u00abProstituida\u00bb profundiza en las experiencias de estas mujeres, destacando sus luchas y desaf\u00edos. Como un testimonio de la complejidad de sus vidas, revela las secuelas psicol\u00f3gicas y emocionales que enfrentan a diario.<\/p>\n\n\n\n<p>Como resultado, la pel\u00edcula arroja un poderoso enfoque sobre la importancia de comprender la realidad de quienes se encuentran en situaciones similares. Especialmente, destaca la necesidad de una reflexi\u00f3n cr\u00edtica sobre la explotaci\u00f3n sexual y el trauma que estas mujeres enfrentan.<\/p>\n\n\n\n<p>Entonces, cuando las historias se entrelazan y se desvela la verdad detr\u00e1s de la fachada, el documental toma un rumbo decisivo. Despu\u00e9s de todo, estas mujeres merecen ser escuchadas y respetadas en su lucha por la dignidad y los derechos humanos.<\/p>\n\n\n\n<p>Eventualmente, a medida que se desarrolla la narrativa, \u00abProstituida\u00bb nos sumerge en un viaje que nos confronta con las realidades inc\u00f3modas y dolorosas de la explotaci\u00f3n sexual. Finalmente, nos reta a considerar nuestra responsabilidad como sociedad en la protecci\u00f3n y el apoyo a quienes han sido v\u00edctimas.<\/p>\n\n\n\n<p>Igualmente, mientras estas mujeres comparten sus historias de dolor y resiliencia, el documental nos muestra que, aunque sus vidas est\u00e9n marcadas por la explotaci\u00f3n, su esp\u00edritu inquebrantable y su b\u00fasqueda de justicia pueden inspirarnos a actuar. Luego, nos recuerda que, aunque el tema sea dif\u00edcil, es vital abordar la explotaci\u00f3n sexual desde una perspectiva humanitaria y de derechos humanos. Porque, por encima de todo, \u00abProstituida\u00bb nos llama a la acci\u00f3n, inst\u00e1ndonos a defender la dignidad y los derechos de todas las personas, sin importar las circunstancias en las que se encuentren.<\/p>\n\n\n\n<p>El filme Prostituida particip\u00f3 en la edici\u00f3n <strong>2010<\/strong> del <a href=\"https:\/\/elojocojo.org\/category\/festival-2010\/\"><strong>Festival de cine el ojO cojo<\/strong> <\/a>en ese sentido nos sentimos honrados de haberla exhibido.<\/p>\n\n\n\n<p><a href=\"https:\/\/el-ojocojo.blogspot.com\/\">Visita nuestro blog<\/a><\/p>\n","protected":false},"excerpt":{"rendered":"<p>T\u00cdTULO: ProstituidaT\u00cdTULO ORIGINAL: ProstituidaA\u00d1O: 2009DIRECTOR: Frida SpiwakG\u00c9NERO cinematogr\u00e1fico: DocumentalDURACI\u00d3N: 51\u2019PA\u00cdS: ColombiaFORMATO ORIGINAL: HDVTIPO: ColorIDIOMA ORIGINAL: Espa\u00f1olSUBT\u00cdTULOS: Ingl\u00e9sPRODUCCI\u00d3N: \u00c1ngela LaraGUI\u00d3N: Frida SpiwakEDICI\u00d3N\/MONTAJE: Esteban Mu\u00f1ozSONIDO: Diego BalantaM\u00daSICA: Diego Andr\u00e9s Gonz\u00e1lez Serrato OPERA PRIMA SINOPSIS:Prostituida \u00abProstituida\u00bb es un documental impactante que da voz a 11 mujeres, quienes comparten sus conmovedores testimonios de vida. Adem\u00e1s, a trav\u00e9s de sus [&hellip;]<\/p>\n","protected":false},"author":11,"featured_media":24697,"comment_status":"closed","ping_status":"closed","sticky":false,"template":"","format":"standard","meta":{"_monsterinsights_skip_tracking":false,"_monsterinsights_sitenote_active":false,"_monsterinsights_sitenote_note":"","_monsterinsights_sitenote_category":0,"footnotes":""},"categories":[2053,3],"tags":[1996,19,503,1682,62,1836,26,1269,2119,2391,402,1981,1982,2187,2118,288,91,1207,150,136],"class_list":{"0":"post-24696","1":"post","2":"type-post","3":"status-publish","4":"format-standard","5":"has-post-thumbnail","7":"category-documental","8":"category-festival-2010","9":"tag-1996","10":"tag-activismo-cultural","11":"tag-colombia","12":"tag-compromiso","13":"tag-convivencia","14":"tag-denuncia-social","15":"tag-discriminacion","16":"tag-esclavitud","17":"tag-espanol","18":"tag-espaol","19":"tag-explotacion","20":"tag-festival-de-cine","21":"tag-festival-el-ojo-cojo","22":"tag-igualdad","23":"tag-ingles","24":"tag-jovenes","25":"tag-mujer","26":"tag-prostitucion","27":"tag-sexualidad","28":"tag-violencia","29":"czr-hentry"},"yoast_head":"<!-- This site is optimized with the Yoast SEO plugin v27.1.1 - https:\/\/yoast.com\/product\/yoast-seo-wordpress\/ -->\n<title>Prostituida - el ojO cojo<\/title>\n<meta name=\"description\" content=\"Documental Prostituida exhibido en la edici\u00f3n 2010 del Festival el ojO cojo. Pa\u00eds de origen, Colombia. Dirigido por Frida Spiwak.\" \/>\n<meta name=\"robots\" content=\"index, follow, max-snippet:-1, max-image-preview:large, max-video-preview:-1\" \/>\n<link rel=\"canonical\" href=\"https:\/\/elojocojo.org\/prostituida\/\" \/>\n<meta property=\"og:locale\" content=\"es_ES\" \/>\n<meta property=\"og:type\" content=\"article\" \/>\n<meta property=\"og:title\" content=\"Prostituida - el ojO cojo\" \/>\n<meta property=\"og:description\" content=\"Documental Prostituida exhibido en la edici\u00f3n 2010 del Festival el ojO cojo. Pa\u00eds de origen, Colombia. Dirigido por Frida Spiwak.\" \/>\n<meta property=\"og:url\" content=\"https:\/\/elojocojo.org\/prostituida\/\" \/>\n<meta property=\"og:site_name\" content=\"el ojO cojo\" \/>\n<meta property=\"article:publisher\" content=\"https:\/\/www.facebook.com\/elojocojo\" \/>\n<meta property=\"article:published_time\" content=\"2020-07-29T07:06:16+00:00\" \/>\n<meta property=\"article:modified_time\" content=\"2025-09-30T16:39:28+00:00\" \/>\n<meta property=\"og:image\" content=\"https:\/\/elojocojo.org\/wp-content\/uploads\/2020\/07\/prostituida-1.jpg\" \/>\n\t<meta property=\"og:image:width\" content=\"720\" \/>\n\t<meta property=\"og:image:height\" content=\"480\" \/>\n\t<meta property=\"og:image:type\" content=\"image\/jpeg\" \/>\n<meta name=\"author\" content=\"cojo\" \/>\n<meta name=\"twitter:card\" content=\"summary_large_image\" \/>\n<meta name=\"twitter:creator\" content=\"@elojocojo\" \/>\n<meta name=\"twitter:site\" content=\"@elojocojo\" \/>\n<meta name=\"twitter:label1\" content=\"Escrito por\" \/>\n\t<meta name=\"twitter:data1\" content=\"cojo\" \/>\n\t<meta name=\"twitter:label2\" content=\"Tiempo de lectura\" \/>\n\t<meta name=\"twitter:data2\" content=\"1 minuto\" \/>\n<script type=\"application\/ld+json\" class=\"yoast-schema-graph\">{\"@context\":\"https:\/\/schema.org\",\"@graph\":[{\"@type\":\"Article\",\"@id\":\"https:\/\/elojocojo.org\/prostituida\/#article\",\"isPartOf\":{\"@id\":\"https:\/\/elojocojo.org\/prostituida\/\"},\"author\":{\"name\":\"cojo\",\"@id\":\"https:\/\/elojocojo.org\/#\/schema\/person\/cba15985dd5da095cac31c1ff0d6e23e\"},\"headline\":\"Prostituida\",\"datePublished\":\"2020-07-29T07:06:16+00:00\",\"dateModified\":\"2025-09-30T16:39:28+00:00\",\"mainEntityOfPage\":{\"@id\":\"https:\/\/elojocojo.org\/prostituida\/\"},\"wordCount\":437,\"publisher\":{\"@id\":\"https:\/\/elojocojo.org\/#organization\"},\"image\":{\"@id\":\"https:\/\/elojocojo.org\/prostituida\/#primaryimage\"},\"thumbnailUrl\":\"https:\/\/elojocojo.org\/wp-content\/uploads\/2020\/07\/prostituida-1.jpg\",\"keywords\":[\"2010\",\"activismo cultural\",\"Colombia\",\"compromiso\",\"convivencia\",\"denuncia social\",\"discriminaci\u00f3n\",\"esclavitud\",\"espa\u00f1ol\",\"espa\u00b1ol\",\"explotaci\u00f3n\",\"festival de cine\",\"Festival el Ojo cojo\",\"igualdad\",\"ingl\u00e9s\",\"j\u00f3venes\",\"mujer\",\"prostituci\u00f3n\",\"sexualidad\",\"violencia\"],\"articleSection\":[\"Documental\",\"Festival 2010\"],\"inLanguage\":\"es\"},{\"@type\":\"WebPage\",\"@id\":\"https:\/\/elojocojo.org\/prostituida\/\",\"url\":\"https:\/\/elojocojo.org\/prostituida\/\",\"name\":\"Prostituida - el ojO cojo\",\"isPartOf\":{\"@id\":\"https:\/\/elojocojo.org\/#website\"},\"primaryImageOfPage\":{\"@id\":\"https:\/\/elojocojo.org\/prostituida\/#primaryimage\"},\"image\":{\"@id\":\"https:\/\/elojocojo.org\/prostituida\/#primaryimage\"},\"thumbnailUrl\":\"https:\/\/elojocojo.org\/wp-content\/uploads\/2020\/07\/prostituida-1.jpg\",\"datePublished\":\"2020-07-29T07:06:16+00:00\",\"dateModified\":\"2025-09-30T16:39:28+00:00\",\"description\":\"Documental Prostituida exhibido en la edici\u00f3n 2010 del Festival el ojO cojo. Pa\u00eds de origen, Colombia. Dirigido por Frida Spiwak.\",\"breadcrumb\":{\"@id\":\"https:\/\/elojocojo.org\/prostituida\/#breadcrumb\"},\"inLanguage\":\"es\",\"potentialAction\":[{\"@type\":\"ReadAction\",\"target\":[\"https:\/\/elojocojo.org\/prostituida\/\"]}]},{\"@type\":\"ImageObject\",\"inLanguage\":\"es\",\"@id\":\"https:\/\/elojocojo.org\/prostituida\/#primaryimage\",\"url\":\"https:\/\/elojocojo.org\/wp-content\/uploads\/2020\/07\/prostituida-1.jpg\",\"contentUrl\":\"https:\/\/elojocojo.org\/wp-content\/uploads\/2020\/07\/prostituida-1.jpg\",\"width\":720,\"height\":480},{\"@type\":\"BreadcrumbList\",\"@id\":\"https:\/\/elojocojo.org\/prostituida\/#breadcrumb\",\"itemListElement\":[{\"@type\":\"ListItem\",\"position\":1,\"name\":\"Portada\",\"item\":\"https:\/\/elojocojo.org\/\"},{\"@type\":\"ListItem\",\"position\":2,\"name\":\"2010\",\"item\":\"https:\/\/elojocojo.org\/tag\/2010\/\"},{\"@type\":\"ListItem\",\"position\":3,\"name\":\"Prostituida\"}]},{\"@type\":\"WebSite\",\"@id\":\"https:\/\/elojocojo.org\/#website\",\"url\":\"https:\/\/elojocojo.org\/\",\"name\":\"el ojO cojo\",\"description\":\"Todos estamos hechos de la misma esencia\",\"publisher\":{\"@id\":\"https:\/\/elojocojo.org\/#organization\"},\"potentialAction\":[{\"@type\":\"SearchAction\",\"target\":{\"@type\":\"EntryPoint\",\"urlTemplate\":\"https:\/\/elojocojo.org\/?s={search_term_string}\"},\"query-input\":{\"@type\":\"PropertyValueSpecification\",\"valueRequired\":true,\"valueName\":\"search_term_string\"}}],\"inLanguage\":\"es\"},{\"@type\":\"Organization\",\"@id\":\"https:\/\/elojocojo.org\/#organization\",\"name\":\"Meigas da r\u00faa\",\"url\":\"https:\/\/elojocojo.org\/\",\"logo\":{\"@type\":\"ImageObject\",\"inLanguage\":\"es\",\"@id\":\"https:\/\/elojocojo.org\/#\/schema\/logo\/image\/\",\"url\":\"https:\/\/meigasdarua.org\/wp-content\/uploads\/2020\/09\/cropped-logo-meigas-5.png\",\"contentUrl\":\"https:\/\/meigasdarua.org\/wp-content\/uploads\/2020\/09\/cropped-logo-meigas-5.png\",\"width\":109,\"height\":200,\"caption\":\"Meigas da r\u00faa\"},\"image\":{\"@id\":\"https:\/\/elojocojo.org\/#\/schema\/logo\/image\/\"},\"sameAs\":[\"https:\/\/www.facebook.com\/elojocojo\",\"https:\/\/x.com\/elojocojo\",\"https:\/\/www.instagram.com\/elojocojo\/?hl=es\",\"https:\/\/www.linkedin.com\/in\/el-ojo-cojo-b52b7769\/\",\"https:\/\/www.pinterest.es\/elojocojo\/_saved\/\",\"https:\/\/www.youtube.com\/channel\/UCkFtFTV0Bms7zH7vq8FZxZg\"]},{\"@type\":\"Person\",\"@id\":\"https:\/\/elojocojo.org\/#\/schema\/person\/cba15985dd5da095cac31c1ff0d6e23e\",\"name\":\"cojo\",\"url\":\"https:\/\/elojocojo.org\/author\/cojo\/\"}]}<\/script>\n<!-- \/ Yoast SEO plugin. -->","yoast_head_json":{"title":"Prostituida - el ojO cojo","description":"Documental Prostituida exhibido en la edici\u00f3n 2010 del Festival el ojO cojo. Pa\u00eds de origen, Colombia. Dirigido por Frida Spiwak.","robots":{"index":"index","follow":"follow","max-snippet":"max-snippet:-1","max-image-preview":"max-image-preview:large","max-video-preview":"max-video-preview:-1"},"canonical":"https:\/\/elojocojo.org\/prostituida\/","og_locale":"es_ES","og_type":"article","og_title":"Prostituida - el ojO cojo","og_description":"Documental Prostituida exhibido en la edici\u00f3n 2010 del Festival el ojO cojo. Pa\u00eds de origen, Colombia. Dirigido por Frida Spiwak.","og_url":"https:\/\/elojocojo.org\/prostituida\/","og_site_name":"el ojO cojo","article_publisher":"https:\/\/www.facebook.com\/elojocojo","article_published_time":"2020-07-29T07:06:16+00:00","article_modified_time":"2025-09-30T16:39:28+00:00","og_image":[{"width":720,"height":480,"url":"https:\/\/elojocojo.org\/wp-content\/uploads\/2020\/07\/prostituida-1.jpg","type":"image\/jpeg"}],"author":"cojo","twitter_card":"summary_large_image","twitter_creator":"@elojocojo","twitter_site":"@elojocojo","twitter_misc":{"Escrito por":"cojo","Tiempo de lectura":"1 minuto"},"schema":{"@context":"https:\/\/schema.org","@graph":[{"@type":"Article","@id":"https:\/\/elojocojo.org\/prostituida\/#article","isPartOf":{"@id":"https:\/\/elojocojo.org\/prostituida\/"},"author":{"name":"cojo","@id":"https:\/\/elojocojo.org\/#\/schema\/person\/cba15985dd5da095cac31c1ff0d6e23e"},"headline":"Prostituida","datePublished":"2020-07-29T07:06:16+00:00","dateModified":"2025-09-30T16:39:28+00:00","mainEntityOfPage":{"@id":"https:\/\/elojocojo.org\/prostituida\/"},"wordCount":437,"publisher":{"@id":"https:\/\/elojocojo.org\/#organization"},"image":{"@id":"https:\/\/elojocojo.org\/prostituida\/#primaryimage"},"thumbnailUrl":"https:\/\/elojocojo.org\/wp-content\/uploads\/2020\/07\/prostituida-1.jpg","keywords":["2010","activismo cultural","Colombia","compromiso","convivencia","denuncia social","discriminaci\u00f3n","esclavitud","espa\u00f1ol","espa\u00b1ol","explotaci\u00f3n","festival de cine","Festival el Ojo cojo","igualdad","ingl\u00e9s","j\u00f3venes","mujer","prostituci\u00f3n","sexualidad","violencia"],"articleSection":["Documental","Festival 2010"],"inLanguage":"es"},{"@type":"WebPage","@id":"https:\/\/elojocojo.org\/prostituida\/","url":"https:\/\/elojocojo.org\/prostituida\/","name":"Prostituida - el ojO cojo","isPartOf":{"@id":"https:\/\/elojocojo.org\/#website"},"primaryImageOfPage":{"@id":"https:\/\/elojocojo.org\/prostituida\/#primaryimage"},"image":{"@id":"https:\/\/elojocojo.org\/prostituida\/#primaryimage"},"thumbnailUrl":"https:\/\/elojocojo.org\/wp-content\/uploads\/2020\/07\/prostituida-1.jpg","datePublished":"2020-07-29T07:06:16+00:00","dateModified":"2025-09-30T16:39:28+00:00","description":"Documental Prostituida exhibido en la edici\u00f3n 2010 del Festival el ojO cojo. Pa\u00eds de origen, Colombia. Dirigido por Frida Spiwak.","breadcrumb":{"@id":"https:\/\/elojocojo.org\/prostituida\/#breadcrumb"},"inLanguage":"es","potentialAction":[{"@type":"ReadAction","target":["https:\/\/elojocojo.org\/prostituida\/"]}]},{"@type":"ImageObject","inLanguage":"es","@id":"https:\/\/elojocojo.org\/prostituida\/#primaryimage","url":"https:\/\/elojocojo.org\/wp-content\/uploads\/2020\/07\/prostituida-1.jpg","contentUrl":"https:\/\/elojocojo.org\/wp-content\/uploads\/2020\/07\/prostituida-1.jpg","width":720,"height":480},{"@type":"BreadcrumbList","@id":"https:\/\/elojocojo.org\/prostituida\/#breadcrumb","itemListElement":[{"@type":"ListItem","position":1,"name":"Portada","item":"https:\/\/elojocojo.org\/"},{"@type":"ListItem","position":2,"name":"2010","item":"https:\/\/elojocojo.org\/tag\/2010\/"},{"@type":"ListItem","position":3,"name":"Prostituida"}]},{"@type":"WebSite","@id":"https:\/\/elojocojo.org\/#website","url":"https:\/\/elojocojo.org\/","name":"el ojO cojo","description":"Todos estamos hechos de la misma esencia","publisher":{"@id":"https:\/\/elojocojo.org\/#organization"},"potentialAction":[{"@type":"SearchAction","target":{"@type":"EntryPoint","urlTemplate":"https:\/\/elojocojo.org\/?s={search_term_string}"},"query-input":{"@type":"PropertyValueSpecification","valueRequired":true,"valueName":"search_term_string"}}],"inLanguage":"es"},{"@type":"Organization","@id":"https:\/\/elojocojo.org\/#organization","name":"Meigas da r\u00faa","url":"https:\/\/elojocojo.org\/","logo":{"@type":"ImageObject","inLanguage":"es","@id":"https:\/\/elojocojo.org\/#\/schema\/logo\/image\/","url":"https:\/\/meigasdarua.org\/wp-content\/uploads\/2020\/09\/cropped-logo-meigas-5.png","contentUrl":"https:\/\/meigasdarua.org\/wp-content\/uploads\/2020\/09\/cropped-logo-meigas-5.png","width":109,"height":200,"caption":"Meigas da r\u00faa"},"image":{"@id":"https:\/\/elojocojo.org\/#\/schema\/logo\/image\/"},"sameAs":["https:\/\/www.facebook.com\/elojocojo","https:\/\/x.com\/elojocojo","https:\/\/www.instagram.com\/elojocojo\/?hl=es","https:\/\/www.linkedin.com\/in\/el-ojo-cojo-b52b7769\/","https:\/\/www.pinterest.es\/elojocojo\/_saved\/","https:\/\/www.youtube.com\/channel\/UCkFtFTV0Bms7zH7vq8FZxZg"]},{"@type":"Person","@id":"https:\/\/elojocojo.org\/#\/schema\/person\/cba15985dd5da095cac31c1ff0d6e23e","name":"cojo","url":"https:\/\/elojocojo.org\/author\/cojo\/"}]}},"_links":{"self":[{"href":"https:\/\/elojocojo.org\/wp-json\/wp\/v2\/posts\/24696","targetHints":{"allow":["GET"]}}],"collection":[{"href":"https:\/\/elojocojo.org\/wp-json\/wp\/v2\/posts"}],"about":[{"href":"https:\/\/elojocojo.org\/wp-json\/wp\/v2\/types\/post"}],"author":[{"embeddable":true,"href":"https:\/\/elojocojo.org\/wp-json\/wp\/v2\/users\/11"}],"replies":[{"embeddable":true,"href":"https:\/\/elojocojo.org\/wp-json\/wp\/v2\/comments?post=24696"}],"version-history":[{"count":4,"href":"https:\/\/elojocojo.org\/wp-json\/wp\/v2\/posts\/24696\/revisions"}],"predecessor-version":[{"id":57130,"href":"https:\/\/elojocojo.org\/wp-json\/wp\/v2\/posts\/24696\/revisions\/57130"}],"wp:featuredmedia":[{"embeddable":true,"href":"https:\/\/elojocojo.org\/wp-json\/wp\/v2\/media\/24697"}],"wp:attachment":[{"href":"https:\/\/elojocojo.org\/wp-json\/wp\/v2\/media?parent=24696"}],"wp:term":[{"taxonomy":"category","embeddable":true,"href":"https:\/\/elojocojo.org\/wp-json\/wp\/v2\/categories?post=24696"},{"taxonomy":"post_tag","embeddable":true,"href":"https:\/\/elojocojo.org\/wp-json\/wp\/v2\/tags?post=24696"}],"curies":[{"name":"wp","href":"https:\/\/api.w.org\/{rel}","templated":true}]}}