{"id":24556,"date":"2020-07-27T11:33:18","date_gmt":"2020-07-27T18:33:18","guid":{"rendered":"http:\/\/www.elojocojo.org\/?p=24556"},"modified":"2025-09-17T17:37:12","modified_gmt":"2025-09-17T15:37:12","slug":"wendilali__trashed","status":"publish","type":"post","link":"https:\/\/elojocojo.org\/wendilali__trashed\/","title":{"rendered":"Wendilali"},"content":{"rendered":"\n<figure class=\"wp-block-embed is-type-video is-provider-youtube wp-block-embed-youtube wp-embed-aspect-4-3 wp-has-aspect-ratio\"><div class=\"wp-block-embed__wrapper\">\n<iframe title=\"WENDIDALI (HQ)\" width=\"1140\" height=\"855\" src=\"https:\/\/www.youtube.com\/embed\/6peirBSx8VU?feature=oembed\" frameborder=\"0\" allow=\"accelerometer; autoplay; clipboard-write; encrypted-media; gyroscope; picture-in-picture; web-share\" allowfullscreen><\/iframe>\n<\/div><\/figure>\n\n\n\n<p>T\u00cdTULO: Wendilali<br \/>T\u00cdTULO ORIGINAL: Wendilali<br \/>A\u00d1O: 2003<br \/>DIRECTOR: Diego \u00c1lvarez<br \/>G\u00c9NERO CINEMATOGR\u00c1FICO: Animaci\u00f3n, Cortometraje<br \/>DURACI\u00d3N: 4\u00b4<br \/>PA\u00cdS: Colombia<br \/>IDIOMA ORIGINAL: Castellano<br \/>PRODUCCI\u00d3N: Diego \u00c1lvarez<br \/>GUI\u00d3N: Diego \u00c1lvarez<br \/>EDICI\u00d3N\/MONTAJE: Diego Alvarez<br \/>DIRECCI\u00d3N DE FOTOGRAF\u00cdA: Carlos \u00c1lvarez<br \/>M\u00daSICA: Andr\u00e9s Santamar\u00eda <\/p>\n\n\n\n<h3 class=\"wp-block-heading\">Sinopsis: Wendilali<\/h3>\n\n\n\n<p>A trav\u00e9s de una pieza animada cautivadora, nos adentramos en los recovecos inexplorados de la mente de un individuo desequilibrado. En esta traves\u00eda visual, el protagonista emprende un desesperado intento de escapar de su confinamiento mental. Aunque la trama puede parecer surrealista, ciertamente, refleja los desaf\u00edos internos que enfrentan aquellos atrapados en sus propias luchas mentales.<\/p>\n\n\n\n<p>La animaci\u00f3n nos sumerge en un mundo donde especialmente la realidad y la fantas\u00eda se entrelazan de formas inesperadas. Especialmente, las im\u00e1genes cobran vida de manera v\u00edvida y desconcertante, como si fueran extensiones visuales de los pensamientos turbulentos del protagonista. Cada escena es una ventana a su psique, revelando su angustia y anhelo por escapar.<\/p>\n\n\n\n<p>A medida que la narrativa se desarrolla, entonces, observamos c\u00f3mo el protagonista toma medidas decisivas para liberarse de las cadenas de su mente. Despu\u00e9s, mientras navega por un laberinto de sue\u00f1os y pesadillas, enfrenta obst\u00e1culos que personifican sus propias inseguridades y miedos. Igualmente, estos desaf\u00edos surrealistas simbolizan la lucha interna que todos enfrentamos en alg\u00fan grado.<\/p>\n\n\n\n<p>Eventualmente, a medida que el protagonista se sumerge m\u00e1s en su viaje, vislumbra momentos de claridad y comprensi\u00f3n. Aunque las piezas de su mente puedan estar fracturadas, generalmente, la resiliencia humana busca la unidad y la sanaci\u00f3n. adem\u00e1s a medida que avanza, se da cuenta de que el camino hacia la liberaci\u00f3n se encuentra en abrazar su propia complejidad.<\/p>\n\n\n\n<p>Finalmente, la pieza animada llega a su cl\u00edmax, m\u00e1s que un simple escape f\u00edsico, es un logro interno.<\/p>\n\n\n\n<p>Palmar\u00e9s:<br \/>Sundance 2003- Selecci\u00f3n oficial<br \/>BitFilm Festival 2003- Selecci\u00f3n oficial<\/p>\n\n\n\n<p><em>Wendilali <\/em>particip\u00f3 en la edici\u00f3n<em> <a href=\"https:\/\/elojocojo.org\/category\/festival-2005\/\">2005 <\/a><\/em>del Festival de cine <a href=\"https:\/\/elojocojo.org\/\">El Ojo Cojo<\/a><\/p>\n\n\n\n<p><strong><a href=\"https:\/\/el-ojocojo.blogspot.com\/\">Visita nuestro blog<\/a><\/strong> <\/p>\n","protected":false},"excerpt":{"rendered":"<p>T\u00cdTULO: WendilaliT\u00cdTULO ORIGINAL: WendilaliA\u00d1O: 2003DIRECTOR: Diego \u00c1lvarezG\u00c9NERO CINEMATOGR\u00c1FICO: Animaci\u00f3n, CortometrajeDURACI\u00d3N: 4\u00b4PA\u00cdS: ColombiaIDIOMA ORIGINAL: CastellanoPRODUCCI\u00d3N: Diego \u00c1lvarezGUI\u00d3N: Diego \u00c1lvarezEDICI\u00d3N\/MONTAJE: Diego AlvarezDIRECCI\u00d3N DE FOTOGRAF\u00cdA: Carlos \u00c1lvarezM\u00daSICA: Andr\u00e9s Santamar\u00eda Sinopsis: Wendilali A trav\u00e9s de una pieza animada cautivadora, nos adentramos en los recovecos inexplorados de la mente de un individuo desequilibrado. En esta traves\u00eda visual, el protagonista emprende [&hellip;]<\/p>\n","protected":false},"author":11,"featured_media":24557,"comment_status":"closed","ping_status":"closed","sticky":false,"template":"","format":"standard","meta":{"_monsterinsights_skip_tracking":false,"_monsterinsights_sitenote_active":false,"_monsterinsights_sitenote_note":"","_monsterinsights_sitenote_category":0,"footnotes":""},"categories":[32,1460,429],"tags":[1930,1833,1893,2119,1981,1632,1128,1896],"class_list":{"0":"post-24556","1":"post","2":"type-post","3":"status-publish","4":"format-standard","5":"has-post-thumbnail","7":"category-animacion","8":"category-cortometraje","9":"category-festival-2005","10":"tag-1930","11":"tag-animacion","12":"tag-educar-en-valores","13":"tag-espanol","14":"tag-festival-de-cine","15":"tag-imaginacion","16":"tag-salud-y-bienestar","17":"tag-videoteca","18":"czr-hentry"},"yoast_head":"<!-- This site is optimized with the Yoast SEO plugin v27.1.1 - https:\/\/yoast.com\/product\/yoast-seo-wordpress\/ -->\n<title>Wendilali - el ojO cojo<\/title>\n<meta name=\"description\" content=\"Wendilali.El cortometraje Pieza animada que explora los rincones surreales de la mente de un desequilibrado mental.\" \/>\n<meta name=\"robots\" content=\"index, follow, max-snippet:-1, max-image-preview:large, max-video-preview:-1\" \/>\n<link rel=\"canonical\" href=\"https:\/\/elojocojo.org\/wendilali__trashed\/\" \/>\n<meta property=\"og:locale\" content=\"es_ES\" \/>\n<meta property=\"og:type\" content=\"article\" \/>\n<meta property=\"og:title\" content=\"Wendilali - el ojO cojo\" \/>\n<meta property=\"og:description\" content=\"Wendilali.El cortometraje Pieza animada que explora los rincones surreales de la mente de un desequilibrado mental.\" \/>\n<meta property=\"og:url\" content=\"https:\/\/elojocojo.org\/wendilali__trashed\/\" \/>\n<meta property=\"og:site_name\" content=\"el ojO cojo\" \/>\n<meta property=\"article:publisher\" content=\"https:\/\/www.facebook.com\/elojocojo\" \/>\n<meta property=\"article:published_time\" content=\"2020-07-27T18:33:18+00:00\" \/>\n<meta property=\"article:modified_time\" content=\"2025-09-17T15:37:12+00:00\" \/>\n<meta property=\"og:image\" content=\"https:\/\/elojocojo.org\/wp-content\/uploads\/2020\/07\/wendidali.jpg\" \/>\n\t<meta property=\"og:image:width\" content=\"400\" \/>\n\t<meta property=\"og:image:height\" content=\"267\" \/>\n\t<meta property=\"og:image:type\" content=\"image\/jpeg\" \/>\n<meta name=\"author\" content=\"cojo\" \/>\n<meta name=\"twitter:card\" content=\"summary_large_image\" \/>\n<meta name=\"twitter:creator\" content=\"@elojocojo\" \/>\n<meta name=\"twitter:site\" content=\"@elojocojo\" \/>\n<meta name=\"twitter:label1\" content=\"Escrito por\" \/>\n\t<meta name=\"twitter:data1\" content=\"cojo\" \/>\n\t<meta name=\"twitter:label2\" content=\"Tiempo de lectura\" \/>\n\t<meta name=\"twitter:data2\" content=\"1 minuto\" \/>\n<script type=\"application\/ld+json\" class=\"yoast-schema-graph\">{\"@context\":\"https:\/\/schema.org\",\"@graph\":[{\"@type\":\"Article\",\"@id\":\"https:\/\/elojocojo.org\/wendilali__trashed\/#article\",\"isPartOf\":{\"@id\":\"https:\/\/elojocojo.org\/wendilali__trashed\/\"},\"author\":{\"name\":\"cojo\",\"@id\":\"https:\/\/elojocojo.org\/#\/schema\/person\/cba15985dd5da095cac31c1ff0d6e23e\"},\"headline\":\"Wendilali\",\"datePublished\":\"2020-07-27T18:33:18+00:00\",\"dateModified\":\"2025-09-17T15:37:12+00:00\",\"mainEntityOfPage\":{\"@id\":\"https:\/\/elojocojo.org\/wendilali__trashed\/\"},\"wordCount\":347,\"publisher\":{\"@id\":\"https:\/\/elojocojo.org\/#organization\"},\"image\":{\"@id\":\"https:\/\/elojocojo.org\/wendilali__trashed\/#primaryimage\"},\"thumbnailUrl\":\"https:\/\/elojocojo.org\/wp-content\/uploads\/2020\/07\/wendidali.jpg\",\"keywords\":[\"2003\",\"animaci\u00f3n\",\"educar en valores\",\"espa\u00f1ol\",\"festival de cine\",\"imaginaci\u00f3n\",\"Salud y bienestar\",\"Videoteca\"],\"articleSection\":[\"Animaci\u00f3n\",\"Cortometraje\",\"Festival 2005\"],\"inLanguage\":\"es\"},{\"@type\":\"WebPage\",\"@id\":\"https:\/\/elojocojo.org\/wendilali__trashed\/\",\"url\":\"https:\/\/elojocojo.org\/wendilali__trashed\/\",\"name\":\"Wendilali - el ojO cojo\",\"isPartOf\":{\"@id\":\"https:\/\/elojocojo.org\/#website\"},\"primaryImageOfPage\":{\"@id\":\"https:\/\/elojocojo.org\/wendilali__trashed\/#primaryimage\"},\"image\":{\"@id\":\"https:\/\/elojocojo.org\/wendilali__trashed\/#primaryimage\"},\"thumbnailUrl\":\"https:\/\/elojocojo.org\/wp-content\/uploads\/2020\/07\/wendidali.jpg\",\"datePublished\":\"2020-07-27T18:33:18+00:00\",\"dateModified\":\"2025-09-17T15:37:12+00:00\",\"description\":\"Wendilali.El cortometraje Pieza animada que explora los rincones surreales de la mente de un desequilibrado mental.\",\"breadcrumb\":{\"@id\":\"https:\/\/elojocojo.org\/wendilali__trashed\/#breadcrumb\"},\"inLanguage\":\"es\",\"potentialAction\":[{\"@type\":\"ReadAction\",\"target\":[\"https:\/\/elojocojo.org\/wendilali__trashed\/\"]}]},{\"@type\":\"ImageObject\",\"inLanguage\":\"es\",\"@id\":\"https:\/\/elojocojo.org\/wendilali__trashed\/#primaryimage\",\"url\":\"https:\/\/elojocojo.org\/wp-content\/uploads\/2020\/07\/wendidali.jpg\",\"contentUrl\":\"https:\/\/elojocojo.org\/wp-content\/uploads\/2020\/07\/wendidali.jpg\",\"width\":400,\"height\":267,\"caption\":\"Wendilali\"},{\"@type\":\"BreadcrumbList\",\"@id\":\"https:\/\/elojocojo.org\/wendilali__trashed\/#breadcrumb\",\"itemListElement\":[{\"@type\":\"ListItem\",\"position\":1,\"name\":\"Portada\",\"item\":\"https:\/\/elojocojo.org\/\"},{\"@type\":\"ListItem\",\"position\":2,\"name\":\"2003\",\"item\":\"https:\/\/elojocojo.org\/tag\/2003\/\"},{\"@type\":\"ListItem\",\"position\":3,\"name\":\"Wendilali\"}]},{\"@type\":\"WebSite\",\"@id\":\"https:\/\/elojocojo.org\/#website\",\"url\":\"https:\/\/elojocojo.org\/\",\"name\":\"el ojO cojo\",\"description\":\"Todos estamos hechos de la misma esencia\",\"publisher\":{\"@id\":\"https:\/\/elojocojo.org\/#organization\"},\"potentialAction\":[{\"@type\":\"SearchAction\",\"target\":{\"@type\":\"EntryPoint\",\"urlTemplate\":\"https:\/\/elojocojo.org\/?s={search_term_string}\"},\"query-input\":{\"@type\":\"PropertyValueSpecification\",\"valueRequired\":true,\"valueName\":\"search_term_string\"}}],\"inLanguage\":\"es\"},{\"@type\":\"Organization\",\"@id\":\"https:\/\/elojocojo.org\/#organization\",\"name\":\"Meigas da r\u00faa\",\"url\":\"https:\/\/elojocojo.org\/\",\"logo\":{\"@type\":\"ImageObject\",\"inLanguage\":\"es\",\"@id\":\"https:\/\/elojocojo.org\/#\/schema\/logo\/image\/\",\"url\":\"https:\/\/meigasdarua.org\/wp-content\/uploads\/2020\/09\/cropped-logo-meigas-5.png\",\"contentUrl\":\"https:\/\/meigasdarua.org\/wp-content\/uploads\/2020\/09\/cropped-logo-meigas-5.png\",\"width\":109,\"height\":200,\"caption\":\"Meigas da r\u00faa\"},\"image\":{\"@id\":\"https:\/\/elojocojo.org\/#\/schema\/logo\/image\/\"},\"sameAs\":[\"https:\/\/www.facebook.com\/elojocojo\",\"https:\/\/x.com\/elojocojo\",\"https:\/\/www.instagram.com\/elojocojo\/?hl=es\",\"https:\/\/www.linkedin.com\/in\/el-ojo-cojo-b52b7769\/\",\"https:\/\/www.pinterest.es\/elojocojo\/_saved\/\",\"https:\/\/www.youtube.com\/channel\/UCkFtFTV0Bms7zH7vq8FZxZg\"]},{\"@type\":\"Person\",\"@id\":\"https:\/\/elojocojo.org\/#\/schema\/person\/cba15985dd5da095cac31c1ff0d6e23e\",\"name\":\"cojo\",\"url\":\"https:\/\/elojocojo.org\/author\/cojo\/\"}]}<\/script>\n<!-- \/ Yoast SEO plugin. -->","yoast_head_json":{"title":"Wendilali - el ojO cojo","description":"Wendilali.El cortometraje Pieza animada que explora los rincones surreales de la mente de un desequilibrado mental.","robots":{"index":"index","follow":"follow","max-snippet":"max-snippet:-1","max-image-preview":"max-image-preview:large","max-video-preview":"max-video-preview:-1"},"canonical":"https:\/\/elojocojo.org\/wendilali__trashed\/","og_locale":"es_ES","og_type":"article","og_title":"Wendilali - el ojO cojo","og_description":"Wendilali.El cortometraje Pieza animada que explora los rincones surreales de la mente de un desequilibrado mental.","og_url":"https:\/\/elojocojo.org\/wendilali__trashed\/","og_site_name":"el ojO cojo","article_publisher":"https:\/\/www.facebook.com\/elojocojo","article_published_time":"2020-07-27T18:33:18+00:00","article_modified_time":"2025-09-17T15:37:12+00:00","og_image":[{"width":400,"height":267,"url":"https:\/\/elojocojo.org\/wp-content\/uploads\/2020\/07\/wendidali.jpg","type":"image\/jpeg"}],"author":"cojo","twitter_card":"summary_large_image","twitter_creator":"@elojocojo","twitter_site":"@elojocojo","twitter_misc":{"Escrito por":"cojo","Tiempo de lectura":"1 minuto"},"schema":{"@context":"https:\/\/schema.org","@graph":[{"@type":"Article","@id":"https:\/\/elojocojo.org\/wendilali__trashed\/#article","isPartOf":{"@id":"https:\/\/elojocojo.org\/wendilali__trashed\/"},"author":{"name":"cojo","@id":"https:\/\/elojocojo.org\/#\/schema\/person\/cba15985dd5da095cac31c1ff0d6e23e"},"headline":"Wendilali","datePublished":"2020-07-27T18:33:18+00:00","dateModified":"2025-09-17T15:37:12+00:00","mainEntityOfPage":{"@id":"https:\/\/elojocojo.org\/wendilali__trashed\/"},"wordCount":347,"publisher":{"@id":"https:\/\/elojocojo.org\/#organization"},"image":{"@id":"https:\/\/elojocojo.org\/wendilali__trashed\/#primaryimage"},"thumbnailUrl":"https:\/\/elojocojo.org\/wp-content\/uploads\/2020\/07\/wendidali.jpg","keywords":["2003","animaci\u00f3n","educar en valores","espa\u00f1ol","festival de cine","imaginaci\u00f3n","Salud y bienestar","Videoteca"],"articleSection":["Animaci\u00f3n","Cortometraje","Festival 2005"],"inLanguage":"es"},{"@type":"WebPage","@id":"https:\/\/elojocojo.org\/wendilali__trashed\/","url":"https:\/\/elojocojo.org\/wendilali__trashed\/","name":"Wendilali - el ojO cojo","isPartOf":{"@id":"https:\/\/elojocojo.org\/#website"},"primaryImageOfPage":{"@id":"https:\/\/elojocojo.org\/wendilali__trashed\/#primaryimage"},"image":{"@id":"https:\/\/elojocojo.org\/wendilali__trashed\/#primaryimage"},"thumbnailUrl":"https:\/\/elojocojo.org\/wp-content\/uploads\/2020\/07\/wendidali.jpg","datePublished":"2020-07-27T18:33:18+00:00","dateModified":"2025-09-17T15:37:12+00:00","description":"Wendilali.El cortometraje Pieza animada que explora los rincones surreales de la mente de un desequilibrado mental.","breadcrumb":{"@id":"https:\/\/elojocojo.org\/wendilali__trashed\/#breadcrumb"},"inLanguage":"es","potentialAction":[{"@type":"ReadAction","target":["https:\/\/elojocojo.org\/wendilali__trashed\/"]}]},{"@type":"ImageObject","inLanguage":"es","@id":"https:\/\/elojocojo.org\/wendilali__trashed\/#primaryimage","url":"https:\/\/elojocojo.org\/wp-content\/uploads\/2020\/07\/wendidali.jpg","contentUrl":"https:\/\/elojocojo.org\/wp-content\/uploads\/2020\/07\/wendidali.jpg","width":400,"height":267,"caption":"Wendilali"},{"@type":"BreadcrumbList","@id":"https:\/\/elojocojo.org\/wendilali__trashed\/#breadcrumb","itemListElement":[{"@type":"ListItem","position":1,"name":"Portada","item":"https:\/\/elojocojo.org\/"},{"@type":"ListItem","position":2,"name":"2003","item":"https:\/\/elojocojo.org\/tag\/2003\/"},{"@type":"ListItem","position":3,"name":"Wendilali"}]},{"@type":"WebSite","@id":"https:\/\/elojocojo.org\/#website","url":"https:\/\/elojocojo.org\/","name":"el ojO cojo","description":"Todos estamos hechos de la misma esencia","publisher":{"@id":"https:\/\/elojocojo.org\/#organization"},"potentialAction":[{"@type":"SearchAction","target":{"@type":"EntryPoint","urlTemplate":"https:\/\/elojocojo.org\/?s={search_term_string}"},"query-input":{"@type":"PropertyValueSpecification","valueRequired":true,"valueName":"search_term_string"}}],"inLanguage":"es"},{"@type":"Organization","@id":"https:\/\/elojocojo.org\/#organization","name":"Meigas da r\u00faa","url":"https:\/\/elojocojo.org\/","logo":{"@type":"ImageObject","inLanguage":"es","@id":"https:\/\/elojocojo.org\/#\/schema\/logo\/image\/","url":"https:\/\/meigasdarua.org\/wp-content\/uploads\/2020\/09\/cropped-logo-meigas-5.png","contentUrl":"https:\/\/meigasdarua.org\/wp-content\/uploads\/2020\/09\/cropped-logo-meigas-5.png","width":109,"height":200,"caption":"Meigas da r\u00faa"},"image":{"@id":"https:\/\/elojocojo.org\/#\/schema\/logo\/image\/"},"sameAs":["https:\/\/www.facebook.com\/elojocojo","https:\/\/x.com\/elojocojo","https:\/\/www.instagram.com\/elojocojo\/?hl=es","https:\/\/www.linkedin.com\/in\/el-ojo-cojo-b52b7769\/","https:\/\/www.pinterest.es\/elojocojo\/_saved\/","https:\/\/www.youtube.com\/channel\/UCkFtFTV0Bms7zH7vq8FZxZg"]},{"@type":"Person","@id":"https:\/\/elojocojo.org\/#\/schema\/person\/cba15985dd5da095cac31c1ff0d6e23e","name":"cojo","url":"https:\/\/elojocojo.org\/author\/cojo\/"}]}},"_links":{"self":[{"href":"https:\/\/elojocojo.org\/wp-json\/wp\/v2\/posts\/24556","targetHints":{"allow":["GET"]}}],"collection":[{"href":"https:\/\/elojocojo.org\/wp-json\/wp\/v2\/posts"}],"about":[{"href":"https:\/\/elojocojo.org\/wp-json\/wp\/v2\/types\/post"}],"author":[{"embeddable":true,"href":"https:\/\/elojocojo.org\/wp-json\/wp\/v2\/users\/11"}],"replies":[{"embeddable":true,"href":"https:\/\/elojocojo.org\/wp-json\/wp\/v2\/comments?post=24556"}],"version-history":[{"count":4,"href":"https:\/\/elojocojo.org\/wp-json\/wp\/v2\/posts\/24556\/revisions"}],"predecessor-version":[{"id":72104,"href":"https:\/\/elojocojo.org\/wp-json\/wp\/v2\/posts\/24556\/revisions\/72104"}],"wp:featuredmedia":[{"embeddable":true,"href":"https:\/\/elojocojo.org\/wp-json\/wp\/v2\/media\/24557"}],"wp:attachment":[{"href":"https:\/\/elojocojo.org\/wp-json\/wp\/v2\/media?parent=24556"}],"wp:term":[{"taxonomy":"category","embeddable":true,"href":"https:\/\/elojocojo.org\/wp-json\/wp\/v2\/categories?post=24556"},{"taxonomy":"post_tag","embeddable":true,"href":"https:\/\/elojocojo.org\/wp-json\/wp\/v2\/tags?post=24556"}],"curies":[{"name":"wp","href":"https:\/\/api.w.org\/{rel}","templated":true}]}}