{"id":24456,"date":"2020-07-26T23:10:50","date_gmt":"2020-07-27T06:10:50","guid":{"rendered":"http:\/\/www.elojocojo.org\/?p=24456"},"modified":"2025-09-30T18:41:04","modified_gmt":"2025-09-30T16:41:04","slug":"la-cena","status":"publish","type":"post","link":"https:\/\/elojocojo.org\/la-cena\/","title":{"rendered":"La cena"},"content":{"rendered":"\n<figure class=\"wp-block-embed is-type-video is-provider-youtube wp-block-embed-youtube wp-embed-aspect-4-3 wp-has-aspect-ratio\"><div class=\"wp-block-embed__wrapper\">\n<iframe title=\"La Cena. TeleSUR &quot;Sala A&quot; FICG 2009\" width=\"1140\" height=\"855\" src=\"https:\/\/www.youtube.com\/embed\/jCXYBkXEWH0?feature=oembed\" frameborder=\"0\" allow=\"accelerometer; autoplay; clipboard-write; encrypted-media; gyroscope; picture-in-picture; web-share\" referrerpolicy=\"strict-origin-when-cross-origin\" allowfullscreen><\/iframe>\n<\/div><\/figure>\n\n\n\n<p>T\u00edtulo: La Cena<\/p>\n\n\n\n<p>T\u00edtulo original: La Cena<\/p>\n\n\n\n<p>A\u00f1o: 2009<\/p>\n\n\n\n<p>Director: Gil Gonz\u00e1lez Penilla<\/p>\n\n\n\n<p>G\u00e9nero cinematogr\u00e1fico: Ficci\u00f3n<\/p>\n\n\n\n<p>Duraci\u00f3n: 10\u2019<\/p>\n\n\n\n<p>Pa\u00eds: M\u00e9xico<\/p>\n\n\n\n<p>Formato original: HDV<\/p>\n\n\n\n<p>Tipo: Color<\/p>\n\n\n\n<p>Idioma original: Espa\u00f1ol<\/p>\n\n\n\n<p>Subt\u00edtulos: Ingl\u00e9s<\/p>\n\n\n\n<p>Int\u00e9rpretes: Arcelia Ram\u00edrez, Jorge Z\u00e1rate<\/p>\n\n\n\n<p>Producci\u00f3n: Centro de Capacitaci\u00f3n Cinematogr\u00e1fica, Juan Pablo Ram\u00edrez<\/p>\n\n\n\n<p>Guion: Gil Gonz\u00e1lez Penilla<\/p>\n\n\n\n<p>Edici\u00f3n \/ Montaje: Gil Gonz\u00e1lez Penilla<\/p>\n\n\n\n<p>Direcci\u00f3n de fotograf\u00eda: Abraham L\u00f3pez<\/p>\n\n\n\n<p>Sonido: Ra\u00fal Sanabria<\/p>\n\n\n\n<h2 class=\"wp-block-heading\">Sinopsis<\/h2>\n\n\n\n<h3 class=\"wp-block-heading\"><strong>La Cena: tensi\u00f3n y secretos en un hogar<\/strong><\/h3>\n\n\n\n<p>En <em>La Cena<\/em>, Ang\u00e9lica y Roberto se preparan cuidadosamente para una noche especial: su hijo Juan regresa del extranjero. No obstante, desde los primeros minutos, se percibe una atm\u00f3sfera tensa y contenida. Aunque todo parece fluir con normalidad, los padres ocultan una verdad dolorosa que terminar\u00e1 marcando la velada. Por ello, el espectador intuye que lo importante no es lo que se dice, sino lo que se calla.<\/p>\n\n\n\n<h3 class=\"wp-block-heading\"><strong>La llegada de Juan y la inquietud silenciosa<\/strong><\/h3>\n\n\n\n<p>Cuando Juan cruza la puerta, la alegr\u00eda inicial pronto se ve enturbiada por un detalle: pregunta por su perro. En consecuencia, Ang\u00e9lica y Roberto se esfuerzan por desviar la conversaci\u00f3n, intentando prolongar un enga\u00f1o que ya les pesa. Asimismo, el comportamiento evasivo de ambos incrementa la inquietud, generando una tensi\u00f3n que se traslada al espectador.<\/p>\n\n\n\n<h3 class=\"wp-block-heading\"><strong>La verdad que no se puede ocultar<\/strong><\/h3>\n\n\n\n<p>A pesar de sus intentos, la verdad es inevitable. Finalmente, Juan descubre que su perro ha muerto durante su ausencia. Aunque la revelaci\u00f3n es devastadora, tambi\u00e9n representa un punto de inflexi\u00f3n emocional. De hecho, el silencio sostenido hasta ese momento amplifica el dolor y convierte la p\u00e9rdida en un hecho compartido.<\/p>\n\n\n\n<h3 class=\"wp-block-heading\"><strong>El duelo \u00edntimo y familiar<\/strong><\/h3>\n\n\n\n<p>Por otra parte, el cortometraje no se centra solo en la tristeza, sino tambi\u00e9n en la manera en que las personas enfrentan el duelo. Gracias a una direcci\u00f3n contenida, la emoci\u00f3n se transmite sin exageraciones. Adem\u00e1s, el guion resalta la importancia de los v\u00ednculos familiares frente al dolor.<\/p>\n\n\n\n<h3 class=\"wp-block-heading\"><strong>Una historia sencilla pero conmovedora<\/strong><\/h3>\n\n\n\n<p>En resumen, <em>La Cena<\/em> transforma un hecho cotidiano en un retrato sensible sobre el amor, la p\u00e9rdida y el silencio. Por eso, su impacto emocional trasciende el tiempo que dura su metraje.<br \/><\/p>\n\n\n\n<h2 class=\"wp-block-heading\">Palmar\u00e9s<\/h2>\n\n\n\n<p>2009<\/p>\n\n\n\n<p>Festival Internacional de Cortometrajes de M\u00e9xico<\/p>\n\n\n\n<ul class=\"wp-block-list\">\n<li>Premio al Mejor Cortometraje Mexicano<\/li>\n<\/ul>\n\n\n\n<p>2010<\/p>\n\n\n\n<p>Festival Internacional de Cine en Cartagena de Indias<\/p>\n\n\n\n<ul class=\"wp-block-list\">\n<li>Premio Especial del Jurado<\/li>\n<\/ul>\n\n\n<div class=\"wp-block-image\">\n<figure class=\"aligncenter size-large\"><img decoding=\"async\" width=\"620\" height=\"341\" src=\"https:\/\/elojocojo.org\/wp-content\/uploads\/2020\/07\/la-cena-fotograma-620x341.jpg\" alt=\"Mujer con un vestido negro con detalles blancos en el cuello mirando con expresi\u00f3n de sorpresa desde el umbral de una cocina.\" class=\"wp-image-68103\" srcset=\"https:\/\/elojocojo.org\/wp-content\/uploads\/2020\/07\/la-cena-fotograma-620x341.jpg 620w, https:\/\/elojocojo.org\/wp-content\/uploads\/2020\/07\/la-cena-fotograma-400x220.jpg 400w, https:\/\/elojocojo.org\/wp-content\/uploads\/2020\/07\/la-cena-fotograma-300x165.jpg 300w, https:\/\/elojocojo.org\/wp-content\/uploads\/2020\/07\/la-cena-fotograma-768x422.jpg 768w, https:\/\/elojocojo.org\/wp-content\/uploads\/2020\/07\/la-cena-fotograma-150x82.jpg 150w, https:\/\/elojocojo.org\/wp-content\/uploads\/2020\/07\/la-cena-fotograma.jpg 1280w\" sizes=\"(max-width: 620px) 100vw, 620px\" \/><\/figure>\n<\/div>\n\n\n<p class=\"has-text-align-left\">El filme \u00ab<em>La Cena<\/em>\u00bb particip\u00f3 en la edici\u00f3n <strong><a href=\"https:\/\/elojocojo.org\/category\/festival-2010\/\">2010<\/a> <\/strong>del <a href=\"https:\/\/elojocojo.org\/bienvenida\/festivalelojocojo\/festival-2010\/\"><strong>Festival de cine el ojO cojo<\/strong> <\/a>en ese sentido nos sentimos honrados de haberla exhibido.<\/p>\n\n\n\n<p>Visita nuestro <a href=\"https:\/\/el-ojocojo.blogspot.com\/\">blog<\/a>.<\/p>\n\n\n\n<p><\/p>\n","protected":false},"excerpt":{"rendered":"<p>La Cena, es un cortometraje que aborda las tensiones y conflictos que emergen durante una cena familiar, revelando secretos y emociones ocultas que afectan las relaciones entre sus miembros. Dirigida por Gil Gonz\u00e1lez Penilla<\/p>\n","protected":false},"author":11,"featured_media":24457,"comment_status":"closed","ping_status":"closed","sticky":false,"template":"","format":"standard","meta":{"_monsterinsights_skip_tracking":false,"_monsterinsights_sitenote_active":false,"_monsterinsights_sitenote_note":"","_monsterinsights_sitenote_category":0,"footnotes":""},"categories":[1460,991,3,30],"tags":[1996,112,962,62,1737,1603,2119,2391,15,1981,1982,1628,2118,423],"class_list":{"0":"post-24456","1":"post","2":"type-post","3":"status-publish","4":"format-standard","5":"has-post-thumbnail","7":"category-cortometraje","8":"category-drama","9":"category-festival-2010","10":"category-ficcion","11":"tag-1996","12":"tag-amor","13":"tag-amor-filial","14":"tag-convivencia","15":"tag-drama","16":"tag-duelo","17":"tag-espanol","18":"tag-espaol","19":"tag-familia","20":"tag-festival-de-cine","21":"tag-festival-el-ojo-cojo","22":"tag-ficcion","23":"tag-ingles","24":"tag-mexico","25":"czr-hentry"},"yoast_head":"<!-- This site is optimized with the Yoast SEO plugin v27.1.1 - https:\/\/yoast.com\/product\/yoast-seo-wordpress\/ -->\n<title>La cena - el ojO cojo<\/title>\n<meta name=\"description\" content=\"Cortometraje La cena exhibido en la edici\u00f3n 2010 del Festival el ojO cojo. Pa\u00eds de origen, M\u00e9xico. Dirigido por Gil Gonz\u00e1lez Penilla.\" \/>\n<meta name=\"robots\" content=\"index, follow, max-snippet:-1, max-image-preview:large, max-video-preview:-1\" \/>\n<link rel=\"canonical\" href=\"https:\/\/elojocojo.org\/la-cena\/\" \/>\n<meta property=\"og:locale\" content=\"es_ES\" \/>\n<meta property=\"og:type\" content=\"article\" \/>\n<meta property=\"og:title\" content=\"La cena - el ojO cojo\" \/>\n<meta property=\"og:description\" content=\"Cortometraje La cena exhibido en la edici\u00f3n 2010 del Festival el ojO cojo. Pa\u00eds de origen, M\u00e9xico. Dirigido por Gil Gonz\u00e1lez Penilla.\" \/>\n<meta property=\"og:url\" content=\"https:\/\/elojocojo.org\/la-cena\/\" \/>\n<meta property=\"og:site_name\" content=\"el ojO cojo\" \/>\n<meta property=\"article:publisher\" content=\"https:\/\/www.facebook.com\/elojocojo\" \/>\n<meta property=\"article:published_time\" content=\"2020-07-27T06:10:50+00:00\" \/>\n<meta property=\"article:modified_time\" content=\"2025-09-30T16:41:04+00:00\" \/>\n<meta property=\"og:image\" content=\"https:\/\/elojocojo.org\/wp-content\/uploads\/2020\/07\/La-cena.jpg\" \/>\n\t<meta property=\"og:image:width\" content=\"600\" \/>\n\t<meta property=\"og:image:height\" content=\"480\" \/>\n\t<meta property=\"og:image:type\" content=\"image\/jpeg\" \/>\n<meta name=\"author\" content=\"cojo\" \/>\n<meta name=\"twitter:card\" content=\"summary_large_image\" \/>\n<meta name=\"twitter:creator\" content=\"@elojocojo\" \/>\n<meta name=\"twitter:site\" content=\"@elojocojo\" \/>\n<meta name=\"twitter:label1\" content=\"Escrito por\" \/>\n\t<meta name=\"twitter:data1\" content=\"cojo\" \/>\n\t<meta name=\"twitter:label2\" content=\"Tiempo de lectura\" \/>\n\t<meta name=\"twitter:data2\" content=\"1 minuto\" \/>\n<script type=\"application\/ld+json\" class=\"yoast-schema-graph\">{\"@context\":\"https:\/\/schema.org\",\"@graph\":[{\"@type\":\"Article\",\"@id\":\"https:\/\/elojocojo.org\/la-cena\/#article\",\"isPartOf\":{\"@id\":\"https:\/\/elojocojo.org\/la-cena\/\"},\"author\":{\"name\":\"cojo\",\"@id\":\"https:\/\/elojocojo.org\/#\/schema\/person\/cba15985dd5da095cac31c1ff0d6e23e\"},\"headline\":\"La cena\",\"datePublished\":\"2020-07-27T06:10:50+00:00\",\"dateModified\":\"2025-09-30T16:41:04+00:00\",\"mainEntityOfPage\":{\"@id\":\"https:\/\/elojocojo.org\/la-cena\/\"},\"wordCount\":454,\"publisher\":{\"@id\":\"https:\/\/elojocojo.org\/#organization\"},\"image\":{\"@id\":\"https:\/\/elojocojo.org\/la-cena\/#primaryimage\"},\"thumbnailUrl\":\"https:\/\/elojocojo.org\/wp-content\/uploads\/2020\/07\/La-cena.jpg\",\"keywords\":[\"2010\",\"amor\",\"amor filial\",\"convivencia\",\"drama\",\"duelo\",\"espa\u00f1ol\",\"espa\u00b1ol\",\"familia\",\"festival de cine\",\"Festival el Ojo cojo\",\"ficci\u00f3n\",\"ingl\u00e9s\",\"M\u00e9xico\"],\"articleSection\":[\"Cortometraje\",\"Drama\",\"Festival 2010\",\"Ficci\u00f3n\"],\"inLanguage\":\"es\"},{\"@type\":\"WebPage\",\"@id\":\"https:\/\/elojocojo.org\/la-cena\/\",\"url\":\"https:\/\/elojocojo.org\/la-cena\/\",\"name\":\"La cena - el ojO cojo\",\"isPartOf\":{\"@id\":\"https:\/\/elojocojo.org\/#website\"},\"primaryImageOfPage\":{\"@id\":\"https:\/\/elojocojo.org\/la-cena\/#primaryimage\"},\"image\":{\"@id\":\"https:\/\/elojocojo.org\/la-cena\/#primaryimage\"},\"thumbnailUrl\":\"https:\/\/elojocojo.org\/wp-content\/uploads\/2020\/07\/La-cena.jpg\",\"datePublished\":\"2020-07-27T06:10:50+00:00\",\"dateModified\":\"2025-09-30T16:41:04+00:00\",\"description\":\"Cortometraje La cena exhibido en la edici\u00f3n 2010 del Festival el ojO cojo. Pa\u00eds de origen, M\u00e9xico. Dirigido por Gil Gonz\u00e1lez Penilla.\",\"breadcrumb\":{\"@id\":\"https:\/\/elojocojo.org\/la-cena\/#breadcrumb\"},\"inLanguage\":\"es\",\"potentialAction\":[{\"@type\":\"ReadAction\",\"target\":[\"https:\/\/elojocojo.org\/la-cena\/\"]}]},{\"@type\":\"ImageObject\",\"inLanguage\":\"es\",\"@id\":\"https:\/\/elojocojo.org\/la-cena\/#primaryimage\",\"url\":\"https:\/\/elojocojo.org\/wp-content\/uploads\/2020\/07\/La-cena.jpg\",\"contentUrl\":\"https:\/\/elojocojo.org\/wp-content\/uploads\/2020\/07\/La-cena.jpg\",\"width\":600,\"height\":480,\"caption\":\"Tres personas, una mujer, un hombre joven y un hombre adulto, posan con un perro Xoloitzcuintle en brazos del hombre joven.\"},{\"@type\":\"BreadcrumbList\",\"@id\":\"https:\/\/elojocojo.org\/la-cena\/#breadcrumb\",\"itemListElement\":[{\"@type\":\"ListItem\",\"position\":1,\"name\":\"Portada\",\"item\":\"https:\/\/elojocojo.org\/\"},{\"@type\":\"ListItem\",\"position\":2,\"name\":\"2010\",\"item\":\"https:\/\/elojocojo.org\/tag\/2010\/\"},{\"@type\":\"ListItem\",\"position\":3,\"name\":\"La cena\"}]},{\"@type\":\"WebSite\",\"@id\":\"https:\/\/elojocojo.org\/#website\",\"url\":\"https:\/\/elojocojo.org\/\",\"name\":\"el ojO cojo\",\"description\":\"Todos estamos hechos de la misma esencia\",\"publisher\":{\"@id\":\"https:\/\/elojocojo.org\/#organization\"},\"potentialAction\":[{\"@type\":\"SearchAction\",\"target\":{\"@type\":\"EntryPoint\",\"urlTemplate\":\"https:\/\/elojocojo.org\/?s={search_term_string}\"},\"query-input\":{\"@type\":\"PropertyValueSpecification\",\"valueRequired\":true,\"valueName\":\"search_term_string\"}}],\"inLanguage\":\"es\"},{\"@type\":\"Organization\",\"@id\":\"https:\/\/elojocojo.org\/#organization\",\"name\":\"Meigas da r\u00faa\",\"url\":\"https:\/\/elojocojo.org\/\",\"logo\":{\"@type\":\"ImageObject\",\"inLanguage\":\"es\",\"@id\":\"https:\/\/elojocojo.org\/#\/schema\/logo\/image\/\",\"url\":\"https:\/\/meigasdarua.org\/wp-content\/uploads\/2020\/09\/cropped-logo-meigas-5.png\",\"contentUrl\":\"https:\/\/meigasdarua.org\/wp-content\/uploads\/2020\/09\/cropped-logo-meigas-5.png\",\"width\":109,\"height\":200,\"caption\":\"Meigas da r\u00faa\"},\"image\":{\"@id\":\"https:\/\/elojocojo.org\/#\/schema\/logo\/image\/\"},\"sameAs\":[\"https:\/\/www.facebook.com\/elojocojo\",\"https:\/\/x.com\/elojocojo\",\"https:\/\/www.instagram.com\/elojocojo\/?hl=es\",\"https:\/\/www.linkedin.com\/in\/el-ojo-cojo-b52b7769\/\",\"https:\/\/www.pinterest.es\/elojocojo\/_saved\/\",\"https:\/\/www.youtube.com\/channel\/UCkFtFTV0Bms7zH7vq8FZxZg\"]},{\"@type\":\"Person\",\"@id\":\"https:\/\/elojocojo.org\/#\/schema\/person\/cba15985dd5da095cac31c1ff0d6e23e\",\"name\":\"cojo\",\"url\":\"https:\/\/elojocojo.org\/author\/cojo\/\"}]}<\/script>\n<!-- \/ Yoast SEO plugin. -->","yoast_head_json":{"title":"La cena - el ojO cojo","description":"Cortometraje La cena exhibido en la edici\u00f3n 2010 del Festival el ojO cojo. Pa\u00eds de origen, M\u00e9xico. Dirigido por Gil Gonz\u00e1lez Penilla.","robots":{"index":"index","follow":"follow","max-snippet":"max-snippet:-1","max-image-preview":"max-image-preview:large","max-video-preview":"max-video-preview:-1"},"canonical":"https:\/\/elojocojo.org\/la-cena\/","og_locale":"es_ES","og_type":"article","og_title":"La cena - el ojO cojo","og_description":"Cortometraje La cena exhibido en la edici\u00f3n 2010 del Festival el ojO cojo. Pa\u00eds de origen, M\u00e9xico. Dirigido por Gil Gonz\u00e1lez Penilla.","og_url":"https:\/\/elojocojo.org\/la-cena\/","og_site_name":"el ojO cojo","article_publisher":"https:\/\/www.facebook.com\/elojocojo","article_published_time":"2020-07-27T06:10:50+00:00","article_modified_time":"2025-09-30T16:41:04+00:00","og_image":[{"width":600,"height":480,"url":"https:\/\/elojocojo.org\/wp-content\/uploads\/2020\/07\/La-cena.jpg","type":"image\/jpeg"}],"author":"cojo","twitter_card":"summary_large_image","twitter_creator":"@elojocojo","twitter_site":"@elojocojo","twitter_misc":{"Escrito por":"cojo","Tiempo de lectura":"1 minuto"},"schema":{"@context":"https:\/\/schema.org","@graph":[{"@type":"Article","@id":"https:\/\/elojocojo.org\/la-cena\/#article","isPartOf":{"@id":"https:\/\/elojocojo.org\/la-cena\/"},"author":{"name":"cojo","@id":"https:\/\/elojocojo.org\/#\/schema\/person\/cba15985dd5da095cac31c1ff0d6e23e"},"headline":"La cena","datePublished":"2020-07-27T06:10:50+00:00","dateModified":"2025-09-30T16:41:04+00:00","mainEntityOfPage":{"@id":"https:\/\/elojocojo.org\/la-cena\/"},"wordCount":454,"publisher":{"@id":"https:\/\/elojocojo.org\/#organization"},"image":{"@id":"https:\/\/elojocojo.org\/la-cena\/#primaryimage"},"thumbnailUrl":"https:\/\/elojocojo.org\/wp-content\/uploads\/2020\/07\/La-cena.jpg","keywords":["2010","amor","amor filial","convivencia","drama","duelo","espa\u00f1ol","espa\u00b1ol","familia","festival de cine","Festival el Ojo cojo","ficci\u00f3n","ingl\u00e9s","M\u00e9xico"],"articleSection":["Cortometraje","Drama","Festival 2010","Ficci\u00f3n"],"inLanguage":"es"},{"@type":"WebPage","@id":"https:\/\/elojocojo.org\/la-cena\/","url":"https:\/\/elojocojo.org\/la-cena\/","name":"La cena - el ojO cojo","isPartOf":{"@id":"https:\/\/elojocojo.org\/#website"},"primaryImageOfPage":{"@id":"https:\/\/elojocojo.org\/la-cena\/#primaryimage"},"image":{"@id":"https:\/\/elojocojo.org\/la-cena\/#primaryimage"},"thumbnailUrl":"https:\/\/elojocojo.org\/wp-content\/uploads\/2020\/07\/La-cena.jpg","datePublished":"2020-07-27T06:10:50+00:00","dateModified":"2025-09-30T16:41:04+00:00","description":"Cortometraje La cena exhibido en la edici\u00f3n 2010 del Festival el ojO cojo. Pa\u00eds de origen, M\u00e9xico. Dirigido por Gil Gonz\u00e1lez Penilla.","breadcrumb":{"@id":"https:\/\/elojocojo.org\/la-cena\/#breadcrumb"},"inLanguage":"es","potentialAction":[{"@type":"ReadAction","target":["https:\/\/elojocojo.org\/la-cena\/"]}]},{"@type":"ImageObject","inLanguage":"es","@id":"https:\/\/elojocojo.org\/la-cena\/#primaryimage","url":"https:\/\/elojocojo.org\/wp-content\/uploads\/2020\/07\/La-cena.jpg","contentUrl":"https:\/\/elojocojo.org\/wp-content\/uploads\/2020\/07\/La-cena.jpg","width":600,"height":480,"caption":"Tres personas, una mujer, un hombre joven y un hombre adulto, posan con un perro Xoloitzcuintle en brazos del hombre joven."},{"@type":"BreadcrumbList","@id":"https:\/\/elojocojo.org\/la-cena\/#breadcrumb","itemListElement":[{"@type":"ListItem","position":1,"name":"Portada","item":"https:\/\/elojocojo.org\/"},{"@type":"ListItem","position":2,"name":"2010","item":"https:\/\/elojocojo.org\/tag\/2010\/"},{"@type":"ListItem","position":3,"name":"La cena"}]},{"@type":"WebSite","@id":"https:\/\/elojocojo.org\/#website","url":"https:\/\/elojocojo.org\/","name":"el ojO cojo","description":"Todos estamos hechos de la misma esencia","publisher":{"@id":"https:\/\/elojocojo.org\/#organization"},"potentialAction":[{"@type":"SearchAction","target":{"@type":"EntryPoint","urlTemplate":"https:\/\/elojocojo.org\/?s={search_term_string}"},"query-input":{"@type":"PropertyValueSpecification","valueRequired":true,"valueName":"search_term_string"}}],"inLanguage":"es"},{"@type":"Organization","@id":"https:\/\/elojocojo.org\/#organization","name":"Meigas da r\u00faa","url":"https:\/\/elojocojo.org\/","logo":{"@type":"ImageObject","inLanguage":"es","@id":"https:\/\/elojocojo.org\/#\/schema\/logo\/image\/","url":"https:\/\/meigasdarua.org\/wp-content\/uploads\/2020\/09\/cropped-logo-meigas-5.png","contentUrl":"https:\/\/meigasdarua.org\/wp-content\/uploads\/2020\/09\/cropped-logo-meigas-5.png","width":109,"height":200,"caption":"Meigas da r\u00faa"},"image":{"@id":"https:\/\/elojocojo.org\/#\/schema\/logo\/image\/"},"sameAs":["https:\/\/www.facebook.com\/elojocojo","https:\/\/x.com\/elojocojo","https:\/\/www.instagram.com\/elojocojo\/?hl=es","https:\/\/www.linkedin.com\/in\/el-ojo-cojo-b52b7769\/","https:\/\/www.pinterest.es\/elojocojo\/_saved\/","https:\/\/www.youtube.com\/channel\/UCkFtFTV0Bms7zH7vq8FZxZg"]},{"@type":"Person","@id":"https:\/\/elojocojo.org\/#\/schema\/person\/cba15985dd5da095cac31c1ff0d6e23e","name":"cojo","url":"https:\/\/elojocojo.org\/author\/cojo\/"}]}},"_links":{"self":[{"href":"https:\/\/elojocojo.org\/wp-json\/wp\/v2\/posts\/24456","targetHints":{"allow":["GET"]}}],"collection":[{"href":"https:\/\/elojocojo.org\/wp-json\/wp\/v2\/posts"}],"about":[{"href":"https:\/\/elojocojo.org\/wp-json\/wp\/v2\/types\/post"}],"author":[{"embeddable":true,"href":"https:\/\/elojocojo.org\/wp-json\/wp\/v2\/users\/11"}],"replies":[{"embeddable":true,"href":"https:\/\/elojocojo.org\/wp-json\/wp\/v2\/comments?post=24456"}],"version-history":[{"count":17,"href":"https:\/\/elojocojo.org\/wp-json\/wp\/v2\/posts\/24456\/revisions"}],"predecessor-version":[{"id":69770,"href":"https:\/\/elojocojo.org\/wp-json\/wp\/v2\/posts\/24456\/revisions\/69770"}],"wp:featuredmedia":[{"embeddable":true,"href":"https:\/\/elojocojo.org\/wp-json\/wp\/v2\/media\/24457"}],"wp:attachment":[{"href":"https:\/\/elojocojo.org\/wp-json\/wp\/v2\/media?parent=24456"}],"wp:term":[{"taxonomy":"category","embeddable":true,"href":"https:\/\/elojocojo.org\/wp-json\/wp\/v2\/categories?post=24456"},{"taxonomy":"post_tag","embeddable":true,"href":"https:\/\/elojocojo.org\/wp-json\/wp\/v2\/tags?post=24456"}],"curies":[{"name":"wp","href":"https:\/\/api.w.org\/{rel}","templated":true}]}}