{"id":24338,"date":"2020-07-24T00:18:38","date_gmt":"2020-07-24T07:18:38","guid":{"rendered":"http:\/\/www.elojocojo.org\/?p=24338"},"modified":"2026-02-06T10:52:56","modified_gmt":"2026-02-06T09:52:56","slug":"inversion","status":"publish","type":"post","link":"https:\/\/elojocojo.org\/inversion\/","title":{"rendered":"Inversi\u00f3n"},"content":{"rendered":"\n<figure class=\"wp-block-embed is-type-video is-provider-youtube wp-block-embed-youtube wp-embed-aspect-16-9 wp-has-aspect-ratio\"><div class=\"wp-block-embed__wrapper\">\n<iframe title=\"INVERS\u00c3O (Teaser Trailer) - de Edu Felistoque\" width=\"1140\" height=\"641\" src=\"https:\/\/www.youtube.com\/embed\/hp4_JDWQAV4?feature=oembed\" frameborder=\"0\" allow=\"accelerometer; autoplay; clipboard-write; encrypted-media; gyroscope; picture-in-picture; web-share\" referrerpolicy=\"strict-origin-when-cross-origin\" allowfullscreen><\/iframe>\n<\/div><\/figure>\n\n\n\n<p class=\"has-black-color has-text-color has-link-color wp-elements-4aa69c47e4c99321d9c84541a3b5c021\"><strong>T\u00cdTULO<\/strong>: Inversi\u00f3n<br \/><strong>T\u00cdTULO ORIGINAL<\/strong>: Inversao<br \/><strong>A\u00d1O<\/strong>: 2009<br \/><strong>DIRECTOR<\/strong>: Eduardo Felistoque<br \/><strong>G\u00c9NERO <\/strong>cinematogr\u00e1fico: Ficci\u00f3n<br \/><strong>DURACI\u00d3N<\/strong>: 90\u2019<br \/><strong>PA\u00cdS<\/strong>: Brasil<br \/><strong>FORMATO ORIGINAL<\/strong>: 35mm<br \/><strong>TIPO<\/strong>: Color<br \/><strong>IDIOMA ORIGINAL<\/strong>: Portugu\u00e9s<br \/><strong>SUBT\u00cdTULOS<\/strong>: Espa\u00f1ol<br \/><strong>GUI\u00d3N<\/strong>: Eduardo Felistoque<\/p>\n\n\n\n<h3 class=\"wp-block-heading has-black-color has-text-color has-link-color wp-elements-a4fd5ce2db4956448651975abdfa650a\">Sinopsis<\/h3>\n\n\n\n<h3 class=\"wp-block-heading has-black-color has-text-color has-link-color wp-elements-d40304325f6476a4146cdb8e933f3086\">Contexto<\/h3>\n\n\n\n<p class=\"has-black-color has-text-color has-link-color wp-elements-36c72d4cc37dbe41da702daaa524574c\">Invers\u00e3o se sit\u00faa en un Brasil marcado por una jornada de violencia sin precedentes que altera el pulso de las grandes ciudades. Desde el inicio, el filme construye un clima de tensi\u00f3n social donde el miedo se filtra en la vida cotidiana y, progresivamente, pone en cuesti\u00f3n la sensaci\u00f3n de normalidad. En este contexto, la criminalidad organizada act\u00faa a plena luz del d\u00eda y, de este modo, expone la fragilidad de las instituciones.<\/p>\n\n\n\n<h3 class=\"wp-block-heading has-black-color has-text-color has-link-color wp-elements-0e47b3ed7325a3b1cf09dd517814dc20\">El conflicto<\/h3>\n\n\n\n<p class=\"has-black-color has-text-color has-link-color wp-elements-358c2878c0fb324a57263136e071aa48\">Sin embargo, el relato se centra en un hecho concreto: el secuestro de un empresario perteneciente a la clase media, un grupo tradicionalmente ajeno a la sospecha. En contraste, este crimen \u00edntimo revela que la violencia no distingue entre clases sociales ni espacios protegidos. As\u00ed, el caso se convierte en un espejo de una sociedad donde los l\u00edmites morales comienzan a diluirse.<\/p>\n\n\n\n<h3 class=\"wp-block-heading has-black-color has-text-color has-link-color wp-elements-d6966aac36aada71ba3ec11b713b6791\">La protagonista<\/h3>\n\n\n\n<p class=\"has-black-color has-text-color has-link-color wp-elements-74cfe4e5aeb445f9d57c84b9beb17d04\">Aun as\u00ed, la historia avanza a trav\u00e9s de la mirada de una joven polic\u00eda encargada de la investigaci\u00f3n. Por ello, su recorrido no es solo profesional, sino tambi\u00e9n personal. De este modo, al adentrarse en un entorno dominado por hombres, jerarqu\u00edas opacas y corrupci\u00f3n, debe aprender a sobrevivir en un sistema que constantemente pone a prueba su \u00e9tica y fortaleza.<\/p>\n\n\n\n<h3 class=\"wp-block-heading has-black-color has-text-color has-link-color wp-elements-e107c6acea8527ed4c1f3a382ea1a927\">Valores invertidos<\/h3>\n\n\n\n<p class=\"has-black-color has-text-color has-link-color wp-elements-459fff6bd01fc86040a071f30dcc7024\">Al mismo tiempo, la pel\u00edcula presenta un universo donde los valores tradicionales parecen invertidos. En consecuencia, la noci\u00f3n de justicia se vuelve ambigua y, por tanto, las relaciones humanas se ven atravesadas por la desconfianza. Adem\u00e1s, los actos de violencia cotidiana refuerzan la idea de un mundo al rev\u00e9s, donde lo impensable se vuelve habitual.<\/p>\n\n\n\n<h3 class=\"wp-block-heading has-black-color has-text-color has-link-color wp-elements-f622bc0a481676b800963737538fa4f3\">Sentido y reflexi\u00f3n<\/h3>\n\n\n\n<p class=\"has-black-color has-text-color has-link-color wp-elements-2d4b1943f8454bae91de9fd785dd9675\">Finalmente, Invers\u00e3o se consolida como un retrato cr\u00edtico de la sociedad contempor\u00e1nea. Por ende, m\u00e1s que un thriller policial, la pel\u00edcula propone una reflexi\u00f3n sobre la normalizaci\u00f3n del crimen y el colapso \u00e9tico, invitando al espectador a cuestionar el orden social que acepta la violencia como parte del paisaje diario.<\/p>\n\n\n<div class=\"wp-block-image\">\n<figure class=\"aligncenter size-large\"><img decoding=\"async\" width=\"245\" height=\"360\" src=\"https:\/\/elojocojo.org\/wp-content\/uploads\/2020\/07\/Captura-de-pantalla-2026-02-04-113424-245x360.png\" alt=\"Cartel de inversi\u00f3n donde nos presentan a 3 personajes de la pel\u00edcula\" class=\"wp-image-73577\" srcset=\"https:\/\/elojocojo.org\/wp-content\/uploads\/2020\/07\/Captura-de-pantalla-2026-02-04-113424-245x360.png 245w, https:\/\/elojocojo.org\/wp-content\/uploads\/2020\/07\/Captura-de-pantalla-2026-02-04-113424-340x500.png 340w, https:\/\/elojocojo.org\/wp-content\/uploads\/2020\/07\/Captura-de-pantalla-2026-02-04-113424-272x400.png 272w, https:\/\/elojocojo.org\/wp-content\/uploads\/2020\/07\/Captura-de-pantalla-2026-02-04-113424.png 755w\" sizes=\"(max-width: 245px) 100vw, 245px\" \/><\/figure>\n<\/div>\n\n\n<h3 class=\"wp-block-heading has-black-color has-text-color has-link-color wp-elements-8fd8f095dbf1847fd13a7db944db6c1a\">Palmares<\/h3>\n\n\n\n<p class=\"has-black-color has-text-color has-link-color wp-elements-c098952a93a892aae6004753c524b814\">2009<\/p>\n\n\n\n<ul class=\"wp-block-list\">\n<li>Festival Natal Film &amp; Video Festival &#8211; Premio mejor montaje.<\/li>\n<\/ul>\n\n\n\n<p class=\"has-black-color has-text-color has-link-color wp-elements-c7ae2ad8b5207a9d8cfb9a0148d69b6f\"><a href=\"https:\/\/www.imdb.com\/es-es\/title\/tt1539302\/?ref_=mv_close\">IMDb<\/a>: 4.9 \/ 10<\/p>\n\n\n\n<p class=\"has-black-color has-text-color has-link-color wp-elements-4a57f94237d00a57308e15ae85634cc6\">El filme Inversi\u00f3n particip\u00f3 en la edici\u00f3n <a href=\"https:\/\/elojocojo.org\/bienvenida\/festivalelojocojo\/festival-2010\/\">2010<\/a> del <a href=\"https:\/\/elojocojo.org\/bienvenida\/festivalelojocojo\/\">Festival de cine el ojO cojo<\/a><a href=\"https:\/\/elojocojo.org\/category\/festival-2010\/\"> <\/a>en ese sentido nos sentimos honrados de haberla exhibido.<\/p>\n\n\n\n<p class=\"has-black-color has-text-color has-link-color wp-elements-6e16aad3fbe404c63776a677e21b8356\"><a href=\"https:\/\/el-ojocojo.blogspot.com\/\">Visita nuestro blog.<\/a><\/p>\n\n\n\n<p><\/p>\n","protected":false},"excerpt":{"rendered":"<p>Inversi\u00f3n, dirigida por Edu Felistoque, sigue a una joven polic\u00eda que investiga un secuestro en un Brasil donde la violencia y los valores sociales se han invertido.<\/p>\n","protected":false},"author":11,"featured_media":73570,"comment_status":"closed","ping_status":"closed","sticky":false,"template":"","format":"standard","meta":{"_monsterinsights_skip_tracking":false,"_monsterinsights_sitenote_active":false,"_monsterinsights_sitenote_note":"","_monsterinsights_sitenote_category":0,"footnotes":""},"categories":[3,30],"tags":[1914,89,1434,1500,995,2119,2391,1981,1982,1628,2417,136],"class_list":{"0":"post-24338","1":"post","2":"type-post","3":"status-publish","4":"format-standard","5":"has-post-thumbnail","7":"category-festival-2010","8":"category-ficcion","9":"tag-1914","10":"tag-brasil","11":"tag-conflicto","12":"tag-desaparecidos","13":"tag-educacion","14":"tag-espanol","15":"tag-espaol","16":"tag-festival-de-cine","17":"tag-festival-el-ojo-cojo","18":"tag-ficcion","19":"tag-sociedad","20":"tag-violencia","21":"czr-hentry"},"yoast_head":"<!-- This site is optimized with the Yoast SEO plugin v27.1.1 - https:\/\/yoast.com\/product\/yoast-seo-wordpress\/ -->\n<title>Inversi\u00f3n - el ojO cojo<\/title>\n<meta name=\"description\" content=\"Pel\u00edcula Inversi\u00f3n exhibido en la edici\u00f3n 2010 del Festival el ojO cojo. Pa\u00eds de origen, Brasil. Dirigido por Eduardo Felistoque.\" \/>\n<meta name=\"robots\" content=\"index, follow, max-snippet:-1, max-image-preview:large, max-video-preview:-1\" \/>\n<link rel=\"canonical\" href=\"https:\/\/elojocojo.org\/inversion\/\" \/>\n<meta property=\"og:locale\" content=\"es_ES\" \/>\n<meta property=\"og:type\" content=\"article\" \/>\n<meta property=\"og:title\" content=\"Inversi\u00f3n - el ojO cojo\" \/>\n<meta property=\"og:description\" content=\"Pel\u00edcula Inversi\u00f3n exhibido en la edici\u00f3n 2010 del Festival el ojO cojo. Pa\u00eds de origen, Brasil. Dirigido por Eduardo Felistoque.\" \/>\n<meta property=\"og:url\" content=\"https:\/\/elojocojo.org\/inversion\/\" \/>\n<meta property=\"og:site_name\" content=\"el ojO cojo\" \/>\n<meta property=\"article:publisher\" content=\"https:\/\/www.facebook.com\/elojocojo\" \/>\n<meta property=\"article:published_time\" content=\"2020-07-24T07:18:38+00:00\" \/>\n<meta property=\"article:modified_time\" content=\"2026-02-06T09:52:56+00:00\" \/>\n<meta property=\"og:image\" content=\"https:\/\/elojocojo.org\/wp-content\/uploads\/2020\/07\/Captura-de-pantalla-2026-02-04-113631.png\" \/>\n\t<meta property=\"og:image:width\" content=\"1379\" \/>\n\t<meta property=\"og:image:height\" content=\"771\" \/>\n\t<meta property=\"og:image:type\" content=\"image\/png\" \/>\n<meta name=\"author\" content=\"cojo\" \/>\n<meta name=\"twitter:card\" content=\"summary_large_image\" \/>\n<meta name=\"twitter:creator\" content=\"@elojocojo\" \/>\n<meta name=\"twitter:site\" content=\"@elojocojo\" \/>\n<meta name=\"twitter:label1\" content=\"Escrito por\" \/>\n\t<meta name=\"twitter:data1\" content=\"cojo\" \/>\n\t<meta name=\"twitter:label2\" content=\"Tiempo de lectura\" \/>\n\t<meta name=\"twitter:data2\" content=\"1 minuto\" \/>\n<script type=\"application\/ld+json\" class=\"yoast-schema-graph\">{\"@context\":\"https:\/\/schema.org\",\"@graph\":[{\"@type\":\"Article\",\"@id\":\"https:\/\/elojocojo.org\/inversion\/#article\",\"isPartOf\":{\"@id\":\"https:\/\/elojocojo.org\/inversion\/\"},\"author\":{\"name\":\"cojo\",\"@id\":\"https:\/\/elojocojo.org\/#\/schema\/person\/cba15985dd5da095cac31c1ff0d6e23e\"},\"headline\":\"Inversi\u00f3n\",\"datePublished\":\"2020-07-24T07:18:38+00:00\",\"dateModified\":\"2026-02-06T09:52:56+00:00\",\"mainEntityOfPage\":{\"@id\":\"https:\/\/elojocojo.org\/inversion\/\"},\"wordCount\":428,\"publisher\":{\"@id\":\"https:\/\/elojocojo.org\/#organization\"},\"image\":{\"@id\":\"https:\/\/elojocojo.org\/inversion\/#primaryimage\"},\"thumbnailUrl\":\"https:\/\/elojocojo.org\/wp-content\/uploads\/2020\/07\/Captura-de-pantalla-2026-02-04-113631.png\",\"keywords\":[\"2009\",\"Brasil\",\"conflicto\",\"desaparecidos\",\"educaci\u00f3n\",\"espa\u00f1ol\",\"espa\u00b1ol\",\"festival de cine\",\"Festival el Ojo cojo\",\"ficci\u00f3n\",\"sociedad\",\"violencia\"],\"articleSection\":[\"Festival 2010\",\"Ficci\u00f3n\"],\"inLanguage\":\"es\"},{\"@type\":\"WebPage\",\"@id\":\"https:\/\/elojocojo.org\/inversion\/\",\"url\":\"https:\/\/elojocojo.org\/inversion\/\",\"name\":\"Inversi\u00f3n - el ojO cojo\",\"isPartOf\":{\"@id\":\"https:\/\/elojocojo.org\/#website\"},\"primaryImageOfPage\":{\"@id\":\"https:\/\/elojocojo.org\/inversion\/#primaryimage\"},\"image\":{\"@id\":\"https:\/\/elojocojo.org\/inversion\/#primaryimage\"},\"thumbnailUrl\":\"https:\/\/elojocojo.org\/wp-content\/uploads\/2020\/07\/Captura-de-pantalla-2026-02-04-113631.png\",\"datePublished\":\"2020-07-24T07:18:38+00:00\",\"dateModified\":\"2026-02-06T09:52:56+00:00\",\"description\":\"Pel\u00edcula Inversi\u00f3n exhibido en la edici\u00f3n 2010 del Festival el ojO cojo. Pa\u00eds de origen, Brasil. Dirigido por Eduardo Felistoque.\",\"breadcrumb\":{\"@id\":\"https:\/\/elojocojo.org\/inversion\/#breadcrumb\"},\"inLanguage\":\"es\",\"potentialAction\":[{\"@type\":\"ReadAction\",\"target\":[\"https:\/\/elojocojo.org\/inversion\/\"]}]},{\"@type\":\"ImageObject\",\"inLanguage\":\"es\",\"@id\":\"https:\/\/elojocojo.org\/inversion\/#primaryimage\",\"url\":\"https:\/\/elojocojo.org\/wp-content\/uploads\/2020\/07\/Captura-de-pantalla-2026-02-04-113631.png\",\"contentUrl\":\"https:\/\/elojocojo.org\/wp-content\/uploads\/2020\/07\/Captura-de-pantalla-2026-02-04-113631.png\",\"width\":1379,\"height\":771},{\"@type\":\"BreadcrumbList\",\"@id\":\"https:\/\/elojocojo.org\/inversion\/#breadcrumb\",\"itemListElement\":[{\"@type\":\"ListItem\",\"position\":1,\"name\":\"Portada\",\"item\":\"https:\/\/elojocojo.org\/\"},{\"@type\":\"ListItem\",\"position\":2,\"name\":\"2009\",\"item\":\"https:\/\/elojocojo.org\/tag\/2009\/\"},{\"@type\":\"ListItem\",\"position\":3,\"name\":\"Inversi\u00f3n\"}]},{\"@type\":\"WebSite\",\"@id\":\"https:\/\/elojocojo.org\/#website\",\"url\":\"https:\/\/elojocojo.org\/\",\"name\":\"el ojO cojo\",\"description\":\"Todos estamos hechos de la misma esencia\",\"publisher\":{\"@id\":\"https:\/\/elojocojo.org\/#organization\"},\"potentialAction\":[{\"@type\":\"SearchAction\",\"target\":{\"@type\":\"EntryPoint\",\"urlTemplate\":\"https:\/\/elojocojo.org\/?s={search_term_string}\"},\"query-input\":{\"@type\":\"PropertyValueSpecification\",\"valueRequired\":true,\"valueName\":\"search_term_string\"}}],\"inLanguage\":\"es\"},{\"@type\":\"Organization\",\"@id\":\"https:\/\/elojocojo.org\/#organization\",\"name\":\"Meigas da r\u00faa\",\"url\":\"https:\/\/elojocojo.org\/\",\"logo\":{\"@type\":\"ImageObject\",\"inLanguage\":\"es\",\"@id\":\"https:\/\/elojocojo.org\/#\/schema\/logo\/image\/\",\"url\":\"https:\/\/meigasdarua.org\/wp-content\/uploads\/2020\/09\/cropped-logo-meigas-5.png\",\"contentUrl\":\"https:\/\/meigasdarua.org\/wp-content\/uploads\/2020\/09\/cropped-logo-meigas-5.png\",\"width\":109,\"height\":200,\"caption\":\"Meigas da r\u00faa\"},\"image\":{\"@id\":\"https:\/\/elojocojo.org\/#\/schema\/logo\/image\/\"},\"sameAs\":[\"https:\/\/www.facebook.com\/elojocojo\",\"https:\/\/x.com\/elojocojo\",\"https:\/\/www.instagram.com\/elojocojo\/?hl=es\",\"https:\/\/www.linkedin.com\/in\/el-ojo-cojo-b52b7769\/\",\"https:\/\/www.pinterest.es\/elojocojo\/_saved\/\",\"https:\/\/www.youtube.com\/channel\/UCkFtFTV0Bms7zH7vq8FZxZg\"]},{\"@type\":\"Person\",\"@id\":\"https:\/\/elojocojo.org\/#\/schema\/person\/cba15985dd5da095cac31c1ff0d6e23e\",\"name\":\"cojo\",\"url\":\"https:\/\/elojocojo.org\/author\/cojo\/\"}]}<\/script>\n<!-- \/ Yoast SEO plugin. -->","yoast_head_json":{"title":"Inversi\u00f3n - el ojO cojo","description":"Pel\u00edcula Inversi\u00f3n exhibido en la edici\u00f3n 2010 del Festival el ojO cojo. Pa\u00eds de origen, Brasil. Dirigido por Eduardo Felistoque.","robots":{"index":"index","follow":"follow","max-snippet":"max-snippet:-1","max-image-preview":"max-image-preview:large","max-video-preview":"max-video-preview:-1"},"canonical":"https:\/\/elojocojo.org\/inversion\/","og_locale":"es_ES","og_type":"article","og_title":"Inversi\u00f3n - el ojO cojo","og_description":"Pel\u00edcula Inversi\u00f3n exhibido en la edici\u00f3n 2010 del Festival el ojO cojo. Pa\u00eds de origen, Brasil. Dirigido por Eduardo Felistoque.","og_url":"https:\/\/elojocojo.org\/inversion\/","og_site_name":"el ojO cojo","article_publisher":"https:\/\/www.facebook.com\/elojocojo","article_published_time":"2020-07-24T07:18:38+00:00","article_modified_time":"2026-02-06T09:52:56+00:00","og_image":[{"width":1379,"height":771,"url":"https:\/\/elojocojo.org\/wp-content\/uploads\/2020\/07\/Captura-de-pantalla-2026-02-04-113631.png","type":"image\/png"}],"author":"cojo","twitter_card":"summary_large_image","twitter_creator":"@elojocojo","twitter_site":"@elojocojo","twitter_misc":{"Escrito por":"cojo","Tiempo de lectura":"1 minuto"},"schema":{"@context":"https:\/\/schema.org","@graph":[{"@type":"Article","@id":"https:\/\/elojocojo.org\/inversion\/#article","isPartOf":{"@id":"https:\/\/elojocojo.org\/inversion\/"},"author":{"name":"cojo","@id":"https:\/\/elojocojo.org\/#\/schema\/person\/cba15985dd5da095cac31c1ff0d6e23e"},"headline":"Inversi\u00f3n","datePublished":"2020-07-24T07:18:38+00:00","dateModified":"2026-02-06T09:52:56+00:00","mainEntityOfPage":{"@id":"https:\/\/elojocojo.org\/inversion\/"},"wordCount":428,"publisher":{"@id":"https:\/\/elojocojo.org\/#organization"},"image":{"@id":"https:\/\/elojocojo.org\/inversion\/#primaryimage"},"thumbnailUrl":"https:\/\/elojocojo.org\/wp-content\/uploads\/2020\/07\/Captura-de-pantalla-2026-02-04-113631.png","keywords":["2009","Brasil","conflicto","desaparecidos","educaci\u00f3n","espa\u00f1ol","espa\u00b1ol","festival de cine","Festival el Ojo cojo","ficci\u00f3n","sociedad","violencia"],"articleSection":["Festival 2010","Ficci\u00f3n"],"inLanguage":"es"},{"@type":"WebPage","@id":"https:\/\/elojocojo.org\/inversion\/","url":"https:\/\/elojocojo.org\/inversion\/","name":"Inversi\u00f3n - el ojO cojo","isPartOf":{"@id":"https:\/\/elojocojo.org\/#website"},"primaryImageOfPage":{"@id":"https:\/\/elojocojo.org\/inversion\/#primaryimage"},"image":{"@id":"https:\/\/elojocojo.org\/inversion\/#primaryimage"},"thumbnailUrl":"https:\/\/elojocojo.org\/wp-content\/uploads\/2020\/07\/Captura-de-pantalla-2026-02-04-113631.png","datePublished":"2020-07-24T07:18:38+00:00","dateModified":"2026-02-06T09:52:56+00:00","description":"Pel\u00edcula Inversi\u00f3n exhibido en la edici\u00f3n 2010 del Festival el ojO cojo. Pa\u00eds de origen, Brasil. Dirigido por Eduardo Felistoque.","breadcrumb":{"@id":"https:\/\/elojocojo.org\/inversion\/#breadcrumb"},"inLanguage":"es","potentialAction":[{"@type":"ReadAction","target":["https:\/\/elojocojo.org\/inversion\/"]}]},{"@type":"ImageObject","inLanguage":"es","@id":"https:\/\/elojocojo.org\/inversion\/#primaryimage","url":"https:\/\/elojocojo.org\/wp-content\/uploads\/2020\/07\/Captura-de-pantalla-2026-02-04-113631.png","contentUrl":"https:\/\/elojocojo.org\/wp-content\/uploads\/2020\/07\/Captura-de-pantalla-2026-02-04-113631.png","width":1379,"height":771},{"@type":"BreadcrumbList","@id":"https:\/\/elojocojo.org\/inversion\/#breadcrumb","itemListElement":[{"@type":"ListItem","position":1,"name":"Portada","item":"https:\/\/elojocojo.org\/"},{"@type":"ListItem","position":2,"name":"2009","item":"https:\/\/elojocojo.org\/tag\/2009\/"},{"@type":"ListItem","position":3,"name":"Inversi\u00f3n"}]},{"@type":"WebSite","@id":"https:\/\/elojocojo.org\/#website","url":"https:\/\/elojocojo.org\/","name":"el ojO cojo","description":"Todos estamos hechos de la misma esencia","publisher":{"@id":"https:\/\/elojocojo.org\/#organization"},"potentialAction":[{"@type":"SearchAction","target":{"@type":"EntryPoint","urlTemplate":"https:\/\/elojocojo.org\/?s={search_term_string}"},"query-input":{"@type":"PropertyValueSpecification","valueRequired":true,"valueName":"search_term_string"}}],"inLanguage":"es"},{"@type":"Organization","@id":"https:\/\/elojocojo.org\/#organization","name":"Meigas da r\u00faa","url":"https:\/\/elojocojo.org\/","logo":{"@type":"ImageObject","inLanguage":"es","@id":"https:\/\/elojocojo.org\/#\/schema\/logo\/image\/","url":"https:\/\/meigasdarua.org\/wp-content\/uploads\/2020\/09\/cropped-logo-meigas-5.png","contentUrl":"https:\/\/meigasdarua.org\/wp-content\/uploads\/2020\/09\/cropped-logo-meigas-5.png","width":109,"height":200,"caption":"Meigas da r\u00faa"},"image":{"@id":"https:\/\/elojocojo.org\/#\/schema\/logo\/image\/"},"sameAs":["https:\/\/www.facebook.com\/elojocojo","https:\/\/x.com\/elojocojo","https:\/\/www.instagram.com\/elojocojo\/?hl=es","https:\/\/www.linkedin.com\/in\/el-ojo-cojo-b52b7769\/","https:\/\/www.pinterest.es\/elojocojo\/_saved\/","https:\/\/www.youtube.com\/channel\/UCkFtFTV0Bms7zH7vq8FZxZg"]},{"@type":"Person","@id":"https:\/\/elojocojo.org\/#\/schema\/person\/cba15985dd5da095cac31c1ff0d6e23e","name":"cojo","url":"https:\/\/elojocojo.org\/author\/cojo\/"}]}},"_links":{"self":[{"href":"https:\/\/elojocojo.org\/wp-json\/wp\/v2\/posts\/24338","targetHints":{"allow":["GET"]}}],"collection":[{"href":"https:\/\/elojocojo.org\/wp-json\/wp\/v2\/posts"}],"about":[{"href":"https:\/\/elojocojo.org\/wp-json\/wp\/v2\/types\/post"}],"author":[{"embeddable":true,"href":"https:\/\/elojocojo.org\/wp-json\/wp\/v2\/users\/11"}],"replies":[{"embeddable":true,"href":"https:\/\/elojocojo.org\/wp-json\/wp\/v2\/comments?post=24338"}],"version-history":[{"count":10,"href":"https:\/\/elojocojo.org\/wp-json\/wp\/v2\/posts\/24338\/revisions"}],"predecessor-version":[{"id":73997,"href":"https:\/\/elojocojo.org\/wp-json\/wp\/v2\/posts\/24338\/revisions\/73997"}],"wp:featuredmedia":[{"embeddable":true,"href":"https:\/\/elojocojo.org\/wp-json\/wp\/v2\/media\/73570"}],"wp:attachment":[{"href":"https:\/\/elojocojo.org\/wp-json\/wp\/v2\/media?parent=24338"}],"wp:term":[{"taxonomy":"category","embeddable":true,"href":"https:\/\/elojocojo.org\/wp-json\/wp\/v2\/categories?post=24338"},{"taxonomy":"post_tag","embeddable":true,"href":"https:\/\/elojocojo.org\/wp-json\/wp\/v2\/tags?post=24338"}],"curies":[{"name":"wp","href":"https:\/\/api.w.org\/{rel}","templated":true}]}}