{"id":24335,"date":"2020-07-23T23:53:53","date_gmt":"2020-07-24T06:53:53","guid":{"rendered":"http:\/\/www.elojocojo.org\/?p=24335"},"modified":"2025-09-30T18:41:44","modified_gmt":"2025-09-30T16:41:44","slug":"intercambio","status":"publish","type":"post","link":"https:\/\/elojocojo.org\/intercambio\/","title":{"rendered":"Intercambio"},"content":{"rendered":"\n<figure class=\"wp-block-embed is-type-video is-provider-youtube wp-block-embed-youtube wp-embed-aspect-4-3 wp-has-aspect-ratio\"><div class=\"wp-block-embed__wrapper\">\n<iframe title=\"Trailer - Intercambio\" width=\"1140\" height=\"855\" src=\"https:\/\/www.youtube.com\/embed\/kf-UNGNdv7E?feature=oembed\" frameborder=\"0\" allow=\"accelerometer; autoplay; clipboard-write; encrypted-media; gyroscope; picture-in-picture; web-share\" referrerpolicy=\"strict-origin-when-cross-origin\" allowfullscreen><\/iframe>\n<\/div><\/figure>\n\n\n\n<p><em>Intercambio<\/em> de <a href=\"https:\/\/www.imdb.com\/es-es\/name\/nm4083675\/\"><b>Antonello Novellino<\/b><\/a> y <a href=\"https:\/\/www.filmaffinity.com\/bo\/name.php?name-id=310536204\"><b>Antonio Quintanilla<\/b><\/a> en <a href=\"https:\/\/www.youtube.com\/\"><b> Youtube <\/b> <\/a><\/p>\n\n\n\n<p>T\u00cdTULO: <em>Intercambio<\/em><br \/>T\u00cdTULO ORIGINAL: <em>Intercambio<\/em><br \/>A\u00d1O: 2010<br \/>DIRECTOR: Antonello Novellino, Antonio Quintanilla<br \/>G\u00c9NERO cinematogr\u00e1fico: Ficci\u00f3n<br \/>DURACI\u00d3N: 15\u2019<br \/>PA\u00cdS: Espa\u00f1a<br \/>FORMATO ORIGINAL: 1:2,35<br \/>TIPO: Color<br \/>IDIOMA ORIGINAL: Espa\u00f1ol<br \/>SUBT\u00cdTULOS: Ingl\u00e9s e Italiano<br \/>INT\u00c9RPRETES: V\u00edctor Clavijo, Mauro Mu\u00f1iz de Urquiza, Laura De Pedro, Alba Guerrero, Juan Carlos Vellido, Andreu Castro<br \/>PRODUCCI\u00d3N: Carlos Clavijo<br \/>GUI\u00d3N: Antonello Novellino, Antonio Quintanilla<br \/>EDICI\u00d3N\/MONTAJE: Antonello Novellino<br \/>DIRECCI\u00d3N DE FOTOGRAF\u00cdA: \u00c1ngel Villar\u00edas<br \/>SONIDO: Jorge Garrig\u00f3s<br \/>M\u00daSICA: Ludovico Vagnone<\/p>\n\n\n\n<p>SINOPSIS<\/p>\n\n\n\n<h3 class=\"wp-block-heading\"><em>intercambio<\/em><\/h3>\n\n\n\n<p>En un remoto pueblo del este de Europa, la vida transcurre con tranquilidad hasta que un grupo de soldados irrumpe sin previo aviso. Los uniformados, con rostros impasibles, confiscan las reservas de alimentos, dejando a los habitantes al borde de la inanici\u00f3n. La gente, aturdida y confundida, observa c\u00f3mo su realidad se desmorona en cuesti\u00f3n de horas.<\/p>\n\n\n\n<h3 class=\"wp-block-heading\">El Desamparo<\/h3>\n\n\n\n<p>Ante la escasez, los aldeanos se ven obligados a tomar decisiones desesperadas. Al principio, intentan negociar con los soldados, pero pronto comprenden que la compasi\u00f3n no forma parte de su c\u00f3digo. El miedo se apodera de las calles, y las miradas de los ni\u00f1os hambrientos rompen el coraz\u00f3n de los m\u00e1s ancianos. Sin embargo, la necesidad agudiza el ingenio.<\/p>\n\n\n\n<h3 class=\"wp-block-heading\">La Resistencia Silenciosa<\/h3>\n\n\n\n<p>Poco a poco, los habitantes comienzan a organizarse en secreto. Algunos cultivan huertos ocultos entre los bosques, mientras otros cazan animales furtivamente bajo la cubierta de la noche. Cada peque\u00f1o triunfo les da un h\u00e1lito de esperanza, pero el riesgo es enorme: los soldados castigan sin piedad a quienes desaf\u00edan sus \u00f3rdenes. A pesar de todo, la comunidad se aferra a su humanidad.<\/p>\n\n\n\n<h3 class=\"wp-block-heading\">El L\u00edmite de la Supervivencia en <em>intercambio<\/em><\/h3>\n\n\n\n<p>Con el paso de las semanas, la desesperaci\u00f3n alcanza niveles insoportables. Las raciones son casi inexistentes, y las enfermedades se propagan sin remedio. En su lucha por sobrevivir, algunos aldeanos se ven obligados a tomar caminos que jam\u00e1s habr\u00edan considerado en tiempos de paz. La l\u00ednea entre la moralidad y la supervivencia se desdibuja, llev\u00e1ndolos a un abismo que nunca imaginaron enfrentar..<\/p>\n\n\n\n<p>PALMAR\u00c9S:<\/p>\n\n\n\n<p><\/p><p><\/p><p><\/p><p>2010<\/p>\n\n\n\n<ul class=\"wp-block-list\">\n<li>El otro corto (Roma, Italia): Mejor guio<\/li>\n\n\n\n<li>Festival Il Giardino dei Corti (Venticano, Italia): Mejor Director<\/li>\n\n\n\n<li>Festival El jard\u00edn de los cortos (Venticano, Italia): Mejor Direcci\u00f3n<\/li>\n<\/ul>\n\n\n\n<p>El filme <em>Intercambio<\/em> particip\u00f3 en la edici\u00f3n 2010 del<a href=\"https:\/\/elojocojo.org\/bienvenida\/festivalelojocojo\/\"> Festival de cine el ojO cojo <\/a>en ese sentido nos sentimos honrados de haberla exhibido.<\/p>\n\n\n\n<p><a href=\"https:\/\/www.imdb.com\/es-es\/title\/tt1727580\/ratings\/?ref_=tt_ov_rat\"> IMDb<\/a> 6,9\/10<\/p>\n\n\n\n<p>Visita nuestro <a href=\"https:\/\/elojocojo.org\">blog<\/a>.<\/p>\n","protected":false},"excerpt":{"rendered":"<p>\u00abIntercambio\u00bb dirigida por Antonello Novellino y Antonio Quintanilla relata la historia de pueblo del este de Europa,<br \/>\n en el cual los soldados confiscan los alimentos, dejando a los aldeanos al borde del hambre. Ante la desesperaci\u00f3n, organizan una resistencia secreta, pero la escasez y el miedo los llevan a cruzar l\u00edmites morales para sobrevivir.<\/p>\n","protected":false},"author":11,"featured_media":63942,"comment_status":"closed","ping_status":"closed","sticky":false,"template":"","format":"standard","meta":{"_monsterinsights_skip_tracking":false,"_monsterinsights_sitenote_active":false,"_monsterinsights_sitenote_note":"","_monsterinsights_sitenote_category":0,"footnotes":""},"categories":[1460,3,30],"tags":[1996,2077,1126,962,1434,1431,1838,138,2119,2391,2191,1221,900,15,1981,1982,1628,893,2118,1438,535,136],"class_list":{"0":"post-24335","1":"post","2":"type-post","3":"status-publish","4":"format-standard","5":"has-post-thumbnail","7":"category-cortometraje","8":"category-festival-2010","9":"category-ficcion","10":"tag-1996","11":"tag-adultos-mayores","12":"tag-alianzas-para-lograr-objetivos","13":"tag-amor-filial","14":"tag-conflicto","15":"tag-costumbres-y-tradiciones","16":"tag-enfermedad","17":"tag-espana","18":"tag-espanol","19":"tag-espaol","20":"tag-esperanza","21":"tag-estereotipos","22":"tag-europa","23":"tag-familia","24":"tag-festival-de-cine","25":"tag-festival-el-ojo-cojo","26":"tag-ficcion","27":"tag-guerrilla","28":"tag-ingles","29":"tag-pobreza","30":"tag-terrorismo","31":"tag-violencia","32":"czr-hentry"},"yoast_head":"<!-- This site is optimized with the Yoast SEO plugin v27.1.1 - https:\/\/yoast.com\/product\/yoast-seo-wordpress\/ -->\n<title>Intercambio - el ojO cojo<\/title>\n<meta name=\"description\" content=\"Intercambio, corto espa\u00f1ol de Novellino y Quintanilla, sobre lucha campesina, exhibido en el Festival el ojO cojo.\" \/>\n<meta name=\"robots\" content=\"index, follow, max-snippet:-1, max-image-preview:large, max-video-preview:-1\" \/>\n<link rel=\"canonical\" href=\"https:\/\/elojocojo.org\/intercambio\/\" \/>\n<meta property=\"og:locale\" content=\"es_ES\" \/>\n<meta property=\"og:type\" content=\"article\" \/>\n<meta property=\"og:title\" content=\"Intercambio - el ojO cojo\" \/>\n<meta property=\"og:description\" content=\"Intercambio, corto espa\u00f1ol de Novellino y Quintanilla, sobre lucha campesina, exhibido en el Festival el ojO cojo.\" \/>\n<meta property=\"og:url\" content=\"https:\/\/elojocojo.org\/intercambio\/\" \/>\n<meta property=\"og:site_name\" content=\"el ojO cojo\" \/>\n<meta property=\"article:publisher\" content=\"https:\/\/www.facebook.com\/elojocojo\" \/>\n<meta property=\"article:published_time\" content=\"2020-07-24T06:53:53+00:00\" \/>\n<meta property=\"article:modified_time\" content=\"2025-09-30T16:41:44+00:00\" \/>\n<meta property=\"og:image\" content=\"https:\/\/elojocojo.org\/wp-content\/uploads\/2020\/07\/INTERCAMBIO-300x199-1.jpg\" \/>\n\t<meta property=\"og:image:width\" content=\"920\" \/>\n\t<meta property=\"og:image:height\" content=\"610\" \/>\n\t<meta property=\"og:image:type\" content=\"image\/jpeg\" \/>\n<meta name=\"author\" content=\"cojo\" \/>\n<meta name=\"twitter:card\" content=\"summary_large_image\" \/>\n<meta name=\"twitter:creator\" content=\"@elojocojo\" \/>\n<meta name=\"twitter:site\" content=\"@elojocojo\" \/>\n<meta name=\"twitter:label1\" content=\"Escrito por\" \/>\n\t<meta name=\"twitter:data1\" content=\"cojo\" \/>\n\t<meta name=\"twitter:label2\" content=\"Tiempo de lectura\" \/>\n\t<meta name=\"twitter:data2\" content=\"1 minuto\" \/>\n<script type=\"application\/ld+json\" class=\"yoast-schema-graph\">{\"@context\":\"https:\/\/schema.org\",\"@graph\":[{\"@type\":\"Article\",\"@id\":\"https:\/\/elojocojo.org\/intercambio\/#article\",\"isPartOf\":{\"@id\":\"https:\/\/elojocojo.org\/intercambio\/\"},\"author\":{\"name\":\"cojo\",\"@id\":\"https:\/\/elojocojo.org\/#\/schema\/person\/cba15985dd5da095cac31c1ff0d6e23e\"},\"headline\":\"Intercambio\",\"datePublished\":\"2020-07-24T06:53:53+00:00\",\"dateModified\":\"2025-09-30T16:41:44+00:00\",\"mainEntityOfPage\":{\"@id\":\"https:\/\/elojocojo.org\/intercambio\/\"},\"wordCount\":429,\"publisher\":{\"@id\":\"https:\/\/elojocojo.org\/#organization\"},\"image\":{\"@id\":\"https:\/\/elojocojo.org\/intercambio\/#primaryimage\"},\"thumbnailUrl\":\"https:\/\/elojocojo.org\/wp-content\/uploads\/2020\/07\/INTERCAMBIO-300x199-1.jpg\",\"keywords\":[\"2010\",\"adultos mayores\",\"Alianzas para lograr objetivos\",\"amor filial\",\"conflicto\",\"costumbres y tradiciones\",\"enfermedad\",\"Espa\u00f1a\",\"espa\u00f1ol\",\"espa\u00b1ol\",\"esperanza\",\"estereotipos\",\"Europa\",\"familia\",\"festival de cine\",\"Festival el Ojo cojo\",\"ficci\u00f3n\",\"guerrilla\",\"ingl\u00e9s\",\"pobreza\",\"terrorismo\",\"violencia\"],\"articleSection\":[\"Cortometraje\",\"Festival 2010\",\"Ficci\u00f3n\"],\"inLanguage\":\"es\"},{\"@type\":\"WebPage\",\"@id\":\"https:\/\/elojocojo.org\/intercambio\/\",\"url\":\"https:\/\/elojocojo.org\/intercambio\/\",\"name\":\"Intercambio - el ojO cojo\",\"isPartOf\":{\"@id\":\"https:\/\/elojocojo.org\/#website\"},\"primaryImageOfPage\":{\"@id\":\"https:\/\/elojocojo.org\/intercambio\/#primaryimage\"},\"image\":{\"@id\":\"https:\/\/elojocojo.org\/intercambio\/#primaryimage\"},\"thumbnailUrl\":\"https:\/\/elojocojo.org\/wp-content\/uploads\/2020\/07\/INTERCAMBIO-300x199-1.jpg\",\"datePublished\":\"2020-07-24T06:53:53+00:00\",\"dateModified\":\"2025-09-30T16:41:44+00:00\",\"description\":\"Intercambio, corto espa\u00f1ol de Novellino y Quintanilla, sobre lucha campesina, exhibido en el Festival el ojO cojo.\",\"breadcrumb\":{\"@id\":\"https:\/\/elojocojo.org\/intercambio\/#breadcrumb\"},\"inLanguage\":\"es\",\"potentialAction\":[{\"@type\":\"ReadAction\",\"target\":[\"https:\/\/elojocojo.org\/intercambio\/\"]}]},{\"@type\":\"ImageObject\",\"inLanguage\":\"es\",\"@id\":\"https:\/\/elojocojo.org\/intercambio\/#primaryimage\",\"url\":\"https:\/\/elojocojo.org\/wp-content\/uploads\/2020\/07\/INTERCAMBIO-300x199-1.jpg\",\"contentUrl\":\"https:\/\/elojocojo.org\/wp-content\/uploads\/2020\/07\/INTERCAMBIO-300x199-1.jpg\",\"width\":920,\"height\":610,\"caption\":\"Se ve un hombre segando el campo con una hoz en el campo cosechado\"},{\"@type\":\"BreadcrumbList\",\"@id\":\"https:\/\/elojocojo.org\/intercambio\/#breadcrumb\",\"itemListElement\":[{\"@type\":\"ListItem\",\"position\":1,\"name\":\"Portada\",\"item\":\"https:\/\/elojocojo.org\/\"},{\"@type\":\"ListItem\",\"position\":2,\"name\":\"2010\",\"item\":\"https:\/\/elojocojo.org\/tag\/2010\/\"},{\"@type\":\"ListItem\",\"position\":3,\"name\":\"Intercambio\"}]},{\"@type\":\"WebSite\",\"@id\":\"https:\/\/elojocojo.org\/#website\",\"url\":\"https:\/\/elojocojo.org\/\",\"name\":\"el ojO cojo\",\"description\":\"Todos estamos hechos de la misma esencia\",\"publisher\":{\"@id\":\"https:\/\/elojocojo.org\/#organization\"},\"potentialAction\":[{\"@type\":\"SearchAction\",\"target\":{\"@type\":\"EntryPoint\",\"urlTemplate\":\"https:\/\/elojocojo.org\/?s={search_term_string}\"},\"query-input\":{\"@type\":\"PropertyValueSpecification\",\"valueRequired\":true,\"valueName\":\"search_term_string\"}}],\"inLanguage\":\"es\"},{\"@type\":\"Organization\",\"@id\":\"https:\/\/elojocojo.org\/#organization\",\"name\":\"Meigas da r\u00faa\",\"url\":\"https:\/\/elojocojo.org\/\",\"logo\":{\"@type\":\"ImageObject\",\"inLanguage\":\"es\",\"@id\":\"https:\/\/elojocojo.org\/#\/schema\/logo\/image\/\",\"url\":\"https:\/\/meigasdarua.org\/wp-content\/uploads\/2020\/09\/cropped-logo-meigas-5.png\",\"contentUrl\":\"https:\/\/meigasdarua.org\/wp-content\/uploads\/2020\/09\/cropped-logo-meigas-5.png\",\"width\":109,\"height\":200,\"caption\":\"Meigas da r\u00faa\"},\"image\":{\"@id\":\"https:\/\/elojocojo.org\/#\/schema\/logo\/image\/\"},\"sameAs\":[\"https:\/\/www.facebook.com\/elojocojo\",\"https:\/\/x.com\/elojocojo\",\"https:\/\/www.instagram.com\/elojocojo\/?hl=es\",\"https:\/\/www.linkedin.com\/in\/el-ojo-cojo-b52b7769\/\",\"https:\/\/www.pinterest.es\/elojocojo\/_saved\/\",\"https:\/\/www.youtube.com\/channel\/UCkFtFTV0Bms7zH7vq8FZxZg\"]},{\"@type\":\"Person\",\"@id\":\"https:\/\/elojocojo.org\/#\/schema\/person\/cba15985dd5da095cac31c1ff0d6e23e\",\"name\":\"cojo\",\"url\":\"https:\/\/elojocojo.org\/author\/cojo\/\"}]}<\/script>\n<!-- \/ Yoast SEO plugin. -->","yoast_head_json":{"title":"Intercambio - el ojO cojo","description":"Intercambio, corto espa\u00f1ol de Novellino y Quintanilla, sobre lucha campesina, exhibido en el Festival el ojO cojo.","robots":{"index":"index","follow":"follow","max-snippet":"max-snippet:-1","max-image-preview":"max-image-preview:large","max-video-preview":"max-video-preview:-1"},"canonical":"https:\/\/elojocojo.org\/intercambio\/","og_locale":"es_ES","og_type":"article","og_title":"Intercambio - el ojO cojo","og_description":"Intercambio, corto espa\u00f1ol de Novellino y Quintanilla, sobre lucha campesina, exhibido en el Festival el ojO cojo.","og_url":"https:\/\/elojocojo.org\/intercambio\/","og_site_name":"el ojO cojo","article_publisher":"https:\/\/www.facebook.com\/elojocojo","article_published_time":"2020-07-24T06:53:53+00:00","article_modified_time":"2025-09-30T16:41:44+00:00","og_image":[{"width":920,"height":610,"url":"https:\/\/elojocojo.org\/wp-content\/uploads\/2020\/07\/INTERCAMBIO-300x199-1.jpg","type":"image\/jpeg"}],"author":"cojo","twitter_card":"summary_large_image","twitter_creator":"@elojocojo","twitter_site":"@elojocojo","twitter_misc":{"Escrito por":"cojo","Tiempo de lectura":"1 minuto"},"schema":{"@context":"https:\/\/schema.org","@graph":[{"@type":"Article","@id":"https:\/\/elojocojo.org\/intercambio\/#article","isPartOf":{"@id":"https:\/\/elojocojo.org\/intercambio\/"},"author":{"name":"cojo","@id":"https:\/\/elojocojo.org\/#\/schema\/person\/cba15985dd5da095cac31c1ff0d6e23e"},"headline":"Intercambio","datePublished":"2020-07-24T06:53:53+00:00","dateModified":"2025-09-30T16:41:44+00:00","mainEntityOfPage":{"@id":"https:\/\/elojocojo.org\/intercambio\/"},"wordCount":429,"publisher":{"@id":"https:\/\/elojocojo.org\/#organization"},"image":{"@id":"https:\/\/elojocojo.org\/intercambio\/#primaryimage"},"thumbnailUrl":"https:\/\/elojocojo.org\/wp-content\/uploads\/2020\/07\/INTERCAMBIO-300x199-1.jpg","keywords":["2010","adultos mayores","Alianzas para lograr objetivos","amor filial","conflicto","costumbres y tradiciones","enfermedad","Espa\u00f1a","espa\u00f1ol","espa\u00b1ol","esperanza","estereotipos","Europa","familia","festival de cine","Festival el Ojo cojo","ficci\u00f3n","guerrilla","ingl\u00e9s","pobreza","terrorismo","violencia"],"articleSection":["Cortometraje","Festival 2010","Ficci\u00f3n"],"inLanguage":"es"},{"@type":"WebPage","@id":"https:\/\/elojocojo.org\/intercambio\/","url":"https:\/\/elojocojo.org\/intercambio\/","name":"Intercambio - el ojO cojo","isPartOf":{"@id":"https:\/\/elojocojo.org\/#website"},"primaryImageOfPage":{"@id":"https:\/\/elojocojo.org\/intercambio\/#primaryimage"},"image":{"@id":"https:\/\/elojocojo.org\/intercambio\/#primaryimage"},"thumbnailUrl":"https:\/\/elojocojo.org\/wp-content\/uploads\/2020\/07\/INTERCAMBIO-300x199-1.jpg","datePublished":"2020-07-24T06:53:53+00:00","dateModified":"2025-09-30T16:41:44+00:00","description":"Intercambio, corto espa\u00f1ol de Novellino y Quintanilla, sobre lucha campesina, exhibido en el Festival el ojO cojo.","breadcrumb":{"@id":"https:\/\/elojocojo.org\/intercambio\/#breadcrumb"},"inLanguage":"es","potentialAction":[{"@type":"ReadAction","target":["https:\/\/elojocojo.org\/intercambio\/"]}]},{"@type":"ImageObject","inLanguage":"es","@id":"https:\/\/elojocojo.org\/intercambio\/#primaryimage","url":"https:\/\/elojocojo.org\/wp-content\/uploads\/2020\/07\/INTERCAMBIO-300x199-1.jpg","contentUrl":"https:\/\/elojocojo.org\/wp-content\/uploads\/2020\/07\/INTERCAMBIO-300x199-1.jpg","width":920,"height":610,"caption":"Se ve un hombre segando el campo con una hoz en el campo cosechado"},{"@type":"BreadcrumbList","@id":"https:\/\/elojocojo.org\/intercambio\/#breadcrumb","itemListElement":[{"@type":"ListItem","position":1,"name":"Portada","item":"https:\/\/elojocojo.org\/"},{"@type":"ListItem","position":2,"name":"2010","item":"https:\/\/elojocojo.org\/tag\/2010\/"},{"@type":"ListItem","position":3,"name":"Intercambio"}]},{"@type":"WebSite","@id":"https:\/\/elojocojo.org\/#website","url":"https:\/\/elojocojo.org\/","name":"el ojO cojo","description":"Todos estamos hechos de la misma esencia","publisher":{"@id":"https:\/\/elojocojo.org\/#organization"},"potentialAction":[{"@type":"SearchAction","target":{"@type":"EntryPoint","urlTemplate":"https:\/\/elojocojo.org\/?s={search_term_string}"},"query-input":{"@type":"PropertyValueSpecification","valueRequired":true,"valueName":"search_term_string"}}],"inLanguage":"es"},{"@type":"Organization","@id":"https:\/\/elojocojo.org\/#organization","name":"Meigas da r\u00faa","url":"https:\/\/elojocojo.org\/","logo":{"@type":"ImageObject","inLanguage":"es","@id":"https:\/\/elojocojo.org\/#\/schema\/logo\/image\/","url":"https:\/\/meigasdarua.org\/wp-content\/uploads\/2020\/09\/cropped-logo-meigas-5.png","contentUrl":"https:\/\/meigasdarua.org\/wp-content\/uploads\/2020\/09\/cropped-logo-meigas-5.png","width":109,"height":200,"caption":"Meigas da r\u00faa"},"image":{"@id":"https:\/\/elojocojo.org\/#\/schema\/logo\/image\/"},"sameAs":["https:\/\/www.facebook.com\/elojocojo","https:\/\/x.com\/elojocojo","https:\/\/www.instagram.com\/elojocojo\/?hl=es","https:\/\/www.linkedin.com\/in\/el-ojo-cojo-b52b7769\/","https:\/\/www.pinterest.es\/elojocojo\/_saved\/","https:\/\/www.youtube.com\/channel\/UCkFtFTV0Bms7zH7vq8FZxZg"]},{"@type":"Person","@id":"https:\/\/elojocojo.org\/#\/schema\/person\/cba15985dd5da095cac31c1ff0d6e23e","name":"cojo","url":"https:\/\/elojocojo.org\/author\/cojo\/"}]}},"_links":{"self":[{"href":"https:\/\/elojocojo.org\/wp-json\/wp\/v2\/posts\/24335","targetHints":{"allow":["GET"]}}],"collection":[{"href":"https:\/\/elojocojo.org\/wp-json\/wp\/v2\/posts"}],"about":[{"href":"https:\/\/elojocojo.org\/wp-json\/wp\/v2\/types\/post"}],"author":[{"embeddable":true,"href":"https:\/\/elojocojo.org\/wp-json\/wp\/v2\/users\/11"}],"replies":[{"embeddable":true,"href":"https:\/\/elojocojo.org\/wp-json\/wp\/v2\/comments?post=24335"}],"version-history":[{"count":32,"href":"https:\/\/elojocojo.org\/wp-json\/wp\/v2\/posts\/24335\/revisions"}],"predecessor-version":[{"id":69905,"href":"https:\/\/elojocojo.org\/wp-json\/wp\/v2\/posts\/24335\/revisions\/69905"}],"wp:featuredmedia":[{"embeddable":true,"href":"https:\/\/elojocojo.org\/wp-json\/wp\/v2\/media\/63942"}],"wp:attachment":[{"href":"https:\/\/elojocojo.org\/wp-json\/wp\/v2\/media?parent=24335"}],"wp:term":[{"taxonomy":"category","embeddable":true,"href":"https:\/\/elojocojo.org\/wp-json\/wp\/v2\/categories?post=24335"},{"taxonomy":"post_tag","embeddable":true,"href":"https:\/\/elojocojo.org\/wp-json\/wp\/v2\/tags?post=24335"}],"curies":[{"name":"wp","href":"https:\/\/api.w.org\/{rel}","templated":true}]}}