{"id":24322,"date":"2020-07-23T22:52:38","date_gmt":"2020-07-24T05:52:38","guid":{"rendered":"http:\/\/www.elojocojo.org\/?p=24322"},"modified":"2026-03-11T18:10:17","modified_gmt":"2026-03-11T17:10:17","slug":"fiebre","status":"publish","type":"post","link":"https:\/\/elojocojo.org\/fiebre\/","title":{"rendered":"Fiebre"},"content":{"rendered":"\n<figure class=\"wp-block-embed is-type-video is-provider-youtube wp-block-embed-youtube wp-embed-aspect-16-9 wp-has-aspect-ratio\"><div class=\"wp-block-embed__wrapper\">\n<iframe title=\"Fiebre trailer.mov\" width=\"1140\" height=\"641\" src=\"https:\/\/www.youtube.com\/embed\/7DZrpJjSHF4?feature=oembed\" frameborder=\"0\" allow=\"accelerometer; autoplay; clipboard-write; encrypted-media; gyroscope; picture-in-picture; web-share\" referrerpolicy=\"strict-origin-when-cross-origin\" allowfullscreen><\/iframe>\n<\/div><\/figure>\n\n\n\n<p><br \/>T\u00edtulo: Fiebre<br \/><br \/>A\u00f1o : 2011<br \/><br \/>Director: Ignacio Guarderas Merlo<br \/><br \/>G\u00e9nero: Ficci\u00f3n<br \/><br \/>Pa\u00eds: Espa\u00f1a <br \/><br \/>Duraci\u00f3n: 67&#8242;<br \/><br \/>Tipo: Color<br \/><br \/>Idioma: Espa\u00f1ol<br \/><\/p>\n\n\n\n<h3 class=\"wp-block-heading\"><strong>Sinopsis<\/strong><\/h3>\n\n\n\n<h2 class=\"wp-block-heading\"><strong>Un verano en los m\u00e1rgenes<\/strong><\/h2>\n\n\n\n<p>En <em>Fiebre<\/em>, la historia se sit\u00faa en una zona rural cercana a la costa de Granada, donde la vida transcurre marcada por el trabajo agr\u00edcola y la precariedad econ\u00f3mica. En este contexto vive Olaia, una madre joven que intenta salir adelante junto a su hijo peque\u00f1o. Desde el inicio, ambos comparten una relaci\u00f3n muy estrecha y casi exclusiva, construida en medio de dificultades materiales y de un futuro incierto. De esta manera, la pel\u00edcula retrata este espacio cotidiano con una mirada cercana y naturalista, mostrando un paisaje humano donde la supervivencia y los afectos se entrelazan constantemente.<\/p>\n\n\n\n<h2 class=\"wp-block-heading\"><strong>Una decisi\u00f3n necesaria<\/strong><\/h2>\n\n\n\n<p>Sin embargo, las dificultades econ\u00f3micas obligan a Olaia a tomar una decisi\u00f3n que cambiar\u00e1 la din\u00e1mica de su hogar: alquilar una habitaci\u00f3n de la casa para conseguir algo de dinero. As\u00ed, aparece Sebas, un trabajador del campo que llega como inquilino temporal. Con su llegada, su presencia introduce un nuevo elemento en la vida de madre e hijo, alterando la rutina que hasta entonces hab\u00edan construido juntos. A partir de ese momento, el equilibrio del hogar comienza a transformarse de manera gradual.<\/p>\n\n\n\n<h2 class=\"wp-block-heading\"><strong>El nacimiento de un v\u00ednculo<\/strong><\/h2>\n\n\n\n<p>Con el paso del tiempo, a medida que conviven, entre Olaia y Sebas comienza a surgir una relaci\u00f3n afectiva que poco a poco se vuelve m\u00e1s \u00edntima. Para Olaia, adem\u00e1s, esta relaci\u00f3n representa la posibilidad de abrirse a una nueva etapa sentimental. No obstante, el acercamiento entre los adultos tambi\u00e9n despierta tensiones silenciosas dentro de la casa, especialmente para el ni\u00f1o, que percibe que el lugar que ocupaba junto a su madre ya no es el mismo.<\/p>\n\n\n\n<h2 class=\"wp-block-heading\"><strong>La mirada del ni\u00f1o<\/strong><\/h2>\n\n\n\n<p>Mientras tanto, el hijo observa con inquietud c\u00f3mo la atenci\u00f3n de su madre empieza a dividirse. De hecho, sus reacciones, a veces sutiles y otras m\u00e1s intensas, reflejan el conflicto emocional que vive al sentir que pierde parte del v\u00ednculo exclusivo que manten\u00eda con ella. En este sentido, la pel\u00edcula pone especial \u00e9nfasis en esta mirada infantil, mostrando c\u00f3mo los cambios en el mundo adulto afectan profundamente a los m\u00e1s peque\u00f1os. Al mismo tiempo, el silencio y los gestos del ni\u00f1o revelan emociones dif\u00edciles de expresar con palabras.<\/p>\n\n\n\n<h2 class=\"wp-block-heading\"><strong>Un retrato \u00edntimo de la fragilidad<\/strong><\/h2>\n\n\n\n<p>Finalmente, con un estilo cercano al documental y un ritmo pausado, <em>Fiebre<\/em> construye un retrato \u00edntimo sobre la fragilidad de los afectos y las tensiones que surgen dentro de una familia vulnerable. De este modo, la pel\u00edcula explora c\u00f3mo el deseo de reconstruir la propia vida puede entrar en conflicto con los lazos familiares, revelando la complejidad emocional que se esconde en los gestos cotidianos y en las decisiones aparentemente simples.<\/p>\n\n\n<div class=\"wp-block-image\">\n<figure class=\"aligncenter size-full is-resized\"><img decoding=\"async\" width=\"2560\" height=\"1600\" src=\"https:\/\/elojocojo.org\/wp-content\/uploads\/2020\/07\/fiebre-1-scaled.jpg\" alt=\"Como car\u00e1tula de presentaci\u00f3n, esto fotograma con el r\u00f3tulo de Fiebre en la composici\u00f3n presenta a madre e hijo sentados en el sof\u00e1. Olaia trata de interactuar con Nico mientras este est\u00e1 concentrado jugando a la consola.\" class=\"wp-image-75817\" style=\"width:320px;height:auto\" title=\"Fiebre\" srcset=\"https:\/\/elojocojo.org\/wp-content\/uploads\/2020\/07\/fiebre-1-scaled.jpg 2560w, https:\/\/elojocojo.org\/wp-content\/uploads\/2020\/07\/fiebre-1-400x250.jpg 400w, https:\/\/elojocojo.org\/wp-content\/uploads\/2020\/07\/fiebre-1-576x360.jpg 576w, https:\/\/elojocojo.org\/wp-content\/uploads\/2020\/07\/fiebre-1-300x187.jpg 300w, https:\/\/elojocojo.org\/wp-content\/uploads\/2020\/07\/fiebre-1-768x480.jpg 768w, https:\/\/elojocojo.org\/wp-content\/uploads\/2020\/07\/fiebre-1-1536x960.jpg 1536w, https:\/\/elojocojo.org\/wp-content\/uploads\/2020\/07\/fiebre-1-2048x1280.jpg 2048w\" sizes=\"(max-width: 2560px) 100vw, 2560px\" \/><\/figure>\n<\/div>\n\n\n<h5 class=\"wp-block-heading\"><strong>Palmar\u00e9s<\/strong><\/h5>\n\n\n\n<p><strong>2011<\/strong><br \/> &#8211; Festival VISUAL XI de Cine Nov\u00edsimo Ciudad de Majadahonda &#8211; \u00d3pera Prima<br \/><br \/><strong><a href=\"https:\/\/www.filmaffinity.com\/ec\/film619744.html\">FilmAffinity<\/a><\/strong>: 5,5\/10<\/p>\n\n\n\n<p>El filme <em>Fiebre <\/em>particip\u00f3 en la edici\u00f3n <strong><a href=\"https:\/\/elojocojo.org\/bienvenida\/festivalelojocojo\/festival-2011\/\" type=\"link\" id=\"https:\/\/elojocojo.org\/bienvenida\/festivalelojocojo\/festival-2011\/\">2011<\/a> <\/strong>del <strong><a href=\"https:\/\/elojocojo.org\/bienvenida\/festivalelojocojo\/\" type=\"link\" id=\"https:\/\/elojocojo.org\/bienvenida\/festivalelojocojo\/\">Festival de cine el ojO cojo<\/a><\/strong>  y nos sentimos honrados de haberla exhibido.<br \/><br \/>Visita nuestro <strong><a href=\"https:\/\/el-ojocojo.blogspot.com\/\">blog<\/a><\/strong>.<\/p>\n\n\n\n<p><\/p>\n","protected":false},"excerpt":{"rendered":"<p>Fiebre (2011) es un largometraje de ficci\u00f3n dirigido por Ignacio Guarderas Merlo que aborda el v\u00ednculo familiar entre madre-hijo en un contexto de precariedad. <\/p>\n","protected":false},"author":205,"featured_media":24323,"comment_status":"closed","ping_status":"closed","sticky":false,"template":"","format":"standard","meta":{"_monsterinsights_skip_tracking":false,"_monsterinsights_sitenote_active":false,"_monsterinsights_sitenote_note":"","_monsterinsights_sitenote_category":0,"footnotes":""},"categories":[2053,4,2070],"tags":[2080,169,112,962,1737,1270,138,2119,15,1981,1982,1628,1618,288,1438,1057,1013],"class_list":{"0":"post-24322","1":"post","2":"type-post","3":"status-publish","4":"format-standard","5":"has-post-thumbnail","7":"category-documental","8":"category-festival-2011","9":"category-largometraje","10":"tag-2080","11":"tag-amistad","12":"tag-amor","13":"tag-amor-filial","14":"tag-drama","15":"tag-empleo","16":"tag-espana","17":"tag-espanol","18":"tag-familia","19":"tag-festival-de-cine","20":"tag-festival-el-ojo-cojo","21":"tag-ficcion","22":"tag-infancia","23":"tag-jovenes","24":"tag-pobreza","25":"tag-trabajo-decente-y-crecimiento-economico","26":"tag-vida-cotidiana","27":"czr-hentry"},"yoast_head":"<!-- This site is optimized with the Yoast SEO plugin v27.1.1 - https:\/\/yoast.com\/product\/yoast-seo-wordpress\/ -->\n<title>Fiebre - el ojO cojo<\/title>\n<meta name=\"description\" content=\"El largometraje espa\u00f1ol Fiebre (2011) dirigido por Ignacio Guarderas Merlo aborda los v\u00ednculos familiares en contextos de pobreza.\" \/>\n<meta name=\"robots\" content=\"index, follow, max-snippet:-1, max-image-preview:large, max-video-preview:-1\" \/>\n<link rel=\"canonical\" href=\"https:\/\/elojocojo.org\/fiebre\/\" \/>\n<meta property=\"og:locale\" content=\"es_ES\" \/>\n<meta property=\"og:type\" content=\"article\" \/>\n<meta property=\"og:title\" content=\"Fiebre - el ojO cojo\" \/>\n<meta property=\"og:description\" content=\"El largometraje espa\u00f1ol Fiebre (2011) dirigido por Ignacio Guarderas Merlo aborda los v\u00ednculos familiares en contextos de pobreza.\" \/>\n<meta property=\"og:url\" content=\"https:\/\/elojocojo.org\/fiebre\/\" \/>\n<meta property=\"og:site_name\" content=\"el ojO cojo\" \/>\n<meta property=\"article:publisher\" content=\"https:\/\/www.facebook.com\/elojocojo\" \/>\n<meta property=\"article:published_time\" content=\"2020-07-24T05:52:38+00:00\" \/>\n<meta property=\"article:modified_time\" content=\"2026-03-11T17:10:17+00:00\" \/>\n<meta property=\"og:image\" content=\"https:\/\/elojocojo.org\/wp-content\/uploads\/2020\/07\/Fiebre.jpg\" \/>\n\t<meta property=\"og:image:width\" content=\"1280\" \/>\n\t<meta property=\"og:image:height\" content=\"720\" \/>\n\t<meta property=\"og:image:type\" content=\"image\/jpeg\" \/>\n<meta name=\"author\" content=\"Eva Bravo\" \/>\n<meta name=\"twitter:card\" content=\"summary_large_image\" \/>\n<meta name=\"twitter:creator\" content=\"@elojocojo\" \/>\n<meta name=\"twitter:site\" content=\"@elojocojo\" \/>\n<meta name=\"twitter:label1\" content=\"Escrito por\" \/>\n\t<meta name=\"twitter:data1\" content=\"Eva Bravo\" \/>\n\t<meta name=\"twitter:label2\" content=\"Tiempo de lectura\" \/>\n\t<meta name=\"twitter:data2\" content=\"1 minuto\" \/>\n<script type=\"application\/ld+json\" class=\"yoast-schema-graph\">{\"@context\":\"https:\/\/schema.org\",\"@graph\":[{\"@type\":\"Article\",\"@id\":\"https:\/\/elojocojo.org\/fiebre\/#article\",\"isPartOf\":{\"@id\":\"https:\/\/elojocojo.org\/fiebre\/\"},\"author\":{\"name\":\"Eva Bravo\",\"@id\":\"https:\/\/elojocojo.org\/#\/schema\/person\/9e2fd1dab4f4901b90c96ca8bc20d5ea\"},\"headline\":\"Fiebre\",\"datePublished\":\"2020-07-24T05:52:38+00:00\",\"dateModified\":\"2026-03-11T17:10:17+00:00\",\"mainEntityOfPage\":{\"@id\":\"https:\/\/elojocojo.org\/fiebre\/\"},\"wordCount\":548,\"publisher\":{\"@id\":\"https:\/\/elojocojo.org\/#organization\"},\"image\":{\"@id\":\"https:\/\/elojocojo.org\/fiebre\/#primaryimage\"},\"thumbnailUrl\":\"https:\/\/elojocojo.org\/wp-content\/uploads\/2020\/07\/Fiebre.jpg\",\"keywords\":[\"2011\",\"amistad\",\"amor\",\"amor filial\",\"drama\",\"empleo\",\"Espa\u00f1a\",\"espa\u00f1ol\",\"familia\",\"festival de cine\",\"Festival el Ojo cojo\",\"ficci\u00f3n\",\"infancia\",\"j\u00f3venes\",\"pobreza\",\"Trabajo decente y crecimiento econ\u00f3mico\",\"vida cotidiana\"],\"articleSection\":[\"Documental\",\"Festival 2011\",\"Largometraje\"],\"inLanguage\":\"es\"},{\"@type\":\"WebPage\",\"@id\":\"https:\/\/elojocojo.org\/fiebre\/\",\"url\":\"https:\/\/elojocojo.org\/fiebre\/\",\"name\":\"Fiebre - el ojO cojo\",\"isPartOf\":{\"@id\":\"https:\/\/elojocojo.org\/#website\"},\"primaryImageOfPage\":{\"@id\":\"https:\/\/elojocojo.org\/fiebre\/#primaryimage\"},\"image\":{\"@id\":\"https:\/\/elojocojo.org\/fiebre\/#primaryimage\"},\"thumbnailUrl\":\"https:\/\/elojocojo.org\/wp-content\/uploads\/2020\/07\/Fiebre.jpg\",\"datePublished\":\"2020-07-24T05:52:38+00:00\",\"dateModified\":\"2026-03-11T17:10:17+00:00\",\"description\":\"El largometraje espa\u00f1ol Fiebre (2011) dirigido por Ignacio Guarderas Merlo aborda los v\u00ednculos familiares en contextos de pobreza.\",\"breadcrumb\":{\"@id\":\"https:\/\/elojocojo.org\/fiebre\/#breadcrumb\"},\"inLanguage\":\"es\",\"potentialAction\":[{\"@type\":\"ReadAction\",\"target\":[\"https:\/\/elojocojo.org\/fiebre\/\"]}]},{\"@type\":\"ImageObject\",\"inLanguage\":\"es\",\"@id\":\"https:\/\/elojocojo.org\/fiebre\/#primaryimage\",\"url\":\"https:\/\/elojocojo.org\/wp-content\/uploads\/2020\/07\/Fiebre.jpg\",\"contentUrl\":\"https:\/\/elojocojo.org\/wp-content\/uploads\/2020\/07\/Fiebre.jpg\",\"width\":1280,\"height\":720,\"caption\":\"Fotograma de Fiebre en el que Olaia est\u00e1 incorporada sobre su cama con una cortina cubri\u00e9ndole los ojos.\"},{\"@type\":\"BreadcrumbList\",\"@id\":\"https:\/\/elojocojo.org\/fiebre\/#breadcrumb\",\"itemListElement\":[{\"@type\":\"ListItem\",\"position\":1,\"name\":\"Portada\",\"item\":\"https:\/\/elojocojo.org\/\"},{\"@type\":\"ListItem\",\"position\":2,\"name\":\"2011\",\"item\":\"https:\/\/elojocojo.org\/tag\/2011\/\"},{\"@type\":\"ListItem\",\"position\":3,\"name\":\"Fiebre\"}]},{\"@type\":\"WebSite\",\"@id\":\"https:\/\/elojocojo.org\/#website\",\"url\":\"https:\/\/elojocojo.org\/\",\"name\":\"el ojO cojo\",\"description\":\"Todos estamos hechos de la misma esencia\",\"publisher\":{\"@id\":\"https:\/\/elojocojo.org\/#organization\"},\"potentialAction\":[{\"@type\":\"SearchAction\",\"target\":{\"@type\":\"EntryPoint\",\"urlTemplate\":\"https:\/\/elojocojo.org\/?s={search_term_string}\"},\"query-input\":{\"@type\":\"PropertyValueSpecification\",\"valueRequired\":true,\"valueName\":\"search_term_string\"}}],\"inLanguage\":\"es\"},{\"@type\":\"Organization\",\"@id\":\"https:\/\/elojocojo.org\/#organization\",\"name\":\"Meigas da r\u00faa\",\"url\":\"https:\/\/elojocojo.org\/\",\"logo\":{\"@type\":\"ImageObject\",\"inLanguage\":\"es\",\"@id\":\"https:\/\/elojocojo.org\/#\/schema\/logo\/image\/\",\"url\":\"https:\/\/meigasdarua.org\/wp-content\/uploads\/2020\/09\/cropped-logo-meigas-5.png\",\"contentUrl\":\"https:\/\/meigasdarua.org\/wp-content\/uploads\/2020\/09\/cropped-logo-meigas-5.png\",\"width\":109,\"height\":200,\"caption\":\"Meigas da r\u00faa\"},\"image\":{\"@id\":\"https:\/\/elojocojo.org\/#\/schema\/logo\/image\/\"},\"sameAs\":[\"https:\/\/www.facebook.com\/elojocojo\",\"https:\/\/x.com\/elojocojo\",\"https:\/\/www.instagram.com\/elojocojo\/?hl=es\",\"https:\/\/www.linkedin.com\/in\/el-ojo-cojo-b52b7769\/\",\"https:\/\/www.pinterest.es\/elojocojo\/_saved\/\",\"https:\/\/www.youtube.com\/channel\/UCkFtFTV0Bms7zH7vq8FZxZg\"]},{\"@type\":\"Person\",\"@id\":\"https:\/\/elojocojo.org\/#\/schema\/person\/9e2fd1dab4f4901b90c96ca8bc20d5ea\",\"name\":\"Eva Bravo\",\"url\":\"https:\/\/elojocojo.org\/author\/eva-bravo\/\"}]}<\/script>\n<!-- \/ Yoast SEO plugin. -->","yoast_head_json":{"title":"Fiebre - el ojO cojo","description":"El largometraje espa\u00f1ol Fiebre (2011) dirigido por Ignacio Guarderas Merlo aborda los v\u00ednculos familiares en contextos de pobreza.","robots":{"index":"index","follow":"follow","max-snippet":"max-snippet:-1","max-image-preview":"max-image-preview:large","max-video-preview":"max-video-preview:-1"},"canonical":"https:\/\/elojocojo.org\/fiebre\/","og_locale":"es_ES","og_type":"article","og_title":"Fiebre - el ojO cojo","og_description":"El largometraje espa\u00f1ol Fiebre (2011) dirigido por Ignacio Guarderas Merlo aborda los v\u00ednculos familiares en contextos de pobreza.","og_url":"https:\/\/elojocojo.org\/fiebre\/","og_site_name":"el ojO cojo","article_publisher":"https:\/\/www.facebook.com\/elojocojo","article_published_time":"2020-07-24T05:52:38+00:00","article_modified_time":"2026-03-11T17:10:17+00:00","og_image":[{"width":1280,"height":720,"url":"https:\/\/elojocojo.org\/wp-content\/uploads\/2020\/07\/Fiebre.jpg","type":"image\/jpeg"}],"author":"Eva Bravo","twitter_card":"summary_large_image","twitter_creator":"@elojocojo","twitter_site":"@elojocojo","twitter_misc":{"Escrito por":"Eva Bravo","Tiempo de lectura":"1 minuto"},"schema":{"@context":"https:\/\/schema.org","@graph":[{"@type":"Article","@id":"https:\/\/elojocojo.org\/fiebre\/#article","isPartOf":{"@id":"https:\/\/elojocojo.org\/fiebre\/"},"author":{"name":"Eva Bravo","@id":"https:\/\/elojocojo.org\/#\/schema\/person\/9e2fd1dab4f4901b90c96ca8bc20d5ea"},"headline":"Fiebre","datePublished":"2020-07-24T05:52:38+00:00","dateModified":"2026-03-11T17:10:17+00:00","mainEntityOfPage":{"@id":"https:\/\/elojocojo.org\/fiebre\/"},"wordCount":548,"publisher":{"@id":"https:\/\/elojocojo.org\/#organization"},"image":{"@id":"https:\/\/elojocojo.org\/fiebre\/#primaryimage"},"thumbnailUrl":"https:\/\/elojocojo.org\/wp-content\/uploads\/2020\/07\/Fiebre.jpg","keywords":["2011","amistad","amor","amor filial","drama","empleo","Espa\u00f1a","espa\u00f1ol","familia","festival de cine","Festival el Ojo cojo","ficci\u00f3n","infancia","j\u00f3venes","pobreza","Trabajo decente y crecimiento econ\u00f3mico","vida cotidiana"],"articleSection":["Documental","Festival 2011","Largometraje"],"inLanguage":"es"},{"@type":"WebPage","@id":"https:\/\/elojocojo.org\/fiebre\/","url":"https:\/\/elojocojo.org\/fiebre\/","name":"Fiebre - el ojO cojo","isPartOf":{"@id":"https:\/\/elojocojo.org\/#website"},"primaryImageOfPage":{"@id":"https:\/\/elojocojo.org\/fiebre\/#primaryimage"},"image":{"@id":"https:\/\/elojocojo.org\/fiebre\/#primaryimage"},"thumbnailUrl":"https:\/\/elojocojo.org\/wp-content\/uploads\/2020\/07\/Fiebre.jpg","datePublished":"2020-07-24T05:52:38+00:00","dateModified":"2026-03-11T17:10:17+00:00","description":"El largometraje espa\u00f1ol Fiebre (2011) dirigido por Ignacio Guarderas Merlo aborda los v\u00ednculos familiares en contextos de pobreza.","breadcrumb":{"@id":"https:\/\/elojocojo.org\/fiebre\/#breadcrumb"},"inLanguage":"es","potentialAction":[{"@type":"ReadAction","target":["https:\/\/elojocojo.org\/fiebre\/"]}]},{"@type":"ImageObject","inLanguage":"es","@id":"https:\/\/elojocojo.org\/fiebre\/#primaryimage","url":"https:\/\/elojocojo.org\/wp-content\/uploads\/2020\/07\/Fiebre.jpg","contentUrl":"https:\/\/elojocojo.org\/wp-content\/uploads\/2020\/07\/Fiebre.jpg","width":1280,"height":720,"caption":"Fotograma de Fiebre en el que Olaia est\u00e1 incorporada sobre su cama con una cortina cubri\u00e9ndole los ojos."},{"@type":"BreadcrumbList","@id":"https:\/\/elojocojo.org\/fiebre\/#breadcrumb","itemListElement":[{"@type":"ListItem","position":1,"name":"Portada","item":"https:\/\/elojocojo.org\/"},{"@type":"ListItem","position":2,"name":"2011","item":"https:\/\/elojocojo.org\/tag\/2011\/"},{"@type":"ListItem","position":3,"name":"Fiebre"}]},{"@type":"WebSite","@id":"https:\/\/elojocojo.org\/#website","url":"https:\/\/elojocojo.org\/","name":"el ojO cojo","description":"Todos estamos hechos de la misma esencia","publisher":{"@id":"https:\/\/elojocojo.org\/#organization"},"potentialAction":[{"@type":"SearchAction","target":{"@type":"EntryPoint","urlTemplate":"https:\/\/elojocojo.org\/?s={search_term_string}"},"query-input":{"@type":"PropertyValueSpecification","valueRequired":true,"valueName":"search_term_string"}}],"inLanguage":"es"},{"@type":"Organization","@id":"https:\/\/elojocojo.org\/#organization","name":"Meigas da r\u00faa","url":"https:\/\/elojocojo.org\/","logo":{"@type":"ImageObject","inLanguage":"es","@id":"https:\/\/elojocojo.org\/#\/schema\/logo\/image\/","url":"https:\/\/meigasdarua.org\/wp-content\/uploads\/2020\/09\/cropped-logo-meigas-5.png","contentUrl":"https:\/\/meigasdarua.org\/wp-content\/uploads\/2020\/09\/cropped-logo-meigas-5.png","width":109,"height":200,"caption":"Meigas da r\u00faa"},"image":{"@id":"https:\/\/elojocojo.org\/#\/schema\/logo\/image\/"},"sameAs":["https:\/\/www.facebook.com\/elojocojo","https:\/\/x.com\/elojocojo","https:\/\/www.instagram.com\/elojocojo\/?hl=es","https:\/\/www.linkedin.com\/in\/el-ojo-cojo-b52b7769\/","https:\/\/www.pinterest.es\/elojocojo\/_saved\/","https:\/\/www.youtube.com\/channel\/UCkFtFTV0Bms7zH7vq8FZxZg"]},{"@type":"Person","@id":"https:\/\/elojocojo.org\/#\/schema\/person\/9e2fd1dab4f4901b90c96ca8bc20d5ea","name":"Eva Bravo","url":"https:\/\/elojocojo.org\/author\/eva-bravo\/"}]}},"_links":{"self":[{"href":"https:\/\/elojocojo.org\/wp-json\/wp\/v2\/posts\/24322","targetHints":{"allow":["GET"]}}],"collection":[{"href":"https:\/\/elojocojo.org\/wp-json\/wp\/v2\/posts"}],"about":[{"href":"https:\/\/elojocojo.org\/wp-json\/wp\/v2\/types\/post"}],"author":[{"embeddable":true,"href":"https:\/\/elojocojo.org\/wp-json\/wp\/v2\/users\/205"}],"replies":[{"embeddable":true,"href":"https:\/\/elojocojo.org\/wp-json\/wp\/v2\/comments?post=24322"}],"version-history":[{"count":13,"href":"https:\/\/elojocojo.org\/wp-json\/wp\/v2\/posts\/24322\/revisions"}],"predecessor-version":[{"id":75973,"href":"https:\/\/elojocojo.org\/wp-json\/wp\/v2\/posts\/24322\/revisions\/75973"}],"wp:featuredmedia":[{"embeddable":true,"href":"https:\/\/elojocojo.org\/wp-json\/wp\/v2\/media\/24323"}],"wp:attachment":[{"href":"https:\/\/elojocojo.org\/wp-json\/wp\/v2\/media?parent=24322"}],"wp:term":[{"taxonomy":"category","embeddable":true,"href":"https:\/\/elojocojo.org\/wp-json\/wp\/v2\/categories?post=24322"},{"taxonomy":"post_tag","embeddable":true,"href":"https:\/\/elojocojo.org\/wp-json\/wp\/v2\/tags?post=24322"}],"curies":[{"name":"wp","href":"https:\/\/api.w.org\/{rel}","templated":true}]}}