{"id":24272,"date":"2020-07-22T23:32:15","date_gmt":"2020-07-23T06:32:15","guid":{"rendered":"http:\/\/www.elojocojo.org\/?p=24272"},"modified":"2025-09-30T18:42:42","modified_gmt":"2025-09-30T16:42:42","slug":"el-opositor","status":"publish","type":"post","link":"https:\/\/elojocojo.org\/el-opositor\/","title":{"rendered":"El opositor"},"content":{"rendered":"\n<figure class=\"wp-block-embed is-type-video is-provider-youtube wp-block-embed-youtube wp-embed-aspect-16-9 wp-has-aspect-ratio\"><div class=\"wp-block-embed__wrapper\">\n<iframe title=\"Teaser El Opositor\" width=\"1140\" height=\"641\" src=\"https:\/\/www.youtube.com\/embed\/kQ2TTPDo5es?feature=oembed\" frameborder=\"0\" allow=\"accelerometer; autoplay; clipboard-write; encrypted-media; gyroscope; picture-in-picture; web-share\" referrerpolicy=\"strict-origin-when-cross-origin\" allowfullscreen><\/iframe>\n<\/div><\/figure>\n\n\n\n<div class=\"wp-block-group is-nowrap is-layout-flex wp-container-core-group-is-layout-ad2f72ca wp-block-group-is-layout-flex\">\n<p><br \/>T\u00cdTULO: <em>El opositor<\/em><\/p>\n<\/div>\n\n\n\n<p>T\u00cdTULO ORIGINAL: <em>El opositor<\/em><\/p>\n\n\n\n<p>A\u00d1O: 2009<\/p>\n\n\n\n<p>DIRECTOR: Mar\u00eda Gir\u00e1ldez y Miguel Provencio<\/p>\n\n\n\n<p>G\u00c9NERO CINEMATOGR\u00c1FICO: Ficci\u00f3n<\/p>\n\n\n\n<p>DURACI\u00d3N: 15\u2019<\/p>\n\n\n\n<p>PA\u00cdS: Espa\u00f1a<\/p>\n\n\n\n<p>FORMATO ORIGINAL: HDV<\/p>\n\n\n\n<p>TIPO: Color<\/p>\n\n\n\n<p>IDIOMA ORIGINAL: Espa\u00f1ol<\/p>\n\n\n\n<p>SUBT\u00cdTULOS: Ingl\u00e9s y Franc\u00e9s<\/p>\n\n\n\n<p>INT\u00c9RPRETES: Fran Perea, Rub\u00e9n Mill\u00e1n, Juan Lombardero, Mar\u00eda Jes\u00fas Quesada, Ces\u00e1reo Est\u00e9banez, Pepa Castillo, Petra Mart\u00ednez, Luis Dos Santos, Lidia Provencio, Gloria del Corral, Rosario Esteba\u00f1ez, Luis Bermejo, Jonathan Torrente<\/p>\n\n\n\n<p>PRODUCCI\u00d3N: La Flaka Films y Contrasentido PC<\/p>\n\n\n\n<p>GUION: Mar\u00eda Gir\u00e1ldez, Lidia Provencio, Miguel Provencio<\/p>\n\n\n\n<p>DIRECCI\u00d3N DE FOTOGRAF\u00cdA: Jos\u00e9 Luis Pecharrom\u00e1n<\/p>\n\n\n\n<h2 class=\"wp-block-heading\"><strong>S<\/strong>inopsis<\/h2>\n\n\n\n<h3 class=\"wp-block-heading\"><strong>Una meta obsesiva<\/strong><\/h3>\n\n\n\n<p>Emilio lleva ya ocho a\u00f1os prepar\u00e1ndose para conseguir un puesto dentro de la administraci\u00f3n. Desde el principio, cree firmemente que ese puesto es suyo por derecho propio. Por lo tanto, est\u00e1 decidido a no permitir que nada ni nadie lo despoje de su sue\u00f1o.<\/p>\n\n\n\n<h3 class=\"wp-block-heading\">Sacrificios personales<\/h3>\n\n\n\n<p>Ha dedicado ocho a\u00f1os de su vida en cuerpo y alma a un \u00fanico objetivo: obtener una plaza dentro de la administraci\u00f3n p\u00fablica. Por esta raz\u00f3n, ha renunciado a salidas con amigos, vacaciones, relaciones personales e incluso a oportunidades laborales mejor remuneradas. As\u00ed pues, su meta se ha convertido en su raz\u00f3n de ser. D\u00eda tras d\u00eda y a\u00f1o tras a\u00f1o, ha estudiado con disciplina casi militar, convencido de que el esfuerzo y la constancia bastan para alcanzar cualquier sue\u00f1o.<\/p>\n\n\n\n<h3 class=\"wp-block-heading\">Un sacrificio constante<\/h3>\n\n\n\n<p>Cada decisi\u00f3n en la vida de Emilio ha girado en torno a su objetivo. Mientras tanto, mientras sus amigos celebraban logros personales o profesionales, \u00e9l se sumerg\u00eda en libros y simulacros de examen. Incluso, sus relaciones familiares se han visto afectadas, ya que Emilio prioriza siempre su preparaci\u00f3n. Por ello, este sacrificio constante refuerza su convicci\u00f3n de que su dedicaci\u00f3n debe, inevitablemente, ser recompensada.<\/p>\n\n\n\n<h3 class=\"wp-block-heading\">Una plaza que siente suya<\/h3>\n\n\n\n<p>Para Emilio, esta no es simplemente una oposici\u00f3n m\u00e1s. Al contrario, es su plaza, la que siente que le pertenece por todo lo que ha sacrificado y por su fe inquebrantable en el sistema. Asimismo, se ha construido un relato en el que \u00e9l es el protagonista de una historia de superaci\u00f3n. Por consiguiente, cualquier intento de cuestionar esta narrativa es r\u00e1pidamente descartado.<\/p>\n\n\n\n<h3 class=\"wp-block-heading\">El d\u00eda del examen<\/h3>\n\n\n\n<p>Finalmente, llega el momento decisivo: el examen. Emilio, convencido de que todo est\u00e1 a punto de cambiar, se enfrenta a la prueba. Sin embargo, la aparici\u00f3n de nuevos candidatos, mejor preparados o con m\u00e1s recursos, despierta en \u00e9l una mezcla de frustraci\u00f3n e incredulidad. En ese instante, se pregunta: \u201c\u00bfY si no lo consigo? \u00bfY si todos esos a\u00f1os no bastan?\u201d.<\/p>\n\n\n\n<h3 class=\"wp-block-heading\">M\u00e1s all\u00e1 de una plaza<\/h3>\n\n\n\n<p>Aunque Emilio lucha ostensiblemente por una plaza, en realidad, en el fondo busca algo m\u00e1s. De hecho, desea demostrar su val\u00eda tanto a los dem\u00e1s como a s\u00ed mismo. Por lo tanto, su batalla va m\u00e1s all\u00e1 de lo tangible, reflejando una b\u00fasqueda personal de reconocimiento. En definitiva, su historia es mucho m\u00e1s que un examen; es un viaje hacia su propio valor. Por eso mismo, no piensa rendirse sin antes intentarlo todo.<\/p>\n\n\n\n<p><a href=\"https:\/\/www.imdb.com\/es-es\/title\/tt1997343\/\">IMDB<\/a>: 6.5 \/ 10.<\/p>\n\n\n\n<h3 class=\"wp-block-heading\">Palmar\u00e9s<\/h3>\n\n\n\n<p>2010<\/p>\n\n\n\n<p>Festival de Cine de Alicante<\/p>\n\n\n\n<ul class=\"wp-block-list\">\n<li>Mejor Cortometraje.<\/li>\n<\/ul>\n\n\n\n<p>Festival Internacional de Cortometrajes de M\u00f3stoles<\/p>\n\n\n\n<ul class=\"wp-block-list\">\n<li>Mejor Actor Fran Perea.<\/li>\n\n\n\n<li>Mejor Corto Nacional.<\/li>\n<\/ul>\n\n\n\n<p>Cinem\u00e1laga (M\u00e1laga)<\/p>\n\n\n\n<ul class=\"wp-block-list\">\n<li>Mejor Actor Fran Perea.<\/li>\n<\/ul>\n\n\n\n<p>III Festival de Cine Realizado por Mujeres de Tres Cantos (Madrid)<\/p>\n\n\n\n<ul class=\"wp-block-list\">\n<li>Mejor Corto.<\/li>\n<\/ul>\n\n\n\n<p>Festival de Melilla<\/p>\n\n\n\n<ul class=\"wp-block-list\">\n<li>Primer Premio.<\/li>\n<\/ul>\n\n\n\n<p>XV Certamen de Cortos Villa de Errenteria (Guip\u00fazcoa)<\/p>\n\n\n\n<ul class=\"wp-block-list\">\n<li>Premio del P\u00fablico.<\/li>\n<\/ul>\n\n\n\n<p>Festival de Cine Ib\u00e9rico de Badajoz<\/p>\n\n\n\n<ul class=\"wp-block-list\">\n<li>Premio del P\u00fablico y Mejor Banda Sonora.<\/li>\n<\/ul>\n\n\n\n<p>Festival de Cine Iberoamericano \u00abLa Chimenea de Villaverde\u00bb (Madrid)<\/p>\n\n\n\n<ul class=\"wp-block-list\">\n<li>Premio del P\u00fablico al Mejor Cortometraje.<\/li>\n<\/ul>\n\n\n<div class=\"wp-block-image\">\n<figure class=\"aligncenter size-full is-resized\"><img decoding=\"async\" width=\"140\" height=\"200\" src=\"https:\/\/elojocojo.org\/wp-content\/uploads\/2020\/07\/el_opositor.jpg\" alt=\"Cartel de la pel\u00edcula El opositor. Una camisa blanca con un bol\u00edgrafo en el bolsillo y tiene una mancha de sangre.\" class=\"wp-image-62475\" style=\"width:290px\"\/><\/figure>\n<\/div>\n\n\n<p>El filme <em>El opositor<\/em> particip\u00f3 en la edici\u00f3n <strong><a href=\"https:\/\/elojocojo.org\/bienvenida\/festivalelojocojo\/festival-2010\/premios2010\/\">2010<\/a><\/strong> del <a href=\"https:\/\/elojocojo.org\/category\/festival-2010\/\"><strong>Festival de cine el ojO cojo<\/strong> <\/a>en ese sentido nos sentimos honrados de haberla exhibido.<\/p>\n\n\n\n<p>Visita nuestro <a href=\"https:\/\/el-ojocojo.blogspot.com\">blog<\/a>.<\/p>\n","protected":false},"excerpt":{"rendered":"<p>Convencido de que ese trabajo le pertenece por derecho propio, Emilio est\u00e1 dispuesto a hacer lo que sea necesario para conseguirlo, incluso si eso implica tomar decisiones extremas. Dirigido por Mar\u00eda Gir\u00e1ldez y Miguel Provencio.<\/p>\n","protected":false},"author":11,"featured_media":66521,"comment_status":"closed","ping_status":"closed","sticky":false,"template":"","format":"standard","meta":{"_monsterinsights_skip_tracking":false,"_monsterinsights_sitenote_active":false,"_monsterinsights_sitenote_note":"","_monsterinsights_sitenote_category":0,"footnotes":""},"categories":[990,1460,3],"tags":[1996,970,1268,1270,138,2119,2391,2191,1981,1982,1628,1547,2118,707,1484,136],"class_list":{"0":"post-24272","1":"post","2":"type-post","3":"status-publish","4":"format-standard","5":"has-post-thumbnail","7":"category-comedia","8":"category-cortometraje","9":"category-festival-2010","10":"tag-1996","11":"tag-comedia","12":"tag-desempleo","13":"tag-empleo","14":"tag-espana","15":"tag-espanol","16":"tag-espaol","17":"tag-esperanza","18":"tag-festival-de-cine","19":"tag-festival-el-ojo-cojo","20":"tag-ficcion","21":"tag-guerra","22":"tag-ingles","23":"tag-reivindicacion","24":"tag-salud-mental","25":"tag-violencia","26":"czr-hentry"},"yoast_head":"<!-- This site is optimized with the Yoast SEO plugin v27.1.1 - https:\/\/yoast.com\/product\/yoast-seo-wordpress\/ -->\n<title>El opositor | Cortometraje Comedia<\/title>\n<meta name=\"description\" content=\"El opositor exhibido en la edici\u00f3n 2010 del Festival el ojO cojo. Pa\u00eds de origen, Espa\u00f1a. Dirigido por Mar\u00eda Gir\u00e1ldez y Miguel provencio.\" \/>\n<meta name=\"robots\" content=\"index, follow, max-snippet:-1, max-image-preview:large, max-video-preview:-1\" \/>\n<link rel=\"canonical\" href=\"https:\/\/elojocojo.org\/el-opositor\/\" \/>\n<meta property=\"og:locale\" content=\"es_ES\" \/>\n<meta property=\"og:type\" content=\"article\" \/>\n<meta property=\"og:title\" content=\"El opositor | Cortometraje Comedia\" \/>\n<meta property=\"og:description\" content=\"El opositor exhibido en la edici\u00f3n 2010 del Festival el ojO cojo. Pa\u00eds de origen, Espa\u00f1a. Dirigido por Mar\u00eda Gir\u00e1ldez y Miguel provencio.\" \/>\n<meta property=\"og:url\" content=\"https:\/\/elojocojo.org\/el-opositor\/\" \/>\n<meta property=\"og:site_name\" content=\"el ojO cojo\" \/>\n<meta property=\"article:publisher\" content=\"https:\/\/www.facebook.com\/elojocojo\" \/>\n<meta property=\"article:published_time\" content=\"2020-07-23T06:32:15+00:00\" \/>\n<meta property=\"article:modified_time\" content=\"2025-09-30T16:42:42+00:00\" \/>\n<meta property=\"og:image\" content=\"https:\/\/elojocojo.org\/wp-content\/uploads\/2020\/07\/opo03.jpg\" \/>\n\t<meta property=\"og:image:width\" content=\"1102\" \/>\n\t<meta property=\"og:image:height\" content=\"319\" \/>\n\t<meta property=\"og:image:type\" content=\"image\/jpeg\" \/>\n<meta name=\"author\" content=\"cojo\" \/>\n<meta name=\"twitter:card\" content=\"summary_large_image\" \/>\n<meta name=\"twitter:creator\" content=\"@elojocojo\" \/>\n<meta name=\"twitter:site\" content=\"@elojocojo\" \/>\n<meta name=\"twitter:label1\" content=\"Escrito por\" \/>\n\t<meta name=\"twitter:data1\" content=\"cojo\" \/>\n\t<meta name=\"twitter:label2\" content=\"Tiempo de lectura\" \/>\n\t<meta name=\"twitter:data2\" content=\"1 minuto\" \/>\n<script type=\"application\/ld+json\" class=\"yoast-schema-graph\">{\"@context\":\"https:\/\/schema.org\",\"@graph\":[{\"@type\":\"Article\",\"@id\":\"https:\/\/elojocojo.org\/el-opositor\/#article\",\"isPartOf\":{\"@id\":\"https:\/\/elojocojo.org\/el-opositor\/\"},\"author\":{\"name\":\"cojo\",\"@id\":\"https:\/\/elojocojo.org\/#\/schema\/person\/cba15985dd5da095cac31c1ff0d6e23e\"},\"headline\":\"El opositor\",\"datePublished\":\"2020-07-23T06:32:15+00:00\",\"dateModified\":\"2025-09-30T16:42:42+00:00\",\"mainEntityOfPage\":{\"@id\":\"https:\/\/elojocojo.org\/el-opositor\/\"},\"wordCount\":688,\"publisher\":{\"@id\":\"https:\/\/elojocojo.org\/#organization\"},\"image\":{\"@id\":\"https:\/\/elojocojo.org\/el-opositor\/#primaryimage\"},\"thumbnailUrl\":\"https:\/\/elojocojo.org\/wp-content\/uploads\/2020\/07\/opo03.jpg\",\"keywords\":[\"2010\",\"comedia\",\"desempleo\",\"empleo\",\"Espa\u00f1a\",\"espa\u00f1ol\",\"espa\u00b1ol\",\"esperanza\",\"festival de cine\",\"Festival el Ojo cojo\",\"ficci\u00f3n\",\"guerra\",\"ingl\u00e9s\",\"reivindicaci\u00f3n\",\"salud mental\",\"violencia\"],\"articleSection\":[\"Comedia\",\"Cortometraje\",\"Festival 2010\"],\"inLanguage\":\"es\"},{\"@type\":\"WebPage\",\"@id\":\"https:\/\/elojocojo.org\/el-opositor\/\",\"url\":\"https:\/\/elojocojo.org\/el-opositor\/\",\"name\":\"El opositor | Cortometraje Comedia\",\"isPartOf\":{\"@id\":\"https:\/\/elojocojo.org\/#website\"},\"primaryImageOfPage\":{\"@id\":\"https:\/\/elojocojo.org\/el-opositor\/#primaryimage\"},\"image\":{\"@id\":\"https:\/\/elojocojo.org\/el-opositor\/#primaryimage\"},\"thumbnailUrl\":\"https:\/\/elojocojo.org\/wp-content\/uploads\/2020\/07\/opo03.jpg\",\"datePublished\":\"2020-07-23T06:32:15+00:00\",\"dateModified\":\"2025-09-30T16:42:42+00:00\",\"description\":\"El opositor exhibido en la edici\u00f3n 2010 del Festival el ojO cojo. Pa\u00eds de origen, Espa\u00f1a. Dirigido por Mar\u00eda Gir\u00e1ldez y Miguel provencio.\",\"breadcrumb\":{\"@id\":\"https:\/\/elojocojo.org\/el-opositor\/#breadcrumb\"},\"inLanguage\":\"es\",\"potentialAction\":[{\"@type\":\"ReadAction\",\"target\":[\"https:\/\/elojocojo.org\/el-opositor\/\"]}]},{\"@type\":\"ImageObject\",\"inLanguage\":\"es\",\"@id\":\"https:\/\/elojocojo.org\/el-opositor\/#primaryimage\",\"url\":\"https:\/\/elojocojo.org\/wp-content\/uploads\/2020\/07\/opo03.jpg\",\"contentUrl\":\"https:\/\/elojocojo.org\/wp-content\/uploads\/2020\/07\/opo03.jpg\",\"width\":1102,\"height\":319,\"caption\":\"Fotograma de la pel\u00edcula El Opositor. Una persona trajeada va sentado en la parte de atr\u00e1s de un coche.\"},{\"@type\":\"BreadcrumbList\",\"@id\":\"https:\/\/elojocojo.org\/el-opositor\/#breadcrumb\",\"itemListElement\":[{\"@type\":\"ListItem\",\"position\":1,\"name\":\"Portada\",\"item\":\"https:\/\/elojocojo.org\/\"},{\"@type\":\"ListItem\",\"position\":2,\"name\":\"2010\",\"item\":\"https:\/\/elojocojo.org\/tag\/2010\/\"},{\"@type\":\"ListItem\",\"position\":3,\"name\":\"El opositor\"}]},{\"@type\":\"WebSite\",\"@id\":\"https:\/\/elojocojo.org\/#website\",\"url\":\"https:\/\/elojocojo.org\/\",\"name\":\"el ojO cojo\",\"description\":\"Todos estamos hechos de la misma esencia\",\"publisher\":{\"@id\":\"https:\/\/elojocojo.org\/#organization\"},\"potentialAction\":[{\"@type\":\"SearchAction\",\"target\":{\"@type\":\"EntryPoint\",\"urlTemplate\":\"https:\/\/elojocojo.org\/?s={search_term_string}\"},\"query-input\":{\"@type\":\"PropertyValueSpecification\",\"valueRequired\":true,\"valueName\":\"search_term_string\"}}],\"inLanguage\":\"es\"},{\"@type\":\"Organization\",\"@id\":\"https:\/\/elojocojo.org\/#organization\",\"name\":\"Meigas da r\u00faa\",\"url\":\"https:\/\/elojocojo.org\/\",\"logo\":{\"@type\":\"ImageObject\",\"inLanguage\":\"es\",\"@id\":\"https:\/\/elojocojo.org\/#\/schema\/logo\/image\/\",\"url\":\"https:\/\/meigasdarua.org\/wp-content\/uploads\/2020\/09\/cropped-logo-meigas-5.png\",\"contentUrl\":\"https:\/\/meigasdarua.org\/wp-content\/uploads\/2020\/09\/cropped-logo-meigas-5.png\",\"width\":109,\"height\":200,\"caption\":\"Meigas da r\u00faa\"},\"image\":{\"@id\":\"https:\/\/elojocojo.org\/#\/schema\/logo\/image\/\"},\"sameAs\":[\"https:\/\/www.facebook.com\/elojocojo\",\"https:\/\/x.com\/elojocojo\",\"https:\/\/www.instagram.com\/elojocojo\/?hl=es\",\"https:\/\/www.linkedin.com\/in\/el-ojo-cojo-b52b7769\/\",\"https:\/\/www.pinterest.es\/elojocojo\/_saved\/\",\"https:\/\/www.youtube.com\/channel\/UCkFtFTV0Bms7zH7vq8FZxZg\"]},{\"@type\":\"Person\",\"@id\":\"https:\/\/elojocojo.org\/#\/schema\/person\/cba15985dd5da095cac31c1ff0d6e23e\",\"name\":\"cojo\",\"url\":\"https:\/\/elojocojo.org\/author\/cojo\/\"}]}<\/script>\n<!-- \/ Yoast SEO plugin. -->","yoast_head_json":{"title":"El opositor | Cortometraje Comedia","description":"El opositor exhibido en la edici\u00f3n 2010 del Festival el ojO cojo. Pa\u00eds de origen, Espa\u00f1a. Dirigido por Mar\u00eda Gir\u00e1ldez y Miguel provencio.","robots":{"index":"index","follow":"follow","max-snippet":"max-snippet:-1","max-image-preview":"max-image-preview:large","max-video-preview":"max-video-preview:-1"},"canonical":"https:\/\/elojocojo.org\/el-opositor\/","og_locale":"es_ES","og_type":"article","og_title":"El opositor | Cortometraje Comedia","og_description":"El opositor exhibido en la edici\u00f3n 2010 del Festival el ojO cojo. Pa\u00eds de origen, Espa\u00f1a. Dirigido por Mar\u00eda Gir\u00e1ldez y Miguel provencio.","og_url":"https:\/\/elojocojo.org\/el-opositor\/","og_site_name":"el ojO cojo","article_publisher":"https:\/\/www.facebook.com\/elojocojo","article_published_time":"2020-07-23T06:32:15+00:00","article_modified_time":"2025-09-30T16:42:42+00:00","og_image":[{"width":1102,"height":319,"url":"https:\/\/elojocojo.org\/wp-content\/uploads\/2020\/07\/opo03.jpg","type":"image\/jpeg"}],"author":"cojo","twitter_card":"summary_large_image","twitter_creator":"@elojocojo","twitter_site":"@elojocojo","twitter_misc":{"Escrito por":"cojo","Tiempo de lectura":"1 minuto"},"schema":{"@context":"https:\/\/schema.org","@graph":[{"@type":"Article","@id":"https:\/\/elojocojo.org\/el-opositor\/#article","isPartOf":{"@id":"https:\/\/elojocojo.org\/el-opositor\/"},"author":{"name":"cojo","@id":"https:\/\/elojocojo.org\/#\/schema\/person\/cba15985dd5da095cac31c1ff0d6e23e"},"headline":"El opositor","datePublished":"2020-07-23T06:32:15+00:00","dateModified":"2025-09-30T16:42:42+00:00","mainEntityOfPage":{"@id":"https:\/\/elojocojo.org\/el-opositor\/"},"wordCount":688,"publisher":{"@id":"https:\/\/elojocojo.org\/#organization"},"image":{"@id":"https:\/\/elojocojo.org\/el-opositor\/#primaryimage"},"thumbnailUrl":"https:\/\/elojocojo.org\/wp-content\/uploads\/2020\/07\/opo03.jpg","keywords":["2010","comedia","desempleo","empleo","Espa\u00f1a","espa\u00f1ol","espa\u00b1ol","esperanza","festival de cine","Festival el Ojo cojo","ficci\u00f3n","guerra","ingl\u00e9s","reivindicaci\u00f3n","salud mental","violencia"],"articleSection":["Comedia","Cortometraje","Festival 2010"],"inLanguage":"es"},{"@type":"WebPage","@id":"https:\/\/elojocojo.org\/el-opositor\/","url":"https:\/\/elojocojo.org\/el-opositor\/","name":"El opositor | Cortometraje Comedia","isPartOf":{"@id":"https:\/\/elojocojo.org\/#website"},"primaryImageOfPage":{"@id":"https:\/\/elojocojo.org\/el-opositor\/#primaryimage"},"image":{"@id":"https:\/\/elojocojo.org\/el-opositor\/#primaryimage"},"thumbnailUrl":"https:\/\/elojocojo.org\/wp-content\/uploads\/2020\/07\/opo03.jpg","datePublished":"2020-07-23T06:32:15+00:00","dateModified":"2025-09-30T16:42:42+00:00","description":"El opositor exhibido en la edici\u00f3n 2010 del Festival el ojO cojo. Pa\u00eds de origen, Espa\u00f1a. Dirigido por Mar\u00eda Gir\u00e1ldez y Miguel provencio.","breadcrumb":{"@id":"https:\/\/elojocojo.org\/el-opositor\/#breadcrumb"},"inLanguage":"es","potentialAction":[{"@type":"ReadAction","target":["https:\/\/elojocojo.org\/el-opositor\/"]}]},{"@type":"ImageObject","inLanguage":"es","@id":"https:\/\/elojocojo.org\/el-opositor\/#primaryimage","url":"https:\/\/elojocojo.org\/wp-content\/uploads\/2020\/07\/opo03.jpg","contentUrl":"https:\/\/elojocojo.org\/wp-content\/uploads\/2020\/07\/opo03.jpg","width":1102,"height":319,"caption":"Fotograma de la pel\u00edcula El Opositor. Una persona trajeada va sentado en la parte de atr\u00e1s de un coche."},{"@type":"BreadcrumbList","@id":"https:\/\/elojocojo.org\/el-opositor\/#breadcrumb","itemListElement":[{"@type":"ListItem","position":1,"name":"Portada","item":"https:\/\/elojocojo.org\/"},{"@type":"ListItem","position":2,"name":"2010","item":"https:\/\/elojocojo.org\/tag\/2010\/"},{"@type":"ListItem","position":3,"name":"El opositor"}]},{"@type":"WebSite","@id":"https:\/\/elojocojo.org\/#website","url":"https:\/\/elojocojo.org\/","name":"el ojO cojo","description":"Todos estamos hechos de la misma esencia","publisher":{"@id":"https:\/\/elojocojo.org\/#organization"},"potentialAction":[{"@type":"SearchAction","target":{"@type":"EntryPoint","urlTemplate":"https:\/\/elojocojo.org\/?s={search_term_string}"},"query-input":{"@type":"PropertyValueSpecification","valueRequired":true,"valueName":"search_term_string"}}],"inLanguage":"es"},{"@type":"Organization","@id":"https:\/\/elojocojo.org\/#organization","name":"Meigas da r\u00faa","url":"https:\/\/elojocojo.org\/","logo":{"@type":"ImageObject","inLanguage":"es","@id":"https:\/\/elojocojo.org\/#\/schema\/logo\/image\/","url":"https:\/\/meigasdarua.org\/wp-content\/uploads\/2020\/09\/cropped-logo-meigas-5.png","contentUrl":"https:\/\/meigasdarua.org\/wp-content\/uploads\/2020\/09\/cropped-logo-meigas-5.png","width":109,"height":200,"caption":"Meigas da r\u00faa"},"image":{"@id":"https:\/\/elojocojo.org\/#\/schema\/logo\/image\/"},"sameAs":["https:\/\/www.facebook.com\/elojocojo","https:\/\/x.com\/elojocojo","https:\/\/www.instagram.com\/elojocojo\/?hl=es","https:\/\/www.linkedin.com\/in\/el-ojo-cojo-b52b7769\/","https:\/\/www.pinterest.es\/elojocojo\/_saved\/","https:\/\/www.youtube.com\/channel\/UCkFtFTV0Bms7zH7vq8FZxZg"]},{"@type":"Person","@id":"https:\/\/elojocojo.org\/#\/schema\/person\/cba15985dd5da095cac31c1ff0d6e23e","name":"cojo","url":"https:\/\/elojocojo.org\/author\/cojo\/"}]}},"_links":{"self":[{"href":"https:\/\/elojocojo.org\/wp-json\/wp\/v2\/posts\/24272","targetHints":{"allow":["GET"]}}],"collection":[{"href":"https:\/\/elojocojo.org\/wp-json\/wp\/v2\/posts"}],"about":[{"href":"https:\/\/elojocojo.org\/wp-json\/wp\/v2\/types\/post"}],"author":[{"embeddable":true,"href":"https:\/\/elojocojo.org\/wp-json\/wp\/v2\/users\/11"}],"replies":[{"embeddable":true,"href":"https:\/\/elojocojo.org\/wp-json\/wp\/v2\/comments?post=24272"}],"version-history":[{"count":37,"href":"https:\/\/elojocojo.org\/wp-json\/wp\/v2\/posts\/24272\/revisions"}],"predecessor-version":[{"id":69570,"href":"https:\/\/elojocojo.org\/wp-json\/wp\/v2\/posts\/24272\/revisions\/69570"}],"wp:featuredmedia":[{"embeddable":true,"href":"https:\/\/elojocojo.org\/wp-json\/wp\/v2\/media\/66521"}],"wp:attachment":[{"href":"https:\/\/elojocojo.org\/wp-json\/wp\/v2\/media?parent=24272"}],"wp:term":[{"taxonomy":"category","embeddable":true,"href":"https:\/\/elojocojo.org\/wp-json\/wp\/v2\/categories?post=24272"},{"taxonomy":"post_tag","embeddable":true,"href":"https:\/\/elojocojo.org\/wp-json\/wp\/v2\/tags?post=24272"}],"curies":[{"name":"wp","href":"https:\/\/api.w.org\/{rel}","templated":true}]}}