{"id":1971,"date":"2008-09-07T09:10:49","date_gmt":"2008-09-07T16:10:49","guid":{"rendered":"http:\/\/www.elojocojo.org\/blog2\/?p=1971"},"modified":"2025-09-19T11:24:25","modified_gmt":"2025-09-19T09:24:25","slug":"examen","status":"publish","type":"post","link":"https:\/\/elojocojo.org\/examen\/","title":{"rendered":"Examen"},"content":{"rendered":"\n<figure class=\"wp-block-embed is-type-video is-provider-youtube wp-block-embed-youtube wp-embed-aspect-16-9 wp-has-aspect-ratio\"><div class=\"wp-block-embed__wrapper\">\n<iframe title=\"Examen (2003)\" width=\"1140\" height=\"641\" src=\"https:\/\/www.youtube.com\/embed\/1fJiK2mBeGE?feature=oembed\" frameborder=\"0\" allow=\"accelerometer; autoplay; clipboard-write; encrypted-media; gyroscope; picture-in-picture; web-share\" referrerpolicy=\"strict-origin-when-cross-origin\" allowfullscreen><\/iframe>\n<\/div><\/figure>\n\n\n\n<p style=\"font-size:16px\"><strong>T\u00cdTULO<\/strong>: Examen<br \/><strong>T\u00cdTULO ORIGINAL:<\/strong> Examen<br \/><strong>A\u00d1O:<\/strong> 2003<br \/><strong>DIRECTOR:<\/strong> Titus Muntean<br \/><strong>G\u00c9NERO CINEMATOGR\u00c1FICO:<\/strong> ficci\u00f3n<br \/><strong>DURACI\u00d3N:<\/strong> 90&#8242;<br \/><strong>PA\u00cdS:<\/strong> Rumania<br \/><strong>FORMATO ORIGINAL:<\/strong> 35mm<br \/><strong>TIPO:<\/strong> color<br \/><strong>IDIOMA ORIGINAL:<\/strong> rumano<br \/><strong>SUBT\u00cdTULOS:<\/strong> ingl\u00e9s<br \/><strong>INT\u00c9RPRETES:<\/strong> Marius Stanescu \/ Gheorghe Dinica \/ Clara Voda Gheorghe Visu<br \/><strong>PRODUCCI\u00d3N: <\/strong>Titus Muntean<br \/><strong>GUI\u00d3N: <\/strong>Titus Muntean&nbsp;<\/p>\n\n\n\n<h2 class=\"wp-block-heading has-large-font-size\">SINOPSIS:<\/h2>\n\n\n\n<div class=\"wp-block-group\" style=\"font-size:16px\"><div class=\"wp-block-group__inner-container is-layout-constrained wp-block-group-is-layout-constrained\">\n<h3 class=\"wp-block-heading\">Un joven acusado injustamente<\/h3>\n\n\n\n<p>Al principio, la pel\u00edcula nos sit\u00faa en la vida de Cristi S\u0103ndulescu, un joven aparentemente com\u00fan. Sin embargo, todo cambia cuando es arrestado injustamente. Aunque asegura ser inocente, es acusado de un crimen que no cometi\u00f3 y condenado a pasar varios a\u00f1os en prisi\u00f3n.<\/p>\n\n\n\n<h3 class=\"wp-block-heading\">La lucha por reconstruir la vida<\/h3>\n\n\n\n<p>Despu\u00e9s de su liberaci\u00f3n, Cristi intenta reconstruir su vida. No obstante, los recuerdos del pasado lo persiguen constantemente, afectando su presente de manera profunda.<\/p>\n\n\n\n<h3 class=\"wp-block-heading\">Entre el pasado y el presente<\/h3>\n\n\n\n<p>Conforme el relato avanza, el protagonista se enfrenta a una disyuntiva: buscar venganza o seguir adelante sin replicar la violencia, al mismo tiempo, la pel\u00edcula alterna entre el pasado y el presente, lo cual permite comprender las causas y efectos que marcaron su destino.<\/p>\n\n\n\n<h3 class=\"wp-block-heading\">Una atm\u00f3sfera opresiva<\/h3>\n\n\n\n<p>La direcci\u00f3n de Muntean destaca por su estilo sobrio, transmitiendo con fuerza la opresiva atm\u00f3sfera del r\u00e9gimen comunista. Cada escena refleja tanto el peso del pasado como el esfuerzo de Cristi por hallar sentido a su sufrimiento.<\/p>\n\n\n\n<h3 class=\"wp-block-heading\">Reflexiones sobre verdad y perd\u00f3n<\/h3>\n\n\n\n<p>Por otro lado, con di\u00e1logos silenciosos y gestos contenidos, la historia revela el impacto psicol\u00f3gico del encarcelamiento y la injusticia.. En general, <em>Examen<\/em> invita a reflexionar sobre la verdad, el perd\u00f3n y el deseo de reparaci\u00f3n en contextos autoritarios. Gracias a su sensibilidad narrativa y profundidad emocional, esta obra se consolida como una pieza clave del cine rumano contempor\u00e1neo.<\/p>\n<\/div><\/div>\n\n\n\n<p style=\"font-size:16px\"> <a href=\"https:\/\/www.imdb.com\/es-es\/title\/tt0217084\/?ref_=nv_sr_srsg_0_tt_8_nm_0_in_0_q_examen\">IMDb<\/a>: 7,6\/10 <\/p>\n\n\n\n<h2 class=\"wp-block-heading has-large-font-size\">PALMARES:<\/h2>\n\n\n\n<div class=\"wp-block-group\" style=\"font-size:16px\"><div class=\"wp-block-group__inner-container is-layout-constrained wp-block-group-is-layout-constrained\">\n<p style=\"font-size:16px\"><strong>2003<\/strong>:<\/p>\n\n\n\n<p style=\"font-size:16px\"> Festival de Cine de R\u00f3terdam- Premio a la Mejor Pel\u00edcula<\/p>\n\n\n\n<p>Festival Internacional de Cine de Transilvania- Premio del Jurado<\/p>\n<\/div><\/div>\n\n\n<div class=\"wp-block-image\">\n<figure class=\"aligncenter size-large\"><img decoding=\"async\" width=\"252\" height=\"360\" src=\"https:\/\/www.elojocojo.org\/wp-content\/uploads\/2020\/05\/examen-252x360.jpg\" alt=\"cartel del film examen.\" class=\"wp-image-22058\" srcset=\"https:\/\/elojocojo.org\/wp-content\/uploads\/2020\/05\/examen-252x360.jpg 252w, https:\/\/elojocojo.org\/wp-content\/uploads\/2020\/05\/examen-350x500.jpg 350w, https:\/\/elojocojo.org\/wp-content\/uploads\/2020\/05\/examen-280x400.jpg 280w, https:\/\/elojocojo.org\/wp-content\/uploads\/2020\/05\/examen-768x1097.jpg 768w, https:\/\/elojocojo.org\/wp-content\/uploads\/2020\/05\/examen-1075x1536.jpg 1075w, https:\/\/elojocojo.org\/wp-content\/uploads\/2020\/05\/examen-1434x2048.jpg 1434w, https:\/\/elojocojo.org\/wp-content\/uploads\/2020\/05\/examen-scaled.jpg 329w\" sizes=\"(max-width: 252px) 100vw, 252px\" \/><\/figure>\n<\/div>\n\n\n<p style=\"font-size:16px\">El filme Examen particip\u00f3 en la edici\u00f3n <strong>2008<\/strong>&nbsp;del <a href=\"https:\/\/elojocojo.org\/category\/festival-2008\/\"><strong>Festival de cine el ojO cojo<\/strong> <\/a>en ese sentido nos sentimos honrados de haberla exhibido.<\/p>\n\n\n\n<p style=\"font-size:16px\">Visita nuestro <a href=\"https:\/\/el-ojocojo.blogspot.com\/\">blog. <\/a><\/p>\n\n\n\n<p><\/p>\n","protected":false},"excerpt":{"rendered":"<p>Examen, dirigido por Titus Muntean, cuenta la historia de Cristi S\u0103ndulescu, un joven acusado injustamente durante el r\u00e9gimen comunista. Entre recuerdos y presente, lucha por reconstruir su vida y decidir entre la venganza o el perd\u00f3n. Con una atm\u00f3sfera opresiva y una narrativa sensible, el filme reflexiona sobre la injusticia, la memoria y la esperanza en tiempos dif\u00edciles.<\/p>\n","protected":false},"author":3,"featured_media":69071,"comment_status":"closed","ping_status":"closed","sticky":false,"template":"","format":"standard","meta":{"_monsterinsights_skip_tracking":false,"_monsterinsights_sitenote_active":false,"_monsterinsights_sitenote_note":"","_monsterinsights_sitenote_category":0,"footnotes":""},"categories":[991,1,30],"tags":[1930,1905,1473,1434,881,26,1737,900,1981,1982,1628,878,2118,226,1083,1086,179,873,1011],"class_list":{"0":"post-1971","1":"post","2":"type-post","3":"status-publish","4":"format-standard","5":"has-post-thumbnail","7":"category-drama","8":"category-festival-2008","9":"category-ficcion","10":"tag-1930","11":"tag-1905","12":"tag-carcel","13":"tag-conflicto","14":"tag-desplazados","15":"tag-discriminacion","16":"tag-drama","17":"tag-europa","18":"tag-festival-de-cine","19":"tag-festival-el-ojo-cojo","20":"tag-ficcion","21":"tag-historia","22":"tag-ingles","23":"tag-libertad","24":"tag-minorias","25":"tag-paz-y-justicia-e-instituciones-solidas","26":"tag-politica","27":"tag-rumania","28":"tag-violencia-policial","29":"czr-hentry"},"yoast_head":"<!-- This site is optimized with the Yoast SEO plugin v27.1.1 - https:\/\/yoast.com\/product\/yoast-seo-wordpress\/ -->\n<title>Examen - el ojO cojo<\/title>\n<meta name=\"description\" content=\"Examen (2003) narra la injusta condena de un joven y su lucha por la verdad, el perd\u00f3n y la reconstrucci\u00f3n en un r\u00e9gimen opresivo.\" \/>\n<meta name=\"robots\" content=\"index, follow, max-snippet:-1, max-image-preview:large, max-video-preview:-1\" \/>\n<link rel=\"canonical\" href=\"https:\/\/elojocojo.org\/examen\/\" \/>\n<meta property=\"og:locale\" content=\"es_ES\" \/>\n<meta property=\"og:type\" content=\"article\" \/>\n<meta property=\"og:title\" content=\"Examen - el ojO cojo\" \/>\n<meta property=\"og:description\" content=\"Examen (2003) narra la injusta condena de un joven y su lucha por la verdad, el perd\u00f3n y la reconstrucci\u00f3n en un r\u00e9gimen opresivo.\" \/>\n<meta property=\"og:url\" content=\"https:\/\/elojocojo.org\/examen\/\" \/>\n<meta property=\"og:site_name\" content=\"el ojO cojo\" \/>\n<meta property=\"article:publisher\" content=\"https:\/\/www.facebook.com\/elojocojo\" \/>\n<meta property=\"article:published_time\" content=\"2008-09-07T16:10:49+00:00\" \/>\n<meta property=\"article:modified_time\" content=\"2025-09-19T09:24:25+00:00\" \/>\n<meta property=\"og:image\" content=\"https:\/\/elojocojo.org\/wp-content\/uploads\/2008\/09\/munee-e1748584657663.jpeg\" \/>\n\t<meta property=\"og:image:width\" content=\"357\" \/>\n\t<meta property=\"og:image:height\" content=\"136\" \/>\n\t<meta property=\"og:image:type\" content=\"image\/jpeg\" \/>\n<meta name=\"twitter:card\" content=\"summary_large_image\" \/>\n<meta name=\"twitter:creator\" content=\"@elojocojo\" \/>\n<meta name=\"twitter:site\" content=\"@elojocojo\" \/>\n<meta name=\"twitter:label1\" content=\"Escrito por\" \/>\n\t<meta name=\"twitter:data1\" content=\"\" \/>\n\t<meta name=\"twitter:label2\" content=\"Tiempo de lectura\" \/>\n\t<meta name=\"twitter:data2\" content=\"1 minuto\" \/>\n<script type=\"application\/ld+json\" class=\"yoast-schema-graph\">{\"@context\":\"https:\/\/schema.org\",\"@graph\":[{\"@type\":\"Article\",\"@id\":\"https:\/\/elojocojo.org\/examen\/#article\",\"isPartOf\":{\"@id\":\"https:\/\/elojocojo.org\/examen\/\"},\"author\":{\"name\":\"\",\"@id\":\"\"},\"headline\":\"Examen\",\"datePublished\":\"2008-09-07T16:10:49+00:00\",\"dateModified\":\"2025-09-19T09:24:25+00:00\",\"mainEntityOfPage\":{\"@id\":\"https:\/\/elojocojo.org\/examen\/\"},\"wordCount\":363,\"publisher\":{\"@id\":\"https:\/\/elojocojo.org\/#organization\"},\"image\":{\"@id\":\"https:\/\/elojocojo.org\/examen\/#primaryimage\"},\"thumbnailUrl\":\"https:\/\/elojocojo.org\/wp-content\/uploads\/2008\/09\/munee-e1748584657663.jpeg\",\"keywords\":[\"2003\",\"2008\",\"c\u00e1rcel\",\"conflicto\",\"Desplazados\",\"discriminaci\u00f3n\",\"drama\",\"Europa\",\"festival de cine\",\"Festival el Ojo cojo\",\"ficci\u00f3n\",\"historia\",\"ingl\u00e9s\",\"libertad\",\"minor\u00edas\",\"Paz y justicia e instituciones s\u00f3lidas\",\"pol\u00edtica\",\"Rumania\",\"violencia policial\"],\"articleSection\":[\"Drama\",\"Festival 2008\",\"Ficci\u00f3n\"],\"inLanguage\":\"es\"},{\"@type\":\"WebPage\",\"@id\":\"https:\/\/elojocojo.org\/examen\/\",\"url\":\"https:\/\/elojocojo.org\/examen\/\",\"name\":\"Examen - el ojO cojo\",\"isPartOf\":{\"@id\":\"https:\/\/elojocojo.org\/#website\"},\"primaryImageOfPage\":{\"@id\":\"https:\/\/elojocojo.org\/examen\/#primaryimage\"},\"image\":{\"@id\":\"https:\/\/elojocojo.org\/examen\/#primaryimage\"},\"thumbnailUrl\":\"https:\/\/elojocojo.org\/wp-content\/uploads\/2008\/09\/munee-e1748584657663.jpeg\",\"datePublished\":\"2008-09-07T16:10:49+00:00\",\"dateModified\":\"2025-09-19T09:24:25+00:00\",\"description\":\"Examen (2003) narra la injusta condena de un joven y su lucha por la verdad, el perd\u00f3n y la reconstrucci\u00f3n en un r\u00e9gimen opresivo.\",\"breadcrumb\":{\"@id\":\"https:\/\/elojocojo.org\/examen\/#breadcrumb\"},\"inLanguage\":\"es\",\"potentialAction\":[{\"@type\":\"ReadAction\",\"target\":[\"https:\/\/elojocojo.org\/examen\/\"]}]},{\"@type\":\"ImageObject\",\"inLanguage\":\"es\",\"@id\":\"https:\/\/elojocojo.org\/examen\/#primaryimage\",\"url\":\"https:\/\/elojocojo.org\/wp-content\/uploads\/2008\/09\/munee-e1748584657663.jpeg\",\"contentUrl\":\"https:\/\/elojocojo.org\/wp-content\/uploads\/2008\/09\/munee-e1748584657663.jpeg\",\"width\":357,\"height\":136,\"caption\":\"fotograma del filme examen de titus muntean\"},{\"@type\":\"BreadcrumbList\",\"@id\":\"https:\/\/elojocojo.org\/examen\/#breadcrumb\",\"itemListElement\":[{\"@type\":\"ListItem\",\"position\":1,\"name\":\"Portada\",\"item\":\"https:\/\/elojocojo.org\/\"},{\"@type\":\"ListItem\",\"position\":2,\"name\":\"2003\",\"item\":\"https:\/\/elojocojo.org\/tag\/2003\/\"},{\"@type\":\"ListItem\",\"position\":3,\"name\":\"Examen\"}]},{\"@type\":\"WebSite\",\"@id\":\"https:\/\/elojocojo.org\/#website\",\"url\":\"https:\/\/elojocojo.org\/\",\"name\":\"el ojO cojo\",\"description\":\"Todos estamos hechos de la misma esencia\",\"publisher\":{\"@id\":\"https:\/\/elojocojo.org\/#organization\"},\"potentialAction\":[{\"@type\":\"SearchAction\",\"target\":{\"@type\":\"EntryPoint\",\"urlTemplate\":\"https:\/\/elojocojo.org\/?s={search_term_string}\"},\"query-input\":{\"@type\":\"PropertyValueSpecification\",\"valueRequired\":true,\"valueName\":\"search_term_string\"}}],\"inLanguage\":\"es\"},{\"@type\":\"Organization\",\"@id\":\"https:\/\/elojocojo.org\/#organization\",\"name\":\"Meigas da r\u00faa\",\"url\":\"https:\/\/elojocojo.org\/\",\"logo\":{\"@type\":\"ImageObject\",\"inLanguage\":\"es\",\"@id\":\"https:\/\/elojocojo.org\/#\/schema\/logo\/image\/\",\"url\":\"https:\/\/meigasdarua.org\/wp-content\/uploads\/2020\/09\/cropped-logo-meigas-5.png\",\"contentUrl\":\"https:\/\/meigasdarua.org\/wp-content\/uploads\/2020\/09\/cropped-logo-meigas-5.png\",\"width\":109,\"height\":200,\"caption\":\"Meigas da r\u00faa\"},\"image\":{\"@id\":\"https:\/\/elojocojo.org\/#\/schema\/logo\/image\/\"},\"sameAs\":[\"https:\/\/www.facebook.com\/elojocojo\",\"https:\/\/x.com\/elojocojo\",\"https:\/\/www.instagram.com\/elojocojo\/?hl=es\",\"https:\/\/www.linkedin.com\/in\/el-ojo-cojo-b52b7769\/\",\"https:\/\/www.pinterest.es\/elojocojo\/_saved\/\",\"https:\/\/www.youtube.com\/channel\/UCkFtFTV0Bms7zH7vq8FZxZg\"]},{\"@type\":\"Person\",\"@id\":\"\",\"url\":\"https:\/\/elojocojo.org\/author\/\"}]}<\/script>\n<!-- \/ Yoast SEO plugin. -->","yoast_head_json":{"title":"Examen - el ojO cojo","description":"Examen (2003) narra la injusta condena de un joven y su lucha por la verdad, el perd\u00f3n y la reconstrucci\u00f3n en un r\u00e9gimen opresivo.","robots":{"index":"index","follow":"follow","max-snippet":"max-snippet:-1","max-image-preview":"max-image-preview:large","max-video-preview":"max-video-preview:-1"},"canonical":"https:\/\/elojocojo.org\/examen\/","og_locale":"es_ES","og_type":"article","og_title":"Examen - el ojO cojo","og_description":"Examen (2003) narra la injusta condena de un joven y su lucha por la verdad, el perd\u00f3n y la reconstrucci\u00f3n en un r\u00e9gimen opresivo.","og_url":"https:\/\/elojocojo.org\/examen\/","og_site_name":"el ojO cojo","article_publisher":"https:\/\/www.facebook.com\/elojocojo","article_published_time":"2008-09-07T16:10:49+00:00","article_modified_time":"2025-09-19T09:24:25+00:00","og_image":[{"width":357,"height":136,"url":"https:\/\/elojocojo.org\/wp-content\/uploads\/2008\/09\/munee-e1748584657663.jpeg","type":"image\/jpeg"}],"twitter_card":"summary_large_image","twitter_creator":"@elojocojo","twitter_site":"@elojocojo","twitter_misc":{"Escrito por":"","Tiempo de lectura":"1 minuto"},"schema":{"@context":"https:\/\/schema.org","@graph":[{"@type":"Article","@id":"https:\/\/elojocojo.org\/examen\/#article","isPartOf":{"@id":"https:\/\/elojocojo.org\/examen\/"},"author":{"name":"","@id":""},"headline":"Examen","datePublished":"2008-09-07T16:10:49+00:00","dateModified":"2025-09-19T09:24:25+00:00","mainEntityOfPage":{"@id":"https:\/\/elojocojo.org\/examen\/"},"wordCount":363,"publisher":{"@id":"https:\/\/elojocojo.org\/#organization"},"image":{"@id":"https:\/\/elojocojo.org\/examen\/#primaryimage"},"thumbnailUrl":"https:\/\/elojocojo.org\/wp-content\/uploads\/2008\/09\/munee-e1748584657663.jpeg","keywords":["2003","2008","c\u00e1rcel","conflicto","Desplazados","discriminaci\u00f3n","drama","Europa","festival de cine","Festival el Ojo cojo","ficci\u00f3n","historia","ingl\u00e9s","libertad","minor\u00edas","Paz y justicia e instituciones s\u00f3lidas","pol\u00edtica","Rumania","violencia policial"],"articleSection":["Drama","Festival 2008","Ficci\u00f3n"],"inLanguage":"es"},{"@type":"WebPage","@id":"https:\/\/elojocojo.org\/examen\/","url":"https:\/\/elojocojo.org\/examen\/","name":"Examen - el ojO cojo","isPartOf":{"@id":"https:\/\/elojocojo.org\/#website"},"primaryImageOfPage":{"@id":"https:\/\/elojocojo.org\/examen\/#primaryimage"},"image":{"@id":"https:\/\/elojocojo.org\/examen\/#primaryimage"},"thumbnailUrl":"https:\/\/elojocojo.org\/wp-content\/uploads\/2008\/09\/munee-e1748584657663.jpeg","datePublished":"2008-09-07T16:10:49+00:00","dateModified":"2025-09-19T09:24:25+00:00","description":"Examen (2003) narra la injusta condena de un joven y su lucha por la verdad, el perd\u00f3n y la reconstrucci\u00f3n en un r\u00e9gimen opresivo.","breadcrumb":{"@id":"https:\/\/elojocojo.org\/examen\/#breadcrumb"},"inLanguage":"es","potentialAction":[{"@type":"ReadAction","target":["https:\/\/elojocojo.org\/examen\/"]}]},{"@type":"ImageObject","inLanguage":"es","@id":"https:\/\/elojocojo.org\/examen\/#primaryimage","url":"https:\/\/elojocojo.org\/wp-content\/uploads\/2008\/09\/munee-e1748584657663.jpeg","contentUrl":"https:\/\/elojocojo.org\/wp-content\/uploads\/2008\/09\/munee-e1748584657663.jpeg","width":357,"height":136,"caption":"fotograma del filme examen de titus muntean"},{"@type":"BreadcrumbList","@id":"https:\/\/elojocojo.org\/examen\/#breadcrumb","itemListElement":[{"@type":"ListItem","position":1,"name":"Portada","item":"https:\/\/elojocojo.org\/"},{"@type":"ListItem","position":2,"name":"2003","item":"https:\/\/elojocojo.org\/tag\/2003\/"},{"@type":"ListItem","position":3,"name":"Examen"}]},{"@type":"WebSite","@id":"https:\/\/elojocojo.org\/#website","url":"https:\/\/elojocojo.org\/","name":"el ojO cojo","description":"Todos estamos hechos de la misma esencia","publisher":{"@id":"https:\/\/elojocojo.org\/#organization"},"potentialAction":[{"@type":"SearchAction","target":{"@type":"EntryPoint","urlTemplate":"https:\/\/elojocojo.org\/?s={search_term_string}"},"query-input":{"@type":"PropertyValueSpecification","valueRequired":true,"valueName":"search_term_string"}}],"inLanguage":"es"},{"@type":"Organization","@id":"https:\/\/elojocojo.org\/#organization","name":"Meigas da r\u00faa","url":"https:\/\/elojocojo.org\/","logo":{"@type":"ImageObject","inLanguage":"es","@id":"https:\/\/elojocojo.org\/#\/schema\/logo\/image\/","url":"https:\/\/meigasdarua.org\/wp-content\/uploads\/2020\/09\/cropped-logo-meigas-5.png","contentUrl":"https:\/\/meigasdarua.org\/wp-content\/uploads\/2020\/09\/cropped-logo-meigas-5.png","width":109,"height":200,"caption":"Meigas da r\u00faa"},"image":{"@id":"https:\/\/elojocojo.org\/#\/schema\/logo\/image\/"},"sameAs":["https:\/\/www.facebook.com\/elojocojo","https:\/\/x.com\/elojocojo","https:\/\/www.instagram.com\/elojocojo\/?hl=es","https:\/\/www.linkedin.com\/in\/el-ojo-cojo-b52b7769\/","https:\/\/www.pinterest.es\/elojocojo\/_saved\/","https:\/\/www.youtube.com\/channel\/UCkFtFTV0Bms7zH7vq8FZxZg"]},{"@type":"Person","@id":"","url":"https:\/\/elojocojo.org\/author\/"}]}},"_links":{"self":[{"href":"https:\/\/elojocojo.org\/wp-json\/wp\/v2\/posts\/1971","targetHints":{"allow":["GET"]}}],"collection":[{"href":"https:\/\/elojocojo.org\/wp-json\/wp\/v2\/posts"}],"about":[{"href":"https:\/\/elojocojo.org\/wp-json\/wp\/v2\/types\/post"}],"author":[{"embeddable":true,"href":"https:\/\/elojocojo.org\/wp-json\/wp\/v2\/users\/3"}],"replies":[{"embeddable":true,"href":"https:\/\/elojocojo.org\/wp-json\/wp\/v2\/comments?post=1971"}],"version-history":[{"count":22,"href":"https:\/\/elojocojo.org\/wp-json\/wp\/v2\/posts\/1971\/revisions"}],"predecessor-version":[{"id":71650,"href":"https:\/\/elojocojo.org\/wp-json\/wp\/v2\/posts\/1971\/revisions\/71650"}],"wp:featuredmedia":[{"embeddable":true,"href":"https:\/\/elojocojo.org\/wp-json\/wp\/v2\/media\/69071"}],"wp:attachment":[{"href":"https:\/\/elojocojo.org\/wp-json\/wp\/v2\/media?parent=1971"}],"wp:term":[{"taxonomy":"category","embeddable":true,"href":"https:\/\/elojocojo.org\/wp-json\/wp\/v2\/categories?post=1971"},{"taxonomy":"post_tag","embeddable":true,"href":"https:\/\/elojocojo.org\/wp-json\/wp\/v2\/tags?post=1971"}],"curies":[{"name":"wp","href":"https:\/\/api.w.org\/{rel}","templated":true}]}}