{"id":1944,"date":"2008-09-07T08:37:48","date_gmt":"2008-09-07T15:37:48","guid":{"rendered":"http:\/\/www.elojocojo.org\/blog2\/?p=1944"},"modified":"2025-09-19T11:26:50","modified_gmt":"2025-09-19T09:26:50","slug":"alter-ego","status":"publish","type":"post","link":"https:\/\/elojocojo.org\/alter-ego\/","title":{"rendered":"Alter Ego"},"content":{"rendered":"\n<div class=\"wp-block-group\"><div class=\"wp-block-group__inner-container is-layout-constrained wp-block-group-is-layout-constrained\">\n<div class=\"vimeo-embed\">\n    <iframe src=\"https:\/\/player.vimeo.com\/video\/180405465?title=0&#038;byline=0&#038;portrait=0\" \n            width=\"1150\" height=\"568\" \n            frameborder=\"0\" \n            allow=\"autoplay; fullscreen\" \n            allowfullscreen><\/iframe>\n<\/div>\n<\/div><\/div>\n\n\n<p>T\u00cdTULO: <em>Alter Ego.<\/em><br \/>A\u00d1O: 2007.<br \/>DIRECTOR: Kuba Gryglicki.<br \/>G\u00c9NERO: animaci\u00f3n.<br \/>DURACI\u00d3N: 20&#8242;.<br \/>PA\u00cdS: Polonia.<br \/>TIPO: color.<br \/>IDIOMA ORIGINAL: polaco.<br \/>SUBT\u00cdTULOS: ingl\u00e9s.<\/p>\n<p>SIN\u00d3PSIS:<\/p>\n<h3>El Reino de las Sombras Enga\u00f1osas<\/h3>\n<p class=\"ds-markdown-paragraph\">En lo m\u00e1s profundo de un p\u00e1ramo olvidado por el tiempo, se alza una torre alta y angosta, sus muros gastados por siglos de vientos helados. Dentro de sus fr\u00edas paredes de piedra habita Jester, el \u00fanico morador de este lugar desolado. Su existencia transcurre en una soledad que parece no tener fin, acompa\u00f1ado \u00fanicamente por el eco de sus propios pasos y el crujir de la estructura antigua.<\/p>\n<h3>Un Mundo del <em>Alter Ego<\/em><\/h3>\n<p class=\"ds-markdown-paragraph\">Este reino no sigue las reglas del mundo real. Aqu\u00ed, la realidad se dobla y retuerce como un espejismo en el desierto. Las sombras se alargan m\u00e1s de lo posible, los objetos cambian de forma cuando nadie los mira, y los sonidos llegan tarde, como si el tiempo mismo vacilara. Jester ha aprendido que nada puede tomarse por cierto: hasta su propio reflejo en los charcos le miente con sonrisas que nunca ha sentido.<\/p>\n<h3>La Prisi\u00f3n de la Percepci\u00f3n<\/h3>\n<p class=\"ds-markdown-paragraph\">Cada ma\u00f1ana, Jester asciende a lo alto de la torre para observar el horizonte. Pero el paisaje nunca es el mismo. Ayer hab\u00eda un bosque; hoy, un oc\u00e9ano se extiende hasta donde alcanza la vista. \u00bfEs esto locura o simplemente otra capa de la ilusi\u00f3n? Intenta recordar c\u00f3mo lleg\u00f3 aqu\u00ed, pero sus memorias m\u00e1s antiguas se desvanecen como humo entre los dedos.<\/p>\n<h3>El \u00daltimo Secreto del <em>Alter Ego<\/em><\/h3>\n<p class=\"ds-markdown-paragraph\">Con los a\u00f1os, Jester ha desarrollado un ritual: cada noche, talla una marca en la pared, contando los d\u00edas. Pero las marcas desaparecen al amanecer, burl\u00e1ndose de su intento por imponer orden en el caos. Sin embargo, persiste. Porque en el fondo de su ser, una voz susurra que hay una verdad escondida tras el velo de este mundo ilusorio. Y est\u00e1 decidido a encontrarla, aunque sea lo \u00faltimo que haga.<\/p>\n\n\n<p>El filme<em> Alter Ego<\/em> particip\u00f3 en la edici\u00f3n 2008&nbsp;del <a href=\"https:\/\/elojocojo.org\/category\/festival-2008\/\"><strong>Festival de cine el ojO cojo<\/strong> <\/a>en ese sentido nos sentimos honrados de haberla exhibido.<\/p>\n\n\n\n<p><a href=\"https:\/\/www.filmaffinity.com\/bo\/reviews\/1\/792896.html\">Filmaffimity<\/a>: 5,5<\/p>\n\n\n\n<p>Visita nuestro  <a href=\"https:\/\/el-ojocojo.blogspot.com\/\">blog<\/a><\/p>\n","protected":false},"excerpt":{"rendered":"<p>Alter Ego es un drama polaco de Kuba Gryglicki, que sigue la historia de un exrockero famoso que, a\u00f1os despu\u00e9s de su gloria, intenta reconstruir su vida y enfrentar los errores del pasado. La pel\u00edcula explora temas de redenci\u00f3n, identidad y el precio de la fama.<\/p>\n","protected":false},"author":11,"featured_media":70062,"comment_status":"closed","ping_status":"open","sticky":false,"template":"","format":"standard","meta":{"_monsterinsights_skip_tracking":false,"_monsterinsights_sitenote_active":false,"_monsterinsights_sitenote_note":"","_monsterinsights_sitenote_category":0,"footnotes":""},"categories":[32,1,30],"tags":[1905,1833,1473,881,1221,1981,1982,1628,2118,1083,1910,2369,1484,1128,25],"class_list":{"0":"post-1944","1":"post","2":"type-post","3":"status-publish","4":"format-standard","5":"has-post-thumbnail","7":"category-animacion","8":"category-festival-2008","9":"category-ficcion","10":"tag-1905","11":"tag-animacion","12":"tag-carcel","13":"tag-desplazados","14":"tag-estereotipos","15":"tag-festival-de-cine","16":"tag-festival-el-ojo-cojo","17":"tag-ficcion","18":"tag-ingles","19":"tag-minorias","20":"tag-ods","21":"tag-polonia","22":"tag-salud-mental","23":"tag-salud-y-bienestar","24":"tag-soledad","25":"czr-hentry"},"yoast_head":"<!-- This site is optimized with the Yoast SEO plugin v27.1.1 - https:\/\/yoast.com\/product\/yoast-seo-wordpress\/ -->\n<title>Alter Ego - el ojO cojo<\/title>\n<meta name=\"description\" content=\"Pel\u00edcula Alter Ego exhibida en la edici\u00f3n 2008 del Festival el ojO cojo. Pa\u00eds de origen, Polonia. Dirigido por Kuba Gryglicki.\" \/>\n<meta name=\"robots\" content=\"index, follow, max-snippet:-1, max-image-preview:large, max-video-preview:-1\" \/>\n<link rel=\"canonical\" href=\"https:\/\/elojocojo.org\/alter-ego\/\" \/>\n<meta property=\"og:locale\" content=\"es_ES\" \/>\n<meta property=\"og:type\" content=\"article\" \/>\n<meta property=\"og:title\" content=\"Alter Ego - el ojO cojo\" \/>\n<meta property=\"og:description\" content=\"Pel\u00edcula Alter Ego exhibida en la edici\u00f3n 2008 del Festival el ojO cojo. Pa\u00eds de origen, Polonia. Dirigido por Kuba Gryglicki.\" \/>\n<meta property=\"og:url\" content=\"https:\/\/elojocojo.org\/alter-ego\/\" \/>\n<meta property=\"og:site_name\" content=\"el ojO cojo\" \/>\n<meta property=\"article:publisher\" content=\"https:\/\/www.facebook.com\/elojocojo\" \/>\n<meta property=\"article:published_time\" content=\"2008-09-07T15:37:48+00:00\" \/>\n<meta property=\"article:modified_time\" content=\"2025-09-19T09:26:50+00:00\" \/>\n<meta property=\"og:image\" content=\"https:\/\/elojocojo.org\/wp-content\/uploads\/2008\/09\/alter_ego-778799054-large-e1748539413893.jpg\" \/>\n\t<meta property=\"og:image:width\" content=\"800\" \/>\n\t<meta property=\"og:image:height\" content=\"560\" \/>\n\t<meta property=\"og:image:type\" content=\"image\/jpeg\" \/>\n<meta name=\"author\" content=\"cojo\" \/>\n<meta name=\"twitter:card\" content=\"summary_large_image\" \/>\n<meta name=\"twitter:creator\" content=\"@elojocojo\" \/>\n<meta name=\"twitter:site\" content=\"@elojocojo\" \/>\n<meta name=\"twitter:label1\" content=\"Escrito por\" \/>\n\t<meta name=\"twitter:data1\" content=\"cojo\" \/>\n\t<meta name=\"twitter:label2\" content=\"Tiempo de lectura\" \/>\n\t<meta name=\"twitter:data2\" content=\"1 minuto\" \/>\n<script type=\"application\/ld+json\" class=\"yoast-schema-graph\">{\"@context\":\"https:\/\/schema.org\",\"@graph\":[{\"@type\":\"Article\",\"@id\":\"https:\/\/elojocojo.org\/alter-ego\/#article\",\"isPartOf\":{\"@id\":\"https:\/\/elojocojo.org\/alter-ego\/\"},\"author\":{\"name\":\"cojo\",\"@id\":\"https:\/\/elojocojo.org\/#\/schema\/person\/cba15985dd5da095cac31c1ff0d6e23e\"},\"headline\":\"Alter Ego\",\"datePublished\":\"2008-09-07T15:37:48+00:00\",\"dateModified\":\"2025-09-19T09:26:50+00:00\",\"mainEntityOfPage\":{\"@id\":\"https:\/\/elojocojo.org\/alter-ego\/\"},\"wordCount\":376,\"publisher\":{\"@id\":\"https:\/\/elojocojo.org\/#organization\"},\"image\":{\"@id\":\"https:\/\/elojocojo.org\/alter-ego\/#primaryimage\"},\"thumbnailUrl\":\"https:\/\/elojocojo.org\/wp-content\/uploads\/2008\/09\/alter_ego-778799054-large-e1748539413893.jpg\",\"keywords\":[\"2008\",\"animaci\u00f3n\",\"c\u00e1rcel\",\"Desplazados\",\"estereotipos\",\"festival de cine\",\"Festival el Ojo cojo\",\"ficci\u00f3n\",\"ingl\u00e9s\",\"minor\u00edas\",\"ODS\",\"Polonia\",\"salud mental\",\"Salud y bienestar\",\"soledad\"],\"articleSection\":[\"Animaci\u00f3n\",\"Festival 2008\",\"Ficci\u00f3n\"],\"inLanguage\":\"es\"},{\"@type\":\"WebPage\",\"@id\":\"https:\/\/elojocojo.org\/alter-ego\/\",\"url\":\"https:\/\/elojocojo.org\/alter-ego\/\",\"name\":\"Alter Ego - el ojO cojo\",\"isPartOf\":{\"@id\":\"https:\/\/elojocojo.org\/#website\"},\"primaryImageOfPage\":{\"@id\":\"https:\/\/elojocojo.org\/alter-ego\/#primaryimage\"},\"image\":{\"@id\":\"https:\/\/elojocojo.org\/alter-ego\/#primaryimage\"},\"thumbnailUrl\":\"https:\/\/elojocojo.org\/wp-content\/uploads\/2008\/09\/alter_ego-778799054-large-e1748539413893.jpg\",\"datePublished\":\"2008-09-07T15:37:48+00:00\",\"dateModified\":\"2025-09-19T09:26:50+00:00\",\"description\":\"Pel\u00edcula Alter Ego exhibida en la edici\u00f3n 2008 del Festival el ojO cojo. Pa\u00eds de origen, Polonia. Dirigido por Kuba Gryglicki.\",\"breadcrumb\":{\"@id\":\"https:\/\/elojocojo.org\/alter-ego\/#breadcrumb\"},\"inLanguage\":\"es\",\"potentialAction\":[{\"@type\":\"ReadAction\",\"target\":[\"https:\/\/elojocojo.org\/alter-ego\/\"]}]},{\"@type\":\"ImageObject\",\"inLanguage\":\"es\",\"@id\":\"https:\/\/elojocojo.org\/alter-ego\/#primaryimage\",\"url\":\"https:\/\/elojocojo.org\/wp-content\/uploads\/2008\/09\/alter_ego-778799054-large-e1748539413893.jpg\",\"contentUrl\":\"https:\/\/elojocojo.org\/wp-content\/uploads\/2008\/09\/alter_ego-778799054-large-e1748539413893.jpg\",\"width\":800,\"height\":560,\"caption\":\"Se observa a un se\u00f1or con una expresi\u00f3n de amargura y tristeza .\"},{\"@type\":\"BreadcrumbList\",\"@id\":\"https:\/\/elojocojo.org\/alter-ego\/#breadcrumb\",\"itemListElement\":[{\"@type\":\"ListItem\",\"position\":1,\"name\":\"Portada\",\"item\":\"https:\/\/elojocojo.org\/\"},{\"@type\":\"ListItem\",\"position\":2,\"name\":\"2008\",\"item\":\"https:\/\/elojocojo.org\/tag\/2008\/\"},{\"@type\":\"ListItem\",\"position\":3,\"name\":\"Alter Ego\"}]},{\"@type\":\"WebSite\",\"@id\":\"https:\/\/elojocojo.org\/#website\",\"url\":\"https:\/\/elojocojo.org\/\",\"name\":\"el ojO cojo\",\"description\":\"Todos estamos hechos de la misma esencia\",\"publisher\":{\"@id\":\"https:\/\/elojocojo.org\/#organization\"},\"potentialAction\":[{\"@type\":\"SearchAction\",\"target\":{\"@type\":\"EntryPoint\",\"urlTemplate\":\"https:\/\/elojocojo.org\/?s={search_term_string}\"},\"query-input\":{\"@type\":\"PropertyValueSpecification\",\"valueRequired\":true,\"valueName\":\"search_term_string\"}}],\"inLanguage\":\"es\"},{\"@type\":\"Organization\",\"@id\":\"https:\/\/elojocojo.org\/#organization\",\"name\":\"Meigas da r\u00faa\",\"url\":\"https:\/\/elojocojo.org\/\",\"logo\":{\"@type\":\"ImageObject\",\"inLanguage\":\"es\",\"@id\":\"https:\/\/elojocojo.org\/#\/schema\/logo\/image\/\",\"url\":\"https:\/\/meigasdarua.org\/wp-content\/uploads\/2020\/09\/cropped-logo-meigas-5.png\",\"contentUrl\":\"https:\/\/meigasdarua.org\/wp-content\/uploads\/2020\/09\/cropped-logo-meigas-5.png\",\"width\":109,\"height\":200,\"caption\":\"Meigas da r\u00faa\"},\"image\":{\"@id\":\"https:\/\/elojocojo.org\/#\/schema\/logo\/image\/\"},\"sameAs\":[\"https:\/\/www.facebook.com\/elojocojo\",\"https:\/\/x.com\/elojocojo\",\"https:\/\/www.instagram.com\/elojocojo\/?hl=es\",\"https:\/\/www.linkedin.com\/in\/el-ojo-cojo-b52b7769\/\",\"https:\/\/www.pinterest.es\/elojocojo\/_saved\/\",\"https:\/\/www.youtube.com\/channel\/UCkFtFTV0Bms7zH7vq8FZxZg\"]},{\"@type\":\"Person\",\"@id\":\"https:\/\/elojocojo.org\/#\/schema\/person\/cba15985dd5da095cac31c1ff0d6e23e\",\"name\":\"cojo\",\"url\":\"https:\/\/elojocojo.org\/author\/cojo\/\"}]}<\/script>\n<!-- \/ Yoast SEO plugin. -->","yoast_head_json":{"title":"Alter Ego - el ojO cojo","description":"Pel\u00edcula Alter Ego exhibida en la edici\u00f3n 2008 del Festival el ojO cojo. Pa\u00eds de origen, Polonia. Dirigido por Kuba Gryglicki.","robots":{"index":"index","follow":"follow","max-snippet":"max-snippet:-1","max-image-preview":"max-image-preview:large","max-video-preview":"max-video-preview:-1"},"canonical":"https:\/\/elojocojo.org\/alter-ego\/","og_locale":"es_ES","og_type":"article","og_title":"Alter Ego - el ojO cojo","og_description":"Pel\u00edcula Alter Ego exhibida en la edici\u00f3n 2008 del Festival el ojO cojo. Pa\u00eds de origen, Polonia. Dirigido por Kuba Gryglicki.","og_url":"https:\/\/elojocojo.org\/alter-ego\/","og_site_name":"el ojO cojo","article_publisher":"https:\/\/www.facebook.com\/elojocojo","article_published_time":"2008-09-07T15:37:48+00:00","article_modified_time":"2025-09-19T09:26:50+00:00","og_image":[{"width":800,"height":560,"url":"https:\/\/elojocojo.org\/wp-content\/uploads\/2008\/09\/alter_ego-778799054-large-e1748539413893.jpg","type":"image\/jpeg"}],"author":"cojo","twitter_card":"summary_large_image","twitter_creator":"@elojocojo","twitter_site":"@elojocojo","twitter_misc":{"Escrito por":"cojo","Tiempo de lectura":"1 minuto"},"schema":{"@context":"https:\/\/schema.org","@graph":[{"@type":"Article","@id":"https:\/\/elojocojo.org\/alter-ego\/#article","isPartOf":{"@id":"https:\/\/elojocojo.org\/alter-ego\/"},"author":{"name":"cojo","@id":"https:\/\/elojocojo.org\/#\/schema\/person\/cba15985dd5da095cac31c1ff0d6e23e"},"headline":"Alter Ego","datePublished":"2008-09-07T15:37:48+00:00","dateModified":"2025-09-19T09:26:50+00:00","mainEntityOfPage":{"@id":"https:\/\/elojocojo.org\/alter-ego\/"},"wordCount":376,"publisher":{"@id":"https:\/\/elojocojo.org\/#organization"},"image":{"@id":"https:\/\/elojocojo.org\/alter-ego\/#primaryimage"},"thumbnailUrl":"https:\/\/elojocojo.org\/wp-content\/uploads\/2008\/09\/alter_ego-778799054-large-e1748539413893.jpg","keywords":["2008","animaci\u00f3n","c\u00e1rcel","Desplazados","estereotipos","festival de cine","Festival el Ojo cojo","ficci\u00f3n","ingl\u00e9s","minor\u00edas","ODS","Polonia","salud mental","Salud y bienestar","soledad"],"articleSection":["Animaci\u00f3n","Festival 2008","Ficci\u00f3n"],"inLanguage":"es"},{"@type":"WebPage","@id":"https:\/\/elojocojo.org\/alter-ego\/","url":"https:\/\/elojocojo.org\/alter-ego\/","name":"Alter Ego - el ojO cojo","isPartOf":{"@id":"https:\/\/elojocojo.org\/#website"},"primaryImageOfPage":{"@id":"https:\/\/elojocojo.org\/alter-ego\/#primaryimage"},"image":{"@id":"https:\/\/elojocojo.org\/alter-ego\/#primaryimage"},"thumbnailUrl":"https:\/\/elojocojo.org\/wp-content\/uploads\/2008\/09\/alter_ego-778799054-large-e1748539413893.jpg","datePublished":"2008-09-07T15:37:48+00:00","dateModified":"2025-09-19T09:26:50+00:00","description":"Pel\u00edcula Alter Ego exhibida en la edici\u00f3n 2008 del Festival el ojO cojo. Pa\u00eds de origen, Polonia. Dirigido por Kuba Gryglicki.","breadcrumb":{"@id":"https:\/\/elojocojo.org\/alter-ego\/#breadcrumb"},"inLanguage":"es","potentialAction":[{"@type":"ReadAction","target":["https:\/\/elojocojo.org\/alter-ego\/"]}]},{"@type":"ImageObject","inLanguage":"es","@id":"https:\/\/elojocojo.org\/alter-ego\/#primaryimage","url":"https:\/\/elojocojo.org\/wp-content\/uploads\/2008\/09\/alter_ego-778799054-large-e1748539413893.jpg","contentUrl":"https:\/\/elojocojo.org\/wp-content\/uploads\/2008\/09\/alter_ego-778799054-large-e1748539413893.jpg","width":800,"height":560,"caption":"Se observa a un se\u00f1or con una expresi\u00f3n de amargura y tristeza ."},{"@type":"BreadcrumbList","@id":"https:\/\/elojocojo.org\/alter-ego\/#breadcrumb","itemListElement":[{"@type":"ListItem","position":1,"name":"Portada","item":"https:\/\/elojocojo.org\/"},{"@type":"ListItem","position":2,"name":"2008","item":"https:\/\/elojocojo.org\/tag\/2008\/"},{"@type":"ListItem","position":3,"name":"Alter Ego"}]},{"@type":"WebSite","@id":"https:\/\/elojocojo.org\/#website","url":"https:\/\/elojocojo.org\/","name":"el ojO cojo","description":"Todos estamos hechos de la misma esencia","publisher":{"@id":"https:\/\/elojocojo.org\/#organization"},"potentialAction":[{"@type":"SearchAction","target":{"@type":"EntryPoint","urlTemplate":"https:\/\/elojocojo.org\/?s={search_term_string}"},"query-input":{"@type":"PropertyValueSpecification","valueRequired":true,"valueName":"search_term_string"}}],"inLanguage":"es"},{"@type":"Organization","@id":"https:\/\/elojocojo.org\/#organization","name":"Meigas da r\u00faa","url":"https:\/\/elojocojo.org\/","logo":{"@type":"ImageObject","inLanguage":"es","@id":"https:\/\/elojocojo.org\/#\/schema\/logo\/image\/","url":"https:\/\/meigasdarua.org\/wp-content\/uploads\/2020\/09\/cropped-logo-meigas-5.png","contentUrl":"https:\/\/meigasdarua.org\/wp-content\/uploads\/2020\/09\/cropped-logo-meigas-5.png","width":109,"height":200,"caption":"Meigas da r\u00faa"},"image":{"@id":"https:\/\/elojocojo.org\/#\/schema\/logo\/image\/"},"sameAs":["https:\/\/www.facebook.com\/elojocojo","https:\/\/x.com\/elojocojo","https:\/\/www.instagram.com\/elojocojo\/?hl=es","https:\/\/www.linkedin.com\/in\/el-ojo-cojo-b52b7769\/","https:\/\/www.pinterest.es\/elojocojo\/_saved\/","https:\/\/www.youtube.com\/channel\/UCkFtFTV0Bms7zH7vq8FZxZg"]},{"@type":"Person","@id":"https:\/\/elojocojo.org\/#\/schema\/person\/cba15985dd5da095cac31c1ff0d6e23e","name":"cojo","url":"https:\/\/elojocojo.org\/author\/cojo\/"}]}},"_links":{"self":[{"href":"https:\/\/elojocojo.org\/wp-json\/wp\/v2\/posts\/1944","targetHints":{"allow":["GET"]}}],"collection":[{"href":"https:\/\/elojocojo.org\/wp-json\/wp\/v2\/posts"}],"about":[{"href":"https:\/\/elojocojo.org\/wp-json\/wp\/v2\/types\/post"}],"author":[{"embeddable":true,"href":"https:\/\/elojocojo.org\/wp-json\/wp\/v2\/users\/11"}],"replies":[{"embeddable":true,"href":"https:\/\/elojocojo.org\/wp-json\/wp\/v2\/comments?post=1944"}],"version-history":[{"count":24,"href":"https:\/\/elojocojo.org\/wp-json\/wp\/v2\/posts\/1944\/revisions"}],"predecessor-version":[{"id":70061,"href":"https:\/\/elojocojo.org\/wp-json\/wp\/v2\/posts\/1944\/revisions\/70061"}],"wp:featuredmedia":[{"embeddable":true,"href":"https:\/\/elojocojo.org\/wp-json\/wp\/v2\/media\/70062"}],"wp:attachment":[{"href":"https:\/\/elojocojo.org\/wp-json\/wp\/v2\/media?parent=1944"}],"wp:term":[{"taxonomy":"category","embeddable":true,"href":"https:\/\/elojocojo.org\/wp-json\/wp\/v2\/categories?post=1944"},{"taxonomy":"post_tag","embeddable":true,"href":"https:\/\/elojocojo.org\/wp-json\/wp\/v2\/tags?post=1944"}],"curies":[{"name":"wp","href":"https:\/\/api.w.org\/{rel}","templated":true}]}}