{"id":1883,"date":"2008-09-05T21:21:47","date_gmt":"2008-09-06T04:21:47","guid":{"rendered":"http:\/\/www.elojocojo.org\/blog2\/?p=1883"},"modified":"2026-02-13T11:08:47","modified_gmt":"2026-02-13T10:08:47","slug":"convivencias","status":"publish","type":"post","link":"https:\/\/elojocojo.org\/convivencias\/","title":{"rendered":"Convivencias"},"content":{"rendered":"\n<p class=\"has-black-color has-text-color has-link-color wp-elements-42804d937fa831c950b1bb7f511d00ba\">T\u00edtulo: Convivencias. <br \/><br \/>T\u00edtulo Original: Conviv\u00e8ncies.<br \/><br \/>A\u00f1o: 2008.<br \/><br \/>Director: Miquel Forteza Moll.<br \/><br \/>G\u00e9nero Cinematogr\u00e1fico: Drama.<br \/><br \/>Duraci\u00f3n: 10&#8242;.<br \/><br \/>Pa\u00eds: Espa\u00f1a.<br \/><br \/>Formato Original: Digital.<br \/><br \/>Idioma Original: Catal\u00e1n.<br \/><br \/>Subt\u00edtulos: Castellano e Ingl\u00e9s.<br \/><br \/>Int\u00e9rpretes: Francisco Javier Torres, Mar Forteza, Alex Garcias, Mohamed Kassis, Abir Aoulad, Zakaria El Khabiaz, Manuel Barcel\u00f3, Lucia Moreno, Manuel Barros, B\u00e0rbara Barcel\u00f3, Jaume Fuster, Aina Compte, Marian Vialta, David Navarro.<br \/><br \/>Producci\u00f3n: Margalida Moll.<br \/><br \/>Guion: Miquel Forteza Moll y Carles Heredia Llinars.<br \/><br \/>Edici\u00f3n\/Montaje: Miquel Forteza y Alex PS.<\/p>\n\n\n\n<h3 class=\"wp-block-heading has-black-color has-text-color has-link-color wp-elements-34466548e1cc331f9b4af6faa664c439\"><strong>S<\/strong>inopsis <\/h3>\n\n\n\n<p>En <em>Convivencias<\/em>, una tensa reuni\u00f3n de padres y madres se convierte en el epicentro de un conflicto que va mucho m\u00e1s all\u00e1 de una agresi\u00f3n puntual. Lo que comienza como un intento por esclarecer los hechos pronto deriva en un enfrentamiento verbal cargado de reproches, sospechas y emociones contenidas. As\u00ed, la sesi\u00f3n revela no solo los detalles del incidente, sino tambi\u00e9n las grietas invisibles que atraviesan a toda la comunidad escolar.<\/p>\n\n\n\n<h2 class=\"wp-block-heading has-black-color has-text-color has-link-color wp-elements-278ceccf5ecbaa3cec30ada1ff09351b\">El escenario de la reuni\u00f3n<\/h2>\n\n\n\n<p>Las sillas enfrentadas y el silencio inicial anticipan un intercambio dif\u00edcil. A medida que avanzan las intervenciones, las palabras se cargan de emociones y las posturas se radicalizan. Debido a la presi\u00f3n del momento, lo que deb\u00eda ser una conversaci\u00f3n serena se convierte en un cruce de acusaciones y defensas. De este modo, el espacio pierde su aparente neutralidad y se transforma en reflejo de un conflicto m\u00e1s profundo.<\/p>\n\n\n\n<h2 class=\"wp-block-heading\">Reflejo de una sociedad dividida<\/h2>\n\n\n\n<p>Por otro lado, el encuentro refleja fielmente las diversas opiniones de la sociedad frente a un espinoso problema actual. En otras palabras, cada intervenci\u00f3n de los progenitores muestra una postura distinta ante el conflicto. De este modo, el relato expone c\u00f3mo los prejuicios individuales influyen directamente en la percepci\u00f3n de la realidad, especialmente cuando se trata de juzgar a los menores.<\/p>\n\n\n\n<h2 class=\"wp-block-heading\">El acoso bajo el microscopio<\/h2>\n\n\n\n<p>En cuanto al tema central, la trama se sumerge en las profundidades del acoso y la violencia escolar. Adem\u00e1s, el di\u00e1logo permite analizar c\u00f3mo este fen\u00f3meno afecta no solo a las v\u00edctimas, sino tambi\u00e9n a los agresores y a sus familias. Por lo tanto, la obra funciona como un espejo inc\u00f3modo para el espectador, ya que obliga a cuestionar la responsabilidad colectiva en estos casos.<\/p>\n\n\n\n<h2 class=\"wp-block-heading\">Tensiones y dilemas \u00e9ticos<\/h2>\n\n\n\n<p>A pesar de que el objetivo inicial es aclarar los hechos, surgen constantes dilemas \u00e9ticos durante la conversaci\u00f3n. Asimismo, la falta de consenso entre los padres complica cualquier posibilidad de acuerdo inmediato. Por esta raz\u00f3n, la reuni\u00f3n avanza entre silencios c\u00f3mplices y acusaciones directas que impiden llegar a una conclusi\u00f3n pac\u00edfica sobre la ra\u00edz de la violencia.<\/p>\n\n\n\n<h2 class=\"wp-block-heading\">Una mirada hacia la prevenci\u00f3n<\/h2>\n\n\n\n<p class=\"has-black-color has-text-color has-link-color wp-elements-b73b3b7e682b19e0cb7840559579e392\">El filme <em>Convivencias<\/em> invita a una reflexi\u00f3n profunda sobre la necesidad de actuar antes de que ocurra la tragedia. De esta manera, el relato subraya que la comunicaci\u00f3n es fundamental para erradicar el acoso. As\u00ed pues, la historia demuestra que, sin una verdadera empat\u00eda por parte de los adultos, resulta imposible resolver los problemas que afectan a las nuevas generaciones en el aula.<\/p>\n\n\n<div class=\"wp-block-image\">\n<figure class=\"aligncenter size-large is-resized\"><img decoding=\"async\" width=\"253\" height=\"360\" src=\"https:\/\/elojocojo.org\/wp-content\/uploads\/2008\/09\/upscalemedia-transformed-4-253x360.png\" alt=\"Cartel del cortometraje convivencias con fondo negro y una composici\u00f3n abstracta de estructuras geom\u00e9tricas en tonos grises\" class=\"wp-image-74511\" style=\"object-fit:cover;width:246px;height:360px\" srcset=\"https:\/\/elojocojo.org\/wp-content\/uploads\/2008\/09\/upscalemedia-transformed-4-253x360.png 253w, https:\/\/elojocojo.org\/wp-content\/uploads\/2008\/09\/upscalemedia-transformed-4-352x500.png 352w, https:\/\/elojocojo.org\/wp-content\/uploads\/2008\/09\/upscalemedia-transformed-4-281x400.png 281w, https:\/\/elojocojo.org\/wp-content\/uploads\/2008\/09\/upscalemedia-transformed-4.png 552w\" sizes=\"(max-width: 253px) 100vw, 253px\" \/><\/figure>\n<\/div>\n\n\n<p class=\"p1\">El filme <em>Convivencias<\/em> particip\u00f3 en la <a href=\"https:\/\/elojocojo.org\/category\/festival-2008\/\">edici\u00f3n <span class=\"s1\">2008<\/span>\u00a0<\/a>del <a href=\"https:\/\/elojocojo.org\/bienvenida\/festivalelojocojo\/\"><span class=\"s1\">Festival de cine el ojO cojo <\/span><\/a>en ese sentido nos sentimos honrados de haberla exhibido.<\/p>\n\n\n\n<p><a href=\"https:\/\/el-ojocojo.blogspot.com\/\">Visita nuestro blog.<\/a><\/p>\n\n\n\n<p><\/p>\n","protected":false},"excerpt":{"rendered":"<p>Una reuni\u00f3n de padres y madres se transforma en un espacio de tensi\u00f3n y enfrentamiento verbal tras una agresi\u00f3n violenta. A medida que avanza el di\u00e1logo, el intento de comprensi\u00f3n deriva en un conflicto que deja al descubierto las grietas, los prejuicios y las dificultades de convivencia dentro de la comunidad escolar. Dirigido por Miquel Forteza Moll<\/p>\n","protected":false},"author":3,"featured_media":74515,"comment_status":"closed","ping_status":"closed","sticky":false,"template":"","format":"standard","meta":{"_monsterinsights_skip_tracking":false,"_monsterinsights_sitenote_active":false,"_monsterinsights_sitenote_note":"","_monsterinsights_sitenote_category":0,"footnotes":""},"categories":[1460,991,1],"tags":[1905,1126,962,1434,62,1737,1403,2119,1221,15,1981,1982,2118,998,1083,74,136],"class_list":{"0":"post-1883","1":"post","2":"type-post","3":"status-publish","4":"format-standard","5":"has-post-thumbnail","7":"category-cortometraje","8":"category-drama","9":"category-festival-2008","10":"tag-1905","11":"tag-alianzas-para-lograr-objetivos","12":"tag-amor-filial","13":"tag-conflicto","14":"tag-convivencia","15":"tag-drama","16":"tag-educacion-de-calidad","17":"tag-espanol","18":"tag-estereotipos","19":"tag-familia","20":"tag-festival-de-cine","21":"tag-festival-el-ojo-cojo","22":"tag-ingles","23":"tag-interculturalidad","24":"tag-minorias","25":"tag-solidaridad","26":"tag-violencia","27":"czr-hentry"},"yoast_head":"<!-- This site is optimized with the Yoast SEO plugin v27.1.1 - https:\/\/yoast.com\/product\/yoast-seo-wordpress\/ -->\n<title>Convivencias - el ojO cojo<\/title>\n<meta name=\"description\" content=\"Pel\u00edcula Convivencias exhibida en la edici\u00f3n 2008 del Festival el ojO cojo. Pa\u00eds de origen, Espa\u00f1a. Dirigido por Miquel Forteza Moll.\" \/>\n<meta name=\"robots\" content=\"index, follow, max-snippet:-1, max-image-preview:large, max-video-preview:-1\" \/>\n<link rel=\"canonical\" href=\"https:\/\/elojocojo.org\/convivencias\/\" \/>\n<meta property=\"og:locale\" content=\"es_ES\" \/>\n<meta property=\"og:type\" content=\"article\" \/>\n<meta property=\"og:title\" content=\"Convivencias - el ojO cojo\" \/>\n<meta property=\"og:description\" content=\"Pel\u00edcula Convivencias exhibida en la edici\u00f3n 2008 del Festival el ojO cojo. Pa\u00eds de origen, Espa\u00f1a. Dirigido por Miquel Forteza Moll.\" \/>\n<meta property=\"og:url\" content=\"https:\/\/elojocojo.org\/convivencias\/\" \/>\n<meta property=\"og:site_name\" content=\"el ojO cojo\" \/>\n<meta property=\"article:publisher\" content=\"https:\/\/www.facebook.com\/elojocojo\" \/>\n<meta property=\"article:published_time\" content=\"2008-09-06T04:21:47+00:00\" \/>\n<meta property=\"article:modified_time\" content=\"2026-02-13T10:08:47+00:00\" \/>\n<meta property=\"og:image\" content=\"https:\/\/elojocojo.org\/wp-content\/uploads\/2008\/09\/upscalemedia-transformed-5.png\" \/>\n\t<meta property=\"og:image:width\" content=\"896\" \/>\n\t<meta property=\"og:image:height\" content=\"606\" \/>\n\t<meta property=\"og:image:type\" content=\"image\/png\" \/>\n<meta name=\"twitter:card\" content=\"summary_large_image\" \/>\n<meta name=\"twitter:creator\" content=\"@elojocojo\" \/>\n<meta name=\"twitter:site\" content=\"@elojocojo\" \/>\n<meta name=\"twitter:label1\" content=\"Escrito por\" \/>\n\t<meta name=\"twitter:data1\" content=\"\" \/>\n\t<meta name=\"twitter:label2\" content=\"Tiempo de lectura\" \/>\n\t<meta name=\"twitter:data2\" content=\"1 minuto\" \/>\n<script type=\"application\/ld+json\" class=\"yoast-schema-graph\">{\"@context\":\"https:\/\/schema.org\",\"@graph\":[{\"@type\":\"Article\",\"@id\":\"https:\/\/elojocojo.org\/convivencias\/#article\",\"isPartOf\":{\"@id\":\"https:\/\/elojocojo.org\/convivencias\/\"},\"author\":{\"name\":\"\",\"@id\":\"\"},\"headline\":\"Convivencias\",\"datePublished\":\"2008-09-06T04:21:47+00:00\",\"dateModified\":\"2026-02-13T10:08:47+00:00\",\"mainEntityOfPage\":{\"@id\":\"https:\/\/elojocojo.org\/convivencias\/\"},\"wordCount\":562,\"publisher\":{\"@id\":\"https:\/\/elojocojo.org\/#organization\"},\"image\":{\"@id\":\"https:\/\/elojocojo.org\/convivencias\/#primaryimage\"},\"thumbnailUrl\":\"https:\/\/elojocojo.org\/wp-content\/uploads\/2008\/09\/upscalemedia-transformed-5.png\",\"keywords\":[\"2008\",\"Alianzas para lograr objetivos\",\"amor filial\",\"conflicto\",\"convivencia\",\"drama\",\"Educaci\u00f3n de calidad\",\"espa\u00f1ol\",\"estereotipos\",\"familia\",\"festival de cine\",\"Festival el Ojo cojo\",\"ingl\u00e9s\",\"interculturalidad\",\"minor\u00edas\",\"solidaridad\",\"violencia\"],\"articleSection\":[\"Cortometraje\",\"Drama\",\"Festival 2008\"],\"inLanguage\":\"es\"},{\"@type\":\"WebPage\",\"@id\":\"https:\/\/elojocojo.org\/convivencias\/\",\"url\":\"https:\/\/elojocojo.org\/convivencias\/\",\"name\":\"Convivencias - el ojO cojo\",\"isPartOf\":{\"@id\":\"https:\/\/elojocojo.org\/#website\"},\"primaryImageOfPage\":{\"@id\":\"https:\/\/elojocojo.org\/convivencias\/#primaryimage\"},\"image\":{\"@id\":\"https:\/\/elojocojo.org\/convivencias\/#primaryimage\"},\"thumbnailUrl\":\"https:\/\/elojocojo.org\/wp-content\/uploads\/2008\/09\/upscalemedia-transformed-5.png\",\"datePublished\":\"2008-09-06T04:21:47+00:00\",\"dateModified\":\"2026-02-13T10:08:47+00:00\",\"description\":\"Pel\u00edcula Convivencias exhibida en la edici\u00f3n 2008 del Festival el ojO cojo. Pa\u00eds de origen, Espa\u00f1a. Dirigido por Miquel Forteza Moll.\",\"breadcrumb\":{\"@id\":\"https:\/\/elojocojo.org\/convivencias\/#breadcrumb\"},\"inLanguage\":\"es\",\"potentialAction\":[{\"@type\":\"ReadAction\",\"target\":[\"https:\/\/elojocojo.org\/convivencias\/\"]}]},{\"@type\":\"ImageObject\",\"inLanguage\":\"es\",\"@id\":\"https:\/\/elojocojo.org\/convivencias\/#primaryimage\",\"url\":\"https:\/\/elojocojo.org\/wp-content\/uploads\/2008\/09\/upscalemedia-transformed-5.png\",\"contentUrl\":\"https:\/\/elojocojo.org\/wp-content\/uploads\/2008\/09\/upscalemedia-transformed-5.png\",\"width\":896,\"height\":606,\"caption\":\"Reuni\u00f3n de padres y madres en un aula escolar durante un debate tenso, con una mujer de pie frente a la pizarra.\"},{\"@type\":\"BreadcrumbList\",\"@id\":\"https:\/\/elojocojo.org\/convivencias\/#breadcrumb\",\"itemListElement\":[{\"@type\":\"ListItem\",\"position\":1,\"name\":\"Portada\",\"item\":\"https:\/\/elojocojo.org\/\"},{\"@type\":\"ListItem\",\"position\":2,\"name\":\"2008\",\"item\":\"https:\/\/elojocojo.org\/tag\/2008\/\"},{\"@type\":\"ListItem\",\"position\":3,\"name\":\"Convivencias\"}]},{\"@type\":\"WebSite\",\"@id\":\"https:\/\/elojocojo.org\/#website\",\"url\":\"https:\/\/elojocojo.org\/\",\"name\":\"el ojO cojo\",\"description\":\"Todos estamos hechos de la misma esencia\",\"publisher\":{\"@id\":\"https:\/\/elojocojo.org\/#organization\"},\"potentialAction\":[{\"@type\":\"SearchAction\",\"target\":{\"@type\":\"EntryPoint\",\"urlTemplate\":\"https:\/\/elojocojo.org\/?s={search_term_string}\"},\"query-input\":{\"@type\":\"PropertyValueSpecification\",\"valueRequired\":true,\"valueName\":\"search_term_string\"}}],\"inLanguage\":\"es\"},{\"@type\":\"Organization\",\"@id\":\"https:\/\/elojocojo.org\/#organization\",\"name\":\"Meigas da r\u00faa\",\"url\":\"https:\/\/elojocojo.org\/\",\"logo\":{\"@type\":\"ImageObject\",\"inLanguage\":\"es\",\"@id\":\"https:\/\/elojocojo.org\/#\/schema\/logo\/image\/\",\"url\":\"https:\/\/meigasdarua.org\/wp-content\/uploads\/2020\/09\/cropped-logo-meigas-5.png\",\"contentUrl\":\"https:\/\/meigasdarua.org\/wp-content\/uploads\/2020\/09\/cropped-logo-meigas-5.png\",\"width\":109,\"height\":200,\"caption\":\"Meigas da r\u00faa\"},\"image\":{\"@id\":\"https:\/\/elojocojo.org\/#\/schema\/logo\/image\/\"},\"sameAs\":[\"https:\/\/www.facebook.com\/elojocojo\",\"https:\/\/x.com\/elojocojo\",\"https:\/\/www.instagram.com\/elojocojo\/?hl=es\",\"https:\/\/www.linkedin.com\/in\/el-ojo-cojo-b52b7769\/\",\"https:\/\/www.pinterest.es\/elojocojo\/_saved\/\",\"https:\/\/www.youtube.com\/channel\/UCkFtFTV0Bms7zH7vq8FZxZg\"]},{\"@type\":\"Person\",\"@id\":\"\",\"url\":\"https:\/\/elojocojo.org\/author\/\"}]}<\/script>\n<!-- \/ Yoast SEO plugin. -->","yoast_head_json":{"title":"Convivencias - el ojO cojo","description":"Pel\u00edcula Convivencias exhibida en la edici\u00f3n 2008 del Festival el ojO cojo. Pa\u00eds de origen, Espa\u00f1a. Dirigido por Miquel Forteza Moll.","robots":{"index":"index","follow":"follow","max-snippet":"max-snippet:-1","max-image-preview":"max-image-preview:large","max-video-preview":"max-video-preview:-1"},"canonical":"https:\/\/elojocojo.org\/convivencias\/","og_locale":"es_ES","og_type":"article","og_title":"Convivencias - el ojO cojo","og_description":"Pel\u00edcula Convivencias exhibida en la edici\u00f3n 2008 del Festival el ojO cojo. Pa\u00eds de origen, Espa\u00f1a. Dirigido por Miquel Forteza Moll.","og_url":"https:\/\/elojocojo.org\/convivencias\/","og_site_name":"el ojO cojo","article_publisher":"https:\/\/www.facebook.com\/elojocojo","article_published_time":"2008-09-06T04:21:47+00:00","article_modified_time":"2026-02-13T10:08:47+00:00","og_image":[{"width":896,"height":606,"url":"https:\/\/elojocojo.org\/wp-content\/uploads\/2008\/09\/upscalemedia-transformed-5.png","type":"image\/png"}],"twitter_card":"summary_large_image","twitter_creator":"@elojocojo","twitter_site":"@elojocojo","twitter_misc":{"Escrito por":"","Tiempo de lectura":"1 minuto"},"schema":{"@context":"https:\/\/schema.org","@graph":[{"@type":"Article","@id":"https:\/\/elojocojo.org\/convivencias\/#article","isPartOf":{"@id":"https:\/\/elojocojo.org\/convivencias\/"},"author":{"name":"","@id":""},"headline":"Convivencias","datePublished":"2008-09-06T04:21:47+00:00","dateModified":"2026-02-13T10:08:47+00:00","mainEntityOfPage":{"@id":"https:\/\/elojocojo.org\/convivencias\/"},"wordCount":562,"publisher":{"@id":"https:\/\/elojocojo.org\/#organization"},"image":{"@id":"https:\/\/elojocojo.org\/convivencias\/#primaryimage"},"thumbnailUrl":"https:\/\/elojocojo.org\/wp-content\/uploads\/2008\/09\/upscalemedia-transformed-5.png","keywords":["2008","Alianzas para lograr objetivos","amor filial","conflicto","convivencia","drama","Educaci\u00f3n de calidad","espa\u00f1ol","estereotipos","familia","festival de cine","Festival el Ojo cojo","ingl\u00e9s","interculturalidad","minor\u00edas","solidaridad","violencia"],"articleSection":["Cortometraje","Drama","Festival 2008"],"inLanguage":"es"},{"@type":"WebPage","@id":"https:\/\/elojocojo.org\/convivencias\/","url":"https:\/\/elojocojo.org\/convivencias\/","name":"Convivencias - el ojO cojo","isPartOf":{"@id":"https:\/\/elojocojo.org\/#website"},"primaryImageOfPage":{"@id":"https:\/\/elojocojo.org\/convivencias\/#primaryimage"},"image":{"@id":"https:\/\/elojocojo.org\/convivencias\/#primaryimage"},"thumbnailUrl":"https:\/\/elojocojo.org\/wp-content\/uploads\/2008\/09\/upscalemedia-transformed-5.png","datePublished":"2008-09-06T04:21:47+00:00","dateModified":"2026-02-13T10:08:47+00:00","description":"Pel\u00edcula Convivencias exhibida en la edici\u00f3n 2008 del Festival el ojO cojo. Pa\u00eds de origen, Espa\u00f1a. Dirigido por Miquel Forteza Moll.","breadcrumb":{"@id":"https:\/\/elojocojo.org\/convivencias\/#breadcrumb"},"inLanguage":"es","potentialAction":[{"@type":"ReadAction","target":["https:\/\/elojocojo.org\/convivencias\/"]}]},{"@type":"ImageObject","inLanguage":"es","@id":"https:\/\/elojocojo.org\/convivencias\/#primaryimage","url":"https:\/\/elojocojo.org\/wp-content\/uploads\/2008\/09\/upscalemedia-transformed-5.png","contentUrl":"https:\/\/elojocojo.org\/wp-content\/uploads\/2008\/09\/upscalemedia-transformed-5.png","width":896,"height":606,"caption":"Reuni\u00f3n de padres y madres en un aula escolar durante un debate tenso, con una mujer de pie frente a la pizarra."},{"@type":"BreadcrumbList","@id":"https:\/\/elojocojo.org\/convivencias\/#breadcrumb","itemListElement":[{"@type":"ListItem","position":1,"name":"Portada","item":"https:\/\/elojocojo.org\/"},{"@type":"ListItem","position":2,"name":"2008","item":"https:\/\/elojocojo.org\/tag\/2008\/"},{"@type":"ListItem","position":3,"name":"Convivencias"}]},{"@type":"WebSite","@id":"https:\/\/elojocojo.org\/#website","url":"https:\/\/elojocojo.org\/","name":"el ojO cojo","description":"Todos estamos hechos de la misma esencia","publisher":{"@id":"https:\/\/elojocojo.org\/#organization"},"potentialAction":[{"@type":"SearchAction","target":{"@type":"EntryPoint","urlTemplate":"https:\/\/elojocojo.org\/?s={search_term_string}"},"query-input":{"@type":"PropertyValueSpecification","valueRequired":true,"valueName":"search_term_string"}}],"inLanguage":"es"},{"@type":"Organization","@id":"https:\/\/elojocojo.org\/#organization","name":"Meigas da r\u00faa","url":"https:\/\/elojocojo.org\/","logo":{"@type":"ImageObject","inLanguage":"es","@id":"https:\/\/elojocojo.org\/#\/schema\/logo\/image\/","url":"https:\/\/meigasdarua.org\/wp-content\/uploads\/2020\/09\/cropped-logo-meigas-5.png","contentUrl":"https:\/\/meigasdarua.org\/wp-content\/uploads\/2020\/09\/cropped-logo-meigas-5.png","width":109,"height":200,"caption":"Meigas da r\u00faa"},"image":{"@id":"https:\/\/elojocojo.org\/#\/schema\/logo\/image\/"},"sameAs":["https:\/\/www.facebook.com\/elojocojo","https:\/\/x.com\/elojocojo","https:\/\/www.instagram.com\/elojocojo\/?hl=es","https:\/\/www.linkedin.com\/in\/el-ojo-cojo-b52b7769\/","https:\/\/www.pinterest.es\/elojocojo\/_saved\/","https:\/\/www.youtube.com\/channel\/UCkFtFTV0Bms7zH7vq8FZxZg"]},{"@type":"Person","@id":"","url":"https:\/\/elojocojo.org\/author\/"}]}},"_links":{"self":[{"href":"https:\/\/elojocojo.org\/wp-json\/wp\/v2\/posts\/1883","targetHints":{"allow":["GET"]}}],"collection":[{"href":"https:\/\/elojocojo.org\/wp-json\/wp\/v2\/posts"}],"about":[{"href":"https:\/\/elojocojo.org\/wp-json\/wp\/v2\/types\/post"}],"author":[{"embeddable":true,"href":"https:\/\/elojocojo.org\/wp-json\/wp\/v2\/users\/3"}],"replies":[{"embeddable":true,"href":"https:\/\/elojocojo.org\/wp-json\/wp\/v2\/comments?post=1883"}],"version-history":[{"count":19,"href":"https:\/\/elojocojo.org\/wp-json\/wp\/v2\/posts\/1883\/revisions"}],"predecessor-version":[{"id":74961,"href":"https:\/\/elojocojo.org\/wp-json\/wp\/v2\/posts\/1883\/revisions\/74961"}],"wp:featuredmedia":[{"embeddable":true,"href":"https:\/\/elojocojo.org\/wp-json\/wp\/v2\/media\/74515"}],"wp:attachment":[{"href":"https:\/\/elojocojo.org\/wp-json\/wp\/v2\/media?parent=1883"}],"wp:term":[{"taxonomy":"category","embeddable":true,"href":"https:\/\/elojocojo.org\/wp-json\/wp\/v2\/categories?post=1883"},{"taxonomy":"post_tag","embeddable":true,"href":"https:\/\/elojocojo.org\/wp-json\/wp\/v2\/tags?post=1883"}],"curies":[{"name":"wp","href":"https:\/\/api.w.org\/{rel}","templated":true}]}}