{"id":1844,"date":"2008-09-05T21:04:18","date_gmt":"2008-09-06T04:04:18","guid":{"rendered":"http:\/\/www.elojocojo.org\/blog2\/?p=1844"},"modified":"2025-09-19T12:45:59","modified_gmt":"2025-09-19T10:45:59","slug":"hombre","status":"publish","type":"post","link":"https:\/\/elojocojo.org\/hombre\/","title":{"rendered":"Hombre"},"content":{"rendered":"<p><strong>T\u00cdTULO:<\/strong> Hombre<\/p>\n<p><strong>T\u00cdTULO ORIGINAL:<\/strong> MAN<\/p>\n<p><strong>A\u00d1O:<\/strong> 2007<\/p>\n<p><strong>DIRECTOR:<\/strong> Myna Joseph<\/p>\n<p><strong>G\u00c9NERO:<\/strong> drama<\/p>\n<p><strong>DURACI\u00d3N:<\/strong> 15&#8242;<\/p>\n<p><strong>PA\u00cdS:<\/strong> USA<\/p>\n<p><strong>FORMATO ORIGINAL:<\/strong> Super 16<\/p>\n<p><strong>IDIOMA ORIGINAL:<\/strong> ingl\u00e9s<\/p>\n<p><strong>INT\u00c9RPRETES:<\/strong> Sarah Steele; Adam Scarimbolo; Addison Timlin<\/p>\n<p><strong>PRODUCCI\u00d3N:<\/strong> Jessica Daniels<\/p>\n<p><strong>GUI\u00d3N:<\/strong> Myna Joseph<\/p>\n<p><strong>EDICI\u00d3N\/MONTAJE:<\/strong> Fellipe Barbosa<\/p>\n<p><strong>DIRECCI\u00d3N DE FOTOGRAF\u00cdA:<\/strong> Chris Teague<\/p>\n<p><strong>SONIDO:<\/strong> Paul Bercovitch<\/p>\n<p><strong>M\u00daSICA:<\/strong> LiliPUT<\/p>\n<h2>SIN\u00d3PSIS:<\/h2>\n<h2 data-start=\"210\" data-end=\"249\"><strong data-start=\"214\" data-end=\"249\">Voces que rompen el silencio<\/strong><\/h2>\n<p data-start=\"251\" data-end=\"706\"><em data-start=\"251\" data-end=\"290\">Tengo derecho a tener una vida normal<\/em> es un cortometraje documental que nace del taller de v\u00eddeo participativo impulsado por TAM, Mujer, Medios y Desarrollo en 2007. Desde sus primeras escenas, la obra amplifica las voces de mujeres que rara vez encuentran espacio en los medios. Aunque sus rostros y trayectorias son diversos, todas comparten una lucha com\u00fan: vivir con dignidad. Sus testimonios construyen un relato colectivo que interpela y emociona.<\/p>\n<h2 data-start=\"713\" data-end=\"755\"><strong data-start=\"717\" data-end=\"755\">Entre el dolor y la resistencia<\/strong><\/h2>\n<p data-start=\"757\" data-end=\"1177\">Las protagonistas enfrentan realidades marcadas por la violencia de g\u00e9nero, la pobreza y la discriminaci\u00f3n. Sin embargo, tambi\u00e9n revelan una fuerza interior que desaf\u00eda el abandono y la exclusi\u00f3n. A medida que comparten sus historias, el espectador se adentra en un universo duro, pero cargado de humanidad. Cada palabra, cada gesto, es una muestra de resistencia cotidiana y de una esperanza que se niega a desaparecer.<\/p>\n<h2 data-start=\"1184\" data-end=\"1225\"><strong data-start=\"1188\" data-end=\"1225\">El poder de participar y crear<\/strong><\/h2>\n<p data-start=\"1227\" data-end=\"1678\">Uno de los elementos m\u00e1s valiosos del documental es su enfoque participativo. Las mujeres no solo comparten sus vivencias: aprenden a grabarlas, editarlas y narrarlas con sus propias herramientas. As\u00ed, el proceso creativo se convierte en un acto pol\u00edtico y transformador. No se trata \u00fanicamente de contar lo que les sucede, sino de hacerlo en sus propios t\u00e9rminos. La c\u00e1mara deja de ser un objeto externo y se transforma en un medio de empoderamiento.<\/p>\n<h2 data-start=\"1685\" data-end=\"1728\"><strong data-start=\"1689\" data-end=\"1728\">Una normalidad que a\u00fan es utop\u00eda<\/strong><\/h2>\n<p data-start=\"1730\" data-end=\"2135\">El t\u00edtulo del cortometraje resume la esencia de su mensaje: el derecho a una vida normal. Un derecho que, para muchas mujeres, a\u00fan est\u00e1 por conquistar. Lo que para algunos puede parecer simple \u2014tener seguridad, salud, respeto\u2014 en sus contextos se vuelve revolucionario. Esta reivindicaci\u00f3n atraviesa todo el documental y nos obliga a cuestionar qu\u00e9 entendemos por \u201cnormalidad\u201d y qui\u00e9n tiene acceso a ella.<\/p>\n<h2 data-start=\"2142\" data-end=\"2190\"><strong data-start=\"2146\" data-end=\"2190\">Un testimonio urgente y transformador<\/strong><\/h2>\n<p data-start=\"2192\" data-end=\"2629\"><em data-start=\"2192\" data-end=\"2231\">Tengo derecho a tener una vida normal<\/em> es mucho m\u00e1s que un documental: es un espacio de visibilidad, un grito colectivo y una herramienta de cambio. Emociona, incomoda y despierta conciencia, pero tambi\u00e9n deja espacio para la esperanza. Porque al tomar la palabra, estas mujeres no solo denuncian su situaci\u00f3n: comienzan a construir nuevas realidades. En definitiva, la obra es un acto de valent\u00eda que invita a mirar, escuchar y actuar.<\/p>\n\n<div class=\"wp-block-image\">\n<figure class=\"aligncenter\"><img decoding=\"async\" width=\"400\" height=\"225\" src=\"https:\/\/www.elojocojo.org\/wp-content\/uploads\/2008\/09\/MV5BYmMyMDEyZmItNDYzNC00MmQ1LWJiYzYtMDEzMTY5NjNhMjViXkEyXkFqcGdeQXVyMTA1NjcxNDM@._V1_-400x225.jpg\" alt=\"\" class=\"wp-image-18375\" srcset=\"https:\/\/elojocojo.org\/wp-content\/uploads\/2008\/09\/MV5BYmMyMDEyZmItNDYzNC00MmQ1LWJiYzYtMDEzMTY5NjNhMjViXkEyXkFqcGdeQXVyMTA1NjcxNDM@._V1_-400x225.jpg 400w, https:\/\/elojocojo.org\/wp-content\/uploads\/2008\/09\/MV5BYmMyMDEyZmItNDYzNC00MmQ1LWJiYzYtMDEzMTY5NjNhMjViXkEyXkFqcGdeQXVyMTA1NjcxNDM@._V1_-300x169.jpg 300w, https:\/\/elojocojo.org\/wp-content\/uploads\/2008\/09\/MV5BYmMyMDEyZmItNDYzNC00MmQ1LWJiYzYtMDEzMTY5NjNhMjViXkEyXkFqcGdeQXVyMTA1NjcxNDM@._V1_-768x432.jpg 768w, https:\/\/elojocojo.org\/wp-content\/uploads\/2008\/09\/MV5BYmMyMDEyZmItNDYzNC00MmQ1LWJiYzYtMDEzMTY5NjNhMjViXkEyXkFqcGdeQXVyMTA1NjcxNDM@._V1_-620x349.jpg 620w, https:\/\/elojocojo.org\/wp-content\/uploads\/2008\/09\/MV5BYmMyMDEyZmItNDYzNC00MmQ1LWJiYzYtMDEzMTY5NjNhMjViXkEyXkFqcGdeQXVyMTA1NjcxNDM@._V1_-1110x624.jpg 1110w, https:\/\/elojocojo.org\/wp-content\/uploads\/2008\/09\/MV5BYmMyMDEyZmItNDYzNC00MmQ1LWJiYzYtMDEzMTY5NjNhMjViXkEyXkFqcGdeQXVyMTA1NjcxNDM@._V1_-528x297.jpg 528w, https:\/\/elojocojo.org\/wp-content\/uploads\/2008\/09\/MV5BYmMyMDEyZmItNDYzNC00MmQ1LWJiYzYtMDEzMTY5NjNhMjViXkEyXkFqcGdeQXVyMTA1NjcxNDM@._V1_.jpg 640w\" sizes=\"(max-width: 400px) 100vw, 400px\" \/><\/figure>\n<\/div>\n\n\n<h3 class=\"wp-block-heading\"><strong>PALMAR\u00c9S:<\/strong><\/h3>\n\n\n\n<ul class=\"wp-block-list\">\n<li>Gran premio del jurado CineVegas.<\/li>\n\n\n\n<li>Gran premio del jurado a mejor filme en el Festival de cine independiente.<\/li>\n\n\n\n<li>Festival de cine de Florida gran premio del jurado a mejor gui\u00f3n.<\/li>\n\n\n\n<li>Festival Cinematogr\u00e1fico de mujeres de Portland-premio al mejor gui\u00f3n.<\/li>\n\n\n\n<li>Cine Nueva L\u00ednea-premio al mejor director.<\/li>\n<\/ul>\n\n\n\n<p>El filme Hombre particip\u00f3 en la edici\u00f3n <strong>2008<\/strong>&nbsp;del <a href=\"https:\/\/elojocojo.org\/category\/festival-2008\/\"><strong>Festival de cine el ojO cojo<\/strong> <\/a>en ese sentido nos sentimos honrados de haberla exhibido.<\/p>\n\n\n\n<p>Visita nuestro <a href=\"https:\/\/el-ojocojo.blogspot.com\/\">blog<\/a><\/p>\n\n\n\n<p><a href=\"https:\/\/www.imdb.com\/es\/title\/tt1156321\/?ref_=nm_knf_t_1\">IMDB<\/a>: 6.5 \/ 10<\/p>\n\n\n\n<p><\/p>\n","protected":false},"excerpt":{"rendered":"<p>T\u00cdTULO: Hombre T\u00cdTULO ORIGINAL: MAN A\u00d1O: 2007 DIRECTOR: Myna Joseph G\u00c9NERO: drama DURACI\u00d3N: 15&#8242; PA\u00cdS: USA FORMATO ORIGINAL: Super 16 IDIOMA ORIGINAL: ingl\u00e9s INT\u00c9RPRETES: Sarah Steele; Adam Scarimbolo; Addison Timlin PRODUCCI\u00d3N: Jessica Daniels GUI\u00d3N: Myna Joseph EDICI\u00d3N\/MONTAJE: Fellipe Barbosa DIRECCI\u00d3N DE FOTOGRAF\u00cdA: Chris Teague SONIDO: Paul Bercovitch M\u00daSICA: LiliPUT SIN\u00d3PSIS: Voces que rompen el silencio [&hellip;]<\/p>\n","protected":false},"author":3,"featured_media":18375,"comment_status":"closed","ping_status":"closed","sticky":false,"template":"","format":"standard","meta":{"_monsterinsights_skip_tracking":false,"_monsterinsights_sitenote_active":false,"_monsterinsights_sitenote_note":"","_monsterinsights_sitenote_category":0,"footnotes":""},"categories":[1460,991,1,30],"tags":[1923,1905,962,1272,1737,2117,1258,2191,1221,1476,15,929,1981,1982,1628,1060,2118,1142,91,926],"class_list":{"0":"post-1844","1":"post","2":"type-post","3":"status-publish","4":"format-standard","5":"has-post-thumbnail","7":"category-cortometraje","8":"category-drama","9":"category-festival-2008","10":"category-ficcion","11":"tag-1923","12":"tag-1905","13":"tag-amor-filial","14":"tag-discriminacion-sexual","15":"tag-drama","16":"tag-eeuu","17":"tag-empoderamiento","18":"tag-esperanza","19":"tag-estereotipos","20":"tag-exclusion","21":"tag-familia","22":"tag-feminismo","23":"tag-festival-de-cine","24":"tag-festival-el-ojo-cojo","25":"tag-ficcion","26":"tag-igualdad-de-genero","27":"tag-ingles","28":"tag-machismo","29":"tag-mujer","30":"tag-violencia-de-genero","31":"czr-hentry"},"yoast_head":"<!-- This site is optimized with the Yoast SEO plugin v27.1.1 - https:\/\/yoast.com\/product\/yoast-seo-wordpress\/ -->\n<title>Hombre - el ojO cojo<\/title>\n<meta name=\"description\" content=\"Pel\u00edcula Hombre exhibida en la edici\u00f3n 2008 del Festival el ojO cojo. Pa\u00eds de origen, Estados Unidos. Dirigido por Myna Joseph.\" \/>\n<meta name=\"robots\" content=\"index, follow, max-snippet:-1, max-image-preview:large, max-video-preview:-1\" \/>\n<link rel=\"canonical\" href=\"https:\/\/elojocojo.org\/hombre\/\" \/>\n<meta property=\"og:locale\" content=\"es_ES\" \/>\n<meta property=\"og:type\" content=\"article\" \/>\n<meta property=\"og:title\" content=\"Hombre - el ojO cojo\" \/>\n<meta property=\"og:description\" content=\"Pel\u00edcula Hombre exhibida en la edici\u00f3n 2008 del Festival el ojO cojo. Pa\u00eds de origen, Estados Unidos. Dirigido por Myna Joseph.\" \/>\n<meta property=\"og:url\" content=\"https:\/\/elojocojo.org\/hombre\/\" \/>\n<meta property=\"og:site_name\" content=\"el ojO cojo\" \/>\n<meta property=\"article:publisher\" content=\"https:\/\/www.facebook.com\/elojocojo\" \/>\n<meta property=\"article:published_time\" content=\"2008-09-06T04:04:18+00:00\" \/>\n<meta property=\"article:modified_time\" content=\"2025-09-19T10:45:59+00:00\" \/>\n<meta property=\"og:image\" content=\"https:\/\/elojocojo.org\/wp-content\/uploads\/2008\/09\/MV5BYmMyMDEyZmItNDYzNC00MmQ1LWJiYzYtMDEzMTY5NjNhMjViXkEyXkFqcGdeQXVyMTA1NjcxNDM@._V1_.jpg\" \/>\n\t<meta property=\"og:image:width\" content=\"640\" \/>\n\t<meta property=\"og:image:height\" content=\"360\" \/>\n\t<meta property=\"og:image:type\" content=\"image\/jpeg\" \/>\n<meta name=\"twitter:card\" content=\"summary_large_image\" \/>\n<meta name=\"twitter:creator\" content=\"@elojocojo\" \/>\n<meta name=\"twitter:site\" content=\"@elojocojo\" \/>\n<meta name=\"twitter:label1\" content=\"Escrito por\" \/>\n\t<meta name=\"twitter:data1\" content=\"\" \/>\n\t<meta name=\"twitter:label2\" content=\"Tiempo de lectura\" \/>\n\t<meta name=\"twitter:data2\" content=\"1 minuto\" \/>\n<script type=\"application\/ld+json\" class=\"yoast-schema-graph\">{\"@context\":\"https:\/\/schema.org\",\"@graph\":[{\"@type\":\"Article\",\"@id\":\"https:\/\/elojocojo.org\/hombre\/#article\",\"isPartOf\":{\"@id\":\"https:\/\/elojocojo.org\/hombre\/\"},\"author\":{\"name\":\"\",\"@id\":\"\"},\"headline\":\"Hombre\",\"datePublished\":\"2008-09-06T04:04:18+00:00\",\"dateModified\":\"2025-09-19T10:45:59+00:00\",\"mainEntityOfPage\":{\"@id\":\"https:\/\/elojocojo.org\/hombre\/\"},\"wordCount\":538,\"publisher\":{\"@id\":\"https:\/\/elojocojo.org\/#organization\"},\"image\":{\"@id\":\"https:\/\/elojocojo.org\/hombre\/#primaryimage\"},\"thumbnailUrl\":\"https:\/\/elojocojo.org\/wp-content\/uploads\/2008\/09\/MV5BYmMyMDEyZmItNDYzNC00MmQ1LWJiYzYtMDEzMTY5NjNhMjViXkEyXkFqcGdeQXVyMTA1NjcxNDM@._V1_.jpg\",\"keywords\":[\"2007\",\"2008\",\"amor filial\",\"discriminaci\u00f3n sexual\",\"drama\",\"EEUU\",\"empoderamiento\",\"esperanza\",\"estereotipos\",\"exclusi\u00f3n\",\"familia\",\"feminismo\",\"festival de cine\",\"Festival el Ojo cojo\",\"ficci\u00f3n\",\"igualdad de g\u00e9nero\",\"ingl\u00e9s\",\"machismo\",\"mujer\",\"violencia de g\u00e9nero\"],\"articleSection\":[\"Cortometraje\",\"Drama\",\"Festival 2008\",\"Ficci\u00f3n\"],\"inLanguage\":\"es\"},{\"@type\":\"WebPage\",\"@id\":\"https:\/\/elojocojo.org\/hombre\/\",\"url\":\"https:\/\/elojocojo.org\/hombre\/\",\"name\":\"Hombre - el ojO cojo\",\"isPartOf\":{\"@id\":\"https:\/\/elojocojo.org\/#website\"},\"primaryImageOfPage\":{\"@id\":\"https:\/\/elojocojo.org\/hombre\/#primaryimage\"},\"image\":{\"@id\":\"https:\/\/elojocojo.org\/hombre\/#primaryimage\"},\"thumbnailUrl\":\"https:\/\/elojocojo.org\/wp-content\/uploads\/2008\/09\/MV5BYmMyMDEyZmItNDYzNC00MmQ1LWJiYzYtMDEzMTY5NjNhMjViXkEyXkFqcGdeQXVyMTA1NjcxNDM@._V1_.jpg\",\"datePublished\":\"2008-09-06T04:04:18+00:00\",\"dateModified\":\"2025-09-19T10:45:59+00:00\",\"description\":\"Pel\u00edcula Hombre exhibida en la edici\u00f3n 2008 del Festival el ojO cojo. Pa\u00eds de origen, Estados Unidos. Dirigido por Myna Joseph.\",\"breadcrumb\":{\"@id\":\"https:\/\/elojocojo.org\/hombre\/#breadcrumb\"},\"inLanguage\":\"es\",\"potentialAction\":[{\"@type\":\"ReadAction\",\"target\":[\"https:\/\/elojocojo.org\/hombre\/\"]}]},{\"@type\":\"ImageObject\",\"inLanguage\":\"es\",\"@id\":\"https:\/\/elojocojo.org\/hombre\/#primaryimage\",\"url\":\"https:\/\/elojocojo.org\/wp-content\/uploads\/2008\/09\/MV5BYmMyMDEyZmItNDYzNC00MmQ1LWJiYzYtMDEzMTY5NjNhMjViXkEyXkFqcGdeQXVyMTA1NjcxNDM@._V1_.jpg\",\"contentUrl\":\"https:\/\/elojocojo.org\/wp-content\/uploads\/2008\/09\/MV5BYmMyMDEyZmItNDYzNC00MmQ1LWJiYzYtMDEzMTY5NjNhMjViXkEyXkFqcGdeQXVyMTA1NjcxNDM@._V1_.jpg\",\"width\":640,\"height\":360},{\"@type\":\"BreadcrumbList\",\"@id\":\"https:\/\/elojocojo.org\/hombre\/#breadcrumb\",\"itemListElement\":[{\"@type\":\"ListItem\",\"position\":1,\"name\":\"Portada\",\"item\":\"https:\/\/elojocojo.org\/\"},{\"@type\":\"ListItem\",\"position\":2,\"name\":\"2007\",\"item\":\"https:\/\/elojocojo.org\/tag\/2007\/\"},{\"@type\":\"ListItem\",\"position\":3,\"name\":\"Hombre\"}]},{\"@type\":\"WebSite\",\"@id\":\"https:\/\/elojocojo.org\/#website\",\"url\":\"https:\/\/elojocojo.org\/\",\"name\":\"el ojO cojo\",\"description\":\"Todos estamos hechos de la misma esencia\",\"publisher\":{\"@id\":\"https:\/\/elojocojo.org\/#organization\"},\"potentialAction\":[{\"@type\":\"SearchAction\",\"target\":{\"@type\":\"EntryPoint\",\"urlTemplate\":\"https:\/\/elojocojo.org\/?s={search_term_string}\"},\"query-input\":{\"@type\":\"PropertyValueSpecification\",\"valueRequired\":true,\"valueName\":\"search_term_string\"}}],\"inLanguage\":\"es\"},{\"@type\":\"Organization\",\"@id\":\"https:\/\/elojocojo.org\/#organization\",\"name\":\"Meigas da r\u00faa\",\"url\":\"https:\/\/elojocojo.org\/\",\"logo\":{\"@type\":\"ImageObject\",\"inLanguage\":\"es\",\"@id\":\"https:\/\/elojocojo.org\/#\/schema\/logo\/image\/\",\"url\":\"https:\/\/meigasdarua.org\/wp-content\/uploads\/2020\/09\/cropped-logo-meigas-5.png\",\"contentUrl\":\"https:\/\/meigasdarua.org\/wp-content\/uploads\/2020\/09\/cropped-logo-meigas-5.png\",\"width\":109,\"height\":200,\"caption\":\"Meigas da r\u00faa\"},\"image\":{\"@id\":\"https:\/\/elojocojo.org\/#\/schema\/logo\/image\/\"},\"sameAs\":[\"https:\/\/www.facebook.com\/elojocojo\",\"https:\/\/x.com\/elojocojo\",\"https:\/\/www.instagram.com\/elojocojo\/?hl=es\",\"https:\/\/www.linkedin.com\/in\/el-ojo-cojo-b52b7769\/\",\"https:\/\/www.pinterest.es\/elojocojo\/_saved\/\",\"https:\/\/www.youtube.com\/channel\/UCkFtFTV0Bms7zH7vq8FZxZg\"]},{\"@type\":\"Person\",\"@id\":\"\",\"url\":\"https:\/\/elojocojo.org\/author\/\"}]}<\/script>\n<!-- \/ Yoast SEO plugin. -->","yoast_head_json":{"title":"Hombre - el ojO cojo","description":"Pel\u00edcula Hombre exhibida en la edici\u00f3n 2008 del Festival el ojO cojo. Pa\u00eds de origen, Estados Unidos. Dirigido por Myna Joseph.","robots":{"index":"index","follow":"follow","max-snippet":"max-snippet:-1","max-image-preview":"max-image-preview:large","max-video-preview":"max-video-preview:-1"},"canonical":"https:\/\/elojocojo.org\/hombre\/","og_locale":"es_ES","og_type":"article","og_title":"Hombre - el ojO cojo","og_description":"Pel\u00edcula Hombre exhibida en la edici\u00f3n 2008 del Festival el ojO cojo. Pa\u00eds de origen, Estados Unidos. Dirigido por Myna Joseph.","og_url":"https:\/\/elojocojo.org\/hombre\/","og_site_name":"el ojO cojo","article_publisher":"https:\/\/www.facebook.com\/elojocojo","article_published_time":"2008-09-06T04:04:18+00:00","article_modified_time":"2025-09-19T10:45:59+00:00","og_image":[{"width":640,"height":360,"url":"https:\/\/elojocojo.org\/wp-content\/uploads\/2008\/09\/MV5BYmMyMDEyZmItNDYzNC00MmQ1LWJiYzYtMDEzMTY5NjNhMjViXkEyXkFqcGdeQXVyMTA1NjcxNDM@._V1_.jpg","type":"image\/jpeg"}],"twitter_card":"summary_large_image","twitter_creator":"@elojocojo","twitter_site":"@elojocojo","twitter_misc":{"Escrito por":"","Tiempo de lectura":"1 minuto"},"schema":{"@context":"https:\/\/schema.org","@graph":[{"@type":"Article","@id":"https:\/\/elojocojo.org\/hombre\/#article","isPartOf":{"@id":"https:\/\/elojocojo.org\/hombre\/"},"author":{"name":"","@id":""},"headline":"Hombre","datePublished":"2008-09-06T04:04:18+00:00","dateModified":"2025-09-19T10:45:59+00:00","mainEntityOfPage":{"@id":"https:\/\/elojocojo.org\/hombre\/"},"wordCount":538,"publisher":{"@id":"https:\/\/elojocojo.org\/#organization"},"image":{"@id":"https:\/\/elojocojo.org\/hombre\/#primaryimage"},"thumbnailUrl":"https:\/\/elojocojo.org\/wp-content\/uploads\/2008\/09\/MV5BYmMyMDEyZmItNDYzNC00MmQ1LWJiYzYtMDEzMTY5NjNhMjViXkEyXkFqcGdeQXVyMTA1NjcxNDM@._V1_.jpg","keywords":["2007","2008","amor filial","discriminaci\u00f3n sexual","drama","EEUU","empoderamiento","esperanza","estereotipos","exclusi\u00f3n","familia","feminismo","festival de cine","Festival el Ojo cojo","ficci\u00f3n","igualdad de g\u00e9nero","ingl\u00e9s","machismo","mujer","violencia de g\u00e9nero"],"articleSection":["Cortometraje","Drama","Festival 2008","Ficci\u00f3n"],"inLanguage":"es"},{"@type":"WebPage","@id":"https:\/\/elojocojo.org\/hombre\/","url":"https:\/\/elojocojo.org\/hombre\/","name":"Hombre - el ojO cojo","isPartOf":{"@id":"https:\/\/elojocojo.org\/#website"},"primaryImageOfPage":{"@id":"https:\/\/elojocojo.org\/hombre\/#primaryimage"},"image":{"@id":"https:\/\/elojocojo.org\/hombre\/#primaryimage"},"thumbnailUrl":"https:\/\/elojocojo.org\/wp-content\/uploads\/2008\/09\/MV5BYmMyMDEyZmItNDYzNC00MmQ1LWJiYzYtMDEzMTY5NjNhMjViXkEyXkFqcGdeQXVyMTA1NjcxNDM@._V1_.jpg","datePublished":"2008-09-06T04:04:18+00:00","dateModified":"2025-09-19T10:45:59+00:00","description":"Pel\u00edcula Hombre exhibida en la edici\u00f3n 2008 del Festival el ojO cojo. Pa\u00eds de origen, Estados Unidos. Dirigido por Myna Joseph.","breadcrumb":{"@id":"https:\/\/elojocojo.org\/hombre\/#breadcrumb"},"inLanguage":"es","potentialAction":[{"@type":"ReadAction","target":["https:\/\/elojocojo.org\/hombre\/"]}]},{"@type":"ImageObject","inLanguage":"es","@id":"https:\/\/elojocojo.org\/hombre\/#primaryimage","url":"https:\/\/elojocojo.org\/wp-content\/uploads\/2008\/09\/MV5BYmMyMDEyZmItNDYzNC00MmQ1LWJiYzYtMDEzMTY5NjNhMjViXkEyXkFqcGdeQXVyMTA1NjcxNDM@._V1_.jpg","contentUrl":"https:\/\/elojocojo.org\/wp-content\/uploads\/2008\/09\/MV5BYmMyMDEyZmItNDYzNC00MmQ1LWJiYzYtMDEzMTY5NjNhMjViXkEyXkFqcGdeQXVyMTA1NjcxNDM@._V1_.jpg","width":640,"height":360},{"@type":"BreadcrumbList","@id":"https:\/\/elojocojo.org\/hombre\/#breadcrumb","itemListElement":[{"@type":"ListItem","position":1,"name":"Portada","item":"https:\/\/elojocojo.org\/"},{"@type":"ListItem","position":2,"name":"2007","item":"https:\/\/elojocojo.org\/tag\/2007\/"},{"@type":"ListItem","position":3,"name":"Hombre"}]},{"@type":"WebSite","@id":"https:\/\/elojocojo.org\/#website","url":"https:\/\/elojocojo.org\/","name":"el ojO cojo","description":"Todos estamos hechos de la misma esencia","publisher":{"@id":"https:\/\/elojocojo.org\/#organization"},"potentialAction":[{"@type":"SearchAction","target":{"@type":"EntryPoint","urlTemplate":"https:\/\/elojocojo.org\/?s={search_term_string}"},"query-input":{"@type":"PropertyValueSpecification","valueRequired":true,"valueName":"search_term_string"}}],"inLanguage":"es"},{"@type":"Organization","@id":"https:\/\/elojocojo.org\/#organization","name":"Meigas da r\u00faa","url":"https:\/\/elojocojo.org\/","logo":{"@type":"ImageObject","inLanguage":"es","@id":"https:\/\/elojocojo.org\/#\/schema\/logo\/image\/","url":"https:\/\/meigasdarua.org\/wp-content\/uploads\/2020\/09\/cropped-logo-meigas-5.png","contentUrl":"https:\/\/meigasdarua.org\/wp-content\/uploads\/2020\/09\/cropped-logo-meigas-5.png","width":109,"height":200,"caption":"Meigas da r\u00faa"},"image":{"@id":"https:\/\/elojocojo.org\/#\/schema\/logo\/image\/"},"sameAs":["https:\/\/www.facebook.com\/elojocojo","https:\/\/x.com\/elojocojo","https:\/\/www.instagram.com\/elojocojo\/?hl=es","https:\/\/www.linkedin.com\/in\/el-ojo-cojo-b52b7769\/","https:\/\/www.pinterest.es\/elojocojo\/_saved\/","https:\/\/www.youtube.com\/channel\/UCkFtFTV0Bms7zH7vq8FZxZg"]},{"@type":"Person","@id":"","url":"https:\/\/elojocojo.org\/author\/"}]}},"_links":{"self":[{"href":"https:\/\/elojocojo.org\/wp-json\/wp\/v2\/posts\/1844","targetHints":{"allow":["GET"]}}],"collection":[{"href":"https:\/\/elojocojo.org\/wp-json\/wp\/v2\/posts"}],"about":[{"href":"https:\/\/elojocojo.org\/wp-json\/wp\/v2\/types\/post"}],"author":[{"embeddable":true,"href":"https:\/\/elojocojo.org\/wp-json\/wp\/v2\/users\/3"}],"replies":[{"embeddable":true,"href":"https:\/\/elojocojo.org\/wp-json\/wp\/v2\/comments?post=1844"}],"version-history":[{"count":18,"href":"https:\/\/elojocojo.org\/wp-json\/wp\/v2\/posts\/1844\/revisions"}],"predecessor-version":[{"id":70705,"href":"https:\/\/elojocojo.org\/wp-json\/wp\/v2\/posts\/1844\/revisions\/70705"}],"wp:featuredmedia":[{"embeddable":true,"href":"https:\/\/elojocojo.org\/wp-json\/wp\/v2\/media\/18375"}],"wp:attachment":[{"href":"https:\/\/elojocojo.org\/wp-json\/wp\/v2\/media?parent=1844"}],"wp:term":[{"taxonomy":"category","embeddable":true,"href":"https:\/\/elojocojo.org\/wp-json\/wp\/v2\/categories?post=1844"},{"taxonomy":"post_tag","embeddable":true,"href":"https:\/\/elojocojo.org\/wp-json\/wp\/v2\/tags?post=1844"}],"curies":[{"name":"wp","href":"https:\/\/api.w.org\/{rel}","templated":true}]}}