{"id":1837,"date":"2008-09-05T21:00:12","date_gmt":"2008-09-06T04:00:12","guid":{"rendered":"http:\/\/www.elojocojo.org\/blog2\/?p=1837"},"modified":"2026-02-05T13:22:14","modified_gmt":"2026-02-05T12:22:14","slug":"infierno","status":"publish","type":"post","link":"https:\/\/elojocojo.org\/infierno\/","title":{"rendered":"Infierno"},"content":{"rendered":"\n<p>T\u00edtulo en espa\u00f1ol: Infierno<\/p>\n\n\n\n<p>T\u00edtulo original: Infierno<\/p>\n\n\n\n<p>A\u00f1o: 2007<\/p>\n\n\n\n<p>Director: \u00d3scar Andr\u00e9s<\/p>\n\n\n\n<p>G\u00e9nero: Drama<\/p>\n\n\n\n<p>Pa\u00eds: Espa\u00f1a<\/p>\n\n\n\n<p>Duraci\u00f3n: 18\u2032<\/p>\n\n\n\n<p>Tipo: Color<\/p>\n\n\n\n<p>Idioma: Espa\u00f1ol<\/p>\n\n\n\n<h2 class=\"wp-block-heading\">Sinopsis<\/h2>\n\n\n\n<h3 class=\"wp-block-heading\">Un espacio cerrado<\/h3>\n\n\n\n<p>La historia se sit\u00faa en un entorno opresivo donde el encierro f\u00edsico se convierte tambi\u00e9n en encierro emocional. Desde los primeros instantes, la pel\u00edcula construye una atm\u00f3sfera densa, marcada por la tensi\u00f3n y la sensaci\u00f3n de asfixia. Sin embargo, el relato no se apoya en el exceso, sino en una contenci\u00f3n que intensifica el conflicto.<\/p>\n\n\n\n<h3 class=\"wp-block-heading\">Violencia cotidiana<\/h3>\n\n\n\n<p>Por otra parte, el cortometraje observa c\u00f3mo la violencia se infiltra en lo cotidiano, normaliz\u00e1ndose a trav\u00e9s de gestos, silencios y miradas. Asimismo, las relaciones entre los personajes revelan din\u00e1micas de poder dif\u00edciles de romper. En cambio, los estallidos emocionales aparecen como consecuencia inevitable de una presi\u00f3n acumulada.<\/p>\n\n\n\n<h3 class=\"wp-block-heading\">Cuerpos al l\u00edmite<\/h3>\n\n\n\n<p>De este modo, los cuerpos se convierten en el principal campo de batalla. Cada movimiento est\u00e1 cargado de amenaza, y cada pausa aumenta la incomodidad. No obstante, la c\u00e1mara evita el sensacionalismo y opta por una proximidad que obliga al espectador a enfrentarse a la tensi\u00f3n sin escapatoria.<\/p>\n\n\n\n<h3 class=\"wp-block-heading\">Tiempo y repetici\u00f3n<\/h3>\n\n\n\n<p>En consecuencia, el paso del tiempo se percibe como un castigo. La repetici\u00f3n de rutinas y la falta de salida refuerzan la idea de un infierno cotidiano, donde la esperanza parece diluirse. Por ello, el relato avanza hacia un desgaste emocional progresivo.<\/p>\n\n\n\n<h3 class=\"wp-block-heading\">Violencia y convivencia<\/h3>\n\n\n\n<p>En definitiva, <em>Infierno<\/em> propone una reflexi\u00f3n sobre la violencia estructural y la convivencia forzada. En conclusi\u00f3n, el cortometraje sugiere que el verdadero infierno no siempre es un lugar, sino una experiencia que se construye en el silencio, la rutina y la imposibilidad de huida.<\/p>\n\n\n\n<h2 class=\"wp-block-heading\">Palmar\u00e9s<\/h2>\n\n\n\n<p><strong>2008<\/strong><\/p>\n\n\n\n<ul class=\"wp-block-list\">\n<li>I Festival de Cine en V\u00eddeo de Salamanca<\/li>\n\n\n\n<li>6\u00ba Festival Nacional de Cortometrajes de \u00c9cija \u2013 Asociaci\u00f3n Audiovisual Thanatos<\/li>\n\n\n\n<li>I Festival de Cortometrajes de Ficci\u00f3n y Documentales Huhezinema<\/li>\n\n\n\n<li>Festival Torre de Castilnovo<\/li>\n\n\n\n<li>III Festival Internacional de Cine de Sax<\/li>\n\n\n\n<li>Festival Cinematogr\u00e1fico Internacional El Ojo Cojo<\/li>\n<\/ul>\n\n\n\n<p class=\"p1\">El filme Infierno particip\u00f3 en la edici\u00f3n <a href=\"https:\/\/elojocojo.org\/category\/festival-2008\/\"><span class=\"s1\"><b>2008<\/b><\/span>&nbsp;<\/a>del <a href=\"https:\/\/elojocojo.org\/bienvenida\/festivalelojocojo\/\"><span class=\"s1\"><b>Festival de cine el ojO cojo<\/b> <\/span><\/a>en ese sentido nos sentimos honrados de haberla exhibido.<\/p>\n\n\n\n<p class=\"p1\">Visita nuestro <a href=\"https:\/\/el-ojocojo.blogspot.com\/\">blog<\/a>.<\/p>\n","protected":false},"excerpt":{"rendered":"<p>Infierno es un cortometraje de 18 minutos que retrata un entorno cerrado marcado por la violencia y la tensi\u00f3n emocional. Dirigido por \u00d3scar Andr\u00e9s, el filme aborda el encierro y el deterioro de las relaciones humanas desde una mirada contenida y directa.<\/p>\n","protected":false},"author":73,"featured_media":22999,"comment_status":"closed","ping_status":"closed","sticky":false,"template":"","format":"standard","meta":{"_monsterinsights_skip_tracking":false,"_monsterinsights_sitenote_active":false,"_monsterinsights_sitenote_note":"","_monsterinsights_sitenote_category":0,"footnotes":""},"categories":[1460,991,1],"tags":[1923,1905,1126,1434,1272,1737,2119,1221,15,929,1981,1982,1628,1060,1142,91,25,136,926,1496],"class_list":{"0":"post-1837","1":"post","2":"type-post","3":"status-publish","4":"format-standard","5":"has-post-thumbnail","7":"category-cortometraje","8":"category-drama","9":"category-festival-2008","10":"tag-1923","11":"tag-1905","12":"tag-alianzas-para-lograr-objetivos","13":"tag-conflicto","14":"tag-discriminacion-sexual","15":"tag-drama","16":"tag-espanol","17":"tag-estereotipos","18":"tag-familia","19":"tag-feminismo","20":"tag-festival-de-cine","21":"tag-festival-el-ojo-cojo","22":"tag-ficcion","23":"tag-igualdad-de-genero","24":"tag-machismo","25":"tag-mujer","26":"tag-soledad","27":"tag-violencia","28":"tag-violencia-de-genero","29":"tag-violencia-institucional","30":"czr-hentry"},"yoast_head":"<!-- This site is optimized with the Yoast SEO plugin v27.1.1 - https:\/\/yoast.com\/product\/yoast-seo-wordpress\/ -->\n<title>Infierno - el ojO cojo<\/title>\n<meta name=\"description\" content=\"Infierno (2007), de \u00d3scar Andr\u00e9s, explora la violencia cotidiana y el encierro emocional en un espacio opresivo.\" \/>\n<meta name=\"robots\" content=\"index, follow, max-snippet:-1, max-image-preview:large, max-video-preview:-1\" \/>\n<link rel=\"canonical\" href=\"https:\/\/elojocojo.org\/infierno\/\" \/>\n<meta property=\"og:locale\" content=\"es_ES\" \/>\n<meta property=\"og:type\" content=\"article\" \/>\n<meta property=\"og:title\" content=\"Infierno - el ojO cojo\" \/>\n<meta property=\"og:description\" content=\"Infierno (2007), de \u00d3scar Andr\u00e9s, explora la violencia cotidiana y el encierro emocional en un espacio opresivo.\" \/>\n<meta property=\"og:url\" content=\"https:\/\/elojocojo.org\/infierno\/\" \/>\n<meta property=\"og:site_name\" content=\"el ojO cojo\" \/>\n<meta property=\"article:publisher\" content=\"https:\/\/www.facebook.com\/elojocojo\" \/>\n<meta property=\"article:published_time\" content=\"2008-09-06T04:00:12+00:00\" \/>\n<meta property=\"article:modified_time\" content=\"2026-02-05T12:22:14+00:00\" \/>\n<meta property=\"og:image\" content=\"https:\/\/elojocojo.org\/wp-content\/uploads\/2008\/09\/infierno01-scaled.jpg\" \/>\n\t<meta property=\"og:image:width\" content=\"640\" \/>\n\t<meta property=\"og:image:height\" content=\"425\" \/>\n\t<meta property=\"og:image:type\" content=\"image\/jpeg\" \/>\n<meta name=\"author\" content=\"Pastora Laguna\" \/>\n<meta name=\"twitter:card\" content=\"summary_large_image\" \/>\n<meta name=\"twitter:creator\" content=\"@elojocojo\" \/>\n<meta name=\"twitter:site\" content=\"@elojocojo\" \/>\n<meta name=\"twitter:label1\" content=\"Escrito por\" \/>\n\t<meta name=\"twitter:data1\" content=\"Pastora Laguna\" \/>\n\t<meta name=\"twitter:label2\" content=\"Tiempo de lectura\" \/>\n\t<meta name=\"twitter:data2\" content=\"1 minuto\" \/>\n<script type=\"application\/ld+json\" class=\"yoast-schema-graph\">{\"@context\":\"https:\/\/schema.org\",\"@graph\":[{\"@type\":\"Article\",\"@id\":\"https:\/\/elojocojo.org\/infierno\/#article\",\"isPartOf\":{\"@id\":\"https:\/\/elojocojo.org\/infierno\/\"},\"author\":{\"name\":\"Pastora Laguna\",\"@id\":\"https:\/\/elojocojo.org\/#\/schema\/person\/0eebd75cb4d855e3f2b18abd9f7b9876\"},\"headline\":\"Infierno\",\"datePublished\":\"2008-09-06T04:00:12+00:00\",\"dateModified\":\"2026-02-05T12:22:14+00:00\",\"mainEntityOfPage\":{\"@id\":\"https:\/\/elojocojo.org\/infierno\/\"},\"wordCount\":381,\"publisher\":{\"@id\":\"https:\/\/elojocojo.org\/#organization\"},\"image\":{\"@id\":\"https:\/\/elojocojo.org\/infierno\/#primaryimage\"},\"thumbnailUrl\":\"https:\/\/elojocojo.org\/wp-content\/uploads\/2008\/09\/infierno01-scaled.jpg\",\"keywords\":[\"2007\",\"2008\",\"Alianzas para lograr objetivos\",\"conflicto\",\"discriminaci\u00f3n sexual\",\"drama\",\"espa\u00f1ol\",\"estereotipos\",\"familia\",\"feminismo\",\"festival de cine\",\"Festival el Ojo cojo\",\"ficci\u00f3n\",\"igualdad de g\u00e9nero\",\"machismo\",\"mujer\",\"soledad\",\"violencia\",\"violencia de g\u00e9nero\",\"violencia institucional\"],\"articleSection\":[\"Cortometraje\",\"Drama\",\"Festival 2008\"],\"inLanguage\":\"es\"},{\"@type\":\"WebPage\",\"@id\":\"https:\/\/elojocojo.org\/infierno\/\",\"url\":\"https:\/\/elojocojo.org\/infierno\/\",\"name\":\"Infierno - el ojO cojo\",\"isPartOf\":{\"@id\":\"https:\/\/elojocojo.org\/#website\"},\"primaryImageOfPage\":{\"@id\":\"https:\/\/elojocojo.org\/infierno\/#primaryimage\"},\"image\":{\"@id\":\"https:\/\/elojocojo.org\/infierno\/#primaryimage\"},\"thumbnailUrl\":\"https:\/\/elojocojo.org\/wp-content\/uploads\/2008\/09\/infierno01-scaled.jpg\",\"datePublished\":\"2008-09-06T04:00:12+00:00\",\"dateModified\":\"2026-02-05T12:22:14+00:00\",\"description\":\"Infierno (2007), de \u00d3scar Andr\u00e9s, explora la violencia cotidiana y el encierro emocional en un espacio opresivo.\",\"breadcrumb\":{\"@id\":\"https:\/\/elojocojo.org\/infierno\/#breadcrumb\"},\"inLanguage\":\"es\",\"potentialAction\":[{\"@type\":\"ReadAction\",\"target\":[\"https:\/\/elojocojo.org\/infierno\/\"]}]},{\"@type\":\"ImageObject\",\"inLanguage\":\"es\",\"@id\":\"https:\/\/elojocojo.org\/infierno\/#primaryimage\",\"url\":\"https:\/\/elojocojo.org\/wp-content\/uploads\/2008\/09\/infierno01-scaled.jpg\",\"contentUrl\":\"https:\/\/elojocojo.org\/wp-content\/uploads\/2008\/09\/infierno01-scaled.jpg\",\"width\":640,\"height\":425,\"caption\":\"Fotograma de \\\"Infierno\\\" en el que aparecen un hombre y una mujer sentados en el suelo sobre la hierba a la orilla de un r\u00edo o lago.\"},{\"@type\":\"BreadcrumbList\",\"@id\":\"https:\/\/elojocojo.org\/infierno\/#breadcrumb\",\"itemListElement\":[{\"@type\":\"ListItem\",\"position\":1,\"name\":\"Portada\",\"item\":\"https:\/\/elojocojo.org\/\"},{\"@type\":\"ListItem\",\"position\":2,\"name\":\"2007\",\"item\":\"https:\/\/elojocojo.org\/tag\/2007\/\"},{\"@type\":\"ListItem\",\"position\":3,\"name\":\"Infierno\"}]},{\"@type\":\"WebSite\",\"@id\":\"https:\/\/elojocojo.org\/#website\",\"url\":\"https:\/\/elojocojo.org\/\",\"name\":\"el ojO cojo\",\"description\":\"Todos estamos hechos de la misma esencia\",\"publisher\":{\"@id\":\"https:\/\/elojocojo.org\/#organization\"},\"potentialAction\":[{\"@type\":\"SearchAction\",\"target\":{\"@type\":\"EntryPoint\",\"urlTemplate\":\"https:\/\/elojocojo.org\/?s={search_term_string}\"},\"query-input\":{\"@type\":\"PropertyValueSpecification\",\"valueRequired\":true,\"valueName\":\"search_term_string\"}}],\"inLanguage\":\"es\"},{\"@type\":\"Organization\",\"@id\":\"https:\/\/elojocojo.org\/#organization\",\"name\":\"Meigas da r\u00faa\",\"url\":\"https:\/\/elojocojo.org\/\",\"logo\":{\"@type\":\"ImageObject\",\"inLanguage\":\"es\",\"@id\":\"https:\/\/elojocojo.org\/#\/schema\/logo\/image\/\",\"url\":\"https:\/\/meigasdarua.org\/wp-content\/uploads\/2020\/09\/cropped-logo-meigas-5.png\",\"contentUrl\":\"https:\/\/meigasdarua.org\/wp-content\/uploads\/2020\/09\/cropped-logo-meigas-5.png\",\"width\":109,\"height\":200,\"caption\":\"Meigas da r\u00faa\"},\"image\":{\"@id\":\"https:\/\/elojocojo.org\/#\/schema\/logo\/image\/\"},\"sameAs\":[\"https:\/\/www.facebook.com\/elojocojo\",\"https:\/\/x.com\/elojocojo\",\"https:\/\/www.instagram.com\/elojocojo\/?hl=es\",\"https:\/\/www.linkedin.com\/in\/el-ojo-cojo-b52b7769\/\",\"https:\/\/www.pinterest.es\/elojocojo\/_saved\/\",\"https:\/\/www.youtube.com\/channel\/UCkFtFTV0Bms7zH7vq8FZxZg\"]},{\"@type\":\"Person\",\"@id\":\"https:\/\/elojocojo.org\/#\/schema\/person\/0eebd75cb4d855e3f2b18abd9f7b9876\",\"name\":\"Pastora Laguna\",\"url\":\"https:\/\/elojocojo.org\/author\/pastora\/\"}]}<\/script>\n<!-- \/ Yoast SEO plugin. -->","yoast_head_json":{"title":"Infierno - el ojO cojo","description":"Infierno (2007), de \u00d3scar Andr\u00e9s, explora la violencia cotidiana y el encierro emocional en un espacio opresivo.","robots":{"index":"index","follow":"follow","max-snippet":"max-snippet:-1","max-image-preview":"max-image-preview:large","max-video-preview":"max-video-preview:-1"},"canonical":"https:\/\/elojocojo.org\/infierno\/","og_locale":"es_ES","og_type":"article","og_title":"Infierno - el ojO cojo","og_description":"Infierno (2007), de \u00d3scar Andr\u00e9s, explora la violencia cotidiana y el encierro emocional en un espacio opresivo.","og_url":"https:\/\/elojocojo.org\/infierno\/","og_site_name":"el ojO cojo","article_publisher":"https:\/\/www.facebook.com\/elojocojo","article_published_time":"2008-09-06T04:00:12+00:00","article_modified_time":"2026-02-05T12:22:14+00:00","og_image":[{"width":640,"height":425,"url":"https:\/\/elojocojo.org\/wp-content\/uploads\/2008\/09\/infierno01-scaled.jpg","type":"image\/jpeg"}],"author":"Pastora Laguna","twitter_card":"summary_large_image","twitter_creator":"@elojocojo","twitter_site":"@elojocojo","twitter_misc":{"Escrito por":"Pastora Laguna","Tiempo de lectura":"1 minuto"},"schema":{"@context":"https:\/\/schema.org","@graph":[{"@type":"Article","@id":"https:\/\/elojocojo.org\/infierno\/#article","isPartOf":{"@id":"https:\/\/elojocojo.org\/infierno\/"},"author":{"name":"Pastora Laguna","@id":"https:\/\/elojocojo.org\/#\/schema\/person\/0eebd75cb4d855e3f2b18abd9f7b9876"},"headline":"Infierno","datePublished":"2008-09-06T04:00:12+00:00","dateModified":"2026-02-05T12:22:14+00:00","mainEntityOfPage":{"@id":"https:\/\/elojocojo.org\/infierno\/"},"wordCount":381,"publisher":{"@id":"https:\/\/elojocojo.org\/#organization"},"image":{"@id":"https:\/\/elojocojo.org\/infierno\/#primaryimage"},"thumbnailUrl":"https:\/\/elojocojo.org\/wp-content\/uploads\/2008\/09\/infierno01-scaled.jpg","keywords":["2007","2008","Alianzas para lograr objetivos","conflicto","discriminaci\u00f3n sexual","drama","espa\u00f1ol","estereotipos","familia","feminismo","festival de cine","Festival el Ojo cojo","ficci\u00f3n","igualdad de g\u00e9nero","machismo","mujer","soledad","violencia","violencia de g\u00e9nero","violencia institucional"],"articleSection":["Cortometraje","Drama","Festival 2008"],"inLanguage":"es"},{"@type":"WebPage","@id":"https:\/\/elojocojo.org\/infierno\/","url":"https:\/\/elojocojo.org\/infierno\/","name":"Infierno - el ojO cojo","isPartOf":{"@id":"https:\/\/elojocojo.org\/#website"},"primaryImageOfPage":{"@id":"https:\/\/elojocojo.org\/infierno\/#primaryimage"},"image":{"@id":"https:\/\/elojocojo.org\/infierno\/#primaryimage"},"thumbnailUrl":"https:\/\/elojocojo.org\/wp-content\/uploads\/2008\/09\/infierno01-scaled.jpg","datePublished":"2008-09-06T04:00:12+00:00","dateModified":"2026-02-05T12:22:14+00:00","description":"Infierno (2007), de \u00d3scar Andr\u00e9s, explora la violencia cotidiana y el encierro emocional en un espacio opresivo.","breadcrumb":{"@id":"https:\/\/elojocojo.org\/infierno\/#breadcrumb"},"inLanguage":"es","potentialAction":[{"@type":"ReadAction","target":["https:\/\/elojocojo.org\/infierno\/"]}]},{"@type":"ImageObject","inLanguage":"es","@id":"https:\/\/elojocojo.org\/infierno\/#primaryimage","url":"https:\/\/elojocojo.org\/wp-content\/uploads\/2008\/09\/infierno01-scaled.jpg","contentUrl":"https:\/\/elojocojo.org\/wp-content\/uploads\/2008\/09\/infierno01-scaled.jpg","width":640,"height":425,"caption":"Fotograma de \"Infierno\" en el que aparecen un hombre y una mujer sentados en el suelo sobre la hierba a la orilla de un r\u00edo o lago."},{"@type":"BreadcrumbList","@id":"https:\/\/elojocojo.org\/infierno\/#breadcrumb","itemListElement":[{"@type":"ListItem","position":1,"name":"Portada","item":"https:\/\/elojocojo.org\/"},{"@type":"ListItem","position":2,"name":"2007","item":"https:\/\/elojocojo.org\/tag\/2007\/"},{"@type":"ListItem","position":3,"name":"Infierno"}]},{"@type":"WebSite","@id":"https:\/\/elojocojo.org\/#website","url":"https:\/\/elojocojo.org\/","name":"el ojO cojo","description":"Todos estamos hechos de la misma esencia","publisher":{"@id":"https:\/\/elojocojo.org\/#organization"},"potentialAction":[{"@type":"SearchAction","target":{"@type":"EntryPoint","urlTemplate":"https:\/\/elojocojo.org\/?s={search_term_string}"},"query-input":{"@type":"PropertyValueSpecification","valueRequired":true,"valueName":"search_term_string"}}],"inLanguage":"es"},{"@type":"Organization","@id":"https:\/\/elojocojo.org\/#organization","name":"Meigas da r\u00faa","url":"https:\/\/elojocojo.org\/","logo":{"@type":"ImageObject","inLanguage":"es","@id":"https:\/\/elojocojo.org\/#\/schema\/logo\/image\/","url":"https:\/\/meigasdarua.org\/wp-content\/uploads\/2020\/09\/cropped-logo-meigas-5.png","contentUrl":"https:\/\/meigasdarua.org\/wp-content\/uploads\/2020\/09\/cropped-logo-meigas-5.png","width":109,"height":200,"caption":"Meigas da r\u00faa"},"image":{"@id":"https:\/\/elojocojo.org\/#\/schema\/logo\/image\/"},"sameAs":["https:\/\/www.facebook.com\/elojocojo","https:\/\/x.com\/elojocojo","https:\/\/www.instagram.com\/elojocojo\/?hl=es","https:\/\/www.linkedin.com\/in\/el-ojo-cojo-b52b7769\/","https:\/\/www.pinterest.es\/elojocojo\/_saved\/","https:\/\/www.youtube.com\/channel\/UCkFtFTV0Bms7zH7vq8FZxZg"]},{"@type":"Person","@id":"https:\/\/elojocojo.org\/#\/schema\/person\/0eebd75cb4d855e3f2b18abd9f7b9876","name":"Pastora Laguna","url":"https:\/\/elojocojo.org\/author\/pastora\/"}]}},"_links":{"self":[{"href":"https:\/\/elojocojo.org\/wp-json\/wp\/v2\/posts\/1837","targetHints":{"allow":["GET"]}}],"collection":[{"href":"https:\/\/elojocojo.org\/wp-json\/wp\/v2\/posts"}],"about":[{"href":"https:\/\/elojocojo.org\/wp-json\/wp\/v2\/types\/post"}],"author":[{"embeddable":true,"href":"https:\/\/elojocojo.org\/wp-json\/wp\/v2\/users\/73"}],"replies":[{"embeddable":true,"href":"https:\/\/elojocojo.org\/wp-json\/wp\/v2\/comments?post=1837"}],"version-history":[{"count":4,"href":"https:\/\/elojocojo.org\/wp-json\/wp\/v2\/posts\/1837\/revisions"}],"predecessor-version":[{"id":73845,"href":"https:\/\/elojocojo.org\/wp-json\/wp\/v2\/posts\/1837\/revisions\/73845"}],"wp:featuredmedia":[{"embeddable":true,"href":"https:\/\/elojocojo.org\/wp-json\/wp\/v2\/media\/22999"}],"wp:attachment":[{"href":"https:\/\/elojocojo.org\/wp-json\/wp\/v2\/media?parent=1837"}],"wp:term":[{"taxonomy":"category","embeddable":true,"href":"https:\/\/elojocojo.org\/wp-json\/wp\/v2\/categories?post=1837"},{"taxonomy":"post_tag","embeddable":true,"href":"https:\/\/elojocojo.org\/wp-json\/wp\/v2\/tags?post=1837"}],"curies":[{"name":"wp","href":"https:\/\/api.w.org\/{rel}","templated":true}]}}