{"id":1834,"date":"2008-09-05T20:59:02","date_gmt":"2008-09-06T03:59:02","guid":{"rendered":"http:\/\/www.elojocojo.org\/blog2\/?p=1834"},"modified":"2025-09-30T19:03:21","modified_gmt":"2025-09-30T17:03:21","slug":"ismar","status":"publish","type":"post","link":"https:\/\/elojocojo.org\/ismar\/","title":{"rendered":"Ismar"},"content":{"rendered":"\n<figure class=\"wp-block-embed is-type-video is-provider-youtube wp-block-embed-youtube wp-embed-aspect-4-3 wp-has-aspect-ratio\"><div class=\"wp-block-embed__wrapper\">\n\n<\/div><\/figure>\n\n\n<p><strong>T\u00cdTULO.<\/strong> Ismar.<br \/><strong>T\u00cdTULO ORIGINAL.<\/strong> Ismar.<br \/><strong>A\u00d1O.<\/strong> 2007.<br \/><strong>DIRECTOR.<\/strong> Gustavo Beck.<br \/><strong>G\u00c9NERO.<\/strong> documental.<br \/><strong>DURACI\u00d3N.<\/strong> 12&#8242;.<br \/><strong>PA\u00cdS.<\/strong> Brasil.<br \/><strong>FORMATO ORIGINAL.<\/strong> Beta-SP.<br \/><strong>IDIOMA ORIGINAL.<\/strong> portugu\u00e9s.<br \/><strong>SUBTITULOS.<\/strong> espa\u00f1ol.<br \/><strong>INT\u00c9RPRETES.<\/strong> Ismar Tirelli Neto.<br \/><strong>PRODUCCI\u00d3N.<\/strong> YES Filmes.<br \/><strong>GUI\u00d3N.<\/strong> Gustavo Beck \/ Pedro Nascimento.<br \/><strong>EDICI\u00d3N \/ MONTAJE.<\/strong> Gustavo Beck \/ Bruno Garotti.<br \/><strong>DIRECCI\u00d3N DE FOTOGRAF\u00cdA.<\/strong> Haroldo Borges \/ Rodrigo Alayete.<br \/><strong>SONIDO.<\/strong> Eduardo Silva.<br \/><strong>M\u00daSICA.<\/strong> Music Dreams.<\/p>\n<p><strong>SIN\u00d3PSIS.<\/strong><\/p>\n<p>A trav\u00e9s de un relato \u00edntimo y conmovedor,\u00a0Ismar de Gustavo Beck\u00a0explora, ante todo, la b\u00fasqueda incansable de identidad de un personaje an\u00f3nimo.\u00a0Primeramente, la c\u00e1mara sigue sus pasos en entornos cotidianos, mientras, poco a poco, revela conflictos internos y contradicciones.\u00a0Asimismo, mediante entrevistas reflexivas y momentos de silencio elocuente, el documental entrelaza, por un lado, sus recuerdos fragmentados y, por otro, sus anhelos futuros.\u00a0Sin embargo, a medida que avanza, surgen obst\u00e1culos inesperados que, no obstante, refuerzan su determinaci\u00f3n.\u00a0Finalmente, entre escenas simb\u00f3licas y encuentros reveladores, la historia culmina en un giro emotivo que, en definitiva, cuestiona no solo su propia esencia, sino tambi\u00e9n las nociones universales de pertenencia y autenticidad.\u00a0En resumen, una odisea visual que, sin duda, conecta al espectador con las capas m\u00e1s profundas de la condici\u00f3n humana.<\/p>\n<p class=\"p1\">El filme particip\u00f3 en la edici\u00f3n <span class=\"s1\"><b>2008<\/b><\/span>\u00a0del <a href=\"https:\/\/elojocojo.org\/category\/festival-2008\/\"><span class=\"s1\"><b>Festival de cine el ojO cojo<\/b> <\/span><\/a>en ese sentido nos sentimos honrados de haberla exhibido.<\/p>\n<p class=\"p1\">Visita nuestro <a href=\"https:\/\/el-ojocojo.blogspot.com\/\">blog<\/a><\/p>","protected":false},"excerpt":{"rendered":"<p>T\u00cdTULO. Ismar.T\u00cdTULO ORIGINAL. Ismar.A\u00d1O. 2007.DIRECTOR. Gustavo Beck.G\u00c9NERO. documental.DURACI\u00d3N. 12&#8242;.PA\u00cdS. Brasil.FORMATO ORIGINAL. Beta-SP.IDIOMA ORIGINAL. portugu\u00e9s.SUBTITULOS. espa\u00f1ol.INT\u00c9RPRETES. Ismar Tirelli Neto.PRODUCCI\u00d3N. YES Filmes.GUI\u00d3N. Gustavo Beck \/ Pedro Nascimento.EDICI\u00d3N \/ MONTAJE. Gustavo Beck \/ Bruno Garotti.DIRECCI\u00d3N DE FOTOGRAF\u00cdA. Haroldo Borges \/ Rodrigo Alayete.SONIDO. Eduardo Silva.M\u00daSICA. Music Dreams. SIN\u00d3PSIS. A trav\u00e9s de un relato \u00edntimo y conmovedor,\u00a0Ismar de Gustavo Beck\u00a0explora, [&hellip;]<\/p>\n","protected":false},"author":3,"featured_media":22130,"comment_status":"closed","ping_status":"closed","sticky":false,"template":"","format":"standard","meta":{"_monsterinsights_skip_tracking":false,"_monsterinsights_sitenote_active":false,"_monsterinsights_sitenote_note":"","_monsterinsights_sitenote_category":0,"footnotes":""},"categories":[1460,2053,1],"tags":[1923,1905,1434,1403,2119,2391,1981,1982,288,1083,1128],"class_list":{"0":"post-1834","1":"post","2":"type-post","3":"status-publish","4":"format-standard","5":"has-post-thumbnail","7":"category-cortometraje","8":"category-documental","9":"category-festival-2008","10":"tag-1923","11":"tag-1905","12":"tag-conflicto","13":"tag-educacion-de-calidad","14":"tag-espanol","15":"tag-espaol","16":"tag-festival-de-cine","17":"tag-festival-el-ojo-cojo","18":"tag-jovenes","19":"tag-minorias","20":"tag-salud-y-bienestar","21":"czr-hentry"},"yoast_head":"<!-- This site is optimized with the Yoast SEO plugin v27.1.1 - https:\/\/yoast.com\/product\/yoast-seo-wordpress\/ -->\n<title>Ismar - el ojO cojo<\/title>\n<meta name=\"description\" content=\"Pel\u00edcula Ismar exhibida en la edici\u00f3n 2008 del Festival el ojO cojo. Pa\u00eds de origen, Brasil. Dirigido por Gustavo Beck.\" \/>\n<meta name=\"robots\" content=\"index, follow, max-snippet:-1, max-image-preview:large, max-video-preview:-1\" \/>\n<link rel=\"canonical\" href=\"https:\/\/elojocojo.org\/ismar\/\" \/>\n<meta property=\"og:locale\" content=\"es_ES\" \/>\n<meta property=\"og:type\" content=\"article\" \/>\n<meta property=\"og:title\" content=\"Ismar - el ojO cojo\" \/>\n<meta property=\"og:description\" content=\"Pel\u00edcula Ismar exhibida en la edici\u00f3n 2008 del Festival el ojO cojo. Pa\u00eds de origen, Brasil. Dirigido por Gustavo Beck.\" \/>\n<meta property=\"og:url\" content=\"https:\/\/elojocojo.org\/ismar\/\" \/>\n<meta property=\"og:site_name\" content=\"el ojO cojo\" \/>\n<meta property=\"article:publisher\" content=\"https:\/\/www.facebook.com\/elojocojo\" \/>\n<meta property=\"article:published_time\" content=\"2008-09-06T03:59:02+00:00\" \/>\n<meta property=\"article:modified_time\" content=\"2025-09-30T17:03:21+00:00\" \/>\n<meta property=\"og:image\" content=\"https:\/\/elojocojo.org\/wp-content\/uploads\/2020\/05\/Ismar_C-534560224-mmed.jpg\" \/>\n\t<meta property=\"og:image:width\" content=\"300\" \/>\n\t<meta property=\"og:image:height\" content=\"432\" \/>\n\t<meta property=\"og:image:type\" content=\"image\/jpeg\" \/>\n<meta name=\"twitter:card\" content=\"summary_large_image\" \/>\n<meta name=\"twitter:creator\" content=\"@elojocojo\" \/>\n<meta name=\"twitter:site\" content=\"@elojocojo\" \/>\n<meta name=\"twitter:label1\" content=\"Escrito por\" \/>\n\t<meta name=\"twitter:data1\" content=\"\" \/>\n\t<meta name=\"twitter:label2\" content=\"Tiempo de lectura\" \/>\n\t<meta name=\"twitter:data2\" content=\"1 minuto\" \/>\n<script type=\"application\/ld+json\" class=\"yoast-schema-graph\">{\"@context\":\"https:\/\/schema.org\",\"@graph\":[{\"@type\":\"Article\",\"@id\":\"https:\/\/elojocojo.org\/ismar\/#article\",\"isPartOf\":{\"@id\":\"https:\/\/elojocojo.org\/ismar\/\"},\"author\":{\"name\":\"\",\"@id\":\"\"},\"headline\":\"Ismar\",\"datePublished\":\"2008-09-06T03:59:02+00:00\",\"dateModified\":\"2025-09-30T17:03:21+00:00\",\"mainEntityOfPage\":{\"@id\":\"https:\/\/elojocojo.org\/ismar\/\"},\"wordCount\":240,\"publisher\":{\"@id\":\"https:\/\/elojocojo.org\/#organization\"},\"image\":{\"@id\":\"https:\/\/elojocojo.org\/ismar\/#primaryimage\"},\"thumbnailUrl\":\"https:\/\/elojocojo.org\/wp-content\/uploads\/2020\/05\/Ismar_C-534560224-mmed.jpg\",\"keywords\":[\"2007\",\"2008\",\"conflicto\",\"Educaci\u00f3n de calidad\",\"espa\u00f1ol\",\"espa\u00b1ol\",\"festival de cine\",\"Festival el Ojo cojo\",\"j\u00f3venes\",\"minor\u00edas\",\"Salud y bienestar\"],\"articleSection\":[\"Cortometraje\",\"Documental\",\"Festival 2008\"],\"inLanguage\":\"es\"},{\"@type\":\"WebPage\",\"@id\":\"https:\/\/elojocojo.org\/ismar\/\",\"url\":\"https:\/\/elojocojo.org\/ismar\/\",\"name\":\"Ismar - el ojO cojo\",\"isPartOf\":{\"@id\":\"https:\/\/elojocojo.org\/#website\"},\"primaryImageOfPage\":{\"@id\":\"https:\/\/elojocojo.org\/ismar\/#primaryimage\"},\"image\":{\"@id\":\"https:\/\/elojocojo.org\/ismar\/#primaryimage\"},\"thumbnailUrl\":\"https:\/\/elojocojo.org\/wp-content\/uploads\/2020\/05\/Ismar_C-534560224-mmed.jpg\",\"datePublished\":\"2008-09-06T03:59:02+00:00\",\"dateModified\":\"2025-09-30T17:03:21+00:00\",\"description\":\"Pel\u00edcula Ismar exhibida en la edici\u00f3n 2008 del Festival el ojO cojo. Pa\u00eds de origen, Brasil. Dirigido por Gustavo Beck.\",\"breadcrumb\":{\"@id\":\"https:\/\/elojocojo.org\/ismar\/#breadcrumb\"},\"inLanguage\":\"es\",\"potentialAction\":[{\"@type\":\"ReadAction\",\"target\":[\"https:\/\/elojocojo.org\/ismar\/\"]}]},{\"@type\":\"ImageObject\",\"inLanguage\":\"es\",\"@id\":\"https:\/\/elojocojo.org\/ismar\/#primaryimage\",\"url\":\"https:\/\/elojocojo.org\/wp-content\/uploads\/2020\/05\/Ismar_C-534560224-mmed.jpg\",\"contentUrl\":\"https:\/\/elojocojo.org\/wp-content\/uploads\/2020\/05\/Ismar_C-534560224-mmed.jpg\",\"width\":300,\"height\":432},{\"@type\":\"BreadcrumbList\",\"@id\":\"https:\/\/elojocojo.org\/ismar\/#breadcrumb\",\"itemListElement\":[{\"@type\":\"ListItem\",\"position\":1,\"name\":\"Portada\",\"item\":\"https:\/\/elojocojo.org\/\"},{\"@type\":\"ListItem\",\"position\":2,\"name\":\"2007\",\"item\":\"https:\/\/elojocojo.org\/tag\/2007\/\"},{\"@type\":\"ListItem\",\"position\":3,\"name\":\"Ismar\"}]},{\"@type\":\"WebSite\",\"@id\":\"https:\/\/elojocojo.org\/#website\",\"url\":\"https:\/\/elojocojo.org\/\",\"name\":\"el ojO cojo\",\"description\":\"Todos estamos hechos de la misma esencia\",\"publisher\":{\"@id\":\"https:\/\/elojocojo.org\/#organization\"},\"potentialAction\":[{\"@type\":\"SearchAction\",\"target\":{\"@type\":\"EntryPoint\",\"urlTemplate\":\"https:\/\/elojocojo.org\/?s={search_term_string}\"},\"query-input\":{\"@type\":\"PropertyValueSpecification\",\"valueRequired\":true,\"valueName\":\"search_term_string\"}}],\"inLanguage\":\"es\"},{\"@type\":\"Organization\",\"@id\":\"https:\/\/elojocojo.org\/#organization\",\"name\":\"Meigas da r\u00faa\",\"url\":\"https:\/\/elojocojo.org\/\",\"logo\":{\"@type\":\"ImageObject\",\"inLanguage\":\"es\",\"@id\":\"https:\/\/elojocojo.org\/#\/schema\/logo\/image\/\",\"url\":\"https:\/\/meigasdarua.org\/wp-content\/uploads\/2020\/09\/cropped-logo-meigas-5.png\",\"contentUrl\":\"https:\/\/meigasdarua.org\/wp-content\/uploads\/2020\/09\/cropped-logo-meigas-5.png\",\"width\":109,\"height\":200,\"caption\":\"Meigas da r\u00faa\"},\"image\":{\"@id\":\"https:\/\/elojocojo.org\/#\/schema\/logo\/image\/\"},\"sameAs\":[\"https:\/\/www.facebook.com\/elojocojo\",\"https:\/\/x.com\/elojocojo\",\"https:\/\/www.instagram.com\/elojocojo\/?hl=es\",\"https:\/\/www.linkedin.com\/in\/el-ojo-cojo-b52b7769\/\",\"https:\/\/www.pinterest.es\/elojocojo\/_saved\/\",\"https:\/\/www.youtube.com\/channel\/UCkFtFTV0Bms7zH7vq8FZxZg\"]},{\"@type\":\"Person\",\"@id\":\"\",\"url\":\"https:\/\/elojocojo.org\/author\/\"}]}<\/script>\n<!-- \/ Yoast SEO plugin. -->","yoast_head_json":{"title":"Ismar - el ojO cojo","description":"Pel\u00edcula Ismar exhibida en la edici\u00f3n 2008 del Festival el ojO cojo. Pa\u00eds de origen, Brasil. Dirigido por Gustavo Beck.","robots":{"index":"index","follow":"follow","max-snippet":"max-snippet:-1","max-image-preview":"max-image-preview:large","max-video-preview":"max-video-preview:-1"},"canonical":"https:\/\/elojocojo.org\/ismar\/","og_locale":"es_ES","og_type":"article","og_title":"Ismar - el ojO cojo","og_description":"Pel\u00edcula Ismar exhibida en la edici\u00f3n 2008 del Festival el ojO cojo. Pa\u00eds de origen, Brasil. Dirigido por Gustavo Beck.","og_url":"https:\/\/elojocojo.org\/ismar\/","og_site_name":"el ojO cojo","article_publisher":"https:\/\/www.facebook.com\/elojocojo","article_published_time":"2008-09-06T03:59:02+00:00","article_modified_time":"2025-09-30T17:03:21+00:00","og_image":[{"width":300,"height":432,"url":"https:\/\/elojocojo.org\/wp-content\/uploads\/2020\/05\/Ismar_C-534560224-mmed.jpg","type":"image\/jpeg"}],"twitter_card":"summary_large_image","twitter_creator":"@elojocojo","twitter_site":"@elojocojo","twitter_misc":{"Escrito por":"","Tiempo de lectura":"1 minuto"},"schema":{"@context":"https:\/\/schema.org","@graph":[{"@type":"Article","@id":"https:\/\/elojocojo.org\/ismar\/#article","isPartOf":{"@id":"https:\/\/elojocojo.org\/ismar\/"},"author":{"name":"","@id":""},"headline":"Ismar","datePublished":"2008-09-06T03:59:02+00:00","dateModified":"2025-09-30T17:03:21+00:00","mainEntityOfPage":{"@id":"https:\/\/elojocojo.org\/ismar\/"},"wordCount":240,"publisher":{"@id":"https:\/\/elojocojo.org\/#organization"},"image":{"@id":"https:\/\/elojocojo.org\/ismar\/#primaryimage"},"thumbnailUrl":"https:\/\/elojocojo.org\/wp-content\/uploads\/2020\/05\/Ismar_C-534560224-mmed.jpg","keywords":["2007","2008","conflicto","Educaci\u00f3n de calidad","espa\u00f1ol","espa\u00b1ol","festival de cine","Festival el Ojo cojo","j\u00f3venes","minor\u00edas","Salud y bienestar"],"articleSection":["Cortometraje","Documental","Festival 2008"],"inLanguage":"es"},{"@type":"WebPage","@id":"https:\/\/elojocojo.org\/ismar\/","url":"https:\/\/elojocojo.org\/ismar\/","name":"Ismar - el ojO cojo","isPartOf":{"@id":"https:\/\/elojocojo.org\/#website"},"primaryImageOfPage":{"@id":"https:\/\/elojocojo.org\/ismar\/#primaryimage"},"image":{"@id":"https:\/\/elojocojo.org\/ismar\/#primaryimage"},"thumbnailUrl":"https:\/\/elojocojo.org\/wp-content\/uploads\/2020\/05\/Ismar_C-534560224-mmed.jpg","datePublished":"2008-09-06T03:59:02+00:00","dateModified":"2025-09-30T17:03:21+00:00","description":"Pel\u00edcula Ismar exhibida en la edici\u00f3n 2008 del Festival el ojO cojo. Pa\u00eds de origen, Brasil. Dirigido por Gustavo Beck.","breadcrumb":{"@id":"https:\/\/elojocojo.org\/ismar\/#breadcrumb"},"inLanguage":"es","potentialAction":[{"@type":"ReadAction","target":["https:\/\/elojocojo.org\/ismar\/"]}]},{"@type":"ImageObject","inLanguage":"es","@id":"https:\/\/elojocojo.org\/ismar\/#primaryimage","url":"https:\/\/elojocojo.org\/wp-content\/uploads\/2020\/05\/Ismar_C-534560224-mmed.jpg","contentUrl":"https:\/\/elojocojo.org\/wp-content\/uploads\/2020\/05\/Ismar_C-534560224-mmed.jpg","width":300,"height":432},{"@type":"BreadcrumbList","@id":"https:\/\/elojocojo.org\/ismar\/#breadcrumb","itemListElement":[{"@type":"ListItem","position":1,"name":"Portada","item":"https:\/\/elojocojo.org\/"},{"@type":"ListItem","position":2,"name":"2007","item":"https:\/\/elojocojo.org\/tag\/2007\/"},{"@type":"ListItem","position":3,"name":"Ismar"}]},{"@type":"WebSite","@id":"https:\/\/elojocojo.org\/#website","url":"https:\/\/elojocojo.org\/","name":"el ojO cojo","description":"Todos estamos hechos de la misma esencia","publisher":{"@id":"https:\/\/elojocojo.org\/#organization"},"potentialAction":[{"@type":"SearchAction","target":{"@type":"EntryPoint","urlTemplate":"https:\/\/elojocojo.org\/?s={search_term_string}"},"query-input":{"@type":"PropertyValueSpecification","valueRequired":true,"valueName":"search_term_string"}}],"inLanguage":"es"},{"@type":"Organization","@id":"https:\/\/elojocojo.org\/#organization","name":"Meigas da r\u00faa","url":"https:\/\/elojocojo.org\/","logo":{"@type":"ImageObject","inLanguage":"es","@id":"https:\/\/elojocojo.org\/#\/schema\/logo\/image\/","url":"https:\/\/meigasdarua.org\/wp-content\/uploads\/2020\/09\/cropped-logo-meigas-5.png","contentUrl":"https:\/\/meigasdarua.org\/wp-content\/uploads\/2020\/09\/cropped-logo-meigas-5.png","width":109,"height":200,"caption":"Meigas da r\u00faa"},"image":{"@id":"https:\/\/elojocojo.org\/#\/schema\/logo\/image\/"},"sameAs":["https:\/\/www.facebook.com\/elojocojo","https:\/\/x.com\/elojocojo","https:\/\/www.instagram.com\/elojocojo\/?hl=es","https:\/\/www.linkedin.com\/in\/el-ojo-cojo-b52b7769\/","https:\/\/www.pinterest.es\/elojocojo\/_saved\/","https:\/\/www.youtube.com\/channel\/UCkFtFTV0Bms7zH7vq8FZxZg"]},{"@type":"Person","@id":"","url":"https:\/\/elojocojo.org\/author\/"}]}},"_links":{"self":[{"href":"https:\/\/elojocojo.org\/wp-json\/wp\/v2\/posts\/1834","targetHints":{"allow":["GET"]}}],"collection":[{"href":"https:\/\/elojocojo.org\/wp-json\/wp\/v2\/posts"}],"about":[{"href":"https:\/\/elojocojo.org\/wp-json\/wp\/v2\/types\/post"}],"author":[{"embeddable":true,"href":"https:\/\/elojocojo.org\/wp-json\/wp\/v2\/users\/3"}],"replies":[{"embeddable":true,"href":"https:\/\/elojocojo.org\/wp-json\/wp\/v2\/comments?post=1834"}],"version-history":[{"count":7,"href":"https:\/\/elojocojo.org\/wp-json\/wp\/v2\/posts\/1834\/revisions"}],"predecessor-version":[{"id":73046,"href":"https:\/\/elojocojo.org\/wp-json\/wp\/v2\/posts\/1834\/revisions\/73046"}],"wp:featuredmedia":[{"embeddable":true,"href":"https:\/\/elojocojo.org\/wp-json\/wp\/v2\/media\/22130"}],"wp:attachment":[{"href":"https:\/\/elojocojo.org\/wp-json\/wp\/v2\/media?parent=1834"}],"wp:term":[{"taxonomy":"category","embeddable":true,"href":"https:\/\/elojocojo.org\/wp-json\/wp\/v2\/categories?post=1834"},{"taxonomy":"post_tag","embeddable":true,"href":"https:\/\/elojocojo.org\/wp-json\/wp\/v2\/tags?post=1834"}],"curies":[{"name":"wp","href":"https:\/\/api.w.org\/{rel}","templated":true}]}}