{"id":1831,"date":"2008-09-05T20:57:49","date_gmt":"2008-09-06T03:57:49","guid":{"rendered":"http:\/\/www.elojocojo.org\/blog2\/?p=1831"},"modified":"2025-09-19T12:47:04","modified_gmt":"2025-09-19T10:47:04","slug":"jodida-vida","status":"publish","type":"post","link":"https:\/\/elojocojo.org\/jodida-vida\/","title":{"rendered":"Jodida vida&#8230;"},"content":{"rendered":"<p><strong>T\u00cdTULO.<\/strong> \u00abJODIDA VIDA&#8230;\u00bb.<br \/><strong>T\u00cdTULO ORIGINAL.<\/strong> \u00abJODIDA VIDA&#8230;\u00bb.<br \/><strong>A\u00d1O.<\/strong> 2007.<br \/><strong>DIRECTOR.<\/strong> Javier Aspiazu y Carlos Idirin.<br \/><strong>G\u00c9NERO.<\/strong> documental.<br \/><strong>DURACI\u00d3N.<\/strong> 29&#8242;.<br \/><strong>PA\u00cdS.<\/strong> Espa\u00f1a.<br \/><strong>FORMATO ORIGINAL.<\/strong> Mini DvD.<br \/><strong>IDIOMA ORIGINAL.<\/strong> castellano.<br \/><strong>PRODUCCI\u00d3N.<\/strong> eZINEzko producciones.<br \/><strong>GUI\u00d3N.<\/strong> Javier Aspiazu.<br \/><strong>EDICI\u00d3N \/ MONTAJE.<\/strong> Javier Aspiazu y Carlos Idirin.<br \/><strong>DIRECCI\u00d3N DE FOTOGRAF\u00cdA.<\/strong> Javier Aspiazu y Carlos Idirin.<br \/><strong>SONIDO.<\/strong> directo.<\/p>\n<p><strong>SIN\u00d3PSIS:<\/strong><\/p>\n<div class=\"group\/conversation-turn relative flex w-full min-w-0 flex-col agent-turn\">\n<div class=\"flex-col gap-1 md:gap-3\">\n<div class=\"flex flex-grow flex-col max-w-full\">\n<div class=\"min-h-[20px] text-message flex flex-col items-start whitespace-pre-wrap break-words [.text-message+&amp;]:mt-5 juice:w-full juice:items-end overflow-x-auto gap-2\" dir=\"auto\" data-message-author-role=\"assistant\" data-message-id=\"46f442b2-28a2-4e42-a1f7-cf7bbe95a46b\">\n<div class=\"flex w-full flex-col gap-1 juice:empty:hidden juice:first:pt-[3px]\">\n<div class=\"markdown prose w-full break-words dark:prose-invert dark\">\n<p>El documental \u00abJodida vida&#8230;\u00bb del a\u00f1o 2007, dirigido por Javier Aspiazu y Carlos Idirin, se sumerge en la realidad cruda de los drogodependientes del barrio de San Francisco en Bilbao, conocido por ser un importante centro de distribuci\u00f3n de drogas ilegales en Euskadi. Con una duraci\u00f3n de 29 minutos y producido por eZINEzko producciones, el documental aborda temas sensibles y profundos relacionados con la adicci\u00f3n a la hero\u00edna y las dif\u00edciles condiciones de vida de quienes se ven atrapados en este ciclo destructivo.<\/p>\n<p>El t\u00edtulo mismo, \u00abJodida vida&#8230;\u00bb, refleja el pesimismo y la desesperanza que caracterizan la existencia de los protagonistas, quienes enfrentan la dura elecci\u00f3n entre soportar una vida extremadamente dif\u00edcil o caer en las garras de la adicci\u00f3n. El gui\u00f3n, realizado por Javier Aspiazu, junto con la edici\u00f3n y direcci\u00f3n de fotograf\u00eda a cargo de \u00e9l mismo y de Carlos Idirin, apunta a capturar de manera directa y sin adornos la realidad de estos individuos marginados por la sociedad.<\/p>\n<\/div>\n<\/div>\n<\/div>\n<\/div>\n<\/div>\n<\/div>\n<p><strong>PALMAR\u00c9S:<\/strong><\/p>\n<p>Seleccionado en Albacete Documental<\/p>\n\n\n<p>El filme Jodida vida particip\u00f3 en la edici\u00f3n <strong>2008<\/strong>&nbsp;del <a href=\"https:\/\/elojocojo.org\/category\/festival-2008\/\"><strong>Festival de cine el ojO cojo<\/strong> <\/a>en ese sentido nos sentimos honrados de haberla exhibido.<\/p>\n\n\n\n<p>Visita nuestro<em><a href=\"https:\/\/el-ojocojo.blogspot.com\/\"> blog <\/a><\/em><\/p>\n","protected":false},"excerpt":{"rendered":"<p>T\u00cdTULO. \u00abJODIDA VIDA&#8230;\u00bb.T\u00cdTULO ORIGINAL. \u00abJODIDA VIDA&#8230;\u00bb.A\u00d1O. 2007.DIRECTOR. Javier Aspiazu y Carlos Idirin.G\u00c9NERO. documental.DURACI\u00d3N. 29&#8242;.PA\u00cdS. Espa\u00f1a.FORMATO ORIGINAL. Mini DvD.IDIOMA ORIGINAL. castellano.PRODUCCI\u00d3N. eZINEzko producciones.GUI\u00d3N. Javier Aspiazu.EDICI\u00d3N \/ MONTAJE. Javier Aspiazu y Carlos Idirin.DIRECCI\u00d3N DE FOTOGRAF\u00cdA. Javier Aspiazu y Carlos Idirin.SONIDO. directo. SIN\u00d3PSIS: El documental \u00abJodida vida&#8230;\u00bb del a\u00f1o 2007, dirigido por Javier Aspiazu y Carlos Idirin, se [&hellip;]<\/p>\n","protected":false},"author":11,"featured_media":22672,"comment_status":"closed","ping_status":"closed","sticky":false,"template":"","format":"standard","meta":{"_monsterinsights_skip_tracking":false,"_monsterinsights_sitenote_active":false,"_monsterinsights_sitenote_note":"","_monsterinsights_sitenote_category":0,"footnotes":""},"categories":[1460,2053,1],"tags":[1923,1905,1434,881,1467,1403,2119,2191,1221,1981,1092,1083,1231,1128,74],"class_list":{"0":"post-1831","1":"post","2":"type-post","3":"status-publish","4":"format-standard","5":"has-post-thumbnail","7":"category-cortometraje","8":"category-documental","9":"category-festival-2008","10":"tag-1923","11":"tag-1905","12":"tag-conflicto","13":"tag-desplazados","14":"tag-drogas","15":"tag-educacion-de-calidad","16":"tag-espanol","17":"tag-esperanza","18":"tag-estereotipos","19":"tag-festival-de-cine","20":"tag-fin-de-la-pobreza","21":"tag-minorias","22":"tag-reduccion-de-las-desigualdades","23":"tag-salud-y-bienestar","24":"tag-solidaridad","25":"czr-hentry"},"yoast_head":"<!-- This site is optimized with the Yoast SEO plugin v27.1.1 - https:\/\/yoast.com\/product\/yoast-seo-wordpress\/ -->\n<title>Jodida vida... - el ojO cojo<\/title>\n<meta name=\"description\" content=\"Pel\u00edcula Jodida vida exhibida en la edici\u00f3n 2008 del Festival el ojO cojo. Pa\u00eds de origen, Espa\u00f1a. Dirigido por Javier Aspiazu y Carlos Idirin.\" \/>\n<meta name=\"robots\" content=\"index, follow, max-snippet:-1, max-image-preview:large, max-video-preview:-1\" \/>\n<link rel=\"canonical\" href=\"https:\/\/elojocojo.org\/jodida-vida\/\" \/>\n<meta property=\"og:locale\" content=\"es_ES\" \/>\n<meta property=\"og:type\" content=\"article\" \/>\n<meta property=\"og:title\" content=\"Jodida vida... - el ojO cojo\" \/>\n<meta property=\"og:description\" content=\"Pel\u00edcula Jodida vida exhibida en la edici\u00f3n 2008 del Festival el ojO cojo. Pa\u00eds de origen, Espa\u00f1a. Dirigido por Javier Aspiazu y Carlos Idirin.\" \/>\n<meta property=\"og:url\" content=\"https:\/\/elojocojo.org\/jodida-vida\/\" \/>\n<meta property=\"og:site_name\" content=\"el ojO cojo\" \/>\n<meta property=\"article:publisher\" content=\"https:\/\/www.facebook.com\/elojocojo\" \/>\n<meta property=\"article:published_time\" content=\"2008-09-06T03:57:49+00:00\" \/>\n<meta property=\"article:modified_time\" content=\"2025-09-19T10:47:04+00:00\" \/>\n<meta property=\"og:image\" content=\"https:\/\/elojocojo.org\/wp-content\/uploads\/2008\/09\/Foto_JODIDA_VIDA.._0-scaled.jpg\" \/>\n\t<meta property=\"og:image:width\" content=\"627\" \/>\n\t<meta property=\"og:image:height\" content=\"470\" \/>\n\t<meta property=\"og:image:type\" content=\"image\/jpeg\" \/>\n<meta name=\"author\" content=\"cojo\" \/>\n<meta name=\"twitter:card\" content=\"summary_large_image\" \/>\n<meta name=\"twitter:creator\" content=\"@elojocojo\" \/>\n<meta name=\"twitter:site\" content=\"@elojocojo\" \/>\n<meta name=\"twitter:label1\" content=\"Escrito por\" \/>\n\t<meta name=\"twitter:data1\" content=\"cojo\" \/>\n\t<meta name=\"twitter:label2\" content=\"Tiempo de lectura\" \/>\n\t<meta name=\"twitter:data2\" content=\"1 minuto\" \/>\n<script type=\"application\/ld+json\" class=\"yoast-schema-graph\">{\"@context\":\"https:\/\/schema.org\",\"@graph\":[{\"@type\":\"Article\",\"@id\":\"https:\/\/elojocojo.org\/jodida-vida\/#article\",\"isPartOf\":{\"@id\":\"https:\/\/elojocojo.org\/jodida-vida\/\"},\"author\":{\"name\":\"cojo\",\"@id\":\"https:\/\/elojocojo.org\/#\/schema\/person\/cba15985dd5da095cac31c1ff0d6e23e\"},\"headline\":\"Jodida vida&#8230;\",\"datePublished\":\"2008-09-06T03:57:49+00:00\",\"dateModified\":\"2025-09-19T10:47:04+00:00\",\"mainEntityOfPage\":{\"@id\":\"https:\/\/elojocojo.org\/jodida-vida\/\"},\"wordCount\":273,\"publisher\":{\"@id\":\"https:\/\/elojocojo.org\/#organization\"},\"image\":{\"@id\":\"https:\/\/elojocojo.org\/jodida-vida\/#primaryimage\"},\"thumbnailUrl\":\"https:\/\/elojocojo.org\/wp-content\/uploads\/2008\/09\/Foto_JODIDA_VIDA.._0-scaled.jpg\",\"keywords\":[\"2007\",\"2008\",\"conflicto\",\"Desplazados\",\"drogas\",\"Educaci\u00f3n de calidad\",\"espa\u00f1ol\",\"esperanza\",\"estereotipos\",\"festival de cine\",\"Fin de la pobreza\",\"minor\u00edas\",\"Reducci\u00f3n de las desigualdades\",\"Salud y bienestar\",\"solidaridad\"],\"articleSection\":[\"Cortometraje\",\"Documental\",\"Festival 2008\"],\"inLanguage\":\"es\"},{\"@type\":\"WebPage\",\"@id\":\"https:\/\/elojocojo.org\/jodida-vida\/\",\"url\":\"https:\/\/elojocojo.org\/jodida-vida\/\",\"name\":\"Jodida vida... - el ojO cojo\",\"isPartOf\":{\"@id\":\"https:\/\/elojocojo.org\/#website\"},\"primaryImageOfPage\":{\"@id\":\"https:\/\/elojocojo.org\/jodida-vida\/#primaryimage\"},\"image\":{\"@id\":\"https:\/\/elojocojo.org\/jodida-vida\/#primaryimage\"},\"thumbnailUrl\":\"https:\/\/elojocojo.org\/wp-content\/uploads\/2008\/09\/Foto_JODIDA_VIDA.._0-scaled.jpg\",\"datePublished\":\"2008-09-06T03:57:49+00:00\",\"dateModified\":\"2025-09-19T10:47:04+00:00\",\"description\":\"Pel\u00edcula Jodida vida exhibida en la edici\u00f3n 2008 del Festival el ojO cojo. Pa\u00eds de origen, Espa\u00f1a. Dirigido por Javier Aspiazu y Carlos Idirin.\",\"breadcrumb\":{\"@id\":\"https:\/\/elojocojo.org\/jodida-vida\/#breadcrumb\"},\"inLanguage\":\"es\",\"potentialAction\":[{\"@type\":\"ReadAction\",\"target\":[\"https:\/\/elojocojo.org\/jodida-vida\/\"]}]},{\"@type\":\"ImageObject\",\"inLanguage\":\"es\",\"@id\":\"https:\/\/elojocojo.org\/jodida-vida\/#primaryimage\",\"url\":\"https:\/\/elojocojo.org\/wp-content\/uploads\/2008\/09\/Foto_JODIDA_VIDA.._0-scaled.jpg\",\"contentUrl\":\"https:\/\/elojocojo.org\/wp-content\/uploads\/2008\/09\/Foto_JODIDA_VIDA.._0-scaled.jpg\",\"width\":627,\"height\":470},{\"@type\":\"BreadcrumbList\",\"@id\":\"https:\/\/elojocojo.org\/jodida-vida\/#breadcrumb\",\"itemListElement\":[{\"@type\":\"ListItem\",\"position\":1,\"name\":\"Portada\",\"item\":\"https:\/\/elojocojo.org\/\"},{\"@type\":\"ListItem\",\"position\":2,\"name\":\"2007\",\"item\":\"https:\/\/elojocojo.org\/tag\/2007\/\"},{\"@type\":\"ListItem\",\"position\":3,\"name\":\"Jodida vida&#8230;\"}]},{\"@type\":\"WebSite\",\"@id\":\"https:\/\/elojocojo.org\/#website\",\"url\":\"https:\/\/elojocojo.org\/\",\"name\":\"el ojO cojo\",\"description\":\"Todos estamos hechos de la misma esencia\",\"publisher\":{\"@id\":\"https:\/\/elojocojo.org\/#organization\"},\"potentialAction\":[{\"@type\":\"SearchAction\",\"target\":{\"@type\":\"EntryPoint\",\"urlTemplate\":\"https:\/\/elojocojo.org\/?s={search_term_string}\"},\"query-input\":{\"@type\":\"PropertyValueSpecification\",\"valueRequired\":true,\"valueName\":\"search_term_string\"}}],\"inLanguage\":\"es\"},{\"@type\":\"Organization\",\"@id\":\"https:\/\/elojocojo.org\/#organization\",\"name\":\"Meigas da r\u00faa\",\"url\":\"https:\/\/elojocojo.org\/\",\"logo\":{\"@type\":\"ImageObject\",\"inLanguage\":\"es\",\"@id\":\"https:\/\/elojocojo.org\/#\/schema\/logo\/image\/\",\"url\":\"https:\/\/meigasdarua.org\/wp-content\/uploads\/2020\/09\/cropped-logo-meigas-5.png\",\"contentUrl\":\"https:\/\/meigasdarua.org\/wp-content\/uploads\/2020\/09\/cropped-logo-meigas-5.png\",\"width\":109,\"height\":200,\"caption\":\"Meigas da r\u00faa\"},\"image\":{\"@id\":\"https:\/\/elojocojo.org\/#\/schema\/logo\/image\/\"},\"sameAs\":[\"https:\/\/www.facebook.com\/elojocojo\",\"https:\/\/x.com\/elojocojo\",\"https:\/\/www.instagram.com\/elojocojo\/?hl=es\",\"https:\/\/www.linkedin.com\/in\/el-ojo-cojo-b52b7769\/\",\"https:\/\/www.pinterest.es\/elojocojo\/_saved\/\",\"https:\/\/www.youtube.com\/channel\/UCkFtFTV0Bms7zH7vq8FZxZg\"]},{\"@type\":\"Person\",\"@id\":\"https:\/\/elojocojo.org\/#\/schema\/person\/cba15985dd5da095cac31c1ff0d6e23e\",\"name\":\"cojo\",\"url\":\"https:\/\/elojocojo.org\/author\/cojo\/\"}]}<\/script>\n<!-- \/ Yoast SEO plugin. -->","yoast_head_json":{"title":"Jodida vida... - el ojO cojo","description":"Pel\u00edcula Jodida vida exhibida en la edici\u00f3n 2008 del Festival el ojO cojo. Pa\u00eds de origen, Espa\u00f1a. Dirigido por Javier Aspiazu y Carlos Idirin.","robots":{"index":"index","follow":"follow","max-snippet":"max-snippet:-1","max-image-preview":"max-image-preview:large","max-video-preview":"max-video-preview:-1"},"canonical":"https:\/\/elojocojo.org\/jodida-vida\/","og_locale":"es_ES","og_type":"article","og_title":"Jodida vida... - el ojO cojo","og_description":"Pel\u00edcula Jodida vida exhibida en la edici\u00f3n 2008 del Festival el ojO cojo. Pa\u00eds de origen, Espa\u00f1a. Dirigido por Javier Aspiazu y Carlos Idirin.","og_url":"https:\/\/elojocojo.org\/jodida-vida\/","og_site_name":"el ojO cojo","article_publisher":"https:\/\/www.facebook.com\/elojocojo","article_published_time":"2008-09-06T03:57:49+00:00","article_modified_time":"2025-09-19T10:47:04+00:00","og_image":[{"width":627,"height":470,"url":"https:\/\/elojocojo.org\/wp-content\/uploads\/2008\/09\/Foto_JODIDA_VIDA.._0-scaled.jpg","type":"image\/jpeg"}],"author":"cojo","twitter_card":"summary_large_image","twitter_creator":"@elojocojo","twitter_site":"@elojocojo","twitter_misc":{"Escrito por":"cojo","Tiempo de lectura":"1 minuto"},"schema":{"@context":"https:\/\/schema.org","@graph":[{"@type":"Article","@id":"https:\/\/elojocojo.org\/jodida-vida\/#article","isPartOf":{"@id":"https:\/\/elojocojo.org\/jodida-vida\/"},"author":{"name":"cojo","@id":"https:\/\/elojocojo.org\/#\/schema\/person\/cba15985dd5da095cac31c1ff0d6e23e"},"headline":"Jodida vida&#8230;","datePublished":"2008-09-06T03:57:49+00:00","dateModified":"2025-09-19T10:47:04+00:00","mainEntityOfPage":{"@id":"https:\/\/elojocojo.org\/jodida-vida\/"},"wordCount":273,"publisher":{"@id":"https:\/\/elojocojo.org\/#organization"},"image":{"@id":"https:\/\/elojocojo.org\/jodida-vida\/#primaryimage"},"thumbnailUrl":"https:\/\/elojocojo.org\/wp-content\/uploads\/2008\/09\/Foto_JODIDA_VIDA.._0-scaled.jpg","keywords":["2007","2008","conflicto","Desplazados","drogas","Educaci\u00f3n de calidad","espa\u00f1ol","esperanza","estereotipos","festival de cine","Fin de la pobreza","minor\u00edas","Reducci\u00f3n de las desigualdades","Salud y bienestar","solidaridad"],"articleSection":["Cortometraje","Documental","Festival 2008"],"inLanguage":"es"},{"@type":"WebPage","@id":"https:\/\/elojocojo.org\/jodida-vida\/","url":"https:\/\/elojocojo.org\/jodida-vida\/","name":"Jodida vida... - el ojO cojo","isPartOf":{"@id":"https:\/\/elojocojo.org\/#website"},"primaryImageOfPage":{"@id":"https:\/\/elojocojo.org\/jodida-vida\/#primaryimage"},"image":{"@id":"https:\/\/elojocojo.org\/jodida-vida\/#primaryimage"},"thumbnailUrl":"https:\/\/elojocojo.org\/wp-content\/uploads\/2008\/09\/Foto_JODIDA_VIDA.._0-scaled.jpg","datePublished":"2008-09-06T03:57:49+00:00","dateModified":"2025-09-19T10:47:04+00:00","description":"Pel\u00edcula Jodida vida exhibida en la edici\u00f3n 2008 del Festival el ojO cojo. Pa\u00eds de origen, Espa\u00f1a. Dirigido por Javier Aspiazu y Carlos Idirin.","breadcrumb":{"@id":"https:\/\/elojocojo.org\/jodida-vida\/#breadcrumb"},"inLanguage":"es","potentialAction":[{"@type":"ReadAction","target":["https:\/\/elojocojo.org\/jodida-vida\/"]}]},{"@type":"ImageObject","inLanguage":"es","@id":"https:\/\/elojocojo.org\/jodida-vida\/#primaryimage","url":"https:\/\/elojocojo.org\/wp-content\/uploads\/2008\/09\/Foto_JODIDA_VIDA.._0-scaled.jpg","contentUrl":"https:\/\/elojocojo.org\/wp-content\/uploads\/2008\/09\/Foto_JODIDA_VIDA.._0-scaled.jpg","width":627,"height":470},{"@type":"BreadcrumbList","@id":"https:\/\/elojocojo.org\/jodida-vida\/#breadcrumb","itemListElement":[{"@type":"ListItem","position":1,"name":"Portada","item":"https:\/\/elojocojo.org\/"},{"@type":"ListItem","position":2,"name":"2007","item":"https:\/\/elojocojo.org\/tag\/2007\/"},{"@type":"ListItem","position":3,"name":"Jodida vida&#8230;"}]},{"@type":"WebSite","@id":"https:\/\/elojocojo.org\/#website","url":"https:\/\/elojocojo.org\/","name":"el ojO cojo","description":"Todos estamos hechos de la misma esencia","publisher":{"@id":"https:\/\/elojocojo.org\/#organization"},"potentialAction":[{"@type":"SearchAction","target":{"@type":"EntryPoint","urlTemplate":"https:\/\/elojocojo.org\/?s={search_term_string}"},"query-input":{"@type":"PropertyValueSpecification","valueRequired":true,"valueName":"search_term_string"}}],"inLanguage":"es"},{"@type":"Organization","@id":"https:\/\/elojocojo.org\/#organization","name":"Meigas da r\u00faa","url":"https:\/\/elojocojo.org\/","logo":{"@type":"ImageObject","inLanguage":"es","@id":"https:\/\/elojocojo.org\/#\/schema\/logo\/image\/","url":"https:\/\/meigasdarua.org\/wp-content\/uploads\/2020\/09\/cropped-logo-meigas-5.png","contentUrl":"https:\/\/meigasdarua.org\/wp-content\/uploads\/2020\/09\/cropped-logo-meigas-5.png","width":109,"height":200,"caption":"Meigas da r\u00faa"},"image":{"@id":"https:\/\/elojocojo.org\/#\/schema\/logo\/image\/"},"sameAs":["https:\/\/www.facebook.com\/elojocojo","https:\/\/x.com\/elojocojo","https:\/\/www.instagram.com\/elojocojo\/?hl=es","https:\/\/www.linkedin.com\/in\/el-ojo-cojo-b52b7769\/","https:\/\/www.pinterest.es\/elojocojo\/_saved\/","https:\/\/www.youtube.com\/channel\/UCkFtFTV0Bms7zH7vq8FZxZg"]},{"@type":"Person","@id":"https:\/\/elojocojo.org\/#\/schema\/person\/cba15985dd5da095cac31c1ff0d6e23e","name":"cojo","url":"https:\/\/elojocojo.org\/author\/cojo\/"}]}},"_links":{"self":[{"href":"https:\/\/elojocojo.org\/wp-json\/wp\/v2\/posts\/1831","targetHints":{"allow":["GET"]}}],"collection":[{"href":"https:\/\/elojocojo.org\/wp-json\/wp\/v2\/posts"}],"about":[{"href":"https:\/\/elojocojo.org\/wp-json\/wp\/v2\/types\/post"}],"author":[{"embeddable":true,"href":"https:\/\/elojocojo.org\/wp-json\/wp\/v2\/users\/11"}],"replies":[{"embeddable":true,"href":"https:\/\/elojocojo.org\/wp-json\/wp\/v2\/comments?post=1831"}],"version-history":[{"count":3,"href":"https:\/\/elojocojo.org\/wp-json\/wp\/v2\/posts\/1831\/revisions"}],"predecessor-version":[{"id":57820,"href":"https:\/\/elojocojo.org\/wp-json\/wp\/v2\/posts\/1831\/revisions\/57820"}],"wp:featuredmedia":[{"embeddable":true,"href":"https:\/\/elojocojo.org\/wp-json\/wp\/v2\/media\/22672"}],"wp:attachment":[{"href":"https:\/\/elojocojo.org\/wp-json\/wp\/v2\/media?parent=1831"}],"wp:term":[{"taxonomy":"category","embeddable":true,"href":"https:\/\/elojocojo.org\/wp-json\/wp\/v2\/categories?post=1831"},{"taxonomy":"post_tag","embeddable":true,"href":"https:\/\/elojocojo.org\/wp-json\/wp\/v2\/tags?post=1831"}],"curies":[{"name":"wp","href":"https:\/\/api.w.org\/{rel}","templated":true}]}}