{"id":1822,"date":"2008-09-05T20:53:44","date_gmt":"2008-09-06T03:53:44","guid":{"rendered":"http:\/\/www.elojocojo.org\/blog2\/?p=1822"},"modified":"2025-09-30T19:03:31","modified_gmt":"2025-09-30T17:03:31","slug":"la-venada","status":"publish","type":"post","link":"https:\/\/elojocojo.org\/la-venada\/","title":{"rendered":"La venada"},"content":{"rendered":"\n<figure class=\"wp-block-image is-resized\"><img decoding=\"async\" width=\"239\" height=\"360\" src=\"https:\/\/www.elojocojo.org\/wp-content\/uploads\/2020\/04\/la-venada-239x360.jpg\" alt=\"La Venada\" class=\"wp-image-18075\" style=\"width:386px;height:581px\" srcset=\"https:\/\/elojocojo.org\/wp-content\/uploads\/2020\/04\/la-venada-239x360.jpg 239w, https:\/\/elojocojo.org\/wp-content\/uploads\/2020\/04\/la-venada-266x400.jpg 266w, https:\/\/elojocojo.org\/wp-content\/uploads\/2020\/04\/la-venada-333x500.jpg 333w, https:\/\/elojocojo.org\/wp-content\/uploads\/2020\/04\/la-venada.jpg 313w\" sizes=\"(max-width: 239px) 100vw, 239px\" \/><\/figure>\n\n\n<p>T\u00cdTULO. La venada<br \/>T\u00cdTULO ORIGINAL. La venada<br \/>A\u00d1O. 2007<br \/>DIRECTOR. Juan Castro Gessner<br \/>G\u00c9NERO cinematogr\u00e1fico. Ficci\u00f3n<br \/>DURACI\u00d3N. 10&#8242;<br \/>PA\u00cdS. Mexico<br \/>FORMATO ORIGINAL. 35mm<br \/>TIPO. Color<br \/>IDIOMA ORIGINAL. Espa\u00f1ol<br \/>INT\u00c9RPRETES. Felio Eliel \/ Gaston Peterson \/ Harold Torres \/ Andaluz Russel<br \/>PRODUCCI\u00d3N. Consejo Nacional para la Cultura y las Artes, Instituto Mexicano de Cinematografia. (IMCINE)<br \/>GUI\u00d3N. Juan Castro Gessner<br \/>EDICI\u00d3N \/ MONTAJE. Gregorio Huerta<br \/>DIRECCI\u00d3N DE FOTOGRAF\u00cdA. Alberto Jos\u00e9 Doctorovich<br \/>SONIDO. Ernesto Manuel Gayt\u00e1n<br \/>M\u00daSICA. Rolando Ortega \u00bb Roco\u00bb<\/p>\n<h2>SINOPSIS DE <em>LA VENADA<\/em><\/h2>\n<p data-start=\"170\" data-end=\"478\"><em data-start=\"170\" data-end=\"181\">La Venada<\/em> es un cortometraje de ficci\u00f3n que retrata la vida de un hombre que recorre las calles de la Ciudad de M\u00e9xico vendiendo enseres dom\u00e9sticos. A manera de una \u00abroad movie\u00bb urbana, la historia sigue su rutina diaria mientras empuja su carrito y sortea los peligros de la gran ciudad.<\/p>\n<p data-start=\"480\" data-end=\"837\">Todos lo conocen como \u00abLa Venada\u00bb, un personaje carism\u00e1tico que, a pesar de las dificultades, ha aprendido a moverse entre el caos urbano. Con su astucia y habilidad para negociar, logra hacer buenos tratos y sobrevivir en un entorno hostil. Sin embargo, su vida da un giro inesperado cuando su deteriorada visi\u00f3n le juega una mala pasada.<\/p>\n<p data-start=\"839\" data-end=\"1112\">Un d\u00eda, su incapacidad para ver con claridad lo lleva a una situaci\u00f3n que marcar\u00e1 su destino. En cuesti\u00f3n de minutos, todo lo que ha construido empieza a desmoronarse, y la ciudad que lo vio luchar por su supervivencia se convierte en un escenario implacable.<\/p>\n<p data-start=\"1114\" data-end=\"1479\">A trav\u00e9s de una narrativa visual impactante, <em data-start=\"1159\" data-end=\"1170\">La Venada<\/em> nos sumerge en el mundo de los comerciantes ambulantes, mostrando la fragilidad de quienes dependen de su habilidad para ganarse la vida en las calles. Con un enfoque humano y realista, el cortometraje retrata la lucha diaria por la supervivencia en una ciudad que no perdona la vulnerabilidad.<\/p>\n<p data-start=\"1481\" data-end=\"1601\"><em data-start=\"1485\" data-end=\"1599\">Un relato conmovedor sobre la resiliencia, la lucha y la dureza de la vida en las calles de la Ciudad de M\u00e9xico.<\/em><\/p>\n<h3 data-start=\"1481\" data-end=\"1601\">PALMAR\u00c9S<\/h3>\n<p>El cortometraje gan\u00f3 el premio a Mejor Edici\u00f3n en el Festival Pantalla de Cristal en M\u00e9xico.<\/p>\n<p class=\"p1\">El filme La venada particip\u00f3 en la edici\u00f3n <span class=\"s1\"><b>2008<\/b><\/span>\u00a0del <a href=\"https:\/\/elojocojo.org\/category\/festival-2008\/\"><span class=\"s1\"><b>Festival de cine el ojO cojo<\/b> <\/span><\/a>en ese sentido nos sentimos honrados de haberla exhibido.<\/p>\n<p class=\"p1\">Visita nuestro <a href=\"https:\/\/el-ojocojo.blogspot.com\/\">blog<\/a>\u00a0<\/p>","protected":false},"excerpt":{"rendered":"<p>T\u00cdTULO. La venadaT\u00cdTULO ORIGINAL. La venadaA\u00d1O. 2007DIRECTOR. Juan Castro GessnerG\u00c9NERO cinematogr\u00e1fico. Ficci\u00f3nDURACI\u00d3N. 10&#8242;PA\u00cdS. MexicoFORMATO ORIGINAL. 35mmTIPO. ColorIDIOMA ORIGINAL. Espa\u00f1olINT\u00c9RPRETES. Felio Eliel \/ Gaston Peterson \/ Harold Torres \/ Andaluz RusselPRODUCCI\u00d3N. Consejo Nacional para la Cultura y las Artes, Instituto Mexicano de Cinematografia. (IMCINE)GUI\u00d3N. Juan Castro GessnerEDICI\u00d3N \/ MONTAJE. Gregorio HuertaDIRECCI\u00d3N DE FOTOGRAF\u00cdA. Alberto Jos\u00e9 DoctorovichSONIDO. [&hellip;]<\/p>\n","protected":false},"author":3,"featured_media":18075,"comment_status":"closed","ping_status":"closed","sticky":false,"template":"","format":"standard","meta":{"_monsterinsights_skip_tracking":false,"_monsterinsights_sitenote_active":false,"_monsterinsights_sitenote_note":"","_monsterinsights_sitenote_category":0,"footnotes":""},"categories":[1460,1,30],"tags":[1923,1905,1253,1434,1779,881,2119,2391,1221,1476,1981,1982,1628,1078,1083,1503,1438,1231,25,74],"class_list":{"0":"post-1822","1":"post","2":"type-post","3":"status-publish","4":"format-standard","5":"has-post-thumbnail","7":"category-cortometraje","8":"category-festival-2008","9":"category-ficcion","10":"tag-1923","11":"tag-1905","12":"tag-ciudades-y-comunidades-sostenibles","13":"tag-conflicto","14":"tag-cultura","15":"tag-desplazados","16":"tag-espanol","17":"tag-espaol","18":"tag-estereotipos","19":"tag-exclusion","20":"tag-festival-de-cine","21":"tag-festival-el-ojo-cojo","22":"tag-ficcion","23":"tag-globalizacion","24":"tag-minorias","25":"tag-musica","26":"tag-pobreza","27":"tag-reduccion-de-las-desigualdades","28":"tag-soledad","29":"tag-solidaridad","30":"czr-hentry"},"yoast_head":"<!-- This site is optimized with the Yoast SEO plugin v27.1.1 - https:\/\/yoast.com\/product\/yoast-seo-wordpress\/ -->\n<title>La venada - el ojO cojo<\/title>\n<meta name=\"description\" content=\"Pel\u00edcula La venada exhibida en la edici\u00f3n 2008 del Festival el ojO cojo. Pa\u00eds de origen, M\u00e9xico. Dirigido por Juan Castro Gessner.\" \/>\n<meta name=\"robots\" content=\"index, follow, max-snippet:-1, max-image-preview:large, max-video-preview:-1\" \/>\n<link rel=\"canonical\" href=\"https:\/\/elojocojo.org\/la-venada\/\" \/>\n<meta property=\"og:locale\" content=\"es_ES\" \/>\n<meta property=\"og:type\" content=\"article\" \/>\n<meta property=\"og:title\" content=\"La venada - el ojO cojo\" \/>\n<meta property=\"og:description\" content=\"Pel\u00edcula La venada exhibida en la edici\u00f3n 2008 del Festival el ojO cojo. Pa\u00eds de origen, M\u00e9xico. Dirigido por Juan Castro Gessner.\" \/>\n<meta property=\"og:url\" content=\"https:\/\/elojocojo.org\/la-venada\/\" \/>\n<meta property=\"og:site_name\" content=\"el ojO cojo\" \/>\n<meta property=\"article:publisher\" content=\"https:\/\/www.facebook.com\/elojocojo\" \/>\n<meta property=\"article:published_time\" content=\"2008-09-06T03:53:44+00:00\" \/>\n<meta property=\"article:modified_time\" content=\"2025-09-30T17:03:31+00:00\" \/>\n<meta property=\"og:image\" content=\"https:\/\/elojocojo.org\/wp-content\/uploads\/2020\/04\/la-venada.jpg\" \/>\n\t<meta property=\"og:image:width\" content=\"313\" \/>\n\t<meta property=\"og:image:height\" content=\"470\" \/>\n\t<meta property=\"og:image:type\" content=\"image\/jpeg\" \/>\n<meta name=\"twitter:card\" content=\"summary_large_image\" \/>\n<meta name=\"twitter:creator\" content=\"@elojocojo\" \/>\n<meta name=\"twitter:site\" content=\"@elojocojo\" \/>\n<meta name=\"twitter:label1\" content=\"Escrito por\" \/>\n\t<meta name=\"twitter:data1\" content=\"\" \/>\n\t<meta name=\"twitter:label2\" content=\"Tiempo de lectura\" \/>\n\t<meta name=\"twitter:data2\" content=\"1 minuto\" \/>\n<script type=\"application\/ld+json\" class=\"yoast-schema-graph\">{\"@context\":\"https:\/\/schema.org\",\"@graph\":[{\"@type\":\"Article\",\"@id\":\"https:\/\/elojocojo.org\/la-venada\/#article\",\"isPartOf\":{\"@id\":\"https:\/\/elojocojo.org\/la-venada\/\"},\"author\":{\"name\":\"\",\"@id\":\"\"},\"headline\":\"La venada\",\"datePublished\":\"2008-09-06T03:53:44+00:00\",\"dateModified\":\"2025-09-30T17:03:31+00:00\",\"mainEntityOfPage\":{\"@id\":\"https:\/\/elojocojo.org\/la-venada\/\"},\"wordCount\":371,\"publisher\":{\"@id\":\"https:\/\/elojocojo.org\/#organization\"},\"image\":{\"@id\":\"https:\/\/elojocojo.org\/la-venada\/#primaryimage\"},\"thumbnailUrl\":\"https:\/\/elojocojo.org\/wp-content\/uploads\/2020\/04\/la-venada.jpg\",\"keywords\":[\"2007\",\"2008\",\"Ciudades y comunidades sostenibles\",\"conflicto\",\"cultura\",\"Desplazados\",\"espa\u00f1ol\",\"espa\u00b1ol\",\"estereotipos\",\"exclusi\u00f3n\",\"festival de cine\",\"Festival el Ojo cojo\",\"ficci\u00f3n\",\"globalizaci\u00f3n\",\"minor\u00edas\",\"m\u00fasica\",\"pobreza\",\"Reducci\u00f3n de las desigualdades\",\"soledad\",\"solidaridad\"],\"articleSection\":[\"Cortometraje\",\"Festival 2008\",\"Ficci\u00f3n\"],\"inLanguage\":\"es\"},{\"@type\":\"WebPage\",\"@id\":\"https:\/\/elojocojo.org\/la-venada\/\",\"url\":\"https:\/\/elojocojo.org\/la-venada\/\",\"name\":\"La venada - el ojO cojo\",\"isPartOf\":{\"@id\":\"https:\/\/elojocojo.org\/#website\"},\"primaryImageOfPage\":{\"@id\":\"https:\/\/elojocojo.org\/la-venada\/#primaryimage\"},\"image\":{\"@id\":\"https:\/\/elojocojo.org\/la-venada\/#primaryimage\"},\"thumbnailUrl\":\"https:\/\/elojocojo.org\/wp-content\/uploads\/2020\/04\/la-venada.jpg\",\"datePublished\":\"2008-09-06T03:53:44+00:00\",\"dateModified\":\"2025-09-30T17:03:31+00:00\",\"description\":\"Pel\u00edcula La venada exhibida en la edici\u00f3n 2008 del Festival el ojO cojo. Pa\u00eds de origen, M\u00e9xico. Dirigido por Juan Castro Gessner.\",\"breadcrumb\":{\"@id\":\"https:\/\/elojocojo.org\/la-venada\/#breadcrumb\"},\"inLanguage\":\"es\",\"potentialAction\":[{\"@type\":\"ReadAction\",\"target\":[\"https:\/\/elojocojo.org\/la-venada\/\"]}]},{\"@type\":\"ImageObject\",\"inLanguage\":\"es\",\"@id\":\"https:\/\/elojocojo.org\/la-venada\/#primaryimage\",\"url\":\"https:\/\/elojocojo.org\/wp-content\/uploads\/2020\/04\/la-venada.jpg\",\"contentUrl\":\"https:\/\/elojocojo.org\/wp-content\/uploads\/2020\/04\/la-venada.jpg\",\"width\":313,\"height\":470,\"caption\":\"Imagen de La Venada\"},{\"@type\":\"BreadcrumbList\",\"@id\":\"https:\/\/elojocojo.org\/la-venada\/#breadcrumb\",\"itemListElement\":[{\"@type\":\"ListItem\",\"position\":1,\"name\":\"Portada\",\"item\":\"https:\/\/elojocojo.org\/\"},{\"@type\":\"ListItem\",\"position\":2,\"name\":\"2007\",\"item\":\"https:\/\/elojocojo.org\/tag\/2007\/\"},{\"@type\":\"ListItem\",\"position\":3,\"name\":\"La venada\"}]},{\"@type\":\"WebSite\",\"@id\":\"https:\/\/elojocojo.org\/#website\",\"url\":\"https:\/\/elojocojo.org\/\",\"name\":\"el ojO cojo\",\"description\":\"Todos estamos hechos de la misma esencia\",\"publisher\":{\"@id\":\"https:\/\/elojocojo.org\/#organization\"},\"potentialAction\":[{\"@type\":\"SearchAction\",\"target\":{\"@type\":\"EntryPoint\",\"urlTemplate\":\"https:\/\/elojocojo.org\/?s={search_term_string}\"},\"query-input\":{\"@type\":\"PropertyValueSpecification\",\"valueRequired\":true,\"valueName\":\"search_term_string\"}}],\"inLanguage\":\"es\"},{\"@type\":\"Organization\",\"@id\":\"https:\/\/elojocojo.org\/#organization\",\"name\":\"Meigas da r\u00faa\",\"url\":\"https:\/\/elojocojo.org\/\",\"logo\":{\"@type\":\"ImageObject\",\"inLanguage\":\"es\",\"@id\":\"https:\/\/elojocojo.org\/#\/schema\/logo\/image\/\",\"url\":\"https:\/\/meigasdarua.org\/wp-content\/uploads\/2020\/09\/cropped-logo-meigas-5.png\",\"contentUrl\":\"https:\/\/meigasdarua.org\/wp-content\/uploads\/2020\/09\/cropped-logo-meigas-5.png\",\"width\":109,\"height\":200,\"caption\":\"Meigas da r\u00faa\"},\"image\":{\"@id\":\"https:\/\/elojocojo.org\/#\/schema\/logo\/image\/\"},\"sameAs\":[\"https:\/\/www.facebook.com\/elojocojo\",\"https:\/\/x.com\/elojocojo\",\"https:\/\/www.instagram.com\/elojocojo\/?hl=es\",\"https:\/\/www.linkedin.com\/in\/el-ojo-cojo-b52b7769\/\",\"https:\/\/www.pinterest.es\/elojocojo\/_saved\/\",\"https:\/\/www.youtube.com\/channel\/UCkFtFTV0Bms7zH7vq8FZxZg\"]},{\"@type\":\"Person\",\"@id\":\"\",\"url\":\"https:\/\/elojocojo.org\/author\/\"}]}<\/script>\n<!-- \/ Yoast SEO plugin. -->","yoast_head_json":{"title":"La venada - el ojO cojo","description":"Pel\u00edcula La venada exhibida en la edici\u00f3n 2008 del Festival el ojO cojo. Pa\u00eds de origen, M\u00e9xico. Dirigido por Juan Castro Gessner.","robots":{"index":"index","follow":"follow","max-snippet":"max-snippet:-1","max-image-preview":"max-image-preview:large","max-video-preview":"max-video-preview:-1"},"canonical":"https:\/\/elojocojo.org\/la-venada\/","og_locale":"es_ES","og_type":"article","og_title":"La venada - el ojO cojo","og_description":"Pel\u00edcula La venada exhibida en la edici\u00f3n 2008 del Festival el ojO cojo. Pa\u00eds de origen, M\u00e9xico. Dirigido por Juan Castro Gessner.","og_url":"https:\/\/elojocojo.org\/la-venada\/","og_site_name":"el ojO cojo","article_publisher":"https:\/\/www.facebook.com\/elojocojo","article_published_time":"2008-09-06T03:53:44+00:00","article_modified_time":"2025-09-30T17:03:31+00:00","og_image":[{"width":313,"height":470,"url":"https:\/\/elojocojo.org\/wp-content\/uploads\/2020\/04\/la-venada.jpg","type":"image\/jpeg"}],"twitter_card":"summary_large_image","twitter_creator":"@elojocojo","twitter_site":"@elojocojo","twitter_misc":{"Escrito por":"","Tiempo de lectura":"1 minuto"},"schema":{"@context":"https:\/\/schema.org","@graph":[{"@type":"Article","@id":"https:\/\/elojocojo.org\/la-venada\/#article","isPartOf":{"@id":"https:\/\/elojocojo.org\/la-venada\/"},"author":{"name":"","@id":""},"headline":"La venada","datePublished":"2008-09-06T03:53:44+00:00","dateModified":"2025-09-30T17:03:31+00:00","mainEntityOfPage":{"@id":"https:\/\/elojocojo.org\/la-venada\/"},"wordCount":371,"publisher":{"@id":"https:\/\/elojocojo.org\/#organization"},"image":{"@id":"https:\/\/elojocojo.org\/la-venada\/#primaryimage"},"thumbnailUrl":"https:\/\/elojocojo.org\/wp-content\/uploads\/2020\/04\/la-venada.jpg","keywords":["2007","2008","Ciudades y comunidades sostenibles","conflicto","cultura","Desplazados","espa\u00f1ol","espa\u00b1ol","estereotipos","exclusi\u00f3n","festival de cine","Festival el Ojo cojo","ficci\u00f3n","globalizaci\u00f3n","minor\u00edas","m\u00fasica","pobreza","Reducci\u00f3n de las desigualdades","soledad","solidaridad"],"articleSection":["Cortometraje","Festival 2008","Ficci\u00f3n"],"inLanguage":"es"},{"@type":"WebPage","@id":"https:\/\/elojocojo.org\/la-venada\/","url":"https:\/\/elojocojo.org\/la-venada\/","name":"La venada - el ojO cojo","isPartOf":{"@id":"https:\/\/elojocojo.org\/#website"},"primaryImageOfPage":{"@id":"https:\/\/elojocojo.org\/la-venada\/#primaryimage"},"image":{"@id":"https:\/\/elojocojo.org\/la-venada\/#primaryimage"},"thumbnailUrl":"https:\/\/elojocojo.org\/wp-content\/uploads\/2020\/04\/la-venada.jpg","datePublished":"2008-09-06T03:53:44+00:00","dateModified":"2025-09-30T17:03:31+00:00","description":"Pel\u00edcula La venada exhibida en la edici\u00f3n 2008 del Festival el ojO cojo. Pa\u00eds de origen, M\u00e9xico. Dirigido por Juan Castro Gessner.","breadcrumb":{"@id":"https:\/\/elojocojo.org\/la-venada\/#breadcrumb"},"inLanguage":"es","potentialAction":[{"@type":"ReadAction","target":["https:\/\/elojocojo.org\/la-venada\/"]}]},{"@type":"ImageObject","inLanguage":"es","@id":"https:\/\/elojocojo.org\/la-venada\/#primaryimage","url":"https:\/\/elojocojo.org\/wp-content\/uploads\/2020\/04\/la-venada.jpg","contentUrl":"https:\/\/elojocojo.org\/wp-content\/uploads\/2020\/04\/la-venada.jpg","width":313,"height":470,"caption":"Imagen de La Venada"},{"@type":"BreadcrumbList","@id":"https:\/\/elojocojo.org\/la-venada\/#breadcrumb","itemListElement":[{"@type":"ListItem","position":1,"name":"Portada","item":"https:\/\/elojocojo.org\/"},{"@type":"ListItem","position":2,"name":"2007","item":"https:\/\/elojocojo.org\/tag\/2007\/"},{"@type":"ListItem","position":3,"name":"La venada"}]},{"@type":"WebSite","@id":"https:\/\/elojocojo.org\/#website","url":"https:\/\/elojocojo.org\/","name":"el ojO cojo","description":"Todos estamos hechos de la misma esencia","publisher":{"@id":"https:\/\/elojocojo.org\/#organization"},"potentialAction":[{"@type":"SearchAction","target":{"@type":"EntryPoint","urlTemplate":"https:\/\/elojocojo.org\/?s={search_term_string}"},"query-input":{"@type":"PropertyValueSpecification","valueRequired":true,"valueName":"search_term_string"}}],"inLanguage":"es"},{"@type":"Organization","@id":"https:\/\/elojocojo.org\/#organization","name":"Meigas da r\u00faa","url":"https:\/\/elojocojo.org\/","logo":{"@type":"ImageObject","inLanguage":"es","@id":"https:\/\/elojocojo.org\/#\/schema\/logo\/image\/","url":"https:\/\/meigasdarua.org\/wp-content\/uploads\/2020\/09\/cropped-logo-meigas-5.png","contentUrl":"https:\/\/meigasdarua.org\/wp-content\/uploads\/2020\/09\/cropped-logo-meigas-5.png","width":109,"height":200,"caption":"Meigas da r\u00faa"},"image":{"@id":"https:\/\/elojocojo.org\/#\/schema\/logo\/image\/"},"sameAs":["https:\/\/www.facebook.com\/elojocojo","https:\/\/x.com\/elojocojo","https:\/\/www.instagram.com\/elojocojo\/?hl=es","https:\/\/www.linkedin.com\/in\/el-ojo-cojo-b52b7769\/","https:\/\/www.pinterest.es\/elojocojo\/_saved\/","https:\/\/www.youtube.com\/channel\/UCkFtFTV0Bms7zH7vq8FZxZg"]},{"@type":"Person","@id":"","url":"https:\/\/elojocojo.org\/author\/"}]}},"_links":{"self":[{"href":"https:\/\/elojocojo.org\/wp-json\/wp\/v2\/posts\/1822","targetHints":{"allow":["GET"]}}],"collection":[{"href":"https:\/\/elojocojo.org\/wp-json\/wp\/v2\/posts"}],"about":[{"href":"https:\/\/elojocojo.org\/wp-json\/wp\/v2\/types\/post"}],"author":[{"embeddable":true,"href":"https:\/\/elojocojo.org\/wp-json\/wp\/v2\/users\/3"}],"replies":[{"embeddable":true,"href":"https:\/\/elojocojo.org\/wp-json\/wp\/v2\/comments?post=1822"}],"version-history":[{"count":5,"href":"https:\/\/elojocojo.org\/wp-json\/wp\/v2\/posts\/1822\/revisions"}],"predecessor-version":[{"id":58325,"href":"https:\/\/elojocojo.org\/wp-json\/wp\/v2\/posts\/1822\/revisions\/58325"}],"wp:featuredmedia":[{"embeddable":true,"href":"https:\/\/elojocojo.org\/wp-json\/wp\/v2\/media\/18075"}],"wp:attachment":[{"href":"https:\/\/elojocojo.org\/wp-json\/wp\/v2\/media?parent=1822"}],"wp:term":[{"taxonomy":"category","embeddable":true,"href":"https:\/\/elojocojo.org\/wp-json\/wp\/v2\/categories?post=1822"},{"taxonomy":"post_tag","embeddable":true,"href":"https:\/\/elojocojo.org\/wp-json\/wp\/v2\/tags?post=1822"}],"curies":[{"name":"wp","href":"https:\/\/api.w.org\/{rel}","templated":true}]}}