{"id":1716,"date":"2008-09-05T18:41:36","date_gmt":"2008-09-06T01:41:36","guid":{"rendered":"http:\/\/www.elojocojo.org\/blog2\/?p=1716"},"modified":"2025-09-30T19:05:52","modified_gmt":"2025-09-30T17:05:52","slug":"ver-llover","status":"publish","type":"post","link":"https:\/\/elojocojo.org\/ver-llover\/","title":{"rendered":"Ver llover"},"content":{"rendered":"\n<p>&nbsp;<object width=\"425\" height=\"344\" classid=\"clsid:d27cdb6e-ae6d-11cf-96b8-444553540000\" codebase=\"http:\/\/download.macromedia.com\/pub\/shockwave\/cabs\/flash\/swflash.cab#version=6,0,40,0\"><param name=\"allowFullScreen\" value=\"true\"\/><param name=\"src\" value=\"http:\/\/www.youtube.com\/v\/PhVnmEmuWh8&amp;hl=en&amp;fs=1\"\/><embed type=\"application\/x-shockwave-flash\" src=\"http:\/\/www.youtube.com\/v\/PhVnmEmuWh8&amp;hl=en&amp;fs=1\" allowfullscreen=\"allowfullscreen\" width=\"425\" height=\"344\"\/><\/object><\/p>\n\n\n\n<p style=\"font-size:16px\"><strong>T\u00cdTULO ORIGINAL: <\/strong>Ver llover<br \/><strong>A\u00d1O:<\/strong> 2007<br \/><strong>DIRECTOR:<\/strong> Elisa Miller<br \/><strong>G\u00c9NERO:<\/strong> Ficci\u00f3n<br \/><strong>DURACI\u00d3N:<\/strong> 14&#8242;<br \/><strong>PA\u00cdS<\/strong>: Mexico<br \/><strong>FORMATO ORIGINAL: <\/strong>16mm<br \/><strong>IDIOMA ORIGINAL<\/strong>: Espa\u00f1ol<br \/><strong>INT\u00c9RPRETES:<\/strong> Diego Cata\u00f1o, Sof\u00eda Espinosa, Claudia R\u00edos<br \/><strong>PRODUCCI\u00d3N<\/strong>: Centro de Capacitaci\u00f3n Cinematogr\u00e1fica<br \/><strong>GUI\u00d3N:<\/strong> Elisa Miller<br \/><strong>EDICI\u00d3N\/MONTAJE:<\/strong> Ares Botanch<br \/><strong>DIRECCI\u00d3N DE FOTOGRAF\u00cdA:<\/strong> Jimena Montemayor<br \/><strong>SONIDO: <\/strong>Pablo Tamez<\/p>\n\n\n\n<h2 class=\"wp-block-heading\">SINOPSIS:<\/h2>\n\n\n\n<div class=\"wp-block-group\"><div class=\"wp-block-group__inner-container is-layout-constrained wp-block-group-is-layout-constrained\">\n<div class=\"wp-block-group\" style=\"font-size:16px\"><div class=\"wp-block-group__inner-container is-layout-constrained wp-block-group-is-layout-constrained\">\n<div class=\"wp-block-group is-vertical is-layout-flex wp-container-core-group-is-layout-8cf370e7 wp-block-group-is-layout-flex\">\n<h3 class=\"wp-block-heading\"><strong>Una atm\u00f3sfera de contemplaci\u00f3n<\/strong><\/h3>\n\n\n\n<p><em>Ver llover<\/em> es un cortometraje mexicano que, desde el primer momento, envuelve al espectador en una atm\u00f3sfera sobria y contemplativa. Con una narrativa sutil, mientras la obra avanza retrata el mundo emocional de dos adolescentes. Por un lado, est\u00e1 Sof\u00eda; por otro, su amigo cercano, ambos viven en un peque\u00f1o pueblo, aparentemente tranquilo. Sin embargo, bajo la superficie, crecen las emociones, las dudas y las tensiones propias de la adolescencia.<\/p>\n\n\n\n<h3 class=\"wp-block-heading\"><strong>El tiempo suspendido y la espera<\/strong><\/h3>\n\n\n\n<p>En primer lugar, la historia sugiere una sensaci\u00f3n de espera. Seguidamente, muestra el v\u00ednculo entre los personajes. Aunque al principio todo parece estable, pronto surgen los primeros indicios de cambio, el paso del tiempo se vuelve clave en la narrativa, marcando un ritmo interno que acompa\u00f1a las transformaciones sutiles.<\/p>\n\n\n\n<h3 class=\"wp-block-heading\"><strong>El despertar de los afectos<\/strong><\/h3>\n\n\n\n<p>As\u00ed, los protagonistas enfrentan el despertar de los afectos, tambi\u00e9n, la necesidad de tomar decisiones. Adem\u00e1s, comienzan a preguntarse por su lugar en el mundo, a trav\u00e9s de gestos m\u00ednimos y miradas, el cortometraje logra capturar la complejidad emocional de ese tr\u00e1nsito silencioso hacia la madurez.<\/p>\n\n\n\n<h3 class=\"wp-block-heading\"><strong>Un paisaje como espejo del alma<\/strong><\/h3>\n\n\n\n<p>Mientras tanto, el entorno rural act\u00faa como un reflejo de su mundo interior, la lluvia, siempre presente, acompa\u00f1a el ritmo pausado de la narraci\u00f3n. Por momentos, la calma se vuelve inquietud. Por otros, el silencio dice m\u00e1s que las palabras, el clima, la luz y los sonidos naturales refuerzan la intimidad de la historia.<\/p>\n\n\n\n<h3 class=\"wp-block-heading\"><strong>Un instante que lo cambia todo<\/strong><\/h3>\n\n\n\n<p> No solo habla de crecer, sino tambi\u00e9n de soltar. Adem\u00e1s, pone en escena el deseo de partir, de buscar algo distinto. En definitiva, esta breve pero intensa historia capta un instante vital: ese momento fr\u00e1gil en que todo puede cambiar.<\/p>\n<\/div>\n<\/div><\/div>\n<\/div><\/div>\n\n\n\n<p style=\"font-size:16px\"> <a href=\"https:\/\/www.filmaffinity.com\/bo\/film527656.html\">FILMAFFINITY<\/a>: 5.6\/10<\/p>\n\n\n\n<h2 class=\"wp-block-heading\">PALMARES:<\/h2>\n\n\n\n<div class=\"wp-block-group\" style=\"font-size:16px\"><div class=\"wp-block-group__inner-container is-layout-constrained wp-block-group-is-layout-constrained\">\n<div class=\"wp-block-group is-vertical is-layout-flex wp-container-core-group-is-layout-8cf370e7 wp-block-group-is-layout-flex\">\n<p><strong>2007<br \/><\/strong> Festival Internacional de Cine de Guadalajara- Premio de la Academia Jalisciense de Cinematograf\u00eda<br \/>&nbsp;<\/p>\n\n\n\n<p>Festival de cortometrajes de M\u00e9xico- Premio a la Mejor Actriz<\/p>\n\n\n\n<p><br \/>Festival Internacional de Cine Expresi\u00f3n en Corto- Premio a la Mejor Actriz<br \/><\/p>\n\n\n\n<p>&nbsp;Festival de Cine Franco Mexicano- Premio Palmita EFM al Mejor Cortometraje<\/p>\n<\/div>\n\n\n<div class=\"wp-block-image\">\n<figure class=\"aligncenter size-full\"><img decoding=\"async\" width=\"250\" height=\"355\" src=\"https:\/\/elojocojo.org\/wp-content\/uploads\/2020\/05\/Ver_llover_C-650802205-mmed.jpg\" alt=\"Cartel del cortometraje Ver llover\" class=\"wp-image-22172\"\/><\/figure>\n<\/div><\/div><\/div>\n\n\n\n<p style=\"font-size:16px\">El filme Ver llover particip\u00f3 en la edici\u00f3n <strong>2008<\/strong>&nbsp;del <a href=\"https:\/\/elojocojo.org\/category\/festival-2008\/\"><strong>Festival de cine el ojO cojo<\/strong> <\/a>en ese sentido nos sentimos honrados de haberla exhibido.<\/p>\n\n\n\n<p style=\"font-size:16px\">Visita nuestro<a href=\"https:\/\/el-ojocojo.blogspot.com\/\"> blog<\/a>. <\/p>\n\n\n\n<p><\/p>\n","protected":false},"excerpt":{"rendered":"<p>Ver llover es un cortometraje mexicano que, con una atm\u00f3sfera contemplativa y un ritmo pausado, acompa\u00f1a a dos adolescentes en un peque\u00f1o pueblo rural. A trav\u00e9s de silencios, miradas y paisajes lluviosos, la historia explora el despertar emocional, el deseo de partir y la incertidumbre del crecimiento. Con sensibilidad y belleza, la pel\u00edcula captura un momento suspendido en el tiempo: ese instante en que la infancia queda atr\u00e1s y la vida comienza a tomar otro rumbo.<\/p>\n","protected":false},"author":3,"featured_media":70102,"comment_status":"closed","ping_status":"closed","sticky":false,"template":"","format":"standard","meta":{"_monsterinsights_skip_tracking":false,"_monsterinsights_sitenote_active":false,"_monsterinsights_sitenote_note":"","_monsterinsights_sitenote_category":0,"footnotes":""},"categories":[1460,1,30],"tags":[1923,1905,88,169,112,1253,1258,2119,2391,15,1981,1982,1628,1078,998,288,423,1083,91,74,1013],"class_list":{"0":"post-1716","1":"post","2":"type-post","3":"status-publish","4":"format-standard","5":"has-post-thumbnail","7":"category-cortometraje","8":"category-festival-2008","9":"category-ficcion","10":"tag-1923","11":"tag-1905","12":"tag-america-latina","13":"tag-amistad","14":"tag-amor","15":"tag-ciudades-y-comunidades-sostenibles","16":"tag-empoderamiento","17":"tag-espanol","18":"tag-espaol","19":"tag-familia","20":"tag-festival-de-cine","21":"tag-festival-el-ojo-cojo","22":"tag-ficcion","23":"tag-globalizacion","24":"tag-interculturalidad","25":"tag-jovenes","26":"tag-mexico","27":"tag-minorias","28":"tag-mujer","29":"tag-solidaridad","30":"tag-vida-cotidiana","31":"czr-hentry"},"yoast_head":"<!-- This site is optimized with the Yoast SEO plugin v27.1.1 - https:\/\/yoast.com\/product\/yoast-seo-wordpress\/ -->\n<title>Ver llover - el ojO cojo<\/title>\n<meta name=\"description\" content=\"Ver llover es un cortometraje que retrata el v\u00ednculo entre dos adolescentes en un pueblo rural, marcados por la espera, el deseo y el cambio.\" \/>\n<meta name=\"robots\" content=\"index, follow, max-snippet:-1, max-image-preview:large, max-video-preview:-1\" \/>\n<link rel=\"canonical\" href=\"https:\/\/elojocojo.org\/ver-llover\/\" \/>\n<meta property=\"og:locale\" content=\"es_ES\" \/>\n<meta property=\"og:type\" content=\"article\" \/>\n<meta property=\"og:title\" content=\"Ver llover - el ojO cojo\" \/>\n<meta property=\"og:description\" content=\"Ver llover es un cortometraje que retrata el v\u00ednculo entre dos adolescentes en un pueblo rural, marcados por la espera, el deseo y el cambio.\" \/>\n<meta property=\"og:url\" content=\"https:\/\/elojocojo.org\/ver-llover\/\" \/>\n<meta property=\"og:site_name\" content=\"el ojO cojo\" \/>\n<meta property=\"article:publisher\" content=\"https:\/\/www.facebook.com\/elojocojo\" \/>\n<meta property=\"article:published_time\" content=\"2008-09-06T01:41:36+00:00\" \/>\n<meta property=\"article:modified_time\" content=\"2025-09-30T17:05:52+00:00\" \/>\n<meta property=\"og:image\" content=\"https:\/\/elojocojo.org\/wp-content\/uploads\/2008\/09\/9172ca8a1f98fe301d1bf9139bb07c9d50_675_489.jpg\" \/>\n\t<meta property=\"og:image:width\" content=\"675\" \/>\n\t<meta property=\"og:image:height\" content=\"489\" \/>\n\t<meta property=\"og:image:type\" content=\"image\/jpeg\" \/>\n<meta name=\"twitter:card\" content=\"summary_large_image\" \/>\n<meta name=\"twitter:creator\" content=\"@elojocojo\" \/>\n<meta name=\"twitter:site\" content=\"@elojocojo\" \/>\n<meta name=\"twitter:label1\" content=\"Escrito por\" \/>\n\t<meta name=\"twitter:data1\" content=\"\" \/>\n\t<meta name=\"twitter:label2\" content=\"Tiempo de lectura\" \/>\n\t<meta name=\"twitter:data2\" content=\"1 minuto\" \/>\n<script type=\"application\/ld+json\" class=\"yoast-schema-graph\">{\"@context\":\"https:\/\/schema.org\",\"@graph\":[{\"@type\":\"Article\",\"@id\":\"https:\/\/elojocojo.org\/ver-llover\/#article\",\"isPartOf\":{\"@id\":\"https:\/\/elojocojo.org\/ver-llover\/\"},\"author\":{\"name\":\"\",\"@id\":\"\"},\"headline\":\"Ver llover\",\"datePublished\":\"2008-09-06T01:41:36+00:00\",\"dateModified\":\"2025-09-30T17:05:52+00:00\",\"mainEntityOfPage\":{\"@id\":\"https:\/\/elojocojo.org\/ver-llover\/\"},\"wordCount\":456,\"publisher\":{\"@id\":\"https:\/\/elojocojo.org\/#organization\"},\"image\":{\"@id\":\"https:\/\/elojocojo.org\/ver-llover\/#primaryimage\"},\"thumbnailUrl\":\"https:\/\/elojocojo.org\/wp-content\/uploads\/2008\/09\/9172ca8a1f98fe301d1bf9139bb07c9d50_675_489.jpg\",\"keywords\":[\"2007\",\"2008\",\"Am\u00e9rica Latina\",\"amistad\",\"amor\",\"Ciudades y comunidades sostenibles\",\"empoderamiento\",\"espa\u00f1ol\",\"espa\u00b1ol\",\"familia\",\"festival de cine\",\"Festival el Ojo cojo\",\"ficci\u00f3n\",\"globalizaci\u00f3n\",\"interculturalidad\",\"j\u00f3venes\",\"M\u00e9xico\",\"minor\u00edas\",\"mujer\",\"solidaridad\",\"vida cotidiana\"],\"articleSection\":[\"Cortometraje\",\"Festival 2008\",\"Ficci\u00f3n\"],\"inLanguage\":\"es\"},{\"@type\":\"WebPage\",\"@id\":\"https:\/\/elojocojo.org\/ver-llover\/\",\"url\":\"https:\/\/elojocojo.org\/ver-llover\/\",\"name\":\"Ver llover - el ojO cojo\",\"isPartOf\":{\"@id\":\"https:\/\/elojocojo.org\/#website\"},\"primaryImageOfPage\":{\"@id\":\"https:\/\/elojocojo.org\/ver-llover\/#primaryimage\"},\"image\":{\"@id\":\"https:\/\/elojocojo.org\/ver-llover\/#primaryimage\"},\"thumbnailUrl\":\"https:\/\/elojocojo.org\/wp-content\/uploads\/2008\/09\/9172ca8a1f98fe301d1bf9139bb07c9d50_675_489.jpg\",\"datePublished\":\"2008-09-06T01:41:36+00:00\",\"dateModified\":\"2025-09-30T17:05:52+00:00\",\"description\":\"Ver llover es un cortometraje que retrata el v\u00ednculo entre dos adolescentes en un pueblo rural, marcados por la espera, el deseo y el cambio.\",\"breadcrumb\":{\"@id\":\"https:\/\/elojocojo.org\/ver-llover\/#breadcrumb\"},\"inLanguage\":\"es\",\"potentialAction\":[{\"@type\":\"ReadAction\",\"target\":[\"https:\/\/elojocojo.org\/ver-llover\/\"]}]},{\"@type\":\"ImageObject\",\"inLanguage\":\"es\",\"@id\":\"https:\/\/elojocojo.org\/ver-llover\/#primaryimage\",\"url\":\"https:\/\/elojocojo.org\/wp-content\/uploads\/2008\/09\/9172ca8a1f98fe301d1bf9139bb07c9d50_675_489.jpg\",\"contentUrl\":\"https:\/\/elojocojo.org\/wp-content\/uploads\/2008\/09\/9172ca8a1f98fe301d1bf9139bb07c9d50_675_489.jpg\",\"width\":675,\"height\":489,\"caption\":\"fotograma del cortometraje ver llover\"},{\"@type\":\"BreadcrumbList\",\"@id\":\"https:\/\/elojocojo.org\/ver-llover\/#breadcrumb\",\"itemListElement\":[{\"@type\":\"ListItem\",\"position\":1,\"name\":\"Portada\",\"item\":\"https:\/\/elojocojo.org\/\"},{\"@type\":\"ListItem\",\"position\":2,\"name\":\"2007\",\"item\":\"https:\/\/elojocojo.org\/tag\/2007\/\"},{\"@type\":\"ListItem\",\"position\":3,\"name\":\"Ver llover\"}]},{\"@type\":\"WebSite\",\"@id\":\"https:\/\/elojocojo.org\/#website\",\"url\":\"https:\/\/elojocojo.org\/\",\"name\":\"el ojO cojo\",\"description\":\"Todos estamos hechos de la misma esencia\",\"publisher\":{\"@id\":\"https:\/\/elojocojo.org\/#organization\"},\"potentialAction\":[{\"@type\":\"SearchAction\",\"target\":{\"@type\":\"EntryPoint\",\"urlTemplate\":\"https:\/\/elojocojo.org\/?s={search_term_string}\"},\"query-input\":{\"@type\":\"PropertyValueSpecification\",\"valueRequired\":true,\"valueName\":\"search_term_string\"}}],\"inLanguage\":\"es\"},{\"@type\":\"Organization\",\"@id\":\"https:\/\/elojocojo.org\/#organization\",\"name\":\"Meigas da r\u00faa\",\"url\":\"https:\/\/elojocojo.org\/\",\"logo\":{\"@type\":\"ImageObject\",\"inLanguage\":\"es\",\"@id\":\"https:\/\/elojocojo.org\/#\/schema\/logo\/image\/\",\"url\":\"https:\/\/meigasdarua.org\/wp-content\/uploads\/2020\/09\/cropped-logo-meigas-5.png\",\"contentUrl\":\"https:\/\/meigasdarua.org\/wp-content\/uploads\/2020\/09\/cropped-logo-meigas-5.png\",\"width\":109,\"height\":200,\"caption\":\"Meigas da r\u00faa\"},\"image\":{\"@id\":\"https:\/\/elojocojo.org\/#\/schema\/logo\/image\/\"},\"sameAs\":[\"https:\/\/www.facebook.com\/elojocojo\",\"https:\/\/x.com\/elojocojo\",\"https:\/\/www.instagram.com\/elojocojo\/?hl=es\",\"https:\/\/www.linkedin.com\/in\/el-ojo-cojo-b52b7769\/\",\"https:\/\/www.pinterest.es\/elojocojo\/_saved\/\",\"https:\/\/www.youtube.com\/channel\/UCkFtFTV0Bms7zH7vq8FZxZg\"]},{\"@type\":\"Person\",\"@id\":\"\",\"url\":\"https:\/\/elojocojo.org\/author\/\"}]}<\/script>\n<!-- \/ Yoast SEO plugin. -->","yoast_head_json":{"title":"Ver llover - el ojO cojo","description":"Ver llover es un cortometraje que retrata el v\u00ednculo entre dos adolescentes en un pueblo rural, marcados por la espera, el deseo y el cambio.","robots":{"index":"index","follow":"follow","max-snippet":"max-snippet:-1","max-image-preview":"max-image-preview:large","max-video-preview":"max-video-preview:-1"},"canonical":"https:\/\/elojocojo.org\/ver-llover\/","og_locale":"es_ES","og_type":"article","og_title":"Ver llover - el ojO cojo","og_description":"Ver llover es un cortometraje que retrata el v\u00ednculo entre dos adolescentes en un pueblo rural, marcados por la espera, el deseo y el cambio.","og_url":"https:\/\/elojocojo.org\/ver-llover\/","og_site_name":"el ojO cojo","article_publisher":"https:\/\/www.facebook.com\/elojocojo","article_published_time":"2008-09-06T01:41:36+00:00","article_modified_time":"2025-09-30T17:05:52+00:00","og_image":[{"width":675,"height":489,"url":"https:\/\/elojocojo.org\/wp-content\/uploads\/2008\/09\/9172ca8a1f98fe301d1bf9139bb07c9d50_675_489.jpg","type":"image\/jpeg"}],"twitter_card":"summary_large_image","twitter_creator":"@elojocojo","twitter_site":"@elojocojo","twitter_misc":{"Escrito por":"","Tiempo de lectura":"1 minuto"},"schema":{"@context":"https:\/\/schema.org","@graph":[{"@type":"Article","@id":"https:\/\/elojocojo.org\/ver-llover\/#article","isPartOf":{"@id":"https:\/\/elojocojo.org\/ver-llover\/"},"author":{"name":"","@id":""},"headline":"Ver llover","datePublished":"2008-09-06T01:41:36+00:00","dateModified":"2025-09-30T17:05:52+00:00","mainEntityOfPage":{"@id":"https:\/\/elojocojo.org\/ver-llover\/"},"wordCount":456,"publisher":{"@id":"https:\/\/elojocojo.org\/#organization"},"image":{"@id":"https:\/\/elojocojo.org\/ver-llover\/#primaryimage"},"thumbnailUrl":"https:\/\/elojocojo.org\/wp-content\/uploads\/2008\/09\/9172ca8a1f98fe301d1bf9139bb07c9d50_675_489.jpg","keywords":["2007","2008","Am\u00e9rica Latina","amistad","amor","Ciudades y comunidades sostenibles","empoderamiento","espa\u00f1ol","espa\u00b1ol","familia","festival de cine","Festival el Ojo cojo","ficci\u00f3n","globalizaci\u00f3n","interculturalidad","j\u00f3venes","M\u00e9xico","minor\u00edas","mujer","solidaridad","vida cotidiana"],"articleSection":["Cortometraje","Festival 2008","Ficci\u00f3n"],"inLanguage":"es"},{"@type":"WebPage","@id":"https:\/\/elojocojo.org\/ver-llover\/","url":"https:\/\/elojocojo.org\/ver-llover\/","name":"Ver llover - el ojO cojo","isPartOf":{"@id":"https:\/\/elojocojo.org\/#website"},"primaryImageOfPage":{"@id":"https:\/\/elojocojo.org\/ver-llover\/#primaryimage"},"image":{"@id":"https:\/\/elojocojo.org\/ver-llover\/#primaryimage"},"thumbnailUrl":"https:\/\/elojocojo.org\/wp-content\/uploads\/2008\/09\/9172ca8a1f98fe301d1bf9139bb07c9d50_675_489.jpg","datePublished":"2008-09-06T01:41:36+00:00","dateModified":"2025-09-30T17:05:52+00:00","description":"Ver llover es un cortometraje que retrata el v\u00ednculo entre dos adolescentes en un pueblo rural, marcados por la espera, el deseo y el cambio.","breadcrumb":{"@id":"https:\/\/elojocojo.org\/ver-llover\/#breadcrumb"},"inLanguage":"es","potentialAction":[{"@type":"ReadAction","target":["https:\/\/elojocojo.org\/ver-llover\/"]}]},{"@type":"ImageObject","inLanguage":"es","@id":"https:\/\/elojocojo.org\/ver-llover\/#primaryimage","url":"https:\/\/elojocojo.org\/wp-content\/uploads\/2008\/09\/9172ca8a1f98fe301d1bf9139bb07c9d50_675_489.jpg","contentUrl":"https:\/\/elojocojo.org\/wp-content\/uploads\/2008\/09\/9172ca8a1f98fe301d1bf9139bb07c9d50_675_489.jpg","width":675,"height":489,"caption":"fotograma del cortometraje ver llover"},{"@type":"BreadcrumbList","@id":"https:\/\/elojocojo.org\/ver-llover\/#breadcrumb","itemListElement":[{"@type":"ListItem","position":1,"name":"Portada","item":"https:\/\/elojocojo.org\/"},{"@type":"ListItem","position":2,"name":"2007","item":"https:\/\/elojocojo.org\/tag\/2007\/"},{"@type":"ListItem","position":3,"name":"Ver llover"}]},{"@type":"WebSite","@id":"https:\/\/elojocojo.org\/#website","url":"https:\/\/elojocojo.org\/","name":"el ojO cojo","description":"Todos estamos hechos de la misma esencia","publisher":{"@id":"https:\/\/elojocojo.org\/#organization"},"potentialAction":[{"@type":"SearchAction","target":{"@type":"EntryPoint","urlTemplate":"https:\/\/elojocojo.org\/?s={search_term_string}"},"query-input":{"@type":"PropertyValueSpecification","valueRequired":true,"valueName":"search_term_string"}}],"inLanguage":"es"},{"@type":"Organization","@id":"https:\/\/elojocojo.org\/#organization","name":"Meigas da r\u00faa","url":"https:\/\/elojocojo.org\/","logo":{"@type":"ImageObject","inLanguage":"es","@id":"https:\/\/elojocojo.org\/#\/schema\/logo\/image\/","url":"https:\/\/meigasdarua.org\/wp-content\/uploads\/2020\/09\/cropped-logo-meigas-5.png","contentUrl":"https:\/\/meigasdarua.org\/wp-content\/uploads\/2020\/09\/cropped-logo-meigas-5.png","width":109,"height":200,"caption":"Meigas da r\u00faa"},"image":{"@id":"https:\/\/elojocojo.org\/#\/schema\/logo\/image\/"},"sameAs":["https:\/\/www.facebook.com\/elojocojo","https:\/\/x.com\/elojocojo","https:\/\/www.instagram.com\/elojocojo\/?hl=es","https:\/\/www.linkedin.com\/in\/el-ojo-cojo-b52b7769\/","https:\/\/www.pinterest.es\/elojocojo\/_saved\/","https:\/\/www.youtube.com\/channel\/UCkFtFTV0Bms7zH7vq8FZxZg"]},{"@type":"Person","@id":"","url":"https:\/\/elojocojo.org\/author\/"}]}},"_links":{"self":[{"href":"https:\/\/elojocojo.org\/wp-json\/wp\/v2\/posts\/1716","targetHints":{"allow":["GET"]}}],"collection":[{"href":"https:\/\/elojocojo.org\/wp-json\/wp\/v2\/posts"}],"about":[{"href":"https:\/\/elojocojo.org\/wp-json\/wp\/v2\/types\/post"}],"author":[{"embeddable":true,"href":"https:\/\/elojocojo.org\/wp-json\/wp\/v2\/users\/3"}],"replies":[{"embeddable":true,"href":"https:\/\/elojocojo.org\/wp-json\/wp\/v2\/comments?post=1716"}],"version-history":[{"count":21,"href":"https:\/\/elojocojo.org\/wp-json\/wp\/v2\/posts\/1716\/revisions"}],"predecessor-version":[{"id":71667,"href":"https:\/\/elojocojo.org\/wp-json\/wp\/v2\/posts\/1716\/revisions\/71667"}],"wp:featuredmedia":[{"embeddable":true,"href":"https:\/\/elojocojo.org\/wp-json\/wp\/v2\/media\/70102"}],"wp:attachment":[{"href":"https:\/\/elojocojo.org\/wp-json\/wp\/v2\/media?parent=1716"}],"wp:term":[{"taxonomy":"category","embeddable":true,"href":"https:\/\/elojocojo.org\/wp-json\/wp\/v2\/categories?post=1716"},{"taxonomy":"post_tag","embeddable":true,"href":"https:\/\/elojocojo.org\/wp-json\/wp\/v2\/tags?post=1716"}],"curies":[{"name":"wp","href":"https:\/\/api.w.org\/{rel}","templated":true}]}}