{"id":16114,"date":"2019-09-09T14:40:53","date_gmt":"2019-09-09T21:40:53","guid":{"rendered":"http:\/\/www.elojocojo.org\/?p=16114"},"modified":"2025-09-30T18:45:11","modified_gmt":"2025-09-30T16:45:11","slug":"william-martin","status":"publish","type":"post","link":"https:\/\/elojocojo.org\/william-martin\/","title":{"rendered":"William Martin"},"content":{"rendered":"\n<p><\/p><p><\/p><p><\/p><p><\/p><p><\/p><p><\/p><p><\/p><p><iframe src=\"https:\/\/player.vimeo.com\/video\/249673860\" allow=\"aut MPlay; fullscreen\" allowfullscreen=\"\" width=\"640\" height=\"360\" frameborder=\"0\"> <a href=\"https:\/\/vimeo.com\/249673860\">William Martin &#8211; trailer<\/a>  <a href=\"https:\/\/vimeo.com\/user17060807\">Offshore Videos S.L.<\/a> <a href=\"https:\/\/vimeo.com\">Vimeo<\/a>.<\/iframe><\/p>\n\n\n\n<p><strong>T\u00cdTULO:<\/strong> William Martin<br \/><strong>T\u00cdTULO ORIGINAL:<\/strong> William Martin<br \/><strong>A\u00d1O:<\/strong> 2017<br \/><strong>DIRECTOR<\/strong>: Richard Jordan<br \/><strong>G\u00c9NERO CINEMATOGR\u00c1FICO: <\/strong>Ficci\u00f3n<br \/><strong>DURACI\u00d3N:<\/strong> 15&#8242;<br \/><strong>PA\u00cdS:<\/strong> Espa\u00f1a<br \/><strong>FORMATO ORIGINAL: <\/strong>4K<br \/><strong>TIPO: <\/strong>Cortometraje<br \/><strong>IDIOMA ORIGINAL: <\/strong>Espa\u00f1ol<br \/><strong>INT\u00c9RPRETES:<\/strong> Carmelo Crespo, Manuel Palomo Pr\u00f3, Andr\u00e9s Su\u00e1rez,   Antonio G\u00f3mez<br \/><strong>PRODUCCI\u00d3N:<\/strong> Richard Jordan, Carmelo Crespo<br \/><strong>GUI\u00d3N:<\/strong> Richard Jordan<br \/><strong>EDICI\u00d3N\/MONTAJE: <\/strong> Richard Jordan <br \/><strong>DIRECCI\u00d3N DE FOTOGRAF\u00cdA: <\/strong>Ricardo Ju\u00e1rez Jim\u00e9nez <br \/><strong>SONIDO:<\/strong>  Jorge Mar\u00edn <br \/><strong>M\u00daSICA: <\/strong> Vicente Villaescusa <\/p>\n\n\n\n<p><strong>SINOPSIS: <\/strong><\/p>\n\n\n\n<p>La pel\u00edcula <em>William Martin<\/em> narra un episodio clave de la Segunda Guerra Mundial, conocido como la Operaci\u00f3n Mincemeat, en el que cuatro pescadores espa\u00f1oles, sin saberlo, se encuentran en el centro de un plan brit\u00e1nico cuidadosamente dise\u00f1ado para cambiar el curso de la guerra. Es decir, la trama gira en torno al hallazgo de un cad\u00e1ver flotando en el mar, frente a las costas espa\u00f1olas, en abril de 1943. <\/p>\n\n\n\n<p>A pesar de que los pescadores no ten\u00edan conocimiento del impacto que su descubrimiento tendr\u00eda en el conflicto mundial, su hallazgo dio como resultado una serie de eventos decisivos. As\u00ed mismo, este simple hecho cambi\u00f3 el rumbo de la guerra al desviar la atenci\u00f3n de los alemanes hacia un frente equivocado. En consecuencia, el plan brit\u00e1nico se ejecut\u00f3 con \u00e9xito, logrando un cambio estrat\u00e9gico fundamental que ayud\u00f3 a los aliados en sus operaciones.<\/p>\n\n\n\n<p>Por otro lado, el \u00e9xito de la Operaci\u00f3n Mincemeat no fue fruto del azar. En consecuencia de la intervenci\u00f3n de estos cuatro pescadores, que fue evidentemente crucial, los documentos llegaron a las manos adecuadas y finalmente se cumpli\u00f3 el plan. En otras palabras, estos humildes hombres del mar, con una simple pero sin embargo decisiva acci\u00f3n, al entregar el cuerpo a las autoridades, terminaron por alterar el curso de la guerra.<\/p>\n\n\n\n<p>La pel\u00edcula <em>William Martin<\/em> refleja ciertamente este evento hist\u00f3rico y, adem\u00e1s, pone de manifiesto c\u00f3mo el destino puede estar en manos de personas comunes. Sea como sea, estos pescadores, sin saberlo, jugaron un papel clave en uno de los mayores conflictos de la historia. Esta obra destaca por su capacidad de mostrar el poder de los peque\u00f1os actos en momentos cruciales.<\/p>\n\n\n\n<p><strong>PALMAR\u00c9S:<\/strong><\/p>\n\n\n\n<p><strong>WorldFest Houston <\/strong>(2018). Premio Remi [ganador]. Richard Jordan.<\/p>\n\n\n\n<p><\/p>\n\n\n\n<p>El filme William Martin particip\u00f3 en la edici\u00f3n <strong>2019<\/strong> del <a href=\"https:\/\/elojocojo.org\/category\/festival-2019\/\"><strong>Festival de cine el ojO cojo<\/strong><\/a>, Por supuesto, nos sentimos honrados de haberla exhibido.<\/p>\n\n\n\n<p>Visita nuestro blog <a href=\"https:\/\/el-ojocojo.blogspot.com\/\">https:\/\/el-ojocojo.blogspot.com\/<\/a><\/p>\n","protected":false},"excerpt":{"rendered":"<p>William Martin &#8211; trailer Offshore Videos S.L. Vimeo. T\u00cdTULO: William MartinT\u00cdTULO ORIGINAL: William MartinA\u00d1O: 2017DIRECTOR: Richard JordanG\u00c9NERO CINEMATOGR\u00c1FICO: Ficci\u00f3nDURACI\u00d3N: 15&#8242;PA\u00cdS: Espa\u00f1aFORMATO ORIGINAL: 4KTIPO: CortometrajeIDIOMA ORIGINAL: Espa\u00f1olINT\u00c9RPRETES: Carmelo Crespo, Manuel Palomo Pr\u00f3, Andr\u00e9s Su\u00e1rez, Antonio G\u00f3mezPRODUCCI\u00d3N: Richard Jordan, Carmelo CrespoGUI\u00d3N: Richard JordanEDICI\u00d3N\/MONTAJE: Richard Jordan DIRECCI\u00d3N DE FOTOGRAF\u00cdA: Ricardo Ju\u00e1rez Jim\u00e9nez SONIDO: Jorge Mar\u00edn M\u00daSICA: Vicente Villaescusa [&hellip;]<\/p>\n","protected":false},"author":11,"featured_media":42048,"comment_status":"closed","ping_status":"closed","sticky":false,"template":"","format":"standard","meta":{"_monsterinsights_skip_tracking":false,"_monsterinsights_sitenote_active":false,"_monsterinsights_sitenote_note":"","_monsterinsights_sitenote_category":0,"footnotes":""},"categories":[1460,927,30],"tags":[1995,1993,1126,1897,1908,1253,1434,1992,1597,1893,1269,138,2119,2391,900,1981,1982,1628,1092,1547,1457,288,1086,1255,1207,1231,73,1057,1052,1896],"class_list":{"0":"post-16114","1":"post","2":"type-post","3":"status-publish","4":"format-standard","5":"has-post-thumbnail","7":"category-cortometraje","8":"category-festival-2019","9":"category-ficcion","10":"tag-1995","11":"tag-1993","12":"tag-alianzas-para-lograr-objetivos","13":"tag-cine-accesible","14":"tag-cine-inclusivo","15":"tag-ciudades-y-comunidades-sostenibles","16":"tag-conflicto","17":"tag-de-16-a-17-anos","18":"tag-ecosistema","19":"tag-educar-en-valores","20":"tag-esclavitud","21":"tag-espana","22":"tag-espanol","23":"tag-espaol","24":"tag-europa","25":"tag-festival-de-cine","26":"tag-festival-el-ojo-cojo","27":"tag-ficcion","28":"tag-fin-de-la-pobreza","29":"tag-guerra","30":"tag-inglaterra","31":"tag-jovenes","32":"tag-paz-y-justicia-e-instituciones-solidas","33":"tag-produccion-y-consumo-responsable","34":"tag-prostitucion","35":"tag-reduccion-de-las-desigualdades","36":"tag-tercera-edad","37":"tag-trabajo-decente-y-crecimiento-economico","38":"tag-vida-submarina","39":"tag-videoteca","40":"czr-hentry"},"yoast_head":"<!-- This site is optimized with the Yoast SEO plugin v27.1.1 - https:\/\/yoast.com\/product\/yoast-seo-wordpress\/ -->\n<title>William Martin - el ojO cojo<\/title>\n<meta name=\"description\" content=\"Pel\u00edcula William Martin exhibida en la edici\u00f3n 2019 del Festival el ojO cojo. Pa\u00eds de origen, Espa\u00f1a. Dirigido por Richard Jordan.\" \/>\n<meta name=\"robots\" content=\"index, follow, max-snippet:-1, max-image-preview:large, max-video-preview:-1\" \/>\n<link rel=\"canonical\" href=\"https:\/\/elojocojo.org\/william-martin\/\" \/>\n<meta property=\"og:locale\" content=\"es_ES\" \/>\n<meta property=\"og:type\" content=\"article\" \/>\n<meta property=\"og:title\" content=\"William Martin - el ojO cojo\" \/>\n<meta property=\"og:description\" content=\"Pel\u00edcula William Martin exhibida en la edici\u00f3n 2019 del Festival el ojO cojo. Pa\u00eds de origen, Espa\u00f1a. Dirigido por Richard Jordan.\" \/>\n<meta property=\"og:url\" content=\"https:\/\/elojocojo.org\/william-martin\/\" \/>\n<meta property=\"og:site_name\" content=\"el ojO cojo\" \/>\n<meta property=\"article:publisher\" content=\"https:\/\/www.facebook.com\/elojocojo\" \/>\n<meta property=\"article:published_time\" content=\"2019-09-09T21:40:53+00:00\" \/>\n<meta property=\"article:modified_time\" content=\"2025-09-30T16:45:11+00:00\" \/>\n<meta property=\"og:image\" content=\"https:\/\/elojocojo.org\/wp-content\/uploads\/2019\/09\/William-Martin.jpg\" \/>\n\t<meta property=\"og:image:width\" content=\"794\" \/>\n\t<meta property=\"og:image:height\" content=\"1123\" \/>\n\t<meta property=\"og:image:type\" content=\"image\/jpeg\" \/>\n<meta name=\"author\" content=\"cojo\" \/>\n<meta name=\"twitter:card\" content=\"summary_large_image\" \/>\n<meta name=\"twitter:creator\" content=\"@elojocojo\" \/>\n<meta name=\"twitter:site\" content=\"@elojocojo\" \/>\n<meta name=\"twitter:label1\" content=\"Escrito por\" \/>\n\t<meta name=\"twitter:data1\" content=\"cojo\" \/>\n\t<meta name=\"twitter:label2\" content=\"Tiempo de lectura\" \/>\n\t<meta name=\"twitter:data2\" content=\"1 minuto\" \/>\n<script type=\"application\/ld+json\" class=\"yoast-schema-graph\">{\"@context\":\"https:\/\/schema.org\",\"@graph\":[{\"@type\":\"Article\",\"@id\":\"https:\/\/elojocojo.org\/william-martin\/#article\",\"isPartOf\":{\"@id\":\"https:\/\/elojocojo.org\/william-martin\/\"},\"author\":{\"name\":\"cojo\",\"@id\":\"https:\/\/elojocojo.org\/#\/schema\/person\/cba15985dd5da095cac31c1ff0d6e23e\"},\"headline\":\"William Martin\",\"datePublished\":\"2019-09-09T21:40:53+00:00\",\"dateModified\":\"2025-09-30T16:45:11+00:00\",\"mainEntityOfPage\":{\"@id\":\"https:\/\/elojocojo.org\/william-martin\/\"},\"wordCount\":427,\"publisher\":{\"@id\":\"https:\/\/elojocojo.org\/#organization\"},\"image\":{\"@id\":\"https:\/\/elojocojo.org\/william-martin\/#primaryimage\"},\"thumbnailUrl\":\"https:\/\/elojocojo.org\/wp-content\/uploads\/2019\/09\/William-Martin.jpg\",\"keywords\":[\"2017\",\"2019\",\"Alianzas para lograr objetivos\",\"cine accesible\",\"cine inclusivo\",\"Ciudades y comunidades sostenibles\",\"conflicto\",\"de 16 a 17 a\u00f1os\",\"ecosistema\",\"educar en valores\",\"esclavitud\",\"Espa\u00f1a\",\"espa\u00f1ol\",\"espa\u00b1ol\",\"Europa\",\"festival de cine\",\"Festival el Ojo cojo\",\"ficci\u00f3n\",\"Fin de la pobreza\",\"guerra\",\"Inglaterra\",\"j\u00f3venes\",\"Paz y justicia e instituciones s\u00f3lidas\",\"Producci\u00f3n y Consumo responsable\",\"prostituci\u00f3n\",\"Reducci\u00f3n de las desigualdades\",\"tercera edad\",\"Trabajo decente y crecimiento econ\u00f3mico\",\"vida submarina\",\"Videoteca\"],\"articleSection\":[\"Cortometraje\",\"Festival 2019\",\"Ficci\u00f3n\"],\"inLanguage\":\"es\"},{\"@type\":\"WebPage\",\"@id\":\"https:\/\/elojocojo.org\/william-martin\/\",\"url\":\"https:\/\/elojocojo.org\/william-martin\/\",\"name\":\"William Martin - el ojO cojo\",\"isPartOf\":{\"@id\":\"https:\/\/elojocojo.org\/#website\"},\"primaryImageOfPage\":{\"@id\":\"https:\/\/elojocojo.org\/william-martin\/#primaryimage\"},\"image\":{\"@id\":\"https:\/\/elojocojo.org\/william-martin\/#primaryimage\"},\"thumbnailUrl\":\"https:\/\/elojocojo.org\/wp-content\/uploads\/2019\/09\/William-Martin.jpg\",\"datePublished\":\"2019-09-09T21:40:53+00:00\",\"dateModified\":\"2025-09-30T16:45:11+00:00\",\"description\":\"Pel\u00edcula William Martin exhibida en la edici\u00f3n 2019 del Festival el ojO cojo. Pa\u00eds de origen, Espa\u00f1a. Dirigido por Richard Jordan.\",\"breadcrumb\":{\"@id\":\"https:\/\/elojocojo.org\/william-martin\/#breadcrumb\"},\"inLanguage\":\"es\",\"potentialAction\":[{\"@type\":\"ReadAction\",\"target\":[\"https:\/\/elojocojo.org\/william-martin\/\"]}]},{\"@type\":\"ImageObject\",\"inLanguage\":\"es\",\"@id\":\"https:\/\/elojocojo.org\/william-martin\/#primaryimage\",\"url\":\"https:\/\/elojocojo.org\/wp-content\/uploads\/2019\/09\/William-Martin.jpg\",\"contentUrl\":\"https:\/\/elojocojo.org\/wp-content\/uploads\/2019\/09\/William-Martin.jpg\",\"width\":794,\"height\":1123},{\"@type\":\"BreadcrumbList\",\"@id\":\"https:\/\/elojocojo.org\/william-martin\/#breadcrumb\",\"itemListElement\":[{\"@type\":\"ListItem\",\"position\":1,\"name\":\"Portada\",\"item\":\"https:\/\/elojocojo.org\/\"},{\"@type\":\"ListItem\",\"position\":2,\"name\":\"2017\",\"item\":\"https:\/\/elojocojo.org\/tag\/2017\/\"},{\"@type\":\"ListItem\",\"position\":3,\"name\":\"William Martin\"}]},{\"@type\":\"WebSite\",\"@id\":\"https:\/\/elojocojo.org\/#website\",\"url\":\"https:\/\/elojocojo.org\/\",\"name\":\"el ojO cojo\",\"description\":\"Todos estamos hechos de la misma esencia\",\"publisher\":{\"@id\":\"https:\/\/elojocojo.org\/#organization\"},\"potentialAction\":[{\"@type\":\"SearchAction\",\"target\":{\"@type\":\"EntryPoint\",\"urlTemplate\":\"https:\/\/elojocojo.org\/?s={search_term_string}\"},\"query-input\":{\"@type\":\"PropertyValueSpecification\",\"valueRequired\":true,\"valueName\":\"search_term_string\"}}],\"inLanguage\":\"es\"},{\"@type\":\"Organization\",\"@id\":\"https:\/\/elojocojo.org\/#organization\",\"name\":\"Meigas da r\u00faa\",\"url\":\"https:\/\/elojocojo.org\/\",\"logo\":{\"@type\":\"ImageObject\",\"inLanguage\":\"es\",\"@id\":\"https:\/\/elojocojo.org\/#\/schema\/logo\/image\/\",\"url\":\"https:\/\/meigasdarua.org\/wp-content\/uploads\/2020\/09\/cropped-logo-meigas-5.png\",\"contentUrl\":\"https:\/\/meigasdarua.org\/wp-content\/uploads\/2020\/09\/cropped-logo-meigas-5.png\",\"width\":109,\"height\":200,\"caption\":\"Meigas da r\u00faa\"},\"image\":{\"@id\":\"https:\/\/elojocojo.org\/#\/schema\/logo\/image\/\"},\"sameAs\":[\"https:\/\/www.facebook.com\/elojocojo\",\"https:\/\/x.com\/elojocojo\",\"https:\/\/www.instagram.com\/elojocojo\/?hl=es\",\"https:\/\/www.linkedin.com\/in\/el-ojo-cojo-b52b7769\/\",\"https:\/\/www.pinterest.es\/elojocojo\/_saved\/\",\"https:\/\/www.youtube.com\/channel\/UCkFtFTV0Bms7zH7vq8FZxZg\"]},{\"@type\":\"Person\",\"@id\":\"https:\/\/elojocojo.org\/#\/schema\/person\/cba15985dd5da095cac31c1ff0d6e23e\",\"name\":\"cojo\",\"url\":\"https:\/\/elojocojo.org\/author\/cojo\/\"}]}<\/script>\n<!-- \/ Yoast SEO plugin. -->","yoast_head_json":{"title":"William Martin - el ojO cojo","description":"Pel\u00edcula William Martin exhibida en la edici\u00f3n 2019 del Festival el ojO cojo. Pa\u00eds de origen, Espa\u00f1a. Dirigido por Richard Jordan.","robots":{"index":"index","follow":"follow","max-snippet":"max-snippet:-1","max-image-preview":"max-image-preview:large","max-video-preview":"max-video-preview:-1"},"canonical":"https:\/\/elojocojo.org\/william-martin\/","og_locale":"es_ES","og_type":"article","og_title":"William Martin - el ojO cojo","og_description":"Pel\u00edcula William Martin exhibida en la edici\u00f3n 2019 del Festival el ojO cojo. Pa\u00eds de origen, Espa\u00f1a. Dirigido por Richard Jordan.","og_url":"https:\/\/elojocojo.org\/william-martin\/","og_site_name":"el ojO cojo","article_publisher":"https:\/\/www.facebook.com\/elojocojo","article_published_time":"2019-09-09T21:40:53+00:00","article_modified_time":"2025-09-30T16:45:11+00:00","og_image":[{"width":794,"height":1123,"url":"https:\/\/elojocojo.org\/wp-content\/uploads\/2019\/09\/William-Martin.jpg","type":"image\/jpeg"}],"author":"cojo","twitter_card":"summary_large_image","twitter_creator":"@elojocojo","twitter_site":"@elojocojo","twitter_misc":{"Escrito por":"cojo","Tiempo de lectura":"1 minuto"},"schema":{"@context":"https:\/\/schema.org","@graph":[{"@type":"Article","@id":"https:\/\/elojocojo.org\/william-martin\/#article","isPartOf":{"@id":"https:\/\/elojocojo.org\/william-martin\/"},"author":{"name":"cojo","@id":"https:\/\/elojocojo.org\/#\/schema\/person\/cba15985dd5da095cac31c1ff0d6e23e"},"headline":"William Martin","datePublished":"2019-09-09T21:40:53+00:00","dateModified":"2025-09-30T16:45:11+00:00","mainEntityOfPage":{"@id":"https:\/\/elojocojo.org\/william-martin\/"},"wordCount":427,"publisher":{"@id":"https:\/\/elojocojo.org\/#organization"},"image":{"@id":"https:\/\/elojocojo.org\/william-martin\/#primaryimage"},"thumbnailUrl":"https:\/\/elojocojo.org\/wp-content\/uploads\/2019\/09\/William-Martin.jpg","keywords":["2017","2019","Alianzas para lograr objetivos","cine accesible","cine inclusivo","Ciudades y comunidades sostenibles","conflicto","de 16 a 17 a\u00f1os","ecosistema","educar en valores","esclavitud","Espa\u00f1a","espa\u00f1ol","espa\u00b1ol","Europa","festival de cine","Festival el Ojo cojo","ficci\u00f3n","Fin de la pobreza","guerra","Inglaterra","j\u00f3venes","Paz y justicia e instituciones s\u00f3lidas","Producci\u00f3n y Consumo responsable","prostituci\u00f3n","Reducci\u00f3n de las desigualdades","tercera edad","Trabajo decente y crecimiento econ\u00f3mico","vida submarina","Videoteca"],"articleSection":["Cortometraje","Festival 2019","Ficci\u00f3n"],"inLanguage":"es"},{"@type":"WebPage","@id":"https:\/\/elojocojo.org\/william-martin\/","url":"https:\/\/elojocojo.org\/william-martin\/","name":"William Martin - el ojO cojo","isPartOf":{"@id":"https:\/\/elojocojo.org\/#website"},"primaryImageOfPage":{"@id":"https:\/\/elojocojo.org\/william-martin\/#primaryimage"},"image":{"@id":"https:\/\/elojocojo.org\/william-martin\/#primaryimage"},"thumbnailUrl":"https:\/\/elojocojo.org\/wp-content\/uploads\/2019\/09\/William-Martin.jpg","datePublished":"2019-09-09T21:40:53+00:00","dateModified":"2025-09-30T16:45:11+00:00","description":"Pel\u00edcula William Martin exhibida en la edici\u00f3n 2019 del Festival el ojO cojo. Pa\u00eds de origen, Espa\u00f1a. Dirigido por Richard Jordan.","breadcrumb":{"@id":"https:\/\/elojocojo.org\/william-martin\/#breadcrumb"},"inLanguage":"es","potentialAction":[{"@type":"ReadAction","target":["https:\/\/elojocojo.org\/william-martin\/"]}]},{"@type":"ImageObject","inLanguage":"es","@id":"https:\/\/elojocojo.org\/william-martin\/#primaryimage","url":"https:\/\/elojocojo.org\/wp-content\/uploads\/2019\/09\/William-Martin.jpg","contentUrl":"https:\/\/elojocojo.org\/wp-content\/uploads\/2019\/09\/William-Martin.jpg","width":794,"height":1123},{"@type":"BreadcrumbList","@id":"https:\/\/elojocojo.org\/william-martin\/#breadcrumb","itemListElement":[{"@type":"ListItem","position":1,"name":"Portada","item":"https:\/\/elojocojo.org\/"},{"@type":"ListItem","position":2,"name":"2017","item":"https:\/\/elojocojo.org\/tag\/2017\/"},{"@type":"ListItem","position":3,"name":"William Martin"}]},{"@type":"WebSite","@id":"https:\/\/elojocojo.org\/#website","url":"https:\/\/elojocojo.org\/","name":"el ojO cojo","description":"Todos estamos hechos de la misma esencia","publisher":{"@id":"https:\/\/elojocojo.org\/#organization"},"potentialAction":[{"@type":"SearchAction","target":{"@type":"EntryPoint","urlTemplate":"https:\/\/elojocojo.org\/?s={search_term_string}"},"query-input":{"@type":"PropertyValueSpecification","valueRequired":true,"valueName":"search_term_string"}}],"inLanguage":"es"},{"@type":"Organization","@id":"https:\/\/elojocojo.org\/#organization","name":"Meigas da r\u00faa","url":"https:\/\/elojocojo.org\/","logo":{"@type":"ImageObject","inLanguage":"es","@id":"https:\/\/elojocojo.org\/#\/schema\/logo\/image\/","url":"https:\/\/meigasdarua.org\/wp-content\/uploads\/2020\/09\/cropped-logo-meigas-5.png","contentUrl":"https:\/\/meigasdarua.org\/wp-content\/uploads\/2020\/09\/cropped-logo-meigas-5.png","width":109,"height":200,"caption":"Meigas da r\u00faa"},"image":{"@id":"https:\/\/elojocojo.org\/#\/schema\/logo\/image\/"},"sameAs":["https:\/\/www.facebook.com\/elojocojo","https:\/\/x.com\/elojocojo","https:\/\/www.instagram.com\/elojocojo\/?hl=es","https:\/\/www.linkedin.com\/in\/el-ojo-cojo-b52b7769\/","https:\/\/www.pinterest.es\/elojocojo\/_saved\/","https:\/\/www.youtube.com\/channel\/UCkFtFTV0Bms7zH7vq8FZxZg"]},{"@type":"Person","@id":"https:\/\/elojocojo.org\/#\/schema\/person\/cba15985dd5da095cac31c1ff0d6e23e","name":"cojo","url":"https:\/\/elojocojo.org\/author\/cojo\/"}]}},"_links":{"self":[{"href":"https:\/\/elojocojo.org\/wp-json\/wp\/v2\/posts\/16114","targetHints":{"allow":["GET"]}}],"collection":[{"href":"https:\/\/elojocojo.org\/wp-json\/wp\/v2\/posts"}],"about":[{"href":"https:\/\/elojocojo.org\/wp-json\/wp\/v2\/types\/post"}],"author":[{"embeddable":true,"href":"https:\/\/elojocojo.org\/wp-json\/wp\/v2\/users\/11"}],"replies":[{"embeddable":true,"href":"https:\/\/elojocojo.org\/wp-json\/wp\/v2\/comments?post=16114"}],"version-history":[{"count":3,"href":"https:\/\/elojocojo.org\/wp-json\/wp\/v2\/posts\/16114\/revisions"}],"predecessor-version":[{"id":57241,"href":"https:\/\/elojocojo.org\/wp-json\/wp\/v2\/posts\/16114\/revisions\/57241"}],"wp:featuredmedia":[{"embeddable":true,"href":"https:\/\/elojocojo.org\/wp-json\/wp\/v2\/media\/42048"}],"wp:attachment":[{"href":"https:\/\/elojocojo.org\/wp-json\/wp\/v2\/media?parent=16114"}],"wp:term":[{"taxonomy":"category","embeddable":true,"href":"https:\/\/elojocojo.org\/wp-json\/wp\/v2\/categories?post=16114"},{"taxonomy":"post_tag","embeddable":true,"href":"https:\/\/elojocojo.org\/wp-json\/wp\/v2\/tags?post=16114"}],"curies":[{"name":"wp","href":"https:\/\/api.w.org\/{rel}","templated":true}]}}