{"id":16079,"date":"2019-09-09T11:04:31","date_gmt":"2019-09-09T18:04:31","guid":{"rendered":"http:\/\/www.elojocojo.org\/?p=16079"},"modified":"2025-09-30T18:45:27","modified_gmt":"2025-09-30T16:45:27","slug":"una-idea","status":"publish","type":"post","link":"https:\/\/elojocojo.org\/una-idea\/","title":{"rendered":"Una idea"},"content":{"rendered":"\n<iframe title=\"vimeo-player\" src=\"https:\/\/player.vimeo.com\/video\/234222734\" allowfullscreen=\"\" width=\"640\" height=\"360\" frameborder=\"0\"><\/iframe>\n\n\n\n<p><strong> T\u00cdTULO:<\/strong> Una idea<br \/> <strong>T\u00cdTULO ORIGINAL<\/strong>: an Idea<br \/><strong> A\u00d1O: <\/strong>2017<br \/><strong> DIRECTOR: <\/strong>Juan Paul\u00edn<br \/><strong> G\u00c9NERO CINEMATOGR\u00c1FICO<\/strong>: Animaci\u00f3n<br \/><strong> DURACI\u00d3N:<\/strong> 6\u2019 <br \/> <strong>PA\u00cdS<\/strong>: M\u00e9xico<br \/><strong> FORMATO ORIGINAL<\/strong>: Digital<br \/> <strong>TIPO: <\/strong> Corto Animado<br \/><strong> IDIOMA ORIGINAL: <\/strong>Espa\u00f1ol<br \/><strong> SUBT\u00cdTULOS:<\/strong> S\/D<br \/><strong> PRODUCCI\u00d3N<\/strong>: Juan Paul\u00edn<br \/><strong> GUI\u00d3N:<\/strong> Juan Paul\u00edn<br \/><strong> DIRECCI\u00d3N DE FOTOGRAF\u00cdA: <\/strong>Dave Cameron, NZCS ACS<br \/><strong> SONIDO<\/strong>: Mauricio Bustamante<br \/> <strong>M\u00daSICA:<\/strong> Juan Paul\u00edn<\/p>\n\n\n\n<p>Sinopsis:<\/p>\n\n\n\n<p>En el fascinante corto \u00abUna idea\u00bb de Juan Paul\u00edn, se explora la traves\u00eda creativa de un individuo en busca de inspiraci\u00f3n. A medida que avanza en su b\u00fasqueda, se enfrenta a una serie de desaf\u00edos inesperados que ponen a prueba su determinaci\u00f3n y creatividad. Por un lado, cada obst\u00e1culo parece ser un callej\u00f3n sin salida; por otro lado, cada giro inesperado abre nuevas posibilidades. Adem\u00e1s, la narrativa fluye con transiciones fluidas que conectan los momentos de duda con los destellos de genialidad.<\/p>\n\n\n\n<p>Mientras tanto, el protagonista descubre que la b\u00fasqueda de una idea no es solo un proceso intelectual, sino tambi\u00e9n emocional y profundamente humano. En \u00faltima instancia, el corto nos recuerda que, aunque el camino hacia la creatividad puede estar lleno de incertidumbre, cada paso nos acerca m\u00e1s a la realizaci\u00f3n de nuestros sue\u00f1os. As\u00ed, \u00abUna idea\u00bb celebra la perseverancia y la magia de la imaginaci\u00f3n.<\/p>\n\n\n\n<p><\/p>\n\n\n\n<p>El filme Una idea particip\u00f3 en la edici\u00f3n <strong>2019<\/strong> del <a href=\"https:\/\/elojocojo.org\/category\/festival-2019\/\"><strong>Festival de cine el ojO cojo<\/strong> <\/a>en ese sentido nos sentimos honrados de haberla exhibido.<\/p>\n\n\n\n<p>Visita nuestro <a href=\"https:\/\/el-ojocojo.blogspot.com\/\">blog<\/a><\/p>\n","protected":false},"excerpt":{"rendered":"<p>T\u00cdTULO: Una idea T\u00cdTULO ORIGINAL: an Idea A\u00d1O: 2017 DIRECTOR: Juan Paul\u00edn G\u00c9NERO CINEMATOGR\u00c1FICO: Animaci\u00f3n DURACI\u00d3N: 6\u2019 PA\u00cdS: M\u00e9xico FORMATO ORIGINAL: Digital TIPO: Corto Animado IDIOMA ORIGINAL: Espa\u00f1ol SUBT\u00cdTULOS: S\/D PRODUCCI\u00d3N: Juan Paul\u00edn GUI\u00d3N: Juan Paul\u00edn DIRECCI\u00d3N DE FOTOGRAF\u00cdA: Dave Cameron, NZCS ACS SONIDO: Mauricio Bustamante M\u00daSICA: Juan Paul\u00edn Sinopsis: En el fascinante corto \u00abUna [&hellip;]<\/p>\n","protected":false},"author":11,"featured_media":41834,"comment_status":"closed","ping_status":"closed","sticky":false,"template":"","format":"standard","meta":{"_monsterinsights_skip_tracking":false,"_monsterinsights_sitenote_active":false,"_monsterinsights_sitenote_note":"","_monsterinsights_sitenote_category":0,"footnotes":""},"categories":[32,1460,927,30],"tags":[2010,1995,1993,895,1833,186,1897,1908,960,1403,1893,2119,2391,1981,1982,1628,1632,288,423,1896],"class_list":{"0":"post-16079","1":"post","2":"type-post","3":"status-publish","4":"format-standard","5":"has-post-thumbnail","7":"category-animacion","8":"category-cortometraje","9":"category-festival-2019","10":"category-ficcion","11":"tag-mas-de-18-anos","12":"tag-1995","13":"tag-1993","14":"tag-adolescentes","15":"tag-animacion","16":"tag-arte","17":"tag-cine-accesible","18":"tag-cine-inclusivo","19":"tag-creatividad","20":"tag-educacion-de-calidad","21":"tag-educar-en-valores","22":"tag-espanol","23":"tag-espaol","24":"tag-festival-de-cine","25":"tag-festival-el-ojo-cojo","26":"tag-ficcion","27":"tag-imaginacion","28":"tag-jovenes","29":"tag-mexico","30":"tag-videoteca","31":"czr-hentry"},"yoast_head":"<!-- This site is optimized with the Yoast SEO plugin v27.1.1 - https:\/\/yoast.com\/product\/yoast-seo-wordpress\/ -->\n<title>Una idea - el ojO cojo<\/title>\n<meta name=\"description\" content=\"Pel\u00edcula Una idea exhibida en la edici\u00f3n 2019 del Festival el ojO cojo. Pa\u00eds de origen, M\u00e9xico. Dirigido por Juan Paul\u00edn.\" \/>\n<meta name=\"robots\" content=\"index, follow, max-snippet:-1, max-image-preview:large, max-video-preview:-1\" \/>\n<link rel=\"canonical\" href=\"https:\/\/elojocojo.org\/una-idea\/\" \/>\n<meta property=\"og:locale\" content=\"es_ES\" \/>\n<meta property=\"og:type\" content=\"article\" \/>\n<meta property=\"og:title\" content=\"Una idea - el ojO cojo\" \/>\n<meta property=\"og:description\" content=\"Pel\u00edcula Una idea exhibida en la edici\u00f3n 2019 del Festival el ojO cojo. Pa\u00eds de origen, M\u00e9xico. Dirigido por Juan Paul\u00edn.\" \/>\n<meta property=\"og:url\" content=\"https:\/\/elojocojo.org\/una-idea\/\" \/>\n<meta property=\"og:site_name\" content=\"el ojO cojo\" \/>\n<meta property=\"article:publisher\" content=\"https:\/\/www.facebook.com\/elojocojo\" \/>\n<meta property=\"article:published_time\" content=\"2019-09-09T18:04:31+00:00\" \/>\n<meta property=\"article:modified_time\" content=\"2025-09-30T16:45:27+00:00\" \/>\n<meta property=\"og:image\" content=\"https:\/\/elojocojo.org\/wp-content\/uploads\/2019\/09\/Una-idea2.jpg\" \/>\n\t<meta property=\"og:image:width\" content=\"924\" \/>\n\t<meta property=\"og:image:height\" content=\"1320\" \/>\n\t<meta property=\"og:image:type\" content=\"image\/jpeg\" \/>\n<meta name=\"author\" content=\"cojo\" \/>\n<meta name=\"twitter:card\" content=\"summary_large_image\" \/>\n<meta name=\"twitter:creator\" content=\"@elojocojo\" \/>\n<meta name=\"twitter:site\" content=\"@elojocojo\" \/>\n<meta name=\"twitter:label1\" content=\"Escrito por\" \/>\n\t<meta name=\"twitter:data1\" content=\"cojo\" \/>\n\t<meta name=\"twitter:label2\" content=\"Tiempo de lectura\" \/>\n\t<meta name=\"twitter:data2\" content=\"1 minuto\" \/>\n<script type=\"application\/ld+json\" class=\"yoast-schema-graph\">{\"@context\":\"https:\/\/schema.org\",\"@graph\":[{\"@type\":\"Article\",\"@id\":\"https:\/\/elojocojo.org\/una-idea\/#article\",\"isPartOf\":{\"@id\":\"https:\/\/elojocojo.org\/una-idea\/\"},\"author\":{\"name\":\"cojo\",\"@id\":\"https:\/\/elojocojo.org\/#\/schema\/person\/cba15985dd5da095cac31c1ff0d6e23e\"},\"headline\":\"Una idea\",\"datePublished\":\"2019-09-09T18:04:31+00:00\",\"dateModified\":\"2025-09-30T16:45:27+00:00\",\"mainEntityOfPage\":{\"@id\":\"https:\/\/elojocojo.org\/una-idea\/\"},\"wordCount\":261,\"publisher\":{\"@id\":\"https:\/\/elojocojo.org\/#organization\"},\"image\":{\"@id\":\"https:\/\/elojocojo.org\/una-idea\/#primaryimage\"},\"thumbnailUrl\":\"https:\/\/elojocojo.org\/wp-content\/uploads\/2019\/09\/Una-idea2.jpg\",\"keywords\":[\"+ de 18 a\u00f1os\",\"2017\",\"2019\",\"Adolescentes\",\"animaci\u00f3n\",\"Arte\",\"cine accesible\",\"cine inclusivo\",\"creatividad\",\"Educaci\u00f3n de calidad\",\"educar en valores\",\"espa\u00f1ol\",\"espa\u00b1ol\",\"festival de cine\",\"Festival el Ojo cojo\",\"ficci\u00f3n\",\"imaginaci\u00f3n\",\"j\u00f3venes\",\"M\u00e9xico\",\"Videoteca\"],\"articleSection\":[\"Animaci\u00f3n\",\"Cortometraje\",\"Festival 2019\",\"Ficci\u00f3n\"],\"inLanguage\":\"es\"},{\"@type\":\"WebPage\",\"@id\":\"https:\/\/elojocojo.org\/una-idea\/\",\"url\":\"https:\/\/elojocojo.org\/una-idea\/\",\"name\":\"Una idea - el ojO cojo\",\"isPartOf\":{\"@id\":\"https:\/\/elojocojo.org\/#website\"},\"primaryImageOfPage\":{\"@id\":\"https:\/\/elojocojo.org\/una-idea\/#primaryimage\"},\"image\":{\"@id\":\"https:\/\/elojocojo.org\/una-idea\/#primaryimage\"},\"thumbnailUrl\":\"https:\/\/elojocojo.org\/wp-content\/uploads\/2019\/09\/Una-idea2.jpg\",\"datePublished\":\"2019-09-09T18:04:31+00:00\",\"dateModified\":\"2025-09-30T16:45:27+00:00\",\"description\":\"Pel\u00edcula Una idea exhibida en la edici\u00f3n 2019 del Festival el ojO cojo. Pa\u00eds de origen, M\u00e9xico. Dirigido por Juan Paul\u00edn.\",\"breadcrumb\":{\"@id\":\"https:\/\/elojocojo.org\/una-idea\/#breadcrumb\"},\"inLanguage\":\"es\",\"potentialAction\":[{\"@type\":\"ReadAction\",\"target\":[\"https:\/\/elojocojo.org\/una-idea\/\"]}]},{\"@type\":\"ImageObject\",\"inLanguage\":\"es\",\"@id\":\"https:\/\/elojocojo.org\/una-idea\/#primaryimage\",\"url\":\"https:\/\/elojocojo.org\/wp-content\/uploads\/2019\/09\/Una-idea2.jpg\",\"contentUrl\":\"https:\/\/elojocojo.org\/wp-content\/uploads\/2019\/09\/Una-idea2.jpg\",\"width\":924,\"height\":1320},{\"@type\":\"BreadcrumbList\",\"@id\":\"https:\/\/elojocojo.org\/una-idea\/#breadcrumb\",\"itemListElement\":[{\"@type\":\"ListItem\",\"position\":1,\"name\":\"Portada\",\"item\":\"https:\/\/elojocojo.org\/\"},{\"@type\":\"ListItem\",\"position\":2,\"name\":\"+ de 18 a\u00f1os\",\"item\":\"https:\/\/elojocojo.org\/tag\/mas-de-18-anos\/\"},{\"@type\":\"ListItem\",\"position\":3,\"name\":\"Una idea\"}]},{\"@type\":\"WebSite\",\"@id\":\"https:\/\/elojocojo.org\/#website\",\"url\":\"https:\/\/elojocojo.org\/\",\"name\":\"el ojO cojo\",\"description\":\"Todos estamos hechos de la misma esencia\",\"publisher\":{\"@id\":\"https:\/\/elojocojo.org\/#organization\"},\"potentialAction\":[{\"@type\":\"SearchAction\",\"target\":{\"@type\":\"EntryPoint\",\"urlTemplate\":\"https:\/\/elojocojo.org\/?s={search_term_string}\"},\"query-input\":{\"@type\":\"PropertyValueSpecification\",\"valueRequired\":true,\"valueName\":\"search_term_string\"}}],\"inLanguage\":\"es\"},{\"@type\":\"Organization\",\"@id\":\"https:\/\/elojocojo.org\/#organization\",\"name\":\"Meigas da r\u00faa\",\"url\":\"https:\/\/elojocojo.org\/\",\"logo\":{\"@type\":\"ImageObject\",\"inLanguage\":\"es\",\"@id\":\"https:\/\/elojocojo.org\/#\/schema\/logo\/image\/\",\"url\":\"https:\/\/meigasdarua.org\/wp-content\/uploads\/2020\/09\/cropped-logo-meigas-5.png\",\"contentUrl\":\"https:\/\/meigasdarua.org\/wp-content\/uploads\/2020\/09\/cropped-logo-meigas-5.png\",\"width\":109,\"height\":200,\"caption\":\"Meigas da r\u00faa\"},\"image\":{\"@id\":\"https:\/\/elojocojo.org\/#\/schema\/logo\/image\/\"},\"sameAs\":[\"https:\/\/www.facebook.com\/elojocojo\",\"https:\/\/x.com\/elojocojo\",\"https:\/\/www.instagram.com\/elojocojo\/?hl=es\",\"https:\/\/www.linkedin.com\/in\/el-ojo-cojo-b52b7769\/\",\"https:\/\/www.pinterest.es\/elojocojo\/_saved\/\",\"https:\/\/www.youtube.com\/channel\/UCkFtFTV0Bms7zH7vq8FZxZg\"]},{\"@type\":\"Person\",\"@id\":\"https:\/\/elojocojo.org\/#\/schema\/person\/cba15985dd5da095cac31c1ff0d6e23e\",\"name\":\"cojo\",\"url\":\"https:\/\/elojocojo.org\/author\/cojo\/\"}]}<\/script>\n<!-- \/ Yoast SEO plugin. -->","yoast_head_json":{"title":"Una idea - el ojO cojo","description":"Pel\u00edcula Una idea exhibida en la edici\u00f3n 2019 del Festival el ojO cojo. Pa\u00eds de origen, M\u00e9xico. Dirigido por Juan Paul\u00edn.","robots":{"index":"index","follow":"follow","max-snippet":"max-snippet:-1","max-image-preview":"max-image-preview:large","max-video-preview":"max-video-preview:-1"},"canonical":"https:\/\/elojocojo.org\/una-idea\/","og_locale":"es_ES","og_type":"article","og_title":"Una idea - el ojO cojo","og_description":"Pel\u00edcula Una idea exhibida en la edici\u00f3n 2019 del Festival el ojO cojo. Pa\u00eds de origen, M\u00e9xico. Dirigido por Juan Paul\u00edn.","og_url":"https:\/\/elojocojo.org\/una-idea\/","og_site_name":"el ojO cojo","article_publisher":"https:\/\/www.facebook.com\/elojocojo","article_published_time":"2019-09-09T18:04:31+00:00","article_modified_time":"2025-09-30T16:45:27+00:00","og_image":[{"width":924,"height":1320,"url":"https:\/\/elojocojo.org\/wp-content\/uploads\/2019\/09\/Una-idea2.jpg","type":"image\/jpeg"}],"author":"cojo","twitter_card":"summary_large_image","twitter_creator":"@elojocojo","twitter_site":"@elojocojo","twitter_misc":{"Escrito por":"cojo","Tiempo de lectura":"1 minuto"},"schema":{"@context":"https:\/\/schema.org","@graph":[{"@type":"Article","@id":"https:\/\/elojocojo.org\/una-idea\/#article","isPartOf":{"@id":"https:\/\/elojocojo.org\/una-idea\/"},"author":{"name":"cojo","@id":"https:\/\/elojocojo.org\/#\/schema\/person\/cba15985dd5da095cac31c1ff0d6e23e"},"headline":"Una idea","datePublished":"2019-09-09T18:04:31+00:00","dateModified":"2025-09-30T16:45:27+00:00","mainEntityOfPage":{"@id":"https:\/\/elojocojo.org\/una-idea\/"},"wordCount":261,"publisher":{"@id":"https:\/\/elojocojo.org\/#organization"},"image":{"@id":"https:\/\/elojocojo.org\/una-idea\/#primaryimage"},"thumbnailUrl":"https:\/\/elojocojo.org\/wp-content\/uploads\/2019\/09\/Una-idea2.jpg","keywords":["+ de 18 a\u00f1os","2017","2019","Adolescentes","animaci\u00f3n","Arte","cine accesible","cine inclusivo","creatividad","Educaci\u00f3n de calidad","educar en valores","espa\u00f1ol","espa\u00b1ol","festival de cine","Festival el Ojo cojo","ficci\u00f3n","imaginaci\u00f3n","j\u00f3venes","M\u00e9xico","Videoteca"],"articleSection":["Animaci\u00f3n","Cortometraje","Festival 2019","Ficci\u00f3n"],"inLanguage":"es"},{"@type":"WebPage","@id":"https:\/\/elojocojo.org\/una-idea\/","url":"https:\/\/elojocojo.org\/una-idea\/","name":"Una idea - el ojO cojo","isPartOf":{"@id":"https:\/\/elojocojo.org\/#website"},"primaryImageOfPage":{"@id":"https:\/\/elojocojo.org\/una-idea\/#primaryimage"},"image":{"@id":"https:\/\/elojocojo.org\/una-idea\/#primaryimage"},"thumbnailUrl":"https:\/\/elojocojo.org\/wp-content\/uploads\/2019\/09\/Una-idea2.jpg","datePublished":"2019-09-09T18:04:31+00:00","dateModified":"2025-09-30T16:45:27+00:00","description":"Pel\u00edcula Una idea exhibida en la edici\u00f3n 2019 del Festival el ojO cojo. Pa\u00eds de origen, M\u00e9xico. Dirigido por Juan Paul\u00edn.","breadcrumb":{"@id":"https:\/\/elojocojo.org\/una-idea\/#breadcrumb"},"inLanguage":"es","potentialAction":[{"@type":"ReadAction","target":["https:\/\/elojocojo.org\/una-idea\/"]}]},{"@type":"ImageObject","inLanguage":"es","@id":"https:\/\/elojocojo.org\/una-idea\/#primaryimage","url":"https:\/\/elojocojo.org\/wp-content\/uploads\/2019\/09\/Una-idea2.jpg","contentUrl":"https:\/\/elojocojo.org\/wp-content\/uploads\/2019\/09\/Una-idea2.jpg","width":924,"height":1320},{"@type":"BreadcrumbList","@id":"https:\/\/elojocojo.org\/una-idea\/#breadcrumb","itemListElement":[{"@type":"ListItem","position":1,"name":"Portada","item":"https:\/\/elojocojo.org\/"},{"@type":"ListItem","position":2,"name":"+ de 18 a\u00f1os","item":"https:\/\/elojocojo.org\/tag\/mas-de-18-anos\/"},{"@type":"ListItem","position":3,"name":"Una idea"}]},{"@type":"WebSite","@id":"https:\/\/elojocojo.org\/#website","url":"https:\/\/elojocojo.org\/","name":"el ojO cojo","description":"Todos estamos hechos de la misma esencia","publisher":{"@id":"https:\/\/elojocojo.org\/#organization"},"potentialAction":[{"@type":"SearchAction","target":{"@type":"EntryPoint","urlTemplate":"https:\/\/elojocojo.org\/?s={search_term_string}"},"query-input":{"@type":"PropertyValueSpecification","valueRequired":true,"valueName":"search_term_string"}}],"inLanguage":"es"},{"@type":"Organization","@id":"https:\/\/elojocojo.org\/#organization","name":"Meigas da r\u00faa","url":"https:\/\/elojocojo.org\/","logo":{"@type":"ImageObject","inLanguage":"es","@id":"https:\/\/elojocojo.org\/#\/schema\/logo\/image\/","url":"https:\/\/meigasdarua.org\/wp-content\/uploads\/2020\/09\/cropped-logo-meigas-5.png","contentUrl":"https:\/\/meigasdarua.org\/wp-content\/uploads\/2020\/09\/cropped-logo-meigas-5.png","width":109,"height":200,"caption":"Meigas da r\u00faa"},"image":{"@id":"https:\/\/elojocojo.org\/#\/schema\/logo\/image\/"},"sameAs":["https:\/\/www.facebook.com\/elojocojo","https:\/\/x.com\/elojocojo","https:\/\/www.instagram.com\/elojocojo\/?hl=es","https:\/\/www.linkedin.com\/in\/el-ojo-cojo-b52b7769\/","https:\/\/www.pinterest.es\/elojocojo\/_saved\/","https:\/\/www.youtube.com\/channel\/UCkFtFTV0Bms7zH7vq8FZxZg"]},{"@type":"Person","@id":"https:\/\/elojocojo.org\/#\/schema\/person\/cba15985dd5da095cac31c1ff0d6e23e","name":"cojo","url":"https:\/\/elojocojo.org\/author\/cojo\/"}]}},"_links":{"self":[{"href":"https:\/\/elojocojo.org\/wp-json\/wp\/v2\/posts\/16079","targetHints":{"allow":["GET"]}}],"collection":[{"href":"https:\/\/elojocojo.org\/wp-json\/wp\/v2\/posts"}],"about":[{"href":"https:\/\/elojocojo.org\/wp-json\/wp\/v2\/types\/post"}],"author":[{"embeddable":true,"href":"https:\/\/elojocojo.org\/wp-json\/wp\/v2\/users\/11"}],"replies":[{"embeddable":true,"href":"https:\/\/elojocojo.org\/wp-json\/wp\/v2\/comments?post=16079"}],"version-history":[{"count":3,"href":"https:\/\/elojocojo.org\/wp-json\/wp\/v2\/posts\/16079\/revisions"}],"predecessor-version":[{"id":59275,"href":"https:\/\/elojocojo.org\/wp-json\/wp\/v2\/posts\/16079\/revisions\/59275"}],"wp:featuredmedia":[{"embeddable":true,"href":"https:\/\/elojocojo.org\/wp-json\/wp\/v2\/media\/41834"}],"wp:attachment":[{"href":"https:\/\/elojocojo.org\/wp-json\/wp\/v2\/media?parent=16079"}],"wp:term":[{"taxonomy":"category","embeddable":true,"href":"https:\/\/elojocojo.org\/wp-json\/wp\/v2\/categories?post=16079"},{"taxonomy":"post_tag","embeddable":true,"href":"https:\/\/elojocojo.org\/wp-json\/wp\/v2\/tags?post=16079"}],"curies":[{"name":"wp","href":"https:\/\/api.w.org\/{rel}","templated":true}]}}