{"id":1575,"date":"2008-09-05T16:53:37","date_gmt":"2008-09-05T23:53:37","guid":{"rendered":"http:\/\/www.elojocojo.org\/blog2\/?p=1575"},"modified":"2025-09-30T19:07:51","modified_gmt":"2025-09-30T17:07:51","slug":"villa","status":"publish","type":"post","link":"https:\/\/elojocojo.org\/villa\/","title":{"rendered":"Villa"},"content":{"rendered":"<p><iframe title=\"VILLA de Ezio Massa - Trailer de cine \/ ESTRENO 14\/3\/13\" width=\"1140\" height=\"855\" src=\"https:\/\/www.youtube.com\/embed\/-QQvOB4KaAk?feature=oembed\" frameborder=\"0\" allow=\"accelerometer; autoplay; clipboard-write; encrypted-media; gyroscope; picture-in-picture; web-share\" referrerpolicy=\"strict-origin-when-cross-origin\" allowfullscreen><\/iframe><\/p>\n<p>T\u00cdTULO: <em>VILLA<\/em><br \/>T\u00cdTULO ORIGINAL: <em>VILLA<\/em><br \/>A\u00d1O: 2008<br \/>DIRECTOR: EZIO MASSA<br \/>G\u00c9NERO: DRAMA THRILLER<br \/>DURACI\u00d3N: 86&#8242;<br \/>PA\u00cdS: ARGENTINA<br \/>FORMATO ORIGINAL: 35mm<br \/>TIPO: (Ratio) 1:1.85<br \/>IDIOMA ORIGINAL: ESPA\u00d1OL<br \/>SUBTITULOS: Ingl\u00e9s y\/o Portugu\u00e9s<br \/>INT\u00c9RPRETES: JULIO ZARZA &#8211; FERNANDO ROA &#8211; JOHNATAN RODRIGUEZ<br \/>PRODUCCI\u00d3N: EZIO MASSA &#8211; OSCAR MARCOS AZAR<br \/>GUI\u00d3N: EZIO MASSA<br \/>EDICI\u00d3N\/MONTAJE: CESAR CUSTODIO &#8211; EZIO MASSA &amp; ALAN SEGAL<br \/>DIRECCI\u00d3N DE FOTOGRAF\u00cdA: ALEJANDRO MILLAN PASTORI<br \/>SONIDO: ALEJANDRO SEBA<br \/>M\u00daSICA: (Temas de ) LA CHILINGA &#8211; CARAJO &#8211; Sind. ARG. De HIP HOP<br \/>M\u00daSICA INCIDENTAL: (Original) Alejandro Millan Pastori.<\/p>\n<p>SINOPSIS:<\/p>\n<h3 data-start=\"225\" data-end=\"267\"><strong data-start=\"229\" data-end=\"267\">Contexto de un Mundial inolvidable<\/strong><\/h3>\n<p data-start=\"269\" data-end=\"702\">Durante el Mundial de Corea-Jap\u00f3n 2002, la fiebre del f\u00fatbol se apoder\u00f3 de todos los rincones del planeta. En medio de ese fervor global, tres adolescentes de la Villa 21, en Buenos Aires, vivieron una jornada que marcar\u00eda sus vidas. Aunque su entorno era hostil y precario, compart\u00edan un mismo sue\u00f1o: ver jugar a la Selecci\u00f3n Argentina. Por eso, decidieron emprender una traves\u00eda que pon\u00eda en juego m\u00e1s que su seguridad.<\/p>\n<h3 data-start=\"704\" data-end=\"734\"><strong data-start=\"708\" data-end=\"734\">Una traves\u00eda peligrosa<\/strong><\/h3>\n<p data-start=\"736\" data-end=\"1107\">En primer lugar, sab\u00edan que en su barrio no ten\u00edan acceso regular a televisi\u00f3n ni electricidad. Por lo tanto, buscaron una alternativa fuera del asentamiento. A pesar del riesgo, caminar por calles controladas por pandillas era su \u00fanica opci\u00f3n. De todas formas, su determinaci\u00f3n era m\u00e1s fuerte que el miedo. As\u00ed, el partido se convirti\u00f3 en una misi\u00f3n.<\/p>\n<h3 data-start=\"1109\" data-end=\"1150\"><strong data-start=\"1113\" data-end=\"1150\">Obst\u00e1culos y decisiones dif\u00edciles<\/strong><\/h3>\n<p data-start=\"1152\" data-end=\"1537\">Adem\u00e1s de la inseguridad, enfrentaron la incertidumbre del camino y la hostilidad del entorno. Por consiguiente, trazaron rutas menos visibles, aunque m\u00e1s largas. Sin embargo, el deseo los guiaba. A medida que se acercaban, el miedo crec\u00eda, pero tambi\u00e9n lo hac\u00eda la esperanza. En ese instante, entendieron que el f\u00fatbol era su forma de pertenecer a algo m\u00e1s grande.<\/p>\n<h3 data-start=\"1539\" data-end=\"1573\"><strong data-start=\"1543\" data-end=\"1573\">El partido como recompensa<\/strong><\/h3>\n<p data-start=\"1575\" data-end=\"1862\">Finalmente, llegaron a una plaza donde un vecino proyectaba el partido en una s\u00e1bana colgada entre dos \u00e1rboles. Mientras tanto, decenas de vecinos compart\u00edan risas, gritos y emoci\u00f3n. Despu\u00e9s de todo, all\u00ed no eran tres chicos de la villa, sino hinchas m\u00e1s de una misma pasi\u00f3n.<\/p>\n<h3 data-start=\"1864\" data-end=\"1886\"><strong data-start=\"1868\" data-end=\"1886\">M\u00e1s que f\u00fatbol<\/strong><\/h3>\n<p data-start=\"1888\" data-end=\"2098\">En conclusi\u00f3n, aquella aventura fue mucho m\u00e1s que un recorrido peligroso: fue un acto de resistencia, identidad y esperanza. As\u00ed, aprendieron que, a veces, el f\u00fatbol tambi\u00e9n se juega fuera de la cancha.<\/p>\n<p><img decoding=\"async\" class=\"alignnone size-medium wp-image-66793 aligncenter\" src=\"https:\/\/elojocojo.org\/wp-content\/uploads\/2008\/09\/villa-1-2-333x500.jpg\" alt=\"\" width=\"333\" height=\"500\" srcset=\"https:\/\/elojocojo.org\/wp-content\/uploads\/2008\/09\/villa-1-2-333x500.jpg 333w, https:\/\/elojocojo.org\/wp-content\/uploads\/2008\/09\/villa-1-2-240x360.jpg 240w, https:\/\/elojocojo.org\/wp-content\/uploads\/2008\/09\/villa-1-2-267x400.jpg 267w, https:\/\/elojocojo.org\/wp-content\/uploads\/2008\/09\/villa-1-2-150x225.jpg 150w, https:\/\/elojocojo.org\/wp-content\/uploads\/2008\/09\/villa-1-2.jpg 533w\" sizes=\"(max-width: 333px) 100vw, 333px\" \/><\/p>\n<p>PALMAR\u00c9S:<\/p>\n<ul>\n<li>Festival Paran\u00e1 do Cinema en Brasil &#8211; La Araucaria de Oro.<\/li>\n<li>Festival de Montreal &#8211; Premio Revelaci\u00f3n.<\/li>\n<li>Festivales de Portland (EE. UU.) y Asunci\u00f3n (Paraguay) &#8211; Menci\u00f3n del P\u00fablico.<\/li>\n<\/ul>\n\n\n<p>El filme <em>Villa <\/em>particip\u00f3 en la edici\u00f3n <a href=\"https:\/\/elojocojo.org\/category\/festival-2008\/\"><strong>2008<\/strong>&nbsp;<\/a>del <a href=\"https:\/\/elojocojo.org\/category\/festival-2008\/\"><strong>Festival de cine el ojO cojo<\/strong> <\/a>en ese sentido nos sentimos honrados de haberla exhibido.<\/p>\n\n\n\n<p>Visita nuestro <a href=\"https:\/\/el-ojocojo.blogspot.com\/\">blog<\/a><\/p>\n\n\n\n<p><a href=\"https:\/\/www.imdb.com\/es-es\/title\/tt1323553\/?ref_=ttrt_ov_bk\">IMDb<\/a>: 6.7 \/ 10<\/p>\n","protected":false},"excerpt":{"rendered":"<p>Durante el Mundial de Korea-Jap\u00f3n en 2002, tres chicos habitantes de la Villa 21\u00a0ponen en juego sus vidas para poder ver uno de los partidos de la Selecci\u00f3n Argentina. Dirigido por EZIO MASSA.<\/p>\n","protected":false},"author":3,"featured_media":66784,"comment_status":"closed","ping_status":"closed","sticky":false,"template":"","format":"standard","meta":{"_monsterinsights_skip_tracking":false,"_monsterinsights_sitenote_active":false,"_monsterinsights_sitenote_note":"","_monsterinsights_sitenote_category":0,"footnotes":""},"categories":[991,1],"tags":[1253,26,1737,2119,2391,2191,1981,2094,1078,2118,1083,1231,1013,136],"class_list":{"0":"post-1575","1":"post","2":"type-post","3":"status-publish","4":"format-standard","5":"has-post-thumbnail","7":"category-drama","8":"category-festival-2008","9":"tag-ciudades-y-comunidades-sostenibles","10":"tag-discriminacion","11":"tag-drama","12":"tag-espanol","13":"tag-espaol","14":"tag-esperanza","15":"tag-festival-de-cine","16":"tag-futbol","17":"tag-globalizacion","18":"tag-ingles","19":"tag-minorias","20":"tag-reduccion-de-las-desigualdades","21":"tag-vida-cotidiana","22":"tag-violencia","23":"czr-hentry"},"yoast_head":"<!-- This site is optimized with the Yoast SEO plugin v27.1.1 - https:\/\/yoast.com\/product\/yoast-seo-wordpress\/ -->\n<title>Villa - el ojO cojo<\/title>\n<meta name=\"description\" content=\"Pel\u00edcula Villa exhibida en la edici\u00f3n 2008 del Festival el ojO cojo. Pa\u00eds de origen, Argentina. Dirigido por Ezio Massa.\" \/>\n<meta name=\"robots\" content=\"index, follow, max-snippet:-1, max-image-preview:large, max-video-preview:-1\" \/>\n<link rel=\"canonical\" href=\"https:\/\/elojocojo.org\/villa\/\" \/>\n<meta property=\"og:locale\" content=\"es_ES\" \/>\n<meta property=\"og:type\" content=\"article\" \/>\n<meta property=\"og:title\" content=\"Villa - el ojO cojo\" \/>\n<meta property=\"og:description\" content=\"Pel\u00edcula Villa exhibida en la edici\u00f3n 2008 del Festival el ojO cojo. Pa\u00eds de origen, Argentina. Dirigido por Ezio Massa.\" \/>\n<meta property=\"og:url\" content=\"https:\/\/elojocojo.org\/villa\/\" \/>\n<meta property=\"og:site_name\" content=\"el ojO cojo\" \/>\n<meta property=\"article:publisher\" content=\"https:\/\/www.facebook.com\/elojocojo\" \/>\n<meta property=\"article:published_time\" content=\"2008-09-05T23:53:37+00:00\" \/>\n<meta property=\"article:modified_time\" content=\"2025-09-30T17:07:51+00:00\" \/>\n<meta property=\"og:image\" content=\"https:\/\/elojocojo.org\/wp-content\/uploads\/2008\/09\/MV5BODQ2NDRhM2UtYzFjMS00ZTNlLWI5NmUtODc3YTEzY2E0NWZlXkEyXkFqcGc@._V1_.jpg\" \/>\n\t<meta property=\"og:image:width\" content=\"1550\" \/>\n\t<meta property=\"og:image:height\" content=\"867\" \/>\n\t<meta property=\"og:image:type\" content=\"image\/jpeg\" \/>\n<meta name=\"twitter:card\" content=\"summary_large_image\" \/>\n<meta name=\"twitter:creator\" content=\"@elojocojo\" \/>\n<meta name=\"twitter:site\" content=\"@elojocojo\" \/>\n<meta name=\"twitter:label1\" content=\"Escrito por\" \/>\n\t<meta name=\"twitter:data1\" content=\"\" \/>\n\t<meta name=\"twitter:label2\" content=\"Tiempo de lectura\" \/>\n\t<meta name=\"twitter:data2\" content=\"1 minuto\" \/>\n<script type=\"application\/ld+json\" class=\"yoast-schema-graph\">{\"@context\":\"https:\/\/schema.org\",\"@graph\":[{\"@type\":\"Article\",\"@id\":\"https:\/\/elojocojo.org\/villa\/#article\",\"isPartOf\":{\"@id\":\"https:\/\/elojocojo.org\/villa\/\"},\"author\":{\"name\":\"\",\"@id\":\"\"},\"headline\":\"Villa\",\"datePublished\":\"2008-09-05T23:53:37+00:00\",\"dateModified\":\"2025-09-30T17:07:51+00:00\",\"mainEntityOfPage\":{\"@id\":\"https:\/\/elojocojo.org\/villa\/\"},\"wordCount\":484,\"publisher\":{\"@id\":\"https:\/\/elojocojo.org\/#organization\"},\"image\":{\"@id\":\"https:\/\/elojocojo.org\/villa\/#primaryimage\"},\"thumbnailUrl\":\"https:\/\/elojocojo.org\/wp-content\/uploads\/2008\/09\/MV5BODQ2NDRhM2UtYzFjMS00ZTNlLWI5NmUtODc3YTEzY2E0NWZlXkEyXkFqcGc@._V1_.jpg\",\"keywords\":[\"Ciudades y comunidades sostenibles\",\"discriminaci\u00f3n\",\"drama\",\"espa\u00f1ol\",\"espa\u00b1ol\",\"esperanza\",\"festival de cine\",\"f\u00fatbol\",\"globalizaci\u00f3n\",\"ingl\u00e9s\",\"minor\u00edas\",\"Reducci\u00f3n de las desigualdades\",\"vida cotidiana\",\"violencia\"],\"articleSection\":[\"Drama\",\"Festival 2008\"],\"inLanguage\":\"es\"},{\"@type\":\"WebPage\",\"@id\":\"https:\/\/elojocojo.org\/villa\/\",\"url\":\"https:\/\/elojocojo.org\/villa\/\",\"name\":\"Villa - el ojO cojo\",\"isPartOf\":{\"@id\":\"https:\/\/elojocojo.org\/#website\"},\"primaryImageOfPage\":{\"@id\":\"https:\/\/elojocojo.org\/villa\/#primaryimage\"},\"image\":{\"@id\":\"https:\/\/elojocojo.org\/villa\/#primaryimage\"},\"thumbnailUrl\":\"https:\/\/elojocojo.org\/wp-content\/uploads\/2008\/09\/MV5BODQ2NDRhM2UtYzFjMS00ZTNlLWI5NmUtODc3YTEzY2E0NWZlXkEyXkFqcGc@._V1_.jpg\",\"datePublished\":\"2008-09-05T23:53:37+00:00\",\"dateModified\":\"2025-09-30T17:07:51+00:00\",\"description\":\"Pel\u00edcula Villa exhibida en la edici\u00f3n 2008 del Festival el ojO cojo. Pa\u00eds de origen, Argentina. Dirigido por Ezio Massa.\",\"breadcrumb\":{\"@id\":\"https:\/\/elojocojo.org\/villa\/#breadcrumb\"},\"inLanguage\":\"es\",\"potentialAction\":[{\"@type\":\"ReadAction\",\"target\":[\"https:\/\/elojocojo.org\/villa\/\"]}]},{\"@type\":\"ImageObject\",\"inLanguage\":\"es\",\"@id\":\"https:\/\/elojocojo.org\/villa\/#primaryimage\",\"url\":\"https:\/\/elojocojo.org\/wp-content\/uploads\/2008\/09\/MV5BODQ2NDRhM2UtYzFjMS00ZTNlLWI5NmUtODc3YTEzY2E0NWZlXkEyXkFqcGc@._V1_.jpg\",\"contentUrl\":\"https:\/\/elojocojo.org\/wp-content\/uploads\/2008\/09\/MV5BODQ2NDRhM2UtYzFjMS00ZTNlLWI5NmUtODc3YTEzY2E0NWZlXkEyXkFqcGc@._V1_.jpg\",\"width\":1550,\"height\":867,\"caption\":\"Primer plano de una persona, a la cual solo se le puede ver la mitad de la cara. Lleva una capucha puesta y al lado tiene una pistola. La luz es d\u00e9bil, ya que es una iluminaci\u00f3n artificial.\"},{\"@type\":\"BreadcrumbList\",\"@id\":\"https:\/\/elojocojo.org\/villa\/#breadcrumb\",\"itemListElement\":[{\"@type\":\"ListItem\",\"position\":1,\"name\":\"Portada\",\"item\":\"https:\/\/elojocojo.org\/\"},{\"@type\":\"ListItem\",\"position\":2,\"name\":\"Ciudades y comunidades sostenibles\",\"item\":\"https:\/\/elojocojo.org\/tag\/ciudades-y-comunidades-sostenibles\/\"},{\"@type\":\"ListItem\",\"position\":3,\"name\":\"Villa\"}]},{\"@type\":\"WebSite\",\"@id\":\"https:\/\/elojocojo.org\/#website\",\"url\":\"https:\/\/elojocojo.org\/\",\"name\":\"el ojO cojo\",\"description\":\"Todos estamos hechos de la misma esencia\",\"publisher\":{\"@id\":\"https:\/\/elojocojo.org\/#organization\"},\"potentialAction\":[{\"@type\":\"SearchAction\",\"target\":{\"@type\":\"EntryPoint\",\"urlTemplate\":\"https:\/\/elojocojo.org\/?s={search_term_string}\"},\"query-input\":{\"@type\":\"PropertyValueSpecification\",\"valueRequired\":true,\"valueName\":\"search_term_string\"}}],\"inLanguage\":\"es\"},{\"@type\":\"Organization\",\"@id\":\"https:\/\/elojocojo.org\/#organization\",\"name\":\"Meigas da r\u00faa\",\"url\":\"https:\/\/elojocojo.org\/\",\"logo\":{\"@type\":\"ImageObject\",\"inLanguage\":\"es\",\"@id\":\"https:\/\/elojocojo.org\/#\/schema\/logo\/image\/\",\"url\":\"https:\/\/meigasdarua.org\/wp-content\/uploads\/2020\/09\/cropped-logo-meigas-5.png\",\"contentUrl\":\"https:\/\/meigasdarua.org\/wp-content\/uploads\/2020\/09\/cropped-logo-meigas-5.png\",\"width\":109,\"height\":200,\"caption\":\"Meigas da r\u00faa\"},\"image\":{\"@id\":\"https:\/\/elojocojo.org\/#\/schema\/logo\/image\/\"},\"sameAs\":[\"https:\/\/www.facebook.com\/elojocojo\",\"https:\/\/x.com\/elojocojo\",\"https:\/\/www.instagram.com\/elojocojo\/?hl=es\",\"https:\/\/www.linkedin.com\/in\/el-ojo-cojo-b52b7769\/\",\"https:\/\/www.pinterest.es\/elojocojo\/_saved\/\",\"https:\/\/www.youtube.com\/channel\/UCkFtFTV0Bms7zH7vq8FZxZg\"]},{\"@type\":\"Person\",\"@id\":\"\",\"url\":\"https:\/\/elojocojo.org\/author\/\"}]}<\/script>\n<!-- \/ Yoast SEO plugin. -->","yoast_head_json":{"title":"Villa - el ojO cojo","description":"Pel\u00edcula Villa exhibida en la edici\u00f3n 2008 del Festival el ojO cojo. Pa\u00eds de origen, Argentina. Dirigido por Ezio Massa.","robots":{"index":"index","follow":"follow","max-snippet":"max-snippet:-1","max-image-preview":"max-image-preview:large","max-video-preview":"max-video-preview:-1"},"canonical":"https:\/\/elojocojo.org\/villa\/","og_locale":"es_ES","og_type":"article","og_title":"Villa - el ojO cojo","og_description":"Pel\u00edcula Villa exhibida en la edici\u00f3n 2008 del Festival el ojO cojo. Pa\u00eds de origen, Argentina. Dirigido por Ezio Massa.","og_url":"https:\/\/elojocojo.org\/villa\/","og_site_name":"el ojO cojo","article_publisher":"https:\/\/www.facebook.com\/elojocojo","article_published_time":"2008-09-05T23:53:37+00:00","article_modified_time":"2025-09-30T17:07:51+00:00","og_image":[{"width":1550,"height":867,"url":"https:\/\/elojocojo.org\/wp-content\/uploads\/2008\/09\/MV5BODQ2NDRhM2UtYzFjMS00ZTNlLWI5NmUtODc3YTEzY2E0NWZlXkEyXkFqcGc@._V1_.jpg","type":"image\/jpeg"}],"twitter_card":"summary_large_image","twitter_creator":"@elojocojo","twitter_site":"@elojocojo","twitter_misc":{"Escrito por":"","Tiempo de lectura":"1 minuto"},"schema":{"@context":"https:\/\/schema.org","@graph":[{"@type":"Article","@id":"https:\/\/elojocojo.org\/villa\/#article","isPartOf":{"@id":"https:\/\/elojocojo.org\/villa\/"},"author":{"name":"","@id":""},"headline":"Villa","datePublished":"2008-09-05T23:53:37+00:00","dateModified":"2025-09-30T17:07:51+00:00","mainEntityOfPage":{"@id":"https:\/\/elojocojo.org\/villa\/"},"wordCount":484,"publisher":{"@id":"https:\/\/elojocojo.org\/#organization"},"image":{"@id":"https:\/\/elojocojo.org\/villa\/#primaryimage"},"thumbnailUrl":"https:\/\/elojocojo.org\/wp-content\/uploads\/2008\/09\/MV5BODQ2NDRhM2UtYzFjMS00ZTNlLWI5NmUtODc3YTEzY2E0NWZlXkEyXkFqcGc@._V1_.jpg","keywords":["Ciudades y comunidades sostenibles","discriminaci\u00f3n","drama","espa\u00f1ol","espa\u00b1ol","esperanza","festival de cine","f\u00fatbol","globalizaci\u00f3n","ingl\u00e9s","minor\u00edas","Reducci\u00f3n de las desigualdades","vida cotidiana","violencia"],"articleSection":["Drama","Festival 2008"],"inLanguage":"es"},{"@type":"WebPage","@id":"https:\/\/elojocojo.org\/villa\/","url":"https:\/\/elojocojo.org\/villa\/","name":"Villa - el ojO cojo","isPartOf":{"@id":"https:\/\/elojocojo.org\/#website"},"primaryImageOfPage":{"@id":"https:\/\/elojocojo.org\/villa\/#primaryimage"},"image":{"@id":"https:\/\/elojocojo.org\/villa\/#primaryimage"},"thumbnailUrl":"https:\/\/elojocojo.org\/wp-content\/uploads\/2008\/09\/MV5BODQ2NDRhM2UtYzFjMS00ZTNlLWI5NmUtODc3YTEzY2E0NWZlXkEyXkFqcGc@._V1_.jpg","datePublished":"2008-09-05T23:53:37+00:00","dateModified":"2025-09-30T17:07:51+00:00","description":"Pel\u00edcula Villa exhibida en la edici\u00f3n 2008 del Festival el ojO cojo. Pa\u00eds de origen, Argentina. Dirigido por Ezio Massa.","breadcrumb":{"@id":"https:\/\/elojocojo.org\/villa\/#breadcrumb"},"inLanguage":"es","potentialAction":[{"@type":"ReadAction","target":["https:\/\/elojocojo.org\/villa\/"]}]},{"@type":"ImageObject","inLanguage":"es","@id":"https:\/\/elojocojo.org\/villa\/#primaryimage","url":"https:\/\/elojocojo.org\/wp-content\/uploads\/2008\/09\/MV5BODQ2NDRhM2UtYzFjMS00ZTNlLWI5NmUtODc3YTEzY2E0NWZlXkEyXkFqcGc@._V1_.jpg","contentUrl":"https:\/\/elojocojo.org\/wp-content\/uploads\/2008\/09\/MV5BODQ2NDRhM2UtYzFjMS00ZTNlLWI5NmUtODc3YTEzY2E0NWZlXkEyXkFqcGc@._V1_.jpg","width":1550,"height":867,"caption":"Primer plano de una persona, a la cual solo se le puede ver la mitad de la cara. Lleva una capucha puesta y al lado tiene una pistola. La luz es d\u00e9bil, ya que es una iluminaci\u00f3n artificial."},{"@type":"BreadcrumbList","@id":"https:\/\/elojocojo.org\/villa\/#breadcrumb","itemListElement":[{"@type":"ListItem","position":1,"name":"Portada","item":"https:\/\/elojocojo.org\/"},{"@type":"ListItem","position":2,"name":"Ciudades y comunidades sostenibles","item":"https:\/\/elojocojo.org\/tag\/ciudades-y-comunidades-sostenibles\/"},{"@type":"ListItem","position":3,"name":"Villa"}]},{"@type":"WebSite","@id":"https:\/\/elojocojo.org\/#website","url":"https:\/\/elojocojo.org\/","name":"el ojO cojo","description":"Todos estamos hechos de la misma esencia","publisher":{"@id":"https:\/\/elojocojo.org\/#organization"},"potentialAction":[{"@type":"SearchAction","target":{"@type":"EntryPoint","urlTemplate":"https:\/\/elojocojo.org\/?s={search_term_string}"},"query-input":{"@type":"PropertyValueSpecification","valueRequired":true,"valueName":"search_term_string"}}],"inLanguage":"es"},{"@type":"Organization","@id":"https:\/\/elojocojo.org\/#organization","name":"Meigas da r\u00faa","url":"https:\/\/elojocojo.org\/","logo":{"@type":"ImageObject","inLanguage":"es","@id":"https:\/\/elojocojo.org\/#\/schema\/logo\/image\/","url":"https:\/\/meigasdarua.org\/wp-content\/uploads\/2020\/09\/cropped-logo-meigas-5.png","contentUrl":"https:\/\/meigasdarua.org\/wp-content\/uploads\/2020\/09\/cropped-logo-meigas-5.png","width":109,"height":200,"caption":"Meigas da r\u00faa"},"image":{"@id":"https:\/\/elojocojo.org\/#\/schema\/logo\/image\/"},"sameAs":["https:\/\/www.facebook.com\/elojocojo","https:\/\/x.com\/elojocojo","https:\/\/www.instagram.com\/elojocojo\/?hl=es","https:\/\/www.linkedin.com\/in\/el-ojo-cojo-b52b7769\/","https:\/\/www.pinterest.es\/elojocojo\/_saved\/","https:\/\/www.youtube.com\/channel\/UCkFtFTV0Bms7zH7vq8FZxZg"]},{"@type":"Person","@id":"","url":"https:\/\/elojocojo.org\/author\/"}]}},"_links":{"self":[{"href":"https:\/\/elojocojo.org\/wp-json\/wp\/v2\/posts\/1575","targetHints":{"allow":["GET"]}}],"collection":[{"href":"https:\/\/elojocojo.org\/wp-json\/wp\/v2\/posts"}],"about":[{"href":"https:\/\/elojocojo.org\/wp-json\/wp\/v2\/types\/post"}],"author":[{"embeddable":true,"href":"https:\/\/elojocojo.org\/wp-json\/wp\/v2\/users\/3"}],"replies":[{"embeddable":true,"href":"https:\/\/elojocojo.org\/wp-json\/wp\/v2\/comments?post=1575"}],"version-history":[{"count":11,"href":"https:\/\/elojocojo.org\/wp-json\/wp\/v2\/posts\/1575\/revisions"}],"predecessor-version":[{"id":69199,"href":"https:\/\/elojocojo.org\/wp-json\/wp\/v2\/posts\/1575\/revisions\/69199"}],"wp:featuredmedia":[{"embeddable":true,"href":"https:\/\/elojocojo.org\/wp-json\/wp\/v2\/media\/66784"}],"wp:attachment":[{"href":"https:\/\/elojocojo.org\/wp-json\/wp\/v2\/media?parent=1575"}],"wp:term":[{"taxonomy":"category","embeddable":true,"href":"https:\/\/elojocojo.org\/wp-json\/wp\/v2\/categories?post=1575"},{"taxonomy":"post_tag","embeddable":true,"href":"https:\/\/elojocojo.org\/wp-json\/wp\/v2\/tags?post=1575"}],"curies":[{"name":"wp","href":"https:\/\/api.w.org\/{rel}","templated":true}]}}