{"id":1550,"date":"2008-09-04T22:11:13","date_gmt":"2008-09-05T05:11:13","guid":{"rendered":"http:\/\/www.elojocojo.org\/blog2\/?p=1550"},"modified":"2025-09-19T16:47:21","modified_gmt":"2025-09-19T14:47:21","slug":"alcanzando-suenos","status":"publish","type":"post","link":"https:\/\/elojocojo.org\/alcanzando-suenos\/","title":{"rendered":"Alcanzando sue\u00f1os"},"content":{"rendered":"\n<figure class=\"wp-block-embed is-type-video is-provider-youtube wp-block-embed-youtube wp-embed-aspect-16-9 wp-has-aspect-ratio\"><div class=\"wp-block-embed__wrapper\">\n<iframe title=\"Alcanzando Sue\u00f1os trailer documental\" width=\"1140\" height=\"641\" src=\"https:\/\/www.youtube.com\/embed\/6fmRptLoxtI?feature=oembed\" frameborder=\"0\" allow=\"accelerometer; autoplay; clipboard-write; encrypted-media; gyroscope; picture-in-picture; web-share\" referrerpolicy=\"strict-origin-when-cross-origin\" allowfullscreen><\/iframe>\n<\/div><\/figure>\n\n\n\n<figure class=\"wp-block-image size-large\"><img decoding=\"async\" src=\"https:\/\/www.elojocojo.org\/wp-content\/uploads\/2020\/05\/alcanzando-sue%C3%B1os.png\" alt=\"Foto filme Alcanzando sue\u00f1os\" class=\"wp-image-20866\"\/><\/figure>\n\n\n<p class=\"MsoNormal\"><span style=\"font-size: 9pt; font-family: Arial;\">T\u00cdTULO: Alcanzando sue\u00f1os<\/span><\/p>\n<p><span style=\"font-size: 9pt; font-family: Arial;\">T\u00cdTULO ORIGINAL: Alcanzando sue\u00f1os<\/span><\/p>\n<p class=\"MsoNormal\"><span style=\"font-size: 9pt; font-family: Arial;\">A\u00d1O: 2007<\/span><\/p>\n<p><span style=\"font-size: 9pt; font-family: Arial;\">DIRECTOR: Beatriz P\u00e9rez Mart\u00edn<\/span><\/p>\n<p class=\"MsoNormal\"><span style=\"font-size: 9pt; font-family: Arial;\">G\u00c9NERO cinematogr\u00e1fico: Documental<\/span><\/p>\n<p><span style=\"font-size: 9pt; font-family: Arial;\">DURACI\u00d3N: 56\u2019<\/span><\/p>\n<p><span style=\"font-size: 9pt; font-family: Arial;\">PA\u00cdS: Espa\u00f1a<\/span><\/p>\n<p class=\"MsoNormal\"><span style=\"font-size: 9pt; font-family: Arial;\">FORMATO ORIGINAL: Betacam Pal<\/span><\/p>\n<p class=\"MsoNormal\"><span style=\"font-size: 9pt; font-family: Arial;\">TIPO: Color<\/span><\/p>\n<p class=\"MsoNormal\"><span style=\"font-size: 9pt; font-family: Arial;\">IDIOMA ORIGINAL: Castellano, Ingl\u00e9s y Franc\u00e9s<\/span><\/p>\n<p class=\"MsoNormal\"><span style=\"font-size: 9pt; font-family: Arial;\">SUBT\u00cdTULOS: Castellano<\/span><\/p>\n<p class=\"MsoNormal\"><span style=\"font-size: 9pt; font-family: Arial;\">PRODUCCI\u00d3N: Nacho Soriano <\/span><\/p>\n<p class=\"MsoNormal\"><span style=\"font-size: 9pt; font-family: Arial;\">GUI\u00d3N: Beatriz P\u00e9rez Mart\u00edn<\/span><\/p>\n<p><span style=\"font-size: 9pt; font-family: Arial;\">EDICI\u00d3N\/MONTAJE: Daniel Mauri<\/span><\/p>\n<p class=\"MsoNormal\"><span style=\"font-size: 9pt; font-family: Arial;\">DIRECCI\u00d3N DE FOTOGRAF\u00cdA: Daniel Mauri <\/span><\/p>\n<p class=\"MsoNormal\"><span style=\"font-size: 9pt; font-family: Arial;\">SONIDO: Daniel de Zayas<\/span><\/p>\n<p class=\"MsoNormal\"><span style=\"font-size: 9pt; font-family: Arial;\">M\u00daSICA: Santiago Mart\u00ednez<\/span><\/p>\n<p class=\"MsoNormal\"><span style=\"font-size: 9pt; font-family: Arial;\">Opera prima<\/span><\/p>\n<p class=\"MsoNormal\"><span style=\"font-size: 10pt; font-family: Arial;\">Sinopsis<\/span><\/p>\n<p>La pel\u00edcula, producida por Andalucine\u00a0<strong>con la participaci\u00f3n de Canal Sur<\/strong>, basa su argumento en la filosof\u00eda de los microcr\u00e9ditos ideada por Muhammad Yunus, Premio Nobel de la Paz 2006, y en la adaptaci\u00f3n de este revolucionario sistema crediticio a pa\u00edses desarrollados, tomando como ejemplo las experiencias de j\u00f3venes empresarios y empresarias andaluzas que han conseguido su propio negocio gracias a este tipo de financiaci\u00f3n.<\/p>\n<p>La idea del documental surgi\u00f3 gracias a la visita de Muhammad Yunus a la capital sevillana pocos d\u00edas antes de ser reconocido con el Premio Nobel de la Paz 2006 por su labor con este sistema crediticio, que est\u00e1 sacando de la pobreza a miles de personas en todo el mundo a trav\u00e9s del Grameen Bank.<\/p>\n<p>El guion de este documental es creaci\u00f3n de la tambi\u00e9n codirectora\u00a0Beatriz P\u00e9rez Mart\u00edn, mientras que de la m\u00fasica se encargar\u00e1 Santiago Mart\u00ednez.\u00a0<\/p>\n\n\n<p>El filme Alcanzando sue\u00f1os particip\u00f3 en la edici\u00f3n <strong>2007<\/strong> del <a href=\"https:\/\/elojocojo.org\/category\/festival-2007\/\"><strong>Festival de cine el ojO cojo<\/strong> <\/a>en ese sentido nos sentimos honrados de haberla exhibido.<\/p>\n\n\n\n<p>Visita nuestro <a href=\"https:\/\/el-ojocojo.blogspot.com\/\">blog<\/a> <\/p>\n","protected":false},"excerpt":{"rendered":"<p>T\u00cdTULO: Alcanzando sue\u00f1os T\u00cdTULO ORIGINAL: Alcanzando sue\u00f1os A\u00d1O: 2007 DIRECTOR: Beatriz P\u00e9rez Mart\u00edn G\u00c9NERO cinematogr\u00e1fico: Documental DURACI\u00d3N: 56\u2019 PA\u00cdS: Espa\u00f1a FORMATO ORIGINAL: Betacam Pal TIPO: Color IDIOMA ORIGINAL: Castellano, Ingl\u00e9s y Franc\u00e9s SUBT\u00cdTULOS: Castellano PRODUCCI\u00d3N: Nacho Soriano GUI\u00d3N: Beatriz P\u00e9rez Mart\u00edn EDICI\u00d3N\/MONTAJE: Daniel Mauri DIRECCI\u00d3N DE FOTOGRAF\u00cdA: Daniel Mauri SONIDO: Daniel de Zayas M\u00daSICA: Santiago [&hellip;]<\/p>\n","protected":false},"author":3,"featured_media":20866,"comment_status":"closed","ping_status":"open","sticky":false,"template":"","format":"standard","meta":{"_monsterinsights_skip_tracking":false,"_monsterinsights_sitenote_active":false,"_monsterinsights_sitenote_note":"","_monsterinsights_sitenote_category":0,"footnotes":""},"categories":[2053,983],"tags":[2002,1257,1253,1067,1893,2119,1981,1982,2118],"class_list":{"0":"post-1550","1":"post","2":"type-post","3":"status-publish","4":"format-standard","5":"has-post-thumbnail","7":"category-documental","8":"category-festival-2007","9":"tag-2002","10":"tag-accion-por-el-clima","11":"tag-ciudades-y-comunidades-sostenibles","12":"tag-economia","13":"tag-educar-en-valores","14":"tag-espanol","15":"tag-festival-de-cine","16":"tag-festival-el-ojo-cojo","17":"tag-ingles","18":"czr-hentry"},"yoast_head":"<!-- This site is optimized with the Yoast SEO plugin v27.1.1 - https:\/\/yoast.com\/product\/yoast-seo-wordpress\/ -->\n<title>Alcanzando sue\u00f1os - el ojO cojo<\/title>\n<meta name=\"description\" content=\"Pel\u00edcula Alcanzando sue\u00f1os exhibida en la edici\u00f3n 2007 del Festival el ojO cojo. Pa\u00eds de origen, Espa\u00f1a. Dirigido por Beatriz P\u00e9rez Mart\u00edn.\" \/>\n<meta name=\"robots\" content=\"index, follow, max-snippet:-1, max-image-preview:large, max-video-preview:-1\" \/>\n<link rel=\"canonical\" href=\"https:\/\/elojocojo.org\/alcanzando-suenos\/\" \/>\n<meta property=\"og:locale\" content=\"es_ES\" \/>\n<meta property=\"og:type\" content=\"article\" \/>\n<meta property=\"og:title\" content=\"Alcanzando sue\u00f1os - el ojO cojo\" \/>\n<meta property=\"og:description\" content=\"Pel\u00edcula Alcanzando sue\u00f1os exhibida en la edici\u00f3n 2007 del Festival el ojO cojo. Pa\u00eds de origen, Espa\u00f1a. Dirigido por Beatriz P\u00e9rez Mart\u00edn.\" \/>\n<meta property=\"og:url\" content=\"https:\/\/elojocojo.org\/alcanzando-suenos\/\" \/>\n<meta property=\"og:site_name\" content=\"el ojO cojo\" \/>\n<meta property=\"article:publisher\" content=\"https:\/\/www.facebook.com\/elojocojo\" \/>\n<meta property=\"article:published_time\" content=\"2008-09-05T05:11:13+00:00\" \/>\n<meta property=\"article:modified_time\" content=\"2025-09-19T14:47:21+00:00\" \/>\n<meta property=\"og:image\" content=\"https:\/\/elojocojo.org\/wp-content\/uploads\/2020\/05\/alcanzando-sue\u00f1os.png\" \/>\n\t<meta property=\"og:image:width\" content=\"232\" \/>\n\t<meta property=\"og:image:height\" content=\"335\" \/>\n\t<meta property=\"og:image:type\" content=\"image\/png\" \/>\n<meta name=\"twitter:card\" content=\"summary_large_image\" \/>\n<meta name=\"twitter:creator\" content=\"@elojocojo\" \/>\n<meta name=\"twitter:site\" content=\"@elojocojo\" \/>\n<meta name=\"twitter:label1\" content=\"Escrito por\" \/>\n\t<meta name=\"twitter:data1\" content=\"\" \/>\n\t<meta name=\"twitter:label2\" content=\"Tiempo de lectura\" \/>\n\t<meta name=\"twitter:data2\" content=\"1 minuto\" \/>\n<script type=\"application\/ld+json\" class=\"yoast-schema-graph\">{\"@context\":\"https:\/\/schema.org\",\"@graph\":[{\"@type\":\"Article\",\"@id\":\"https:\/\/elojocojo.org\/alcanzando-suenos\/#article\",\"isPartOf\":{\"@id\":\"https:\/\/elojocojo.org\/alcanzando-suenos\/\"},\"author\":{\"name\":\"\",\"@id\":\"\"},\"headline\":\"Alcanzando sue\u00f1os\",\"datePublished\":\"2008-09-05T05:11:13+00:00\",\"dateModified\":\"2025-09-19T14:47:21+00:00\",\"mainEntityOfPage\":{\"@id\":\"https:\/\/elojocojo.org\/alcanzando-suenos\/\"},\"wordCount\":278,\"publisher\":{\"@id\":\"https:\/\/elojocojo.org\/#organization\"},\"image\":{\"@id\":\"https:\/\/elojocojo.org\/alcanzando-suenos\/#primaryimage\"},\"thumbnailUrl\":\"https:\/\/elojocojo.org\/wp-content\/uploads\/2020\/05\/alcanzando-sue\u00f1os.png\",\"keywords\":[\"2020\",\"Acci\u00f3n por el clima\",\"Ciudades y comunidades sostenibles\",\"econom\u00eda\",\"educar en valores\",\"espa\u00f1ol\",\"festival de cine\",\"Festival el Ojo cojo\",\"ingl\u00e9s\"],\"articleSection\":[\"Documental\",\"Festival 2007\"],\"inLanguage\":\"es\"},{\"@type\":\"WebPage\",\"@id\":\"https:\/\/elojocojo.org\/alcanzando-suenos\/\",\"url\":\"https:\/\/elojocojo.org\/alcanzando-suenos\/\",\"name\":\"Alcanzando sue\u00f1os - el ojO cojo\",\"isPartOf\":{\"@id\":\"https:\/\/elojocojo.org\/#website\"},\"primaryImageOfPage\":{\"@id\":\"https:\/\/elojocojo.org\/alcanzando-suenos\/#primaryimage\"},\"image\":{\"@id\":\"https:\/\/elojocojo.org\/alcanzando-suenos\/#primaryimage\"},\"thumbnailUrl\":\"https:\/\/elojocojo.org\/wp-content\/uploads\/2020\/05\/alcanzando-sue\u00f1os.png\",\"datePublished\":\"2008-09-05T05:11:13+00:00\",\"dateModified\":\"2025-09-19T14:47:21+00:00\",\"description\":\"Pel\u00edcula Alcanzando sue\u00f1os exhibida en la edici\u00f3n 2007 del Festival el ojO cojo. Pa\u00eds de origen, Espa\u00f1a. Dirigido por Beatriz P\u00e9rez Mart\u00edn.\",\"breadcrumb\":{\"@id\":\"https:\/\/elojocojo.org\/alcanzando-suenos\/#breadcrumb\"},\"inLanguage\":\"es\",\"potentialAction\":[{\"@type\":\"ReadAction\",\"target\":[\"https:\/\/elojocojo.org\/alcanzando-suenos\/\"]}]},{\"@type\":\"ImageObject\",\"inLanguage\":\"es\",\"@id\":\"https:\/\/elojocojo.org\/alcanzando-suenos\/#primaryimage\",\"url\":\"https:\/\/elojocojo.org\/wp-content\/uploads\/2020\/05\/alcanzando-sue\u00f1os.png\",\"contentUrl\":\"https:\/\/elojocojo.org\/wp-content\/uploads\/2020\/05\/alcanzando-sue\u00f1os.png\",\"width\":232,\"height\":335},{\"@type\":\"BreadcrumbList\",\"@id\":\"https:\/\/elojocojo.org\/alcanzando-suenos\/#breadcrumb\",\"itemListElement\":[{\"@type\":\"ListItem\",\"position\":1,\"name\":\"Portada\",\"item\":\"https:\/\/elojocojo.org\/\"},{\"@type\":\"ListItem\",\"position\":2,\"name\":\"2020\",\"item\":\"https:\/\/elojocojo.org\/tag\/2020\/\"},{\"@type\":\"ListItem\",\"position\":3,\"name\":\"Alcanzando sue\u00f1os\"}]},{\"@type\":\"WebSite\",\"@id\":\"https:\/\/elojocojo.org\/#website\",\"url\":\"https:\/\/elojocojo.org\/\",\"name\":\"el ojO cojo\",\"description\":\"Todos estamos hechos de la misma esencia\",\"publisher\":{\"@id\":\"https:\/\/elojocojo.org\/#organization\"},\"potentialAction\":[{\"@type\":\"SearchAction\",\"target\":{\"@type\":\"EntryPoint\",\"urlTemplate\":\"https:\/\/elojocojo.org\/?s={search_term_string}\"},\"query-input\":{\"@type\":\"PropertyValueSpecification\",\"valueRequired\":true,\"valueName\":\"search_term_string\"}}],\"inLanguage\":\"es\"},{\"@type\":\"Organization\",\"@id\":\"https:\/\/elojocojo.org\/#organization\",\"name\":\"Meigas da r\u00faa\",\"url\":\"https:\/\/elojocojo.org\/\",\"logo\":{\"@type\":\"ImageObject\",\"inLanguage\":\"es\",\"@id\":\"https:\/\/elojocojo.org\/#\/schema\/logo\/image\/\",\"url\":\"https:\/\/meigasdarua.org\/wp-content\/uploads\/2020\/09\/cropped-logo-meigas-5.png\",\"contentUrl\":\"https:\/\/meigasdarua.org\/wp-content\/uploads\/2020\/09\/cropped-logo-meigas-5.png\",\"width\":109,\"height\":200,\"caption\":\"Meigas da r\u00faa\"},\"image\":{\"@id\":\"https:\/\/elojocojo.org\/#\/schema\/logo\/image\/\"},\"sameAs\":[\"https:\/\/www.facebook.com\/elojocojo\",\"https:\/\/x.com\/elojocojo\",\"https:\/\/www.instagram.com\/elojocojo\/?hl=es\",\"https:\/\/www.linkedin.com\/in\/el-ojo-cojo-b52b7769\/\",\"https:\/\/www.pinterest.es\/elojocojo\/_saved\/\",\"https:\/\/www.youtube.com\/channel\/UCkFtFTV0Bms7zH7vq8FZxZg\"]},{\"@type\":\"Person\",\"@id\":\"\",\"url\":\"https:\/\/elojocojo.org\/author\/\"}]}<\/script>\n<!-- \/ Yoast SEO plugin. -->","yoast_head_json":{"title":"Alcanzando sue\u00f1os - el ojO cojo","description":"Pel\u00edcula Alcanzando sue\u00f1os exhibida en la edici\u00f3n 2007 del Festival el ojO cojo. Pa\u00eds de origen, Espa\u00f1a. Dirigido por Beatriz P\u00e9rez Mart\u00edn.","robots":{"index":"index","follow":"follow","max-snippet":"max-snippet:-1","max-image-preview":"max-image-preview:large","max-video-preview":"max-video-preview:-1"},"canonical":"https:\/\/elojocojo.org\/alcanzando-suenos\/","og_locale":"es_ES","og_type":"article","og_title":"Alcanzando sue\u00f1os - el ojO cojo","og_description":"Pel\u00edcula Alcanzando sue\u00f1os exhibida en la edici\u00f3n 2007 del Festival el ojO cojo. Pa\u00eds de origen, Espa\u00f1a. Dirigido por Beatriz P\u00e9rez Mart\u00edn.","og_url":"https:\/\/elojocojo.org\/alcanzando-suenos\/","og_site_name":"el ojO cojo","article_publisher":"https:\/\/www.facebook.com\/elojocojo","article_published_time":"2008-09-05T05:11:13+00:00","article_modified_time":"2025-09-19T14:47:21+00:00","og_image":[{"width":232,"height":335,"url":"https:\/\/elojocojo.org\/wp-content\/uploads\/2020\/05\/alcanzando-sue\u00f1os.png","type":"image\/png"}],"twitter_card":"summary_large_image","twitter_creator":"@elojocojo","twitter_site":"@elojocojo","twitter_misc":{"Escrito por":"","Tiempo de lectura":"1 minuto"},"schema":{"@context":"https:\/\/schema.org","@graph":[{"@type":"Article","@id":"https:\/\/elojocojo.org\/alcanzando-suenos\/#article","isPartOf":{"@id":"https:\/\/elojocojo.org\/alcanzando-suenos\/"},"author":{"name":"","@id":""},"headline":"Alcanzando sue\u00f1os","datePublished":"2008-09-05T05:11:13+00:00","dateModified":"2025-09-19T14:47:21+00:00","mainEntityOfPage":{"@id":"https:\/\/elojocojo.org\/alcanzando-suenos\/"},"wordCount":278,"publisher":{"@id":"https:\/\/elojocojo.org\/#organization"},"image":{"@id":"https:\/\/elojocojo.org\/alcanzando-suenos\/#primaryimage"},"thumbnailUrl":"https:\/\/elojocojo.org\/wp-content\/uploads\/2020\/05\/alcanzando-sue\u00f1os.png","keywords":["2020","Acci\u00f3n por el clima","Ciudades y comunidades sostenibles","econom\u00eda","educar en valores","espa\u00f1ol","festival de cine","Festival el Ojo cojo","ingl\u00e9s"],"articleSection":["Documental","Festival 2007"],"inLanguage":"es"},{"@type":"WebPage","@id":"https:\/\/elojocojo.org\/alcanzando-suenos\/","url":"https:\/\/elojocojo.org\/alcanzando-suenos\/","name":"Alcanzando sue\u00f1os - el ojO cojo","isPartOf":{"@id":"https:\/\/elojocojo.org\/#website"},"primaryImageOfPage":{"@id":"https:\/\/elojocojo.org\/alcanzando-suenos\/#primaryimage"},"image":{"@id":"https:\/\/elojocojo.org\/alcanzando-suenos\/#primaryimage"},"thumbnailUrl":"https:\/\/elojocojo.org\/wp-content\/uploads\/2020\/05\/alcanzando-sue\u00f1os.png","datePublished":"2008-09-05T05:11:13+00:00","dateModified":"2025-09-19T14:47:21+00:00","description":"Pel\u00edcula Alcanzando sue\u00f1os exhibida en la edici\u00f3n 2007 del Festival el ojO cojo. Pa\u00eds de origen, Espa\u00f1a. Dirigido por Beatriz P\u00e9rez Mart\u00edn.","breadcrumb":{"@id":"https:\/\/elojocojo.org\/alcanzando-suenos\/#breadcrumb"},"inLanguage":"es","potentialAction":[{"@type":"ReadAction","target":["https:\/\/elojocojo.org\/alcanzando-suenos\/"]}]},{"@type":"ImageObject","inLanguage":"es","@id":"https:\/\/elojocojo.org\/alcanzando-suenos\/#primaryimage","url":"https:\/\/elojocojo.org\/wp-content\/uploads\/2020\/05\/alcanzando-sue\u00f1os.png","contentUrl":"https:\/\/elojocojo.org\/wp-content\/uploads\/2020\/05\/alcanzando-sue\u00f1os.png","width":232,"height":335},{"@type":"BreadcrumbList","@id":"https:\/\/elojocojo.org\/alcanzando-suenos\/#breadcrumb","itemListElement":[{"@type":"ListItem","position":1,"name":"Portada","item":"https:\/\/elojocojo.org\/"},{"@type":"ListItem","position":2,"name":"2020","item":"https:\/\/elojocojo.org\/tag\/2020\/"},{"@type":"ListItem","position":3,"name":"Alcanzando sue\u00f1os"}]},{"@type":"WebSite","@id":"https:\/\/elojocojo.org\/#website","url":"https:\/\/elojocojo.org\/","name":"el ojO cojo","description":"Todos estamos hechos de la misma esencia","publisher":{"@id":"https:\/\/elojocojo.org\/#organization"},"potentialAction":[{"@type":"SearchAction","target":{"@type":"EntryPoint","urlTemplate":"https:\/\/elojocojo.org\/?s={search_term_string}"},"query-input":{"@type":"PropertyValueSpecification","valueRequired":true,"valueName":"search_term_string"}}],"inLanguage":"es"},{"@type":"Organization","@id":"https:\/\/elojocojo.org\/#organization","name":"Meigas da r\u00faa","url":"https:\/\/elojocojo.org\/","logo":{"@type":"ImageObject","inLanguage":"es","@id":"https:\/\/elojocojo.org\/#\/schema\/logo\/image\/","url":"https:\/\/meigasdarua.org\/wp-content\/uploads\/2020\/09\/cropped-logo-meigas-5.png","contentUrl":"https:\/\/meigasdarua.org\/wp-content\/uploads\/2020\/09\/cropped-logo-meigas-5.png","width":109,"height":200,"caption":"Meigas da r\u00faa"},"image":{"@id":"https:\/\/elojocojo.org\/#\/schema\/logo\/image\/"},"sameAs":["https:\/\/www.facebook.com\/elojocojo","https:\/\/x.com\/elojocojo","https:\/\/www.instagram.com\/elojocojo\/?hl=es","https:\/\/www.linkedin.com\/in\/el-ojo-cojo-b52b7769\/","https:\/\/www.pinterest.es\/elojocojo\/_saved\/","https:\/\/www.youtube.com\/channel\/UCkFtFTV0Bms7zH7vq8FZxZg"]},{"@type":"Person","@id":"","url":"https:\/\/elojocojo.org\/author\/"}]}},"_links":{"self":[{"href":"https:\/\/elojocojo.org\/wp-json\/wp\/v2\/posts\/1550","targetHints":{"allow":["GET"]}}],"collection":[{"href":"https:\/\/elojocojo.org\/wp-json\/wp\/v2\/posts"}],"about":[{"href":"https:\/\/elojocojo.org\/wp-json\/wp\/v2\/types\/post"}],"author":[{"embeddable":true,"href":"https:\/\/elojocojo.org\/wp-json\/wp\/v2\/users\/3"}],"replies":[{"embeddable":true,"href":"https:\/\/elojocojo.org\/wp-json\/wp\/v2\/comments?post=1550"}],"version-history":[{"count":6,"href":"https:\/\/elojocojo.org\/wp-json\/wp\/v2\/posts\/1550\/revisions"}],"predecessor-version":[{"id":58286,"href":"https:\/\/elojocojo.org\/wp-json\/wp\/v2\/posts\/1550\/revisions\/58286"}],"wp:featuredmedia":[{"embeddable":true,"href":"https:\/\/elojocojo.org\/wp-json\/wp\/v2\/media\/20866"}],"wp:attachment":[{"href":"https:\/\/elojocojo.org\/wp-json\/wp\/v2\/media?parent=1550"}],"wp:term":[{"taxonomy":"category","embeddable":true,"href":"https:\/\/elojocojo.org\/wp-json\/wp\/v2\/categories?post=1550"},{"taxonomy":"post_tag","embeddable":true,"href":"https:\/\/elojocojo.org\/wp-json\/wp\/v2\/tags?post=1550"}],"curies":[{"name":"wp","href":"https:\/\/api.w.org\/{rel}","templated":true}]}}