{"id":1548,"date":"2008-09-04T22:09:32","date_gmt":"2008-09-05T05:09:32","guid":{"rendered":"http:\/\/www.elojocojo.org\/blog2\/?p=1548"},"modified":"2025-09-19T16:47:34","modified_gmt":"2025-09-19T14:47:34","slug":"algo-asi","status":"publish","type":"post","link":"https:\/\/elojocojo.org\/algo-asi\/","title":{"rendered":"Algo as\u00ed"},"content":{"rendered":"\n<figure class=\"wp-block-embed alignwide is-type-video is-provider-youtube wp-block-embed-youtube wp-embed-aspect-4-3 wp-has-aspect-ratio\"><div class=\"wp-block-embed__wrapper\">\n<iframe title=\"Alguma Coisa Assim (Something Like That) - Trailer\" width=\"1140\" height=\"855\" src=\"https:\/\/www.youtube.com\/embed\/jc3xfHHqNxc?feature=oembed\" frameborder=\"0\" allow=\"accelerometer; autoplay; clipboard-write; encrypted-media; gyroscope; picture-in-picture; web-share\" referrerpolicy=\"strict-origin-when-cross-origin\" allowfullscreen><\/iframe>\n<\/div><\/figure>\n\n\n\n<p>T\u00edtulo: <em>Algo as\u00ed<\/em><\/p>\n\n\n\n<p>T\u00edtulo original: Alguma Coisa Assim<\/p>\n\n\n\n<p>A\u00f1o: 2006<\/p>\n\n\n\n<p>Directores: Esmir Filho y Mariana Bastos<\/p>\n\n\n\n<p>G\u00e9nero: Ficci\u00f3n<\/p>\n\n\n\n<p>Duraci\u00f3n: 15\u2019<\/p>\n\n\n\n<p>Pa\u00eds: Brasil y Alemania<\/p>\n\n\n\n<p>Formato original: Cine 16 mm<\/p>\n\n\n\n<p>Tipo: Color<\/p>\n\n\n\n<p>Idioma original: Portugu\u00e9s<\/p>\n\n\n\n<p>Subt\u00edtulos: Castellano<\/p>\n\n\n\n<p>Int\u00e9rpretes: Carolina Abras, Andr\u00e9 Antunes, Daniel Tavares<\/p>\n\n\n\n<p>Producci\u00f3n: Sheila Spet<\/p>\n\n\n\n<p>Gui\u00f3n: Esmir Filho<\/p>\n\n\n\n<p>Edici\u00f3n\/Montaje: Carolina Leone y Esmir Filho<\/p>\n\n\n\n<p>Direcci\u00f3n de fotograf\u00eda: Marcelo Escanuela<\/p>\n\n\n\n<p>Sonido: Geraldo Ribeiro<\/p>\n\n\n\n<h2 class=\"wp-block-heading\"><strong>SINOPSIS<\/strong><\/h2>\n\n\n\n<h3 class=\"wp-block-heading\"><strong>Encuentro entre el ruido y la intuici\u00f3n<\/strong><\/h3>\n\n\n\n<p>Ciao y Mari se cruzan por primera vez en una esquina de S\u00e3o Paulo, donde el ruido del tr\u00e1fico y la algarab\u00eda urbana parecen formar parte de su banda sonora personal. A pesar de no definirse como pareja ni como amigos, comparten miradas c\u00f3mplices y di\u00e1logos a media voz. Adem\u00e1s, ese v\u00ednculo que surge entre ellos no responde a etiquetas tradicionales, sino que nace de la incertidumbre y la curiosidad mutua por lo que podr\u00edan llegar a ser.<\/p>\n\n\n\n<p>Por consiguiente, lo que los une es m\u00e1s un reflejo de posibilidades que de certezas. Aunque no lo digan abiertamente, la conexi\u00f3n ya est\u00e1 tejida desde el primer instante.<\/p>\n\n\n\n<h3 class=\"wp-block-heading\"><strong>Ritmos que desaf\u00edan las definiciones<\/strong><\/h3>\n\n\n\n<p>En su segundo encuentro, los j\u00f3venes recorren plazas y callejones, bailan al comp\u00e1s de DJs callejeros y r\u00eden con la misma ligereza con la que descubren sus deseos. Por otro lado, entre grafitis y puestas de sol, aprenden a confiar el uno en el otro, como si cada rinc\u00f3n de la ciudad conspirara para acercarlos.<\/p>\n\n\n\n<p>Cada paso de baile, cada broma compartida, fortalece un lazo ef\u00edmero que, sin embargo, desaf\u00eda las reglas de las relaciones tradicionales. Asimismo, el tiempo que pasan juntos va moldeando una forma de intimidad distinta, basada en la espontaneidad y la libertad emocional.<\/p>\n\n\n\n<h3 class=\"wp-block-heading\"><strong>Silencios que hablan m\u00e1s que las palabras<\/strong><\/h3>\n\n\n\n<p>A\u00f1os despu\u00e9s, una llamada rompe la continuidad de su historia. El silencio, que antes era c\u00f3modo, ahora se vuelve denso: hay preguntas sin formular, emociones contenidas, frases que se quedan en el aire. En este punto, Ciao busca definirse profesionalmente, mientras Mari atraviesa un duelo personal que transforma su manera de ver el mundo.<\/p>\n\n\n\n<p>Adem\u00e1s, los espacios que sol\u00edan compartir se llenan de ausencias y mensajes sin respuesta. Como resultado, la relaci\u00f3n empieza a fragmentarse. A pesar del fuerte v\u00ednculo que los un\u00eda, descubren que incluso los lazos m\u00e1s genuinos tambi\u00e9n pueden deshacerse si no se cuidan.<\/p>\n\n\n\n<h3 class=\"wp-block-heading\"><strong>Deseos que no caminan al mismo ritmo<\/strong><\/h3>\n\n\n\n<p>Como consecuencia de sus procesos individuales, sus anhelos comienzan a entrar en conflicto. Por un lado, Mari desea arraigo y seguridad. Por el otro, Ciao explora horizontes m\u00f3viles y retos lejanos. Esta diferencia no es solo de planes, sino tambi\u00e9n de necesidades emocionales.<\/p>\n\n\n\n<p>Mientras tanto, la tensi\u00f3n crece cuando una invitaci\u00f3n a un proyecto internacional pone a prueba todo lo que hab\u00edan construido sin ponerle nombre. El pulso entre el miedo a perderse y la tentaci\u00f3n de soltarse marca el comp\u00e1s de su di\u00e1logo, oblig\u00e1ndolos a replantearse si seguir juntos es una elecci\u00f3n o una costumbre.<\/p>\n\n\n\n<h3 class=\"wp-block-heading\"><strong>El reencuentro desde otra perspectiva<\/strong><\/h3>\n\n\n\n<p>Finalmente, el tiempo les ofrece nuevas herramientas: han aprendido sobre s\u00ed mismos, sobre el otro y sobre la libertad compartida. Es entonces cuando se reencuentran, una vez m\u00e1s, en una calle cualquiera de S\u00e3o Paulo. No obstante, ahora lo hacen desde otro lugar emocional, con la madurez suficiente para reconocer que ese \u00abalgo as\u00ed\u00bb puede mutar sin desaparecer.<\/p>\n\n\n\n<p>Su historia no cierra con un final rotundo, sino con la promesa de que cada paso que den juntos, aunque incierto, tambi\u00e9n puede redefinirse.<\/p>\n\n\n\n<h2 class=\"wp-block-heading\"><strong>PALAMAR\u00c9S<\/strong><\/h2>\n\n\n\n<p>2006:<\/p>\n\n\n\n<p>Festival de Cannes, Francia<\/p>\n\n\n\n<ul class=\"wp-block-list\">\n<li>Premio \u00abPrix Grand Cru\u00bb<\/li>\n<\/ul>\n\n\n\n<p>Festival de Biarritz, Francia<\/p>\n\n\n\n<ul class=\"wp-block-list\">\n<li>Premio Mejor Cortometraje.<\/li>\n<\/ul>\n\n\n\n<p>Concurso Cinematogr\u00e1fico de Kiev, Ucrania <\/p>\n\n\n\n<ul class=\"wp-block-list\">\n<li>Premio Mejor Pel\u00edcula.<\/li>\n<\/ul>\n\n\n<div class=\"wp-block-image\">\n<figure class=\"aligncenter size-full is-resized\"><img decoding=\"async\" width=\"190\" height=\"281\" src=\"https:\/\/elojocojo.org\/wp-content\/uploads\/2008\/09\/MV5BOTk3ZGQxMjctMTYyNi00MzBmLWFmNGYtZDljYWVlNDE2NjNmXkEyXkFqcGc@._V1_QL75_UY281_CR10190281_.jpg\" alt=\"Cartel de Algo as\u00ed, con su t\u00edtulo original: Alguma Coisa Assim.\" class=\"wp-image-66960\" style=\"object-fit:cover;width:200px;height:300px\" srcset=\"https:\/\/elojocojo.org\/wp-content\/uploads\/2008\/09\/MV5BOTk3ZGQxMjctMTYyNi00MzBmLWFmNGYtZDljYWVlNDE2NjNmXkEyXkFqcGc@._V1_QL75_UY281_CR10190281_.jpg 190w, https:\/\/elojocojo.org\/wp-content\/uploads\/2008\/09\/MV5BOTk3ZGQxMjctMTYyNi00MzBmLWFmNGYtZDljYWVlNDE2NjNmXkEyXkFqcGc@._V1_QL75_UY281_CR10190281_-150x222.jpg 150w\" sizes=\"(max-width: 190px) 100vw, 190px\" \/><\/figure>\n<\/div>\n\n\n<p class=\"has-text-align-left\"><a href=\"https:\/\/www.imdb.com\/es\/title\/tt5863402\/?ref_=nv_sr_srsg_0_tt_4_nm_0_in_0_q_Alguma%2520Coisa%2520Assim\">IMDb<\/a> 6.5\/10<\/p>\n\n\n\n<p class=\"p1\">El filme <em>Algo as\u00ed<\/em> particip\u00f3 en la edici\u00f3n <span class=\"s1\"><b><a href=\"https:\/\/elojocojo.org\/category\/festival-2007\/\">2007<\/a><\/b><\/span> del <a href=\"https:\/\/elojocojo.org\/bienvenida\/festivalelojocojo\/\"><span class=\"s1\"><b>Festival de cine el ojO cojo<\/b> ,<\/span><\/a> en ese sentido nos sentimos honrados de haberla exhibido.<\/p>\n\n\n\n<p class=\"p1\">Visita nuestro <a href=\"https:\/\/el-ojocojo.blogspot.com\/\">blog<\/a>.<\/p>\n\n\n\n<p><\/p>\n","protected":false},"excerpt":{"rendered":"<p>Ciao y Mari son dos adolescentes cuya relaci\u00f3n va m\u00e1s all\u00e1 de alguna definici\u00f3n. En las calles de Sao Paulo. Directores: Esmir Filho y Mariana Bastos. <\/p>\n","protected":false},"author":11,"featured_media":23780,"comment_status":"closed","ping_status":"closed","sticky":false,"template":"","format":"standard","meta":{"_monsterinsights_skip_tracking":false,"_monsterinsights_sitenote_active":false,"_monsterinsights_sitenote_note":"","_monsterinsights_sitenote_category":0,"footnotes":""},"categories":[1460,983,30],"tags":[1923,895,88,112,1005,89,997,946,1603,1893,2119,1981,1982,1628,1060,288,1231,150,1896],"class_list":{"0":"post-1548","1":"post","2":"type-post","3":"status-publish","4":"format-standard","5":"has-post-thumbnail","7":"category-cortometraje","8":"category-festival-2007","9":"category-ficcion","10":"tag-1923","11":"tag-adolescentes","12":"tag-america-latina","13":"tag-amor","14":"tag-baile","15":"tag-brasil","16":"tag-diversidad","17":"tag-diversidad-sexual","18":"tag-duelo","19":"tag-educar-en-valores","20":"tag-espanol","21":"tag-festival-de-cine","22":"tag-festival-el-ojo-cojo","23":"tag-ficcion","24":"tag-igualdad-de-genero","25":"tag-jovenes","26":"tag-reduccion-de-las-desigualdades","27":"tag-sexualidad","28":"tag-videoteca","29":"czr-hentry"},"yoast_head":"<!-- This site is optimized with the Yoast SEO plugin v27.1.1 - https:\/\/yoast.com\/product\/yoast-seo-wordpress\/ -->\n<title>Algo as\u00ed - el ojO cojo<\/title>\n<meta name=\"description\" content=\"Pel\u00edcula Algo as\u00ed exhibida en la edici\u00f3n 2007 del Festival el ojO cojo. Pa\u00eds de origen, Brasil. Dirigido por Esmir Filho, Mariana Bastos.\" \/>\n<meta name=\"robots\" content=\"index, follow, max-snippet:-1, max-image-preview:large, max-video-preview:-1\" \/>\n<link rel=\"canonical\" href=\"https:\/\/elojocojo.org\/algo-asi\/\" \/>\n<meta property=\"og:locale\" content=\"es_ES\" \/>\n<meta property=\"og:type\" content=\"article\" \/>\n<meta property=\"og:title\" content=\"Algo as\u00ed - el ojO cojo\" \/>\n<meta property=\"og:description\" content=\"Pel\u00edcula Algo as\u00ed exhibida en la edici\u00f3n 2007 del Festival el ojO cojo. Pa\u00eds de origen, Brasil. Dirigido por Esmir Filho, Mariana Bastos.\" \/>\n<meta property=\"og:url\" content=\"https:\/\/elojocojo.org\/algo-asi\/\" \/>\n<meta property=\"og:site_name\" content=\"el ojO cojo\" \/>\n<meta property=\"article:publisher\" content=\"https:\/\/www.facebook.com\/elojocojo\" \/>\n<meta property=\"article:published_time\" content=\"2008-09-05T05:09:32+00:00\" \/>\n<meta property=\"article:modified_time\" content=\"2025-09-19T14:47:34+00:00\" \/>\n<meta property=\"og:image\" content=\"https:\/\/elojocojo.org\/wp-content\/uploads\/2020\/07\/Algoasi2-scaled.jpg\" \/>\n\t<meta property=\"og:image:width\" content=\"2560\" \/>\n\t<meta property=\"og:image:height\" content=\"1707\" \/>\n\t<meta property=\"og:image:type\" content=\"image\/jpeg\" \/>\n<meta name=\"author\" content=\"cojo\" \/>\n<meta name=\"twitter:card\" content=\"summary_large_image\" \/>\n<meta name=\"twitter:creator\" content=\"@elojocojo\" \/>\n<meta name=\"twitter:site\" content=\"@elojocojo\" \/>\n<meta name=\"twitter:label1\" content=\"Escrito por\" \/>\n\t<meta name=\"twitter:data1\" content=\"cojo\" \/>\n\t<meta name=\"twitter:label2\" content=\"Tiempo de lectura\" \/>\n\t<meta name=\"twitter:data2\" content=\"1 minuto\" \/>\n<script type=\"application\/ld+json\" class=\"yoast-schema-graph\">{\"@context\":\"https:\/\/schema.org\",\"@graph\":[{\"@type\":\"Article\",\"@id\":\"https:\/\/elojocojo.org\/algo-asi\/#article\",\"isPartOf\":{\"@id\":\"https:\/\/elojocojo.org\/algo-asi\/\"},\"author\":{\"name\":\"cojo\",\"@id\":\"https:\/\/elojocojo.org\/#\/schema\/person\/cba15985dd5da095cac31c1ff0d6e23e\"},\"headline\":\"Algo as\u00ed\",\"datePublished\":\"2008-09-05T05:09:32+00:00\",\"dateModified\":\"2025-09-19T14:47:34+00:00\",\"mainEntityOfPage\":{\"@id\":\"https:\/\/elojocojo.org\/algo-asi\/\"},\"wordCount\":705,\"publisher\":{\"@id\":\"https:\/\/elojocojo.org\/#organization\"},\"image\":{\"@id\":\"https:\/\/elojocojo.org\/algo-asi\/#primaryimage\"},\"thumbnailUrl\":\"https:\/\/elojocojo.org\/wp-content\/uploads\/2020\/07\/Algoasi2-scaled.jpg\",\"keywords\":[\"2007\",\"Adolescentes\",\"Am\u00e9rica Latina\",\"amor\",\"baile\",\"Brasil\",\"diversidad\",\"diversidad sexual\",\"duelo\",\"educar en valores\",\"espa\u00f1ol\",\"festival de cine\",\"Festival el Ojo cojo\",\"ficci\u00f3n\",\"igualdad de g\u00e9nero\",\"j\u00f3venes\",\"Reducci\u00f3n de las desigualdades\",\"sexualidad\",\"Videoteca\"],\"articleSection\":[\"Cortometraje\",\"Festival 2007\",\"Ficci\u00f3n\"],\"inLanguage\":\"es\"},{\"@type\":\"WebPage\",\"@id\":\"https:\/\/elojocojo.org\/algo-asi\/\",\"url\":\"https:\/\/elojocojo.org\/algo-asi\/\",\"name\":\"Algo as\u00ed - el ojO cojo\",\"isPartOf\":{\"@id\":\"https:\/\/elojocojo.org\/#website\"},\"primaryImageOfPage\":{\"@id\":\"https:\/\/elojocojo.org\/algo-asi\/#primaryimage\"},\"image\":{\"@id\":\"https:\/\/elojocojo.org\/algo-asi\/#primaryimage\"},\"thumbnailUrl\":\"https:\/\/elojocojo.org\/wp-content\/uploads\/2020\/07\/Algoasi2-scaled.jpg\",\"datePublished\":\"2008-09-05T05:09:32+00:00\",\"dateModified\":\"2025-09-19T14:47:34+00:00\",\"description\":\"Pel\u00edcula Algo as\u00ed exhibida en la edici\u00f3n 2007 del Festival el ojO cojo. Pa\u00eds de origen, Brasil. Dirigido por Esmir Filho, Mariana Bastos.\",\"breadcrumb\":{\"@id\":\"https:\/\/elojocojo.org\/algo-asi\/#breadcrumb\"},\"inLanguage\":\"es\",\"potentialAction\":[{\"@type\":\"ReadAction\",\"target\":[\"https:\/\/elojocojo.org\/algo-asi\/\"]}]},{\"@type\":\"ImageObject\",\"inLanguage\":\"es\",\"@id\":\"https:\/\/elojocojo.org\/algo-asi\/#primaryimage\",\"url\":\"https:\/\/elojocojo.org\/wp-content\/uploads\/2020\/07\/Algoasi2-scaled.jpg\",\"contentUrl\":\"https:\/\/elojocojo.org\/wp-content\/uploads\/2020\/07\/Algoasi2-scaled.jpg\",\"width\":2560,\"height\":1707,\"caption\":\"Algo As\u00ed\"},{\"@type\":\"BreadcrumbList\",\"@id\":\"https:\/\/elojocojo.org\/algo-asi\/#breadcrumb\",\"itemListElement\":[{\"@type\":\"ListItem\",\"position\":1,\"name\":\"Portada\",\"item\":\"https:\/\/elojocojo.org\/\"},{\"@type\":\"ListItem\",\"position\":2,\"name\":\"2007\",\"item\":\"https:\/\/elojocojo.org\/tag\/2007\/\"},{\"@type\":\"ListItem\",\"position\":3,\"name\":\"Algo as\u00ed\"}]},{\"@type\":\"WebSite\",\"@id\":\"https:\/\/elojocojo.org\/#website\",\"url\":\"https:\/\/elojocojo.org\/\",\"name\":\"el ojO cojo\",\"description\":\"Todos estamos hechos de la misma esencia\",\"publisher\":{\"@id\":\"https:\/\/elojocojo.org\/#organization\"},\"potentialAction\":[{\"@type\":\"SearchAction\",\"target\":{\"@type\":\"EntryPoint\",\"urlTemplate\":\"https:\/\/elojocojo.org\/?s={search_term_string}\"},\"query-input\":{\"@type\":\"PropertyValueSpecification\",\"valueRequired\":true,\"valueName\":\"search_term_string\"}}],\"inLanguage\":\"es\"},{\"@type\":\"Organization\",\"@id\":\"https:\/\/elojocojo.org\/#organization\",\"name\":\"Meigas da r\u00faa\",\"url\":\"https:\/\/elojocojo.org\/\",\"logo\":{\"@type\":\"ImageObject\",\"inLanguage\":\"es\",\"@id\":\"https:\/\/elojocojo.org\/#\/schema\/logo\/image\/\",\"url\":\"https:\/\/meigasdarua.org\/wp-content\/uploads\/2020\/09\/cropped-logo-meigas-5.png\",\"contentUrl\":\"https:\/\/meigasdarua.org\/wp-content\/uploads\/2020\/09\/cropped-logo-meigas-5.png\",\"width\":109,\"height\":200,\"caption\":\"Meigas da r\u00faa\"},\"image\":{\"@id\":\"https:\/\/elojocojo.org\/#\/schema\/logo\/image\/\"},\"sameAs\":[\"https:\/\/www.facebook.com\/elojocojo\",\"https:\/\/x.com\/elojocojo\",\"https:\/\/www.instagram.com\/elojocojo\/?hl=es\",\"https:\/\/www.linkedin.com\/in\/el-ojo-cojo-b52b7769\/\",\"https:\/\/www.pinterest.es\/elojocojo\/_saved\/\",\"https:\/\/www.youtube.com\/channel\/UCkFtFTV0Bms7zH7vq8FZxZg\"]},{\"@type\":\"Person\",\"@id\":\"https:\/\/elojocojo.org\/#\/schema\/person\/cba15985dd5da095cac31c1ff0d6e23e\",\"name\":\"cojo\",\"url\":\"https:\/\/elojocojo.org\/author\/cojo\/\"}]}<\/script>\n<!-- \/ Yoast SEO plugin. -->","yoast_head_json":{"title":"Algo as\u00ed - el ojO cojo","description":"Pel\u00edcula Algo as\u00ed exhibida en la edici\u00f3n 2007 del Festival el ojO cojo. Pa\u00eds de origen, Brasil. Dirigido por Esmir Filho, Mariana Bastos.","robots":{"index":"index","follow":"follow","max-snippet":"max-snippet:-1","max-image-preview":"max-image-preview:large","max-video-preview":"max-video-preview:-1"},"canonical":"https:\/\/elojocojo.org\/algo-asi\/","og_locale":"es_ES","og_type":"article","og_title":"Algo as\u00ed - el ojO cojo","og_description":"Pel\u00edcula Algo as\u00ed exhibida en la edici\u00f3n 2007 del Festival el ojO cojo. Pa\u00eds de origen, Brasil. Dirigido por Esmir Filho, Mariana Bastos.","og_url":"https:\/\/elojocojo.org\/algo-asi\/","og_site_name":"el ojO cojo","article_publisher":"https:\/\/www.facebook.com\/elojocojo","article_published_time":"2008-09-05T05:09:32+00:00","article_modified_time":"2025-09-19T14:47:34+00:00","og_image":[{"width":2560,"height":1707,"url":"https:\/\/elojocojo.org\/wp-content\/uploads\/2020\/07\/Algoasi2-scaled.jpg","type":"image\/jpeg"}],"author":"cojo","twitter_card":"summary_large_image","twitter_creator":"@elojocojo","twitter_site":"@elojocojo","twitter_misc":{"Escrito por":"cojo","Tiempo de lectura":"1 minuto"},"schema":{"@context":"https:\/\/schema.org","@graph":[{"@type":"Article","@id":"https:\/\/elojocojo.org\/algo-asi\/#article","isPartOf":{"@id":"https:\/\/elojocojo.org\/algo-asi\/"},"author":{"name":"cojo","@id":"https:\/\/elojocojo.org\/#\/schema\/person\/cba15985dd5da095cac31c1ff0d6e23e"},"headline":"Algo as\u00ed","datePublished":"2008-09-05T05:09:32+00:00","dateModified":"2025-09-19T14:47:34+00:00","mainEntityOfPage":{"@id":"https:\/\/elojocojo.org\/algo-asi\/"},"wordCount":705,"publisher":{"@id":"https:\/\/elojocojo.org\/#organization"},"image":{"@id":"https:\/\/elojocojo.org\/algo-asi\/#primaryimage"},"thumbnailUrl":"https:\/\/elojocojo.org\/wp-content\/uploads\/2020\/07\/Algoasi2-scaled.jpg","keywords":["2007","Adolescentes","Am\u00e9rica Latina","amor","baile","Brasil","diversidad","diversidad sexual","duelo","educar en valores","espa\u00f1ol","festival de cine","Festival el Ojo cojo","ficci\u00f3n","igualdad de g\u00e9nero","j\u00f3venes","Reducci\u00f3n de las desigualdades","sexualidad","Videoteca"],"articleSection":["Cortometraje","Festival 2007","Ficci\u00f3n"],"inLanguage":"es"},{"@type":"WebPage","@id":"https:\/\/elojocojo.org\/algo-asi\/","url":"https:\/\/elojocojo.org\/algo-asi\/","name":"Algo as\u00ed - el ojO cojo","isPartOf":{"@id":"https:\/\/elojocojo.org\/#website"},"primaryImageOfPage":{"@id":"https:\/\/elojocojo.org\/algo-asi\/#primaryimage"},"image":{"@id":"https:\/\/elojocojo.org\/algo-asi\/#primaryimage"},"thumbnailUrl":"https:\/\/elojocojo.org\/wp-content\/uploads\/2020\/07\/Algoasi2-scaled.jpg","datePublished":"2008-09-05T05:09:32+00:00","dateModified":"2025-09-19T14:47:34+00:00","description":"Pel\u00edcula Algo as\u00ed exhibida en la edici\u00f3n 2007 del Festival el ojO cojo. Pa\u00eds de origen, Brasil. Dirigido por Esmir Filho, Mariana Bastos.","breadcrumb":{"@id":"https:\/\/elojocojo.org\/algo-asi\/#breadcrumb"},"inLanguage":"es","potentialAction":[{"@type":"ReadAction","target":["https:\/\/elojocojo.org\/algo-asi\/"]}]},{"@type":"ImageObject","inLanguage":"es","@id":"https:\/\/elojocojo.org\/algo-asi\/#primaryimage","url":"https:\/\/elojocojo.org\/wp-content\/uploads\/2020\/07\/Algoasi2-scaled.jpg","contentUrl":"https:\/\/elojocojo.org\/wp-content\/uploads\/2020\/07\/Algoasi2-scaled.jpg","width":2560,"height":1707,"caption":"Algo As\u00ed"},{"@type":"BreadcrumbList","@id":"https:\/\/elojocojo.org\/algo-asi\/#breadcrumb","itemListElement":[{"@type":"ListItem","position":1,"name":"Portada","item":"https:\/\/elojocojo.org\/"},{"@type":"ListItem","position":2,"name":"2007","item":"https:\/\/elojocojo.org\/tag\/2007\/"},{"@type":"ListItem","position":3,"name":"Algo as\u00ed"}]},{"@type":"WebSite","@id":"https:\/\/elojocojo.org\/#website","url":"https:\/\/elojocojo.org\/","name":"el ojO cojo","description":"Todos estamos hechos de la misma esencia","publisher":{"@id":"https:\/\/elojocojo.org\/#organization"},"potentialAction":[{"@type":"SearchAction","target":{"@type":"EntryPoint","urlTemplate":"https:\/\/elojocojo.org\/?s={search_term_string}"},"query-input":{"@type":"PropertyValueSpecification","valueRequired":true,"valueName":"search_term_string"}}],"inLanguage":"es"},{"@type":"Organization","@id":"https:\/\/elojocojo.org\/#organization","name":"Meigas da r\u00faa","url":"https:\/\/elojocojo.org\/","logo":{"@type":"ImageObject","inLanguage":"es","@id":"https:\/\/elojocojo.org\/#\/schema\/logo\/image\/","url":"https:\/\/meigasdarua.org\/wp-content\/uploads\/2020\/09\/cropped-logo-meigas-5.png","contentUrl":"https:\/\/meigasdarua.org\/wp-content\/uploads\/2020\/09\/cropped-logo-meigas-5.png","width":109,"height":200,"caption":"Meigas da r\u00faa"},"image":{"@id":"https:\/\/elojocojo.org\/#\/schema\/logo\/image\/"},"sameAs":["https:\/\/www.facebook.com\/elojocojo","https:\/\/x.com\/elojocojo","https:\/\/www.instagram.com\/elojocojo\/?hl=es","https:\/\/www.linkedin.com\/in\/el-ojo-cojo-b52b7769\/","https:\/\/www.pinterest.es\/elojocojo\/_saved\/","https:\/\/www.youtube.com\/channel\/UCkFtFTV0Bms7zH7vq8FZxZg"]},{"@type":"Person","@id":"https:\/\/elojocojo.org\/#\/schema\/person\/cba15985dd5da095cac31c1ff0d6e23e","name":"cojo","url":"https:\/\/elojocojo.org\/author\/cojo\/"}]}},"_links":{"self":[{"href":"https:\/\/elojocojo.org\/wp-json\/wp\/v2\/posts\/1548","targetHints":{"allow":["GET"]}}],"collection":[{"href":"https:\/\/elojocojo.org\/wp-json\/wp\/v2\/posts"}],"about":[{"href":"https:\/\/elojocojo.org\/wp-json\/wp\/v2\/types\/post"}],"author":[{"embeddable":true,"href":"https:\/\/elojocojo.org\/wp-json\/wp\/v2\/users\/11"}],"replies":[{"embeddable":true,"href":"https:\/\/elojocojo.org\/wp-json\/wp\/v2\/comments?post=1548"}],"version-history":[{"count":18,"href":"https:\/\/elojocojo.org\/wp-json\/wp\/v2\/posts\/1548\/revisions"}],"predecessor-version":[{"id":69602,"href":"https:\/\/elojocojo.org\/wp-json\/wp\/v2\/posts\/1548\/revisions\/69602"}],"wp:featuredmedia":[{"embeddable":true,"href":"https:\/\/elojocojo.org\/wp-json\/wp\/v2\/media\/23780"}],"wp:attachment":[{"href":"https:\/\/elojocojo.org\/wp-json\/wp\/v2\/media?parent=1548"}],"wp:term":[{"taxonomy":"category","embeddable":true,"href":"https:\/\/elojocojo.org\/wp-json\/wp\/v2\/categories?post=1548"},{"taxonomy":"post_tag","embeddable":true,"href":"https:\/\/elojocojo.org\/wp-json\/wp\/v2\/tags?post=1548"}],"curies":[{"name":"wp","href":"https:\/\/api.w.org\/{rel}","templated":true}]}}