{"id":1532,"date":"2008-09-04T22:05:43","date_gmt":"2008-09-05T05:05:43","guid":{"rendered":"http:\/\/www.elojocojo.org\/blog2\/?p=1532"},"modified":"2025-09-25T17:10:41","modified_gmt":"2025-09-25T15:10:41","slug":"barbara-broadcast","status":"publish","type":"post","link":"https:\/\/elojocojo.org\/barbara-broadcast\/","title":{"rendered":"B\u00e1rbara transmisi\u00f3n"},"content":{"rendered":"<p><span style=\"font-weight: 400;\">T\u00cdTULO: \u00abB\u00e1rbara transmisi\u00f3n\u00bb<br \/>T\u00cdTULO ORIGINAL: \u00abBarbara Broadcast\u00bb<br \/><\/span><span style=\"font-weight: 400;\">A\u00d1O: 2006<br \/>DIRECTOR: Jean-Julien Collette y Olivier Tollet<br \/><\/span><span style=\"font-size: inherit;\">G\u00c9NERO: Ficci\u00f3n<br \/><span style=\"font-weight: 400;\">DURACI\u00d3N: 15\u2019<br \/><\/span><span style=\"font-weight: 400;\">PA\u00cdS: B\u00e9lgica<br \/>FORMATO ORIGINAL: Cine 35 mm y DVD<br \/>TIPO: Blanco y negro<br \/>IDIOMA ORIGINAL: Franc\u00e9s<br \/>SUBTITULOS: Castellano<\/span><\/span><span style=\"font-weight: 400;\"><br \/><\/span><span style=\"font-weight: 400;\">INT\u00c9RPRETES: Oliver Massart y Thierry Lef\u00e8vre<\/span><span style=\"font-weight: 400;\"><br \/><\/span><span style=\"font-weight: 400;\">PRODUCCI\u00d3N: Anthony Rey<br \/><\/span><span style=\"font-weight: 400;\">GUI\u00d3N: Jean-Julien Collette y Olivier Tollet<br \/><\/span><span style=\"font-weight: 400;\">DIRECCI\u00d3N DE FOTOGRAF\u00cdA: Beno\u00eet Del\u00e9ris<br \/><\/span><span style=\"font-weight: 400;\">EDICI\u00d3N\/MONTAJE: Bernard Beets<br \/><\/span><span style=\"font-weight: 400;\">SONIDO: Carine Zimmerlin<br \/><\/span><span style=\"font-weight: 400;\">M\u00daSICA: Stelvio Cipriano<\/span><\/p>\n\n\n<h2 class=\"wp-block-heading\">Sinopsis<\/h2>\n\n\n\n<p>Dos amigos permanecen encerrados en un desv\u00e1n sin poder salir. A medida que pasa el tiempo, una extra\u00f1a \u201cenfermedad de la voluntad\u201d les impide actuar, conden\u00e1ndolos a la inacci\u00f3n. As\u00ed, lo que comienza como una convivencia cotidiana se convierte en una experiencia de desconcierto y deterioro. Por eso, la historia evoluciona hacia una sensaci\u00f3n de encierro existencial. Adem\u00e1s, el relato deja sin resolver su enigma, apelando a la interpretaci\u00f3n del espectador.<\/p>\n\n\n\n<h3 class=\"wp-block-heading\"><strong>Inmovilidad y evasi\u00f3n<\/strong><\/h3>\n\n\n\n<p>El relato plantea una met\u00e1fora sobre la par\u00e1lisis emocional. Por un lado, el encierro refleja barreras internas. Por otro, los personajes recurren a historias absurdas para evitar enfrentarse a su situaci\u00f3n. As\u00ed, el juego y la evasi\u00f3n se convierten en mecanismos de defensa. Adem\u00e1s, su pasividad expone el miedo profundo al cambio. Por ello, el mensaje apunta al riesgo de normalizar el estancamiento.<\/p>\n\n\n\n<h3 class=\"wp-block-heading\"><strong>Est\u00e9tica del encierro<\/strong><\/h3>\n\n\n\n<p>El blanco y negro aporta una atm\u00f3sfera atemporal y opresiva. Adem\u00e1s, los espacios cerrados refuerzan la claustrofobia emocional. Por eso, cada plano sugiere aislamiento y repetici\u00f3n. El silencio, casi constante, intensifica el malestar. Finalmente, la est\u00e9tica potencia el trasfondo psicol\u00f3gico de los personajes.<\/p>\n\n\n\n<h3 class=\"wp-block-heading\"><strong>Palmar\u00e9s<\/strong><\/h3>\n\n\n\n<ul class=\"wp-block-list\">\n<li>Festival Europeo del Cortometraje de Burdeos \/ Ext\u00e9rieur Nuit \u2013 Premio de la Creatividad, 2006<\/li>\n\n\n\n<li>BIFFF, Festival Internacional de Cine Fant\u00e1stico y de Thriller, Bruselas \u2013 Premio de la Sociedad de los Autores, 2006<\/li>\n\n\n\n<li>Festival Internacional de Cine Independiente de Bruselas \u2013 Premio a la Mejor Direcci\u00f3n, 2006<\/li>\n<\/ul>\n\n\n\n<p>El filme B\u00e1rbara transmisi\u00f3n particip\u00f3 en la edici\u00f3n <strong>2007<\/strong> del <a href=\"https:\/\/elojocojo.org\/category\/festival-2007\/\"><strong>Festival de cine el ojO cojo<\/strong> <\/a>en ese sentido nos sentimos honrados de haberla exhibido.<\/p>\n\n\n\n<p>Visita nuestro <a href=\"https:\/\/el-ojocojo.blogspot.com\/\">blog<\/a>.<\/p>\n","protected":false},"excerpt":{"rendered":"<p>Una extra\u00f1a enfermedad de la voluntad alcanza a dos amigos, sin que consigan saber por qu\u00e9.<\/p>\n","protected":false},"author":3,"featured_media":19141,"comment_status":"closed","ping_status":"open","sticky":false,"template":"","format":"standard","meta":{"_monsterinsights_skip_tracking":false,"_monsterinsights_sitenote_active":false,"_monsterinsights_sitenote_note":"","_monsterinsights_sitenote_category":0,"footnotes":""},"categories":[1460,983,30],"tags":[1923,169,886,960,1893,1838,2119,2378,1476,1981,1982,1628,1632,288,1128,1013,1896],"class_list":{"0":"post-1532","1":"post","2":"type-post","3":"status-publish","4":"format-standard","5":"has-post-thumbnail","7":"category-cortometraje","8":"category-festival-2007","9":"category-ficcion","10":"tag-1923","11":"tag-amistad","12":"tag-belgica","13":"tag-creatividad","14":"tag-educar-en-valores","15":"tag-enfermedad","16":"tag-espanol","17":"tag-etica","18":"tag-exclusion","19":"tag-festival-de-cine","20":"tag-festival-el-ojo-cojo","21":"tag-ficcion","22":"tag-imaginacion","23":"tag-jovenes","24":"tag-salud-y-bienestar","25":"tag-vida-cotidiana","26":"tag-videoteca","27":"czr-hentry"},"yoast_head":"<!-- This site is optimized with the Yoast SEO plugin v27.1.1 - https:\/\/yoast.com\/product\/yoast-seo-wordpress\/ -->\n<title>B\u00e1rbara transmisi\u00f3n - el ojO cojo<\/title>\n<meta name=\"description\" content=\"Pel\u00edcula B\u00e1rbara transmisi\u00f3n exhibida en la edici\u00f3n 2007 del Festival el ojO cojo. Pa\u00eds de origen, B\u00e9lgica. Dirigido por Jean-Julien Collette y Olivier Tollet.\" \/>\n<meta name=\"robots\" content=\"index, follow, max-snippet:-1, max-image-preview:large, max-video-preview:-1\" \/>\n<link rel=\"canonical\" href=\"https:\/\/elojocojo.org\/barbara-broadcast\/\" \/>\n<meta property=\"og:locale\" content=\"es_ES\" \/>\n<meta property=\"og:type\" content=\"article\" \/>\n<meta property=\"og:title\" content=\"B\u00e1rbara transmisi\u00f3n - el ojO cojo\" \/>\n<meta property=\"og:description\" content=\"Pel\u00edcula B\u00e1rbara transmisi\u00f3n exhibida en la edici\u00f3n 2007 del Festival el ojO cojo. Pa\u00eds de origen, B\u00e9lgica. Dirigido por Jean-Julien Collette y Olivier Tollet.\" \/>\n<meta property=\"og:url\" content=\"https:\/\/elojocojo.org\/barbara-broadcast\/\" \/>\n<meta property=\"og:site_name\" content=\"el ojO cojo\" \/>\n<meta property=\"article:publisher\" content=\"https:\/\/www.facebook.com\/elojocojo\" \/>\n<meta property=\"article:published_time\" content=\"2008-09-05T05:05:43+00:00\" \/>\n<meta property=\"article:modified_time\" content=\"2025-09-25T15:10:41+00:00\" \/>\n<meta property=\"og:image\" content=\"https:\/\/elojocojo.org\/wp-content\/uploads\/2008\/09\/image-asset.jpeg\" \/>\n\t<meta property=\"og:image:width\" content=\"640\" \/>\n\t<meta property=\"og:image:height\" content=\"360\" \/>\n\t<meta property=\"og:image:type\" content=\"image\/jpeg\" \/>\n<meta name=\"twitter:card\" content=\"summary_large_image\" \/>\n<meta name=\"twitter:creator\" content=\"@elojocojo\" \/>\n<meta name=\"twitter:site\" content=\"@elojocojo\" \/>\n<meta name=\"twitter:label1\" content=\"Escrito por\" \/>\n\t<meta name=\"twitter:data1\" content=\"\" \/>\n\t<meta name=\"twitter:label2\" content=\"Tiempo de lectura\" \/>\n\t<meta name=\"twitter:data2\" content=\"1 minuto\" \/>\n<script type=\"application\/ld+json\" class=\"yoast-schema-graph\">{\"@context\":\"https:\/\/schema.org\",\"@graph\":[{\"@type\":\"Article\",\"@id\":\"https:\/\/elojocojo.org\/barbara-broadcast\/#article\",\"isPartOf\":{\"@id\":\"https:\/\/elojocojo.org\/barbara-broadcast\/\"},\"author\":{\"name\":\"\",\"@id\":\"\"},\"headline\":\"B\u00e1rbara transmisi\u00f3n\",\"datePublished\":\"2008-09-05T05:05:43+00:00\",\"dateModified\":\"2025-09-25T15:10:41+00:00\",\"mainEntityOfPage\":{\"@id\":\"https:\/\/elojocojo.org\/barbara-broadcast\/\"},\"wordCount\":364,\"publisher\":{\"@id\":\"https:\/\/elojocojo.org\/#organization\"},\"image\":{\"@id\":\"https:\/\/elojocojo.org\/barbara-broadcast\/#primaryimage\"},\"thumbnailUrl\":\"https:\/\/elojocojo.org\/wp-content\/uploads\/2008\/09\/image-asset.jpeg\",\"keywords\":[\"2007\",\"amistad\",\"B\u00e9lgica\",\"creatividad\",\"educar en valores\",\"enfermedad\",\"espa\u00f1ol\",\"\u00e9tica\",\"exclusi\u00f3n\",\"festival de cine\",\"Festival el Ojo cojo\",\"ficci\u00f3n\",\"imaginaci\u00f3n\",\"j\u00f3venes\",\"Salud y bienestar\",\"vida cotidiana\",\"Videoteca\"],\"articleSection\":[\"Cortometraje\",\"Festival 2007\",\"Ficci\u00f3n\"],\"inLanguage\":\"es\"},{\"@type\":\"WebPage\",\"@id\":\"https:\/\/elojocojo.org\/barbara-broadcast\/\",\"url\":\"https:\/\/elojocojo.org\/barbara-broadcast\/\",\"name\":\"B\u00e1rbara transmisi\u00f3n - el ojO cojo\",\"isPartOf\":{\"@id\":\"https:\/\/elojocojo.org\/#website\"},\"primaryImageOfPage\":{\"@id\":\"https:\/\/elojocojo.org\/barbara-broadcast\/#primaryimage\"},\"image\":{\"@id\":\"https:\/\/elojocojo.org\/barbara-broadcast\/#primaryimage\"},\"thumbnailUrl\":\"https:\/\/elojocojo.org\/wp-content\/uploads\/2008\/09\/image-asset.jpeg\",\"datePublished\":\"2008-09-05T05:05:43+00:00\",\"dateModified\":\"2025-09-25T15:10:41+00:00\",\"description\":\"Pel\u00edcula B\u00e1rbara transmisi\u00f3n exhibida en la edici\u00f3n 2007 del Festival el ojO cojo. Pa\u00eds de origen, B\u00e9lgica. Dirigido por Jean-Julien Collette y Olivier Tollet.\",\"breadcrumb\":{\"@id\":\"https:\/\/elojocojo.org\/barbara-broadcast\/#breadcrumb\"},\"inLanguage\":\"es\",\"potentialAction\":[{\"@type\":\"ReadAction\",\"target\":[\"https:\/\/elojocojo.org\/barbara-broadcast\/\"]}]},{\"@type\":\"ImageObject\",\"inLanguage\":\"es\",\"@id\":\"https:\/\/elojocojo.org\/barbara-broadcast\/#primaryimage\",\"url\":\"https:\/\/elojocojo.org\/wp-content\/uploads\/2008\/09\/image-asset.jpeg\",\"contentUrl\":\"https:\/\/elojocojo.org\/wp-content\/uploads\/2008\/09\/image-asset.jpeg\",\"width\":640,\"height\":360,\"caption\":\"Imagen de B\u00e1rbara transmisi\u00f3n\"},{\"@type\":\"BreadcrumbList\",\"@id\":\"https:\/\/elojocojo.org\/barbara-broadcast\/#breadcrumb\",\"itemListElement\":[{\"@type\":\"ListItem\",\"position\":1,\"name\":\"Portada\",\"item\":\"https:\/\/elojocojo.org\/\"},{\"@type\":\"ListItem\",\"position\":2,\"name\":\"2007\",\"item\":\"https:\/\/elojocojo.org\/tag\/2007\/\"},{\"@type\":\"ListItem\",\"position\":3,\"name\":\"B\u00e1rbara transmisi\u00f3n\"}]},{\"@type\":\"WebSite\",\"@id\":\"https:\/\/elojocojo.org\/#website\",\"url\":\"https:\/\/elojocojo.org\/\",\"name\":\"el ojO cojo\",\"description\":\"Todos estamos hechos de la misma esencia\",\"publisher\":{\"@id\":\"https:\/\/elojocojo.org\/#organization\"},\"potentialAction\":[{\"@type\":\"SearchAction\",\"target\":{\"@type\":\"EntryPoint\",\"urlTemplate\":\"https:\/\/elojocojo.org\/?s={search_term_string}\"},\"query-input\":{\"@type\":\"PropertyValueSpecification\",\"valueRequired\":true,\"valueName\":\"search_term_string\"}}],\"inLanguage\":\"es\"},{\"@type\":\"Organization\",\"@id\":\"https:\/\/elojocojo.org\/#organization\",\"name\":\"Meigas da r\u00faa\",\"url\":\"https:\/\/elojocojo.org\/\",\"logo\":{\"@type\":\"ImageObject\",\"inLanguage\":\"es\",\"@id\":\"https:\/\/elojocojo.org\/#\/schema\/logo\/image\/\",\"url\":\"https:\/\/meigasdarua.org\/wp-content\/uploads\/2020\/09\/cropped-logo-meigas-5.png\",\"contentUrl\":\"https:\/\/meigasdarua.org\/wp-content\/uploads\/2020\/09\/cropped-logo-meigas-5.png\",\"width\":109,\"height\":200,\"caption\":\"Meigas da r\u00faa\"},\"image\":{\"@id\":\"https:\/\/elojocojo.org\/#\/schema\/logo\/image\/\"},\"sameAs\":[\"https:\/\/www.facebook.com\/elojocojo\",\"https:\/\/x.com\/elojocojo\",\"https:\/\/www.instagram.com\/elojocojo\/?hl=es\",\"https:\/\/www.linkedin.com\/in\/el-ojo-cojo-b52b7769\/\",\"https:\/\/www.pinterest.es\/elojocojo\/_saved\/\",\"https:\/\/www.youtube.com\/channel\/UCkFtFTV0Bms7zH7vq8FZxZg\"]},{\"@type\":\"Person\",\"@id\":\"\",\"url\":\"https:\/\/elojocojo.org\/author\/\"}]}<\/script>\n<!-- \/ Yoast SEO plugin. -->","yoast_head_json":{"title":"B\u00e1rbara transmisi\u00f3n - el ojO cojo","description":"Pel\u00edcula B\u00e1rbara transmisi\u00f3n exhibida en la edici\u00f3n 2007 del Festival el ojO cojo. Pa\u00eds de origen, B\u00e9lgica. Dirigido por Jean-Julien Collette y Olivier Tollet.","robots":{"index":"index","follow":"follow","max-snippet":"max-snippet:-1","max-image-preview":"max-image-preview:large","max-video-preview":"max-video-preview:-1"},"canonical":"https:\/\/elojocojo.org\/barbara-broadcast\/","og_locale":"es_ES","og_type":"article","og_title":"B\u00e1rbara transmisi\u00f3n - el ojO cojo","og_description":"Pel\u00edcula B\u00e1rbara transmisi\u00f3n exhibida en la edici\u00f3n 2007 del Festival el ojO cojo. Pa\u00eds de origen, B\u00e9lgica. Dirigido por Jean-Julien Collette y Olivier Tollet.","og_url":"https:\/\/elojocojo.org\/barbara-broadcast\/","og_site_name":"el ojO cojo","article_publisher":"https:\/\/www.facebook.com\/elojocojo","article_published_time":"2008-09-05T05:05:43+00:00","article_modified_time":"2025-09-25T15:10:41+00:00","og_image":[{"width":640,"height":360,"url":"https:\/\/elojocojo.org\/wp-content\/uploads\/2008\/09\/image-asset.jpeg","type":"image\/jpeg"}],"twitter_card":"summary_large_image","twitter_creator":"@elojocojo","twitter_site":"@elojocojo","twitter_misc":{"Escrito por":"","Tiempo de lectura":"1 minuto"},"schema":{"@context":"https:\/\/schema.org","@graph":[{"@type":"Article","@id":"https:\/\/elojocojo.org\/barbara-broadcast\/#article","isPartOf":{"@id":"https:\/\/elojocojo.org\/barbara-broadcast\/"},"author":{"name":"","@id":""},"headline":"B\u00e1rbara transmisi\u00f3n","datePublished":"2008-09-05T05:05:43+00:00","dateModified":"2025-09-25T15:10:41+00:00","mainEntityOfPage":{"@id":"https:\/\/elojocojo.org\/barbara-broadcast\/"},"wordCount":364,"publisher":{"@id":"https:\/\/elojocojo.org\/#organization"},"image":{"@id":"https:\/\/elojocojo.org\/barbara-broadcast\/#primaryimage"},"thumbnailUrl":"https:\/\/elojocojo.org\/wp-content\/uploads\/2008\/09\/image-asset.jpeg","keywords":["2007","amistad","B\u00e9lgica","creatividad","educar en valores","enfermedad","espa\u00f1ol","\u00e9tica","exclusi\u00f3n","festival de cine","Festival el Ojo cojo","ficci\u00f3n","imaginaci\u00f3n","j\u00f3venes","Salud y bienestar","vida cotidiana","Videoteca"],"articleSection":["Cortometraje","Festival 2007","Ficci\u00f3n"],"inLanguage":"es"},{"@type":"WebPage","@id":"https:\/\/elojocojo.org\/barbara-broadcast\/","url":"https:\/\/elojocojo.org\/barbara-broadcast\/","name":"B\u00e1rbara transmisi\u00f3n - el ojO cojo","isPartOf":{"@id":"https:\/\/elojocojo.org\/#website"},"primaryImageOfPage":{"@id":"https:\/\/elojocojo.org\/barbara-broadcast\/#primaryimage"},"image":{"@id":"https:\/\/elojocojo.org\/barbara-broadcast\/#primaryimage"},"thumbnailUrl":"https:\/\/elojocojo.org\/wp-content\/uploads\/2008\/09\/image-asset.jpeg","datePublished":"2008-09-05T05:05:43+00:00","dateModified":"2025-09-25T15:10:41+00:00","description":"Pel\u00edcula B\u00e1rbara transmisi\u00f3n exhibida en la edici\u00f3n 2007 del Festival el ojO cojo. Pa\u00eds de origen, B\u00e9lgica. Dirigido por Jean-Julien Collette y Olivier Tollet.","breadcrumb":{"@id":"https:\/\/elojocojo.org\/barbara-broadcast\/#breadcrumb"},"inLanguage":"es","potentialAction":[{"@type":"ReadAction","target":["https:\/\/elojocojo.org\/barbara-broadcast\/"]}]},{"@type":"ImageObject","inLanguage":"es","@id":"https:\/\/elojocojo.org\/barbara-broadcast\/#primaryimage","url":"https:\/\/elojocojo.org\/wp-content\/uploads\/2008\/09\/image-asset.jpeg","contentUrl":"https:\/\/elojocojo.org\/wp-content\/uploads\/2008\/09\/image-asset.jpeg","width":640,"height":360,"caption":"Imagen de B\u00e1rbara transmisi\u00f3n"},{"@type":"BreadcrumbList","@id":"https:\/\/elojocojo.org\/barbara-broadcast\/#breadcrumb","itemListElement":[{"@type":"ListItem","position":1,"name":"Portada","item":"https:\/\/elojocojo.org\/"},{"@type":"ListItem","position":2,"name":"2007","item":"https:\/\/elojocojo.org\/tag\/2007\/"},{"@type":"ListItem","position":3,"name":"B\u00e1rbara transmisi\u00f3n"}]},{"@type":"WebSite","@id":"https:\/\/elojocojo.org\/#website","url":"https:\/\/elojocojo.org\/","name":"el ojO cojo","description":"Todos estamos hechos de la misma esencia","publisher":{"@id":"https:\/\/elojocojo.org\/#organization"},"potentialAction":[{"@type":"SearchAction","target":{"@type":"EntryPoint","urlTemplate":"https:\/\/elojocojo.org\/?s={search_term_string}"},"query-input":{"@type":"PropertyValueSpecification","valueRequired":true,"valueName":"search_term_string"}}],"inLanguage":"es"},{"@type":"Organization","@id":"https:\/\/elojocojo.org\/#organization","name":"Meigas da r\u00faa","url":"https:\/\/elojocojo.org\/","logo":{"@type":"ImageObject","inLanguage":"es","@id":"https:\/\/elojocojo.org\/#\/schema\/logo\/image\/","url":"https:\/\/meigasdarua.org\/wp-content\/uploads\/2020\/09\/cropped-logo-meigas-5.png","contentUrl":"https:\/\/meigasdarua.org\/wp-content\/uploads\/2020\/09\/cropped-logo-meigas-5.png","width":109,"height":200,"caption":"Meigas da r\u00faa"},"image":{"@id":"https:\/\/elojocojo.org\/#\/schema\/logo\/image\/"},"sameAs":["https:\/\/www.facebook.com\/elojocojo","https:\/\/x.com\/elojocojo","https:\/\/www.instagram.com\/elojocojo\/?hl=es","https:\/\/www.linkedin.com\/in\/el-ojo-cojo-b52b7769\/","https:\/\/www.pinterest.es\/elojocojo\/_saved\/","https:\/\/www.youtube.com\/channel\/UCkFtFTV0Bms7zH7vq8FZxZg"]},{"@type":"Person","@id":"","url":"https:\/\/elojocojo.org\/author\/"}]}},"_links":{"self":[{"href":"https:\/\/elojocojo.org\/wp-json\/wp\/v2\/posts\/1532","targetHints":{"allow":["GET"]}}],"collection":[{"href":"https:\/\/elojocojo.org\/wp-json\/wp\/v2\/posts"}],"about":[{"href":"https:\/\/elojocojo.org\/wp-json\/wp\/v2\/types\/post"}],"author":[{"embeddable":true,"href":"https:\/\/elojocojo.org\/wp-json\/wp\/v2\/users\/3"}],"replies":[{"embeddable":true,"href":"https:\/\/elojocojo.org\/wp-json\/wp\/v2\/comments?post=1532"}],"version-history":[{"count":6,"href":"https:\/\/elojocojo.org\/wp-json\/wp\/v2\/posts\/1532\/revisions"}],"predecessor-version":[{"id":59391,"href":"https:\/\/elojocojo.org\/wp-json\/wp\/v2\/posts\/1532\/revisions\/59391"}],"wp:featuredmedia":[{"embeddable":true,"href":"https:\/\/elojocojo.org\/wp-json\/wp\/v2\/media\/19141"}],"wp:attachment":[{"href":"https:\/\/elojocojo.org\/wp-json\/wp\/v2\/media?parent=1532"}],"wp:term":[{"taxonomy":"category","embeddable":true,"href":"https:\/\/elojocojo.org\/wp-json\/wp\/v2\/categories?post=1532"},{"taxonomy":"post_tag","embeddable":true,"href":"https:\/\/elojocojo.org\/wp-json\/wp\/v2\/tags?post=1532"}],"curies":[{"name":"wp","href":"https:\/\/api.w.org\/{rel}","templated":true}]}}