{"id":1478,"date":"2008-09-04T21:50:17","date_gmt":"2008-09-05T04:50:17","guid":{"rendered":"http:\/\/www.elojocojo.org\/blog2\/?p=1478"},"modified":"2025-09-30T19:08:17","modified_gmt":"2025-09-30T17:08:17","slug":"dvd","status":"publish","type":"post","link":"https:\/\/elojocojo.org\/dvd\/","title":{"rendered":"DVD"},"content":{"rendered":"\n<figure class=\"wp-block-image size-large\"><img decoding=\"async\" width=\"620\" height=\"349\" src=\"https:\/\/elojocojo.org\/wp-content\/uploads\/2008\/09\/DVD_foto004-620x349.jpg\" alt=\"DVD. Cortometraje y comedia espa\u00f1ol de Ciro Altab\u00e1s.\" class=\"wp-image-55746\" srcset=\"https:\/\/elojocojo.org\/wp-content\/uploads\/2008\/09\/DVD_foto004-620x349.jpg 620w, https:\/\/elojocojo.org\/wp-content\/uploads\/2008\/09\/DVD_foto004-400x225.jpg 400w, https:\/\/elojocojo.org\/wp-content\/uploads\/2008\/09\/DVD_foto004-300x169.jpg 300w, https:\/\/elojocojo.org\/wp-content\/uploads\/2008\/09\/DVD_foto004-768x432.jpg 768w, https:\/\/elojocojo.org\/wp-content\/uploads\/2008\/09\/DVD_foto004-1536x864.jpg 1536w, https:\/\/elojocojo.org\/wp-content\/uploads\/2008\/09\/DVD_foto004-1110x624.jpg 1110w, https:\/\/elojocojo.org\/wp-content\/uploads\/2008\/09\/DVD_foto004-528x297.jpg 528w, https:\/\/elojocojo.org\/wp-content\/uploads\/2008\/09\/DVD_foto004.jpg 1643w\" sizes=\"(max-width: 620px) 100vw, 620px\" \/><\/figure>\n\n\n\n<p><\/p>\n\n\n\n<p>T\u00cdTULO: DVD<br \/>T\u00cdTULO ORIGINAL: DVD<br \/>A\u00d1O: 2006<br \/>G\u00c9NERO: Ficci\u00f3n<br \/>DURACI\u00d3N: 17\u2019<br \/>PA\u00cdS: Espa\u00f1a<br \/>DIRECTOR: Ciro Altabas<br \/>FORMATO ORIGINAL: HD-35 mm<br \/>TIPO: Color<br \/>IDIOMA ORIGINAL: Castellano<br \/>INT\u00c9RPRETES: Cesar Camino, Carlos Mart\u00ednez, Sara Montalvo y Valeria Arribas<br \/>PRODUCCI\u00d3N: Ciro Altabas<br \/>GUI\u00d3N: Ciro Altabas<br \/>DIRECCI\u00d3N DE FOTOGRAF\u00cdA: Pedro J. M\u00e1rquez<br \/>EDICI\u00d3N\/MONTAJE: Jos\u00e9 Manuel Jim\u00e9nez<br \/>SONIDO: Nacho Arenas<br \/>M\u00daSICA: Jos\u00e9 S\u00e1nchez Sanz<\/p>\n\n\n\n<h2 class=\"wp-block-heading\"><sub>Sinopsis:<\/sub><\/h2>\n\n\n\n<p>La peque\u00f1a aventura de Yoel&nbsp;sigue la historia de un joven apasionado por el cine y los videojuegos, que intenta demostrarle a su ex-novia que ha madurado. Aunque siempre ha sido un entusiasta de la cultura geek, Yoel siente que es el momento de cambiar para mostrar que ha crecido.&nbsp;Por el contrario, su hermano mayor, Roberto, es serio, formal y sensato, lo que lo aleja del estilo de vida de Yoel.&nbsp;Sin embargo, Roberto se enfrenta a un desaf\u00edo cuando conoce a la chica de sus sue\u00f1os.<\/p>\n\n\n\n<p>Para conquistarla, Roberto se da cuenta de que tendr\u00e1 que aprender a ser un friki, un mundo completamente desconocido para \u00e9l.&nbsp;Por eso, aunque al principio se siente inc\u00f3modo, decide sumergirse en el universo geek para ganarse su coraz\u00f3n.&nbsp;As\u00ed, tanto Yoel como Roberto inician un viaje de crecimiento personal, donde cada uno tendr\u00e1 que adaptarse y cambiar por amor.<\/p>\n\n\n\n<p>Este cortometraje no solo cuenta con una historia divertida, sino tambi\u00e9n con una variedad de contenidos adicionales.&nbsp;En primer lugar, hay una selecci\u00f3n de escenas clave que destacan los momentos m\u00e1s importantes de la trama.&nbsp;Adem\u00e1s, se incluye un tr\u00e1iler que ofrece una introducci\u00f3n r\u00e1pida a la historia.<\/p>\n\n\n\n<p>Para los fans del humor, las tomas falsas aportan un toque de diversi\u00f3n detr\u00e1s de c\u00e1maras.&nbsp;Asimismo, el cortometraje incluye un final alternativo, que presenta una versi\u00f3n distinta del desenlace original.&nbsp;Por si fuera poco, tambi\u00e9n hay una escena eliminada y un videoclip musical.&nbsp;Aparte de eso, el featurette titulado \u201c\u00bfQu\u00e9 es un friki?\u201d explora el mundo geek de una manera m\u00e1s profunda.<\/p>\n\n\n\n<p>Finalmente, se ofrece&nbsp;audio comentario&nbsp;y una&nbsp;selecci\u00f3n de personajes, acompa\u00f1ando esta encantadora historia de chico-conoce-chica.<\/p>\n\n\n\n<h2 class=\"wp-block-heading\"><sub>Palmar\u00e9s de DVD:<\/sub><\/h2>\n\n\n\n<p>&#8211;&nbsp; &nbsp; Cortometraje Aragon\u00e9s en Cine y Mejor Montaje en el X Festival Nacional de Cine J\u00f3venes Realizadores ciudad de Zaragoza, Espa\u00f1a, diciembre<br \/>&#8211;&nbsp; &nbsp; Guion en el VII Certamen Nacional \u201cVilla de Estepona\u201d, Espa\u00f1a, mayo<br \/>&#8211;&nbsp;&nbsp;&nbsp; Mejor Cortometraje Experimental en el Riviera Maya Underground Film Festival, M\u00e9xico, octubre<\/p>\n\n\n\n<p>El filme DVD particip\u00f3 en la edici\u00f3n <strong>2007<\/strong> del <a href=\"https:\/\/elojocojo.org\/category\/festival-2007\/\"><strong>Festival de cine el ojO cojo<\/strong> <\/a>en ese sentido nos sentimos honrados de haberla exhibido.<\/p>\n\n\n\n<p>Visita nuestro <a href=\"https:\/\/el-ojocojo.blogspot.com\/\">blog<\/a> <\/p>\n","protected":false},"excerpt":{"rendered":"<p>Este cortometraje incluye: selecci\u00f3n de escenas \/ trailer \/ tomas falsas \/ final alternativo \/ escena eliminada \/ video clip \/ featurette: \u201cQu\u00e9 es un friki?\u201d \/ Audio comentario \/ selecci\u00f3n de personajes y una historia de chico-conoce-chica.<\/p>\n","protected":false},"author":3,"featured_media":23793,"comment_status":"closed","ping_status":"open","sticky":false,"template":"","format":"standard","meta":{"_monsterinsights_skip_tracking":false,"_monsterinsights_sitenote_active":false,"_monsterinsights_sitenote_note":"","_monsterinsights_sitenote_category":0,"footnotes":""},"categories":[1460,983,30],"tags":[1927,1923,112,970,1779,997,1893,138,2119,2391,2150,15,1981,1982,1628,1093,85,1013,1896],"class_list":{"0":"post-1478","1":"post","2":"type-post","3":"status-publish","4":"format-standard","5":"has-post-thumbnail","7":"category-cortometraje","8":"category-festival-2007","9":"category-ficcion","10":"tag-1927","11":"tag-1923","12":"tag-amor","13":"tag-comedia","14":"tag-cultura","15":"tag-diversidad","16":"tag-educar-en-valores","17":"tag-espana","18":"tag-espanol","19":"tag-espaol","20":"tag-experimental","21":"tag-familia","22":"tag-festival-de-cine","23":"tag-festival-el-ojo-cojo","24":"tag-ficcion","25":"tag-hambre-cero","26":"tag-pareja","27":"tag-vida-cotidiana","28":"tag-videoteca","29":"czr-hentry"},"yoast_head":"<!-- This site is optimized with the Yoast SEO plugin v27.1.1 - https:\/\/yoast.com\/product\/yoast-seo-wordpress\/ -->\n<title>DVD - el ojO cojo<\/title>\n<meta name=\"description\" content=\"Pel\u00edcula DVD exhibida en la edici\u00f3n 2007 del Festival el ojO cojo. Pa\u00eds de origen, Espa\u00f1a. Dirigido por Ciro Altabas.\" \/>\n<meta name=\"robots\" content=\"index, follow, max-snippet:-1, max-image-preview:large, max-video-preview:-1\" \/>\n<link rel=\"canonical\" href=\"https:\/\/elojocojo.org\/dvd\/\" \/>\n<meta property=\"og:locale\" content=\"es_ES\" \/>\n<meta property=\"og:type\" content=\"article\" \/>\n<meta property=\"og:title\" content=\"DVD - el ojO cojo\" \/>\n<meta property=\"og:description\" content=\"Pel\u00edcula DVD exhibida en la edici\u00f3n 2007 del Festival el ojO cojo. Pa\u00eds de origen, Espa\u00f1a. Dirigido por Ciro Altabas.\" \/>\n<meta property=\"og:url\" content=\"https:\/\/elojocojo.org\/dvd\/\" \/>\n<meta property=\"og:site_name\" content=\"el ojO cojo\" \/>\n<meta property=\"article:publisher\" content=\"https:\/\/www.facebook.com\/elojocojo\" \/>\n<meta property=\"article:published_time\" content=\"2008-09-05T04:50:17+00:00\" \/>\n<meta property=\"article:modified_time\" content=\"2025-09-30T17:08:17+00:00\" \/>\n<meta property=\"og:image\" content=\"https:\/\/elojocojo.org\/wp-content\/uploads\/2020\/07\/DVD2.jpg\" \/>\n\t<meta property=\"og:image:width\" content=\"1920\" \/>\n\t<meta property=\"og:image:height\" content=\"1080\" \/>\n\t<meta property=\"og:image:type\" content=\"image\/jpeg\" \/>\n<meta name=\"twitter:card\" content=\"summary_large_image\" \/>\n<meta name=\"twitter:creator\" content=\"@elojocojo\" \/>\n<meta name=\"twitter:site\" content=\"@elojocojo\" \/>\n<meta name=\"twitter:label1\" content=\"Escrito por\" \/>\n\t<meta name=\"twitter:data1\" content=\"\" \/>\n\t<meta name=\"twitter:label2\" content=\"Tiempo de lectura\" \/>\n\t<meta name=\"twitter:data2\" content=\"1 minuto\" \/>\n<script type=\"application\/ld+json\" class=\"yoast-schema-graph\">{\"@context\":\"https:\/\/schema.org\",\"@graph\":[{\"@type\":\"Article\",\"@id\":\"https:\/\/elojocojo.org\/dvd\/#article\",\"isPartOf\":{\"@id\":\"https:\/\/elojocojo.org\/dvd\/\"},\"author\":{\"name\":\"\",\"@id\":\"\"},\"headline\":\"DVD\",\"datePublished\":\"2008-09-05T04:50:17+00:00\",\"dateModified\":\"2025-09-30T17:08:17+00:00\",\"mainEntityOfPage\":{\"@id\":\"https:\/\/elojocojo.org\/dvd\/\"},\"wordCount\":460,\"publisher\":{\"@id\":\"https:\/\/elojocojo.org\/#organization\"},\"image\":{\"@id\":\"https:\/\/elojocojo.org\/dvd\/#primaryimage\"},\"thumbnailUrl\":\"https:\/\/elojocojo.org\/wp-content\/uploads\/2020\/07\/DVD2.jpg\",\"keywords\":[\"2006\",\"2007\",\"amor\",\"comedia\",\"cultura\",\"diversidad\",\"educar en valores\",\"Espa\u00f1a\",\"espa\u00f1ol\",\"espa\u00b1ol\",\"experimental\",\"familia\",\"festival de cine\",\"Festival el Ojo cojo\",\"ficci\u00f3n\",\"Hambre cero\",\"pareja\",\"vida cotidiana\",\"Videoteca\"],\"articleSection\":[\"Cortometraje\",\"Festival 2007\",\"Ficci\u00f3n\"],\"inLanguage\":\"es\"},{\"@type\":\"WebPage\",\"@id\":\"https:\/\/elojocojo.org\/dvd\/\",\"url\":\"https:\/\/elojocojo.org\/dvd\/\",\"name\":\"DVD - el ojO cojo\",\"isPartOf\":{\"@id\":\"https:\/\/elojocojo.org\/#website\"},\"primaryImageOfPage\":{\"@id\":\"https:\/\/elojocojo.org\/dvd\/#primaryimage\"},\"image\":{\"@id\":\"https:\/\/elojocojo.org\/dvd\/#primaryimage\"},\"thumbnailUrl\":\"https:\/\/elojocojo.org\/wp-content\/uploads\/2020\/07\/DVD2.jpg\",\"datePublished\":\"2008-09-05T04:50:17+00:00\",\"dateModified\":\"2025-09-30T17:08:17+00:00\",\"description\":\"Pel\u00edcula DVD exhibida en la edici\u00f3n 2007 del Festival el ojO cojo. Pa\u00eds de origen, Espa\u00f1a. Dirigido por Ciro Altabas.\",\"breadcrumb\":{\"@id\":\"https:\/\/elojocojo.org\/dvd\/#breadcrumb\"},\"inLanguage\":\"es\",\"potentialAction\":[{\"@type\":\"ReadAction\",\"target\":[\"https:\/\/elojocojo.org\/dvd\/\"]}]},{\"@type\":\"ImageObject\",\"inLanguage\":\"es\",\"@id\":\"https:\/\/elojocojo.org\/dvd\/#primaryimage\",\"url\":\"https:\/\/elojocojo.org\/wp-content\/uploads\/2020\/07\/DVD2.jpg\",\"contentUrl\":\"https:\/\/elojocojo.org\/wp-content\/uploads\/2020\/07\/DVD2.jpg\",\"width\":1920,\"height\":1080},{\"@type\":\"BreadcrumbList\",\"@id\":\"https:\/\/elojocojo.org\/dvd\/#breadcrumb\",\"itemListElement\":[{\"@type\":\"ListItem\",\"position\":1,\"name\":\"Portada\",\"item\":\"https:\/\/elojocojo.org\/\"},{\"@type\":\"ListItem\",\"position\":2,\"name\":\"2006\",\"item\":\"https:\/\/elojocojo.org\/tag\/2006\/\"},{\"@type\":\"ListItem\",\"position\":3,\"name\":\"DVD\"}]},{\"@type\":\"WebSite\",\"@id\":\"https:\/\/elojocojo.org\/#website\",\"url\":\"https:\/\/elojocojo.org\/\",\"name\":\"el ojO cojo\",\"description\":\"Todos estamos hechos de la misma esencia\",\"publisher\":{\"@id\":\"https:\/\/elojocojo.org\/#organization\"},\"potentialAction\":[{\"@type\":\"SearchAction\",\"target\":{\"@type\":\"EntryPoint\",\"urlTemplate\":\"https:\/\/elojocojo.org\/?s={search_term_string}\"},\"query-input\":{\"@type\":\"PropertyValueSpecification\",\"valueRequired\":true,\"valueName\":\"search_term_string\"}}],\"inLanguage\":\"es\"},{\"@type\":\"Organization\",\"@id\":\"https:\/\/elojocojo.org\/#organization\",\"name\":\"Meigas da r\u00faa\",\"url\":\"https:\/\/elojocojo.org\/\",\"logo\":{\"@type\":\"ImageObject\",\"inLanguage\":\"es\",\"@id\":\"https:\/\/elojocojo.org\/#\/schema\/logo\/image\/\",\"url\":\"https:\/\/meigasdarua.org\/wp-content\/uploads\/2020\/09\/cropped-logo-meigas-5.png\",\"contentUrl\":\"https:\/\/meigasdarua.org\/wp-content\/uploads\/2020\/09\/cropped-logo-meigas-5.png\",\"width\":109,\"height\":200,\"caption\":\"Meigas da r\u00faa\"},\"image\":{\"@id\":\"https:\/\/elojocojo.org\/#\/schema\/logo\/image\/\"},\"sameAs\":[\"https:\/\/www.facebook.com\/elojocojo\",\"https:\/\/x.com\/elojocojo\",\"https:\/\/www.instagram.com\/elojocojo\/?hl=es\",\"https:\/\/www.linkedin.com\/in\/el-ojo-cojo-b52b7769\/\",\"https:\/\/www.pinterest.es\/elojocojo\/_saved\/\",\"https:\/\/www.youtube.com\/channel\/UCkFtFTV0Bms7zH7vq8FZxZg\"]},{\"@type\":\"Person\",\"@id\":\"\",\"url\":\"https:\/\/elojocojo.org\/author\/\"}]}<\/script>\n<!-- \/ Yoast SEO plugin. -->","yoast_head_json":{"title":"DVD - el ojO cojo","description":"Pel\u00edcula DVD exhibida en la edici\u00f3n 2007 del Festival el ojO cojo. Pa\u00eds de origen, Espa\u00f1a. Dirigido por Ciro Altabas.","robots":{"index":"index","follow":"follow","max-snippet":"max-snippet:-1","max-image-preview":"max-image-preview:large","max-video-preview":"max-video-preview:-1"},"canonical":"https:\/\/elojocojo.org\/dvd\/","og_locale":"es_ES","og_type":"article","og_title":"DVD - el ojO cojo","og_description":"Pel\u00edcula DVD exhibida en la edici\u00f3n 2007 del Festival el ojO cojo. Pa\u00eds de origen, Espa\u00f1a. Dirigido por Ciro Altabas.","og_url":"https:\/\/elojocojo.org\/dvd\/","og_site_name":"el ojO cojo","article_publisher":"https:\/\/www.facebook.com\/elojocojo","article_published_time":"2008-09-05T04:50:17+00:00","article_modified_time":"2025-09-30T17:08:17+00:00","og_image":[{"width":1920,"height":1080,"url":"https:\/\/elojocojo.org\/wp-content\/uploads\/2020\/07\/DVD2.jpg","type":"image\/jpeg"}],"twitter_card":"summary_large_image","twitter_creator":"@elojocojo","twitter_site":"@elojocojo","twitter_misc":{"Escrito por":"","Tiempo de lectura":"1 minuto"},"schema":{"@context":"https:\/\/schema.org","@graph":[{"@type":"Article","@id":"https:\/\/elojocojo.org\/dvd\/#article","isPartOf":{"@id":"https:\/\/elojocojo.org\/dvd\/"},"author":{"name":"","@id":""},"headline":"DVD","datePublished":"2008-09-05T04:50:17+00:00","dateModified":"2025-09-30T17:08:17+00:00","mainEntityOfPage":{"@id":"https:\/\/elojocojo.org\/dvd\/"},"wordCount":460,"publisher":{"@id":"https:\/\/elojocojo.org\/#organization"},"image":{"@id":"https:\/\/elojocojo.org\/dvd\/#primaryimage"},"thumbnailUrl":"https:\/\/elojocojo.org\/wp-content\/uploads\/2020\/07\/DVD2.jpg","keywords":["2006","2007","amor","comedia","cultura","diversidad","educar en valores","Espa\u00f1a","espa\u00f1ol","espa\u00b1ol","experimental","familia","festival de cine","Festival el Ojo cojo","ficci\u00f3n","Hambre cero","pareja","vida cotidiana","Videoteca"],"articleSection":["Cortometraje","Festival 2007","Ficci\u00f3n"],"inLanguage":"es"},{"@type":"WebPage","@id":"https:\/\/elojocojo.org\/dvd\/","url":"https:\/\/elojocojo.org\/dvd\/","name":"DVD - el ojO cojo","isPartOf":{"@id":"https:\/\/elojocojo.org\/#website"},"primaryImageOfPage":{"@id":"https:\/\/elojocojo.org\/dvd\/#primaryimage"},"image":{"@id":"https:\/\/elojocojo.org\/dvd\/#primaryimage"},"thumbnailUrl":"https:\/\/elojocojo.org\/wp-content\/uploads\/2020\/07\/DVD2.jpg","datePublished":"2008-09-05T04:50:17+00:00","dateModified":"2025-09-30T17:08:17+00:00","description":"Pel\u00edcula DVD exhibida en la edici\u00f3n 2007 del Festival el ojO cojo. Pa\u00eds de origen, Espa\u00f1a. Dirigido por Ciro Altabas.","breadcrumb":{"@id":"https:\/\/elojocojo.org\/dvd\/#breadcrumb"},"inLanguage":"es","potentialAction":[{"@type":"ReadAction","target":["https:\/\/elojocojo.org\/dvd\/"]}]},{"@type":"ImageObject","inLanguage":"es","@id":"https:\/\/elojocojo.org\/dvd\/#primaryimage","url":"https:\/\/elojocojo.org\/wp-content\/uploads\/2020\/07\/DVD2.jpg","contentUrl":"https:\/\/elojocojo.org\/wp-content\/uploads\/2020\/07\/DVD2.jpg","width":1920,"height":1080},{"@type":"BreadcrumbList","@id":"https:\/\/elojocojo.org\/dvd\/#breadcrumb","itemListElement":[{"@type":"ListItem","position":1,"name":"Portada","item":"https:\/\/elojocojo.org\/"},{"@type":"ListItem","position":2,"name":"2006","item":"https:\/\/elojocojo.org\/tag\/2006\/"},{"@type":"ListItem","position":3,"name":"DVD"}]},{"@type":"WebSite","@id":"https:\/\/elojocojo.org\/#website","url":"https:\/\/elojocojo.org\/","name":"el ojO cojo","description":"Todos estamos hechos de la misma esencia","publisher":{"@id":"https:\/\/elojocojo.org\/#organization"},"potentialAction":[{"@type":"SearchAction","target":{"@type":"EntryPoint","urlTemplate":"https:\/\/elojocojo.org\/?s={search_term_string}"},"query-input":{"@type":"PropertyValueSpecification","valueRequired":true,"valueName":"search_term_string"}}],"inLanguage":"es"},{"@type":"Organization","@id":"https:\/\/elojocojo.org\/#organization","name":"Meigas da r\u00faa","url":"https:\/\/elojocojo.org\/","logo":{"@type":"ImageObject","inLanguage":"es","@id":"https:\/\/elojocojo.org\/#\/schema\/logo\/image\/","url":"https:\/\/meigasdarua.org\/wp-content\/uploads\/2020\/09\/cropped-logo-meigas-5.png","contentUrl":"https:\/\/meigasdarua.org\/wp-content\/uploads\/2020\/09\/cropped-logo-meigas-5.png","width":109,"height":200,"caption":"Meigas da r\u00faa"},"image":{"@id":"https:\/\/elojocojo.org\/#\/schema\/logo\/image\/"},"sameAs":["https:\/\/www.facebook.com\/elojocojo","https:\/\/x.com\/elojocojo","https:\/\/www.instagram.com\/elojocojo\/?hl=es","https:\/\/www.linkedin.com\/in\/el-ojo-cojo-b52b7769\/","https:\/\/www.pinterest.es\/elojocojo\/_saved\/","https:\/\/www.youtube.com\/channel\/UCkFtFTV0Bms7zH7vq8FZxZg"]},{"@type":"Person","@id":"","url":"https:\/\/elojocojo.org\/author\/"}]}},"_links":{"self":[{"href":"https:\/\/elojocojo.org\/wp-json\/wp\/v2\/posts\/1478","targetHints":{"allow":["GET"]}}],"collection":[{"href":"https:\/\/elojocojo.org\/wp-json\/wp\/v2\/posts"}],"about":[{"href":"https:\/\/elojocojo.org\/wp-json\/wp\/v2\/types\/post"}],"author":[{"embeddable":true,"href":"https:\/\/elojocojo.org\/wp-json\/wp\/v2\/users\/3"}],"replies":[{"embeddable":true,"href":"https:\/\/elojocojo.org\/wp-json\/wp\/v2\/comments?post=1478"}],"version-history":[{"count":9,"href":"https:\/\/elojocojo.org\/wp-json\/wp\/v2\/posts\/1478\/revisions"}],"predecessor-version":[{"id":57293,"href":"https:\/\/elojocojo.org\/wp-json\/wp\/v2\/posts\/1478\/revisions\/57293"}],"wp:featuredmedia":[{"embeddable":true,"href":"https:\/\/elojocojo.org\/wp-json\/wp\/v2\/media\/23793"}],"wp:attachment":[{"href":"https:\/\/elojocojo.org\/wp-json\/wp\/v2\/media?parent=1478"}],"wp:term":[{"taxonomy":"category","embeddable":true,"href":"https:\/\/elojocojo.org\/wp-json\/wp\/v2\/categories?post=1478"},{"taxonomy":"post_tag","embeddable":true,"href":"https:\/\/elojocojo.org\/wp-json\/wp\/v2\/tags?post=1478"}],"curies":[{"name":"wp","href":"https:\/\/api.w.org\/{rel}","templated":true}]}}