{"id":1462,"date":"2008-09-04T21:45:50","date_gmt":"2008-09-05T04:45:50","guid":{"rendered":"http:\/\/www.elojocojo.org\/blog2\/?p=1462"},"modified":"2025-09-22T15:31:44","modified_gmt":"2025-09-22T13:31:44","slug":"el-cumple","status":"publish","type":"post","link":"https:\/\/elojocojo.org\/el-cumple\/","title":{"rendered":"El cumple"},"content":{"rendered":"\n<figure class=\"wp-block-embed is-type-video is-provider-youtube wp-block-embed-youtube wp-embed-aspect-16-9 wp-has-aspect-ratio\"><div class=\"wp-block-embed__wrapper\">\n<iframe title=\"El Cumple (2002) - Gustavo Postiglione - Trailer\" width=\"1140\" height=\"641\" src=\"https:\/\/www.youtube.com\/embed\/3t7okVbzZDI?feature=oembed\" frameborder=\"0\" allow=\"accelerometer; autoplay; clipboard-write; encrypted-media; gyroscope; picture-in-picture; web-share\" referrerpolicy=\"strict-origin-when-cross-origin\" allowfullscreen><\/iframe>\n<\/div><\/figure>\n\n\n\n<p>T\u00edtulo: <em>El cumple<\/em><\/p>\n\n\n\n<p>T\u00edtulo original: <em>El cumple<\/em><\/p>\n\n\n\n<p>A\u00f1o: 2002<\/p>\n\n\n\n<p>Director: Gustavo Postiglione<\/p>\n\n\n\n<p>G\u00e9nero: Ficci\u00f3n<\/p>\n\n\n\n<p>Duraci\u00f3n: 82&#8242;<\/p>\n\n\n\n<p>Pa\u00eds: Argentina<\/p>\n\n\n\n<p>Formato original: 35 MM<\/p>\n\n\n\n<p>Tipo: Color<\/p>\n\n\n\n<p>Idioma original: Castellano<\/p>\n\n\n\n<p>Int\u00e9rpretes: Ra\u00fal Calandra, Barbara Peters, Tito G\u00f3mez, Adriana Frodella, Miguel Franchi, Gustavo Guirado, Gilda Scarpeta, Carlos Resta y Gerardo Dayub<\/p>\n\n\n\n<p>Producci\u00f3m: Gustavo Postiglione<\/p>\n\n\n\n<p>Gui\u00f3n: Gustavo Postiglione<\/p>\n\n\n\n<p>Direcci\u00f3n en fotograf\u00eda: Fernando Zago<\/p>\n\n\n\n<p>Edici\u00f3n\/Montaje: Lucio Garc\u00eda<\/p>\n\n\n\n<p>Sonido: Carlos Rossano<\/p>\n\n\n\n<p>M\u00fasica: Iv\u00e1n Tarabello<\/p>\n\n\n\n<p>Sinopsis:<\/p>\n\n\n\n<h2 class=\"wp-block-heading\"><strong><sub>Una fiesta, muchas verdades<\/sub><\/strong><\/h2>\n\n\n\n<p>Marcelo ha preparado con entusiasmo la fiesta de cumplea\u00f1os de su mejor amigo, creyendo que ser\u00e1 solo una celebraci\u00f3n \u00edntima y alegre. Sin embargo, a medida que los invitados llegan, tambi\u00e9n lo hacen sus emociones contenidas, secretos y tensiones del pasado. As\u00ed, lo que parec\u00eda una noche de brindis y m\u00fasica se convierte en el escenario perfecto para que viejas heridas resurjan. Poco a poco, la fiesta se transforma en un campo de revelaciones inesperadas.<\/p>\n\n\n\n<h2 class=\"wp-block-heading\"><strong><sub>Retrato generacional<\/sub><\/strong><\/h2>\n\n\n\n<p>Los asistentes no solo comparten una amistad duradera, sino tambi\u00e9n el haber vivido una misma \u00e9poca: los agitados a\u00f1os &#8217;80. Por lo tanto, todos arrastran sue\u00f1os rotos, ideales truncados y una sensaci\u00f3n persistente de no haber llegado a donde esperaban. En este sentido, la fiesta se convierte en una especie de espejo emocional. A trav\u00e9s de conversaciones intensas, risas nerviosas y silencios inc\u00f3modos, cada uno expone lo que ha intentado ocultar por a\u00f1os.<\/p>\n\n\n\n<h2 class=\"wp-block-heading\"><strong><sub>Pasado que no pasa<\/sub><\/strong><\/h2>\n\n\n\n<p>Entre copas levantadas y canciones conocidas, emergen historias no cerradas, romances inconclusos y traiciones silenciosas. De este modo, la fiesta ya no es un presente alegre, sino una colisi\u00f3n con un pasado sin resolver. Algunos se refugian en la nostalgia, mientras otros enfrentan el desencanto con brutal honestidad. As\u00ed, las m\u00e1scaras caen una a una.<\/p>\n\n\n\n<h2 class=\"wp-block-heading\"><strong><sub>\u00bfY ahora qu\u00e9?<\/sub><\/strong><\/h2>\n\n\n\n<p>En consecuencia, cada personaje se ve obligado a replantear su presente. Las verdades expuestas sacuden certezas y v\u00ednculos. No obstante, tambi\u00e9n se abre una posibilidad de cambio. Por eso, la fiesta no termina en ruptura, sino en una invitaci\u00f3n a comenzar de nuevo.<\/p>\n\n\n\n<h2 class=\"wp-block-heading\"><strong><sub>Entre lo que fuimos y lo que somos<\/sub><\/strong><\/h2>\n\n\n\n<p>En resumen, <em>El cumple<\/em> es un retrato \u00edntimo de una generaci\u00f3n enfrentada a su propia historia. En \u00faltima instancia, se trata de una historia sobre identidad, memoria y la complejidad de crecer sin renunciar a lo vivido.<\/p>\n\n\n<div class=\"wp-block-image\">\n<figure class=\"aligncenter size-large\"><img decoding=\"async\" width=\"255\" height=\"360\" src=\"https:\/\/elojocojo.org\/wp-content\/uploads\/2008\/09\/cartel_el_cumple-255x360.jpg\" alt=\"Cartel de la pel\u00edcula El Cumple. Sobre un fondo amarillo, se ven siluetas negras de personas en una fiesta: unas sentadas alrededor de una mesa y otras de pie conversando\" class=\"wp-image-65173\" srcset=\"https:\/\/elojocojo.org\/wp-content\/uploads\/2008\/09\/cartel_el_cumple-255x360.jpg 255w, https:\/\/elojocojo.org\/wp-content\/uploads\/2008\/09\/cartel_el_cumple-354x500.jpg 354w, https:\/\/elojocojo.org\/wp-content\/uploads\/2008\/09\/cartel_el_cumple-283x400.jpg 283w, https:\/\/elojocojo.org\/wp-content\/uploads\/2008\/09\/cartel_el_cumple-150x212.jpg 150w, https:\/\/elojocojo.org\/wp-content\/uploads\/2008\/09\/cartel_el_cumple.jpg 566w\" sizes=\"(max-width: 255px) 100vw, 255px\" \/><\/figure>\n<\/div>\n\n\n<p>PALMAR\u00c9S:<\/p>\n\n\n\n<p>2003:<\/p>\n\n\n\n<ul class=\"wp-block-list\">\n<li>Festival Latino de Nueva York &#8211; Premio Especial del Jurado<\/li>\n\n\n\n<li>Concurso de Subsidio a la Creaci\u00f3n Art\u00edstica de la Fundaci\u00f3n Antorchas &#8211;&nbsp;Ganador.<\/li>\n\n\n\n<li>Concurso de Cr\u00e9ditos de Post-Producci\u00f3n del Instituto Nacional de Cine y Artes Audiovisuales (INCAA) &#8211; Ganador.<\/li>\n\n\n\n<li>Muestra La Sudestada, Par\u00eds &#8211; Premio.<\/li>\n<\/ul>\n\n\n\n<p>El filme <em>El cumple<\/em> particip\u00f3 en la edici\u00f3n <a href=\"https:\/\/elojocojo.org\/category\/festival-2007\/\"><strong>2007<\/strong> <\/a>del <a href=\"https:\/\/elojocojo.org\/category\/festival-2007\/\"><strong>Festival de cine el ojO cojo<\/strong> <\/a>en ese sentido nos sentimos honrados de haberla exhibido.<\/p>\n\n\n\n<p>Visita nuestro <a href=\"https:\/\/el-ojocojo.blogspot.com\/\">blog<\/a><\/p>\n\n\n\n<p><a href=\"https:\/\/www.imdb.com\/es-es\/title\/tt0321871\/?ref_=ttrt_ov_bk\">IMDb<\/a>: 6.6 \/ 10<\/p>\n","protected":false},"excerpt":{"rendered":"<p>Una historia basada en las experiencias propias de una generaci\u00f3n conflictiva de j\u00f3venes de los &#8217;80 que siguen buscando una raz\u00f3n de ser. Dirigido por Gustavo Postiglione.<\/p>\n","protected":false},"author":3,"featured_media":23826,"comment_status":"closed","ping_status":"open","sticky":false,"template":"","format":"standard","meta":{"_monsterinsights_skip_tracking":false,"_monsterinsights_sitenote_active":false,"_monsterinsights_sitenote_note":"","_monsterinsights_sitenote_category":0,"footnotes":""},"categories":[990,991,983],"tags":[1937,169,420,970,1737,2119,15,1981,1628,288,1910,1086,1231,1128],"class_list":{"0":"post-1462","1":"post","2":"type-post","3":"status-publish","4":"format-standard","5":"has-post-thumbnail","7":"category-comedia","8":"category-drama","9":"category-festival-2007","10":"tag-1937","11":"tag-amistad","12":"tag-argentina","13":"tag-comedia","14":"tag-drama","15":"tag-espanol","16":"tag-familia","17":"tag-festival-de-cine","18":"tag-ficcion","19":"tag-jovenes","20":"tag-ods","21":"tag-paz-y-justicia-e-instituciones-solidas","22":"tag-reduccion-de-las-desigualdades","23":"tag-salud-y-bienestar","24":"czr-hentry"},"yoast_head":"<!-- This site is optimized with the Yoast SEO plugin v27.1.1 - https:\/\/yoast.com\/product\/yoast-seo-wordpress\/ -->\n<title>El cumple - el ojO cojo<\/title>\n<meta name=\"description\" content=\"Pel\u00edcula El cumple exhibida en la edici\u00f3n 2007 del Festival el ojO cojo. Pa\u00eds de origen, Argentina. Dirigido por Gustavo Postiglione.\" \/>\n<meta name=\"robots\" content=\"index, follow, max-snippet:-1, max-image-preview:large, max-video-preview:-1\" \/>\n<link rel=\"canonical\" href=\"https:\/\/elojocojo.org\/el-cumple\/\" \/>\n<meta property=\"og:locale\" content=\"es_ES\" \/>\n<meta property=\"og:type\" content=\"article\" \/>\n<meta property=\"og:title\" content=\"El cumple - el ojO cojo\" \/>\n<meta property=\"og:description\" content=\"Pel\u00edcula El cumple exhibida en la edici\u00f3n 2007 del Festival el ojO cojo. Pa\u00eds de origen, Argentina. Dirigido por Gustavo Postiglione.\" \/>\n<meta property=\"og:url\" content=\"https:\/\/elojocojo.org\/el-cumple\/\" \/>\n<meta property=\"og:site_name\" content=\"el ojO cojo\" \/>\n<meta property=\"article:publisher\" content=\"https:\/\/www.facebook.com\/elojocojo\" \/>\n<meta property=\"article:published_time\" content=\"2008-09-05T04:45:50+00:00\" \/>\n<meta property=\"article:modified_time\" content=\"2025-09-22T13:31:44+00:00\" \/>\n<meta property=\"og:image\" content=\"https:\/\/elojocojo.org\/wp-content\/uploads\/2020\/07\/elcumple2.jpg\" \/>\n\t<meta property=\"og:image:width\" content=\"945\" \/>\n\t<meta property=\"og:image:height\" content=\"616\" \/>\n\t<meta property=\"og:image:type\" content=\"image\/jpeg\" \/>\n<meta name=\"twitter:card\" content=\"summary_large_image\" \/>\n<meta name=\"twitter:creator\" content=\"@elojocojo\" \/>\n<meta name=\"twitter:site\" content=\"@elojocojo\" \/>\n<meta name=\"twitter:label1\" content=\"Escrito por\" \/>\n\t<meta name=\"twitter:data1\" content=\"\" \/>\n\t<meta name=\"twitter:label2\" content=\"Tiempo de lectura\" \/>\n\t<meta name=\"twitter:data2\" content=\"3 minutos\" \/>\n<script type=\"application\/ld+json\" class=\"yoast-schema-graph\">{\"@context\":\"https:\/\/schema.org\",\"@graph\":[{\"@type\":\"Article\",\"@id\":\"https:\/\/elojocojo.org\/el-cumple\/#article\",\"isPartOf\":{\"@id\":\"https:\/\/elojocojo.org\/el-cumple\/\"},\"author\":{\"name\":\"\",\"@id\":\"\"},\"headline\":\"El cumple\",\"datePublished\":\"2008-09-05T04:45:50+00:00\",\"dateModified\":\"2025-09-22T13:31:44+00:00\",\"mainEntityOfPage\":{\"@id\":\"https:\/\/elojocojo.org\/el-cumple\/\"},\"wordCount\":500,\"publisher\":{\"@id\":\"https:\/\/elojocojo.org\/#organization\"},\"image\":{\"@id\":\"https:\/\/elojocojo.org\/el-cumple\/#primaryimage\"},\"thumbnailUrl\":\"https:\/\/elojocojo.org\/wp-content\/uploads\/2020\/07\/elcumple2.jpg\",\"keywords\":[\"2002\",\"amistad\",\"Argentina\",\"comedia\",\"drama\",\"espa\u00f1ol\",\"familia\",\"festival de cine\",\"ficci\u00f3n\",\"j\u00f3venes\",\"ODS\",\"Paz y justicia e instituciones s\u00f3lidas\",\"Reducci\u00f3n de las desigualdades\",\"Salud y bienestar\"],\"articleSection\":[\"Comedia\",\"Drama\",\"Festival 2007\"],\"inLanguage\":\"es\"},{\"@type\":\"WebPage\",\"@id\":\"https:\/\/elojocojo.org\/el-cumple\/\",\"url\":\"https:\/\/elojocojo.org\/el-cumple\/\",\"name\":\"El cumple - el ojO cojo\",\"isPartOf\":{\"@id\":\"https:\/\/elojocojo.org\/#website\"},\"primaryImageOfPage\":{\"@id\":\"https:\/\/elojocojo.org\/el-cumple\/#primaryimage\"},\"image\":{\"@id\":\"https:\/\/elojocojo.org\/el-cumple\/#primaryimage\"},\"thumbnailUrl\":\"https:\/\/elojocojo.org\/wp-content\/uploads\/2020\/07\/elcumple2.jpg\",\"datePublished\":\"2008-09-05T04:45:50+00:00\",\"dateModified\":\"2025-09-22T13:31:44+00:00\",\"description\":\"Pel\u00edcula El cumple exhibida en la edici\u00f3n 2007 del Festival el ojO cojo. Pa\u00eds de origen, Argentina. Dirigido por Gustavo Postiglione.\",\"breadcrumb\":{\"@id\":\"https:\/\/elojocojo.org\/el-cumple\/#breadcrumb\"},\"inLanguage\":\"es\",\"potentialAction\":[{\"@type\":\"ReadAction\",\"target\":[\"https:\/\/elojocojo.org\/el-cumple\/\"]}]},{\"@type\":\"ImageObject\",\"inLanguage\":\"es\",\"@id\":\"https:\/\/elojocojo.org\/el-cumple\/#primaryimage\",\"url\":\"https:\/\/elojocojo.org\/wp-content\/uploads\/2020\/07\/elcumple2.jpg\",\"contentUrl\":\"https:\/\/elojocojo.org\/wp-content\/uploads\/2020\/07\/elcumple2.jpg\",\"width\":945,\"height\":616,\"caption\":\"Dos mujeres, que est\u00e1n sentadas, charlan mientras cenan. Iluminaci\u00f3n en blanco y negro.\"},{\"@type\":\"BreadcrumbList\",\"@id\":\"https:\/\/elojocojo.org\/el-cumple\/#breadcrumb\",\"itemListElement\":[{\"@type\":\"ListItem\",\"position\":1,\"name\":\"Portada\",\"item\":\"https:\/\/elojocojo.org\/\"},{\"@type\":\"ListItem\",\"position\":2,\"name\":\"2002\",\"item\":\"https:\/\/elojocojo.org\/tag\/2002\/\"},{\"@type\":\"ListItem\",\"position\":3,\"name\":\"El cumple\"}]},{\"@type\":\"WebSite\",\"@id\":\"https:\/\/elojocojo.org\/#website\",\"url\":\"https:\/\/elojocojo.org\/\",\"name\":\"el ojO cojo\",\"description\":\"Todos estamos hechos de la misma esencia\",\"publisher\":{\"@id\":\"https:\/\/elojocojo.org\/#organization\"},\"potentialAction\":[{\"@type\":\"SearchAction\",\"target\":{\"@type\":\"EntryPoint\",\"urlTemplate\":\"https:\/\/elojocojo.org\/?s={search_term_string}\"},\"query-input\":{\"@type\":\"PropertyValueSpecification\",\"valueRequired\":true,\"valueName\":\"search_term_string\"}}],\"inLanguage\":\"es\"},{\"@type\":\"Organization\",\"@id\":\"https:\/\/elojocojo.org\/#organization\",\"name\":\"Meigas da r\u00faa\",\"url\":\"https:\/\/elojocojo.org\/\",\"logo\":{\"@type\":\"ImageObject\",\"inLanguage\":\"es\",\"@id\":\"https:\/\/elojocojo.org\/#\/schema\/logo\/image\/\",\"url\":\"https:\/\/meigasdarua.org\/wp-content\/uploads\/2020\/09\/cropped-logo-meigas-5.png\",\"contentUrl\":\"https:\/\/meigasdarua.org\/wp-content\/uploads\/2020\/09\/cropped-logo-meigas-5.png\",\"width\":109,\"height\":200,\"caption\":\"Meigas da r\u00faa\"},\"image\":{\"@id\":\"https:\/\/elojocojo.org\/#\/schema\/logo\/image\/\"},\"sameAs\":[\"https:\/\/www.facebook.com\/elojocojo\",\"https:\/\/x.com\/elojocojo\",\"https:\/\/www.instagram.com\/elojocojo\/?hl=es\",\"https:\/\/www.linkedin.com\/in\/el-ojo-cojo-b52b7769\/\",\"https:\/\/www.pinterest.es\/elojocojo\/_saved\/\",\"https:\/\/www.youtube.com\/channel\/UCkFtFTV0Bms7zH7vq8FZxZg\"]},{\"@type\":\"Person\",\"@id\":\"\",\"url\":\"https:\/\/elojocojo.org\/author\/\"}]}<\/script>\n<!-- \/ Yoast SEO plugin. -->","yoast_head_json":{"title":"El cumple - el ojO cojo","description":"Pel\u00edcula El cumple exhibida en la edici\u00f3n 2007 del Festival el ojO cojo. Pa\u00eds de origen, Argentina. Dirigido por Gustavo Postiglione.","robots":{"index":"index","follow":"follow","max-snippet":"max-snippet:-1","max-image-preview":"max-image-preview:large","max-video-preview":"max-video-preview:-1"},"canonical":"https:\/\/elojocojo.org\/el-cumple\/","og_locale":"es_ES","og_type":"article","og_title":"El cumple - el ojO cojo","og_description":"Pel\u00edcula El cumple exhibida en la edici\u00f3n 2007 del Festival el ojO cojo. Pa\u00eds de origen, Argentina. Dirigido por Gustavo Postiglione.","og_url":"https:\/\/elojocojo.org\/el-cumple\/","og_site_name":"el ojO cojo","article_publisher":"https:\/\/www.facebook.com\/elojocojo","article_published_time":"2008-09-05T04:45:50+00:00","article_modified_time":"2025-09-22T13:31:44+00:00","og_image":[{"width":945,"height":616,"url":"https:\/\/elojocojo.org\/wp-content\/uploads\/2020\/07\/elcumple2.jpg","type":"image\/jpeg"}],"twitter_card":"summary_large_image","twitter_creator":"@elojocojo","twitter_site":"@elojocojo","twitter_misc":{"Escrito por":"","Tiempo de lectura":"3 minutos"},"schema":{"@context":"https:\/\/schema.org","@graph":[{"@type":"Article","@id":"https:\/\/elojocojo.org\/el-cumple\/#article","isPartOf":{"@id":"https:\/\/elojocojo.org\/el-cumple\/"},"author":{"name":"","@id":""},"headline":"El cumple","datePublished":"2008-09-05T04:45:50+00:00","dateModified":"2025-09-22T13:31:44+00:00","mainEntityOfPage":{"@id":"https:\/\/elojocojo.org\/el-cumple\/"},"wordCount":500,"publisher":{"@id":"https:\/\/elojocojo.org\/#organization"},"image":{"@id":"https:\/\/elojocojo.org\/el-cumple\/#primaryimage"},"thumbnailUrl":"https:\/\/elojocojo.org\/wp-content\/uploads\/2020\/07\/elcumple2.jpg","keywords":["2002","amistad","Argentina","comedia","drama","espa\u00f1ol","familia","festival de cine","ficci\u00f3n","j\u00f3venes","ODS","Paz y justicia e instituciones s\u00f3lidas","Reducci\u00f3n de las desigualdades","Salud y bienestar"],"articleSection":["Comedia","Drama","Festival 2007"],"inLanguage":"es"},{"@type":"WebPage","@id":"https:\/\/elojocojo.org\/el-cumple\/","url":"https:\/\/elojocojo.org\/el-cumple\/","name":"El cumple - el ojO cojo","isPartOf":{"@id":"https:\/\/elojocojo.org\/#website"},"primaryImageOfPage":{"@id":"https:\/\/elojocojo.org\/el-cumple\/#primaryimage"},"image":{"@id":"https:\/\/elojocojo.org\/el-cumple\/#primaryimage"},"thumbnailUrl":"https:\/\/elojocojo.org\/wp-content\/uploads\/2020\/07\/elcumple2.jpg","datePublished":"2008-09-05T04:45:50+00:00","dateModified":"2025-09-22T13:31:44+00:00","description":"Pel\u00edcula El cumple exhibida en la edici\u00f3n 2007 del Festival el ojO cojo. Pa\u00eds de origen, Argentina. Dirigido por Gustavo Postiglione.","breadcrumb":{"@id":"https:\/\/elojocojo.org\/el-cumple\/#breadcrumb"},"inLanguage":"es","potentialAction":[{"@type":"ReadAction","target":["https:\/\/elojocojo.org\/el-cumple\/"]}]},{"@type":"ImageObject","inLanguage":"es","@id":"https:\/\/elojocojo.org\/el-cumple\/#primaryimage","url":"https:\/\/elojocojo.org\/wp-content\/uploads\/2020\/07\/elcumple2.jpg","contentUrl":"https:\/\/elojocojo.org\/wp-content\/uploads\/2020\/07\/elcumple2.jpg","width":945,"height":616,"caption":"Dos mujeres, que est\u00e1n sentadas, charlan mientras cenan. Iluminaci\u00f3n en blanco y negro."},{"@type":"BreadcrumbList","@id":"https:\/\/elojocojo.org\/el-cumple\/#breadcrumb","itemListElement":[{"@type":"ListItem","position":1,"name":"Portada","item":"https:\/\/elojocojo.org\/"},{"@type":"ListItem","position":2,"name":"2002","item":"https:\/\/elojocojo.org\/tag\/2002\/"},{"@type":"ListItem","position":3,"name":"El cumple"}]},{"@type":"WebSite","@id":"https:\/\/elojocojo.org\/#website","url":"https:\/\/elojocojo.org\/","name":"el ojO cojo","description":"Todos estamos hechos de la misma esencia","publisher":{"@id":"https:\/\/elojocojo.org\/#organization"},"potentialAction":[{"@type":"SearchAction","target":{"@type":"EntryPoint","urlTemplate":"https:\/\/elojocojo.org\/?s={search_term_string}"},"query-input":{"@type":"PropertyValueSpecification","valueRequired":true,"valueName":"search_term_string"}}],"inLanguage":"es"},{"@type":"Organization","@id":"https:\/\/elojocojo.org\/#organization","name":"Meigas da r\u00faa","url":"https:\/\/elojocojo.org\/","logo":{"@type":"ImageObject","inLanguage":"es","@id":"https:\/\/elojocojo.org\/#\/schema\/logo\/image\/","url":"https:\/\/meigasdarua.org\/wp-content\/uploads\/2020\/09\/cropped-logo-meigas-5.png","contentUrl":"https:\/\/meigasdarua.org\/wp-content\/uploads\/2020\/09\/cropped-logo-meigas-5.png","width":109,"height":200,"caption":"Meigas da r\u00faa"},"image":{"@id":"https:\/\/elojocojo.org\/#\/schema\/logo\/image\/"},"sameAs":["https:\/\/www.facebook.com\/elojocojo","https:\/\/x.com\/elojocojo","https:\/\/www.instagram.com\/elojocojo\/?hl=es","https:\/\/www.linkedin.com\/in\/el-ojo-cojo-b52b7769\/","https:\/\/www.pinterest.es\/elojocojo\/_saved\/","https:\/\/www.youtube.com\/channel\/UCkFtFTV0Bms7zH7vq8FZxZg"]},{"@type":"Person","@id":"","url":"https:\/\/elojocojo.org\/author\/"}]}},"_links":{"self":[{"href":"https:\/\/elojocojo.org\/wp-json\/wp\/v2\/posts\/1462","targetHints":{"allow":["GET"]}}],"collection":[{"href":"https:\/\/elojocojo.org\/wp-json\/wp\/v2\/posts"}],"about":[{"href":"https:\/\/elojocojo.org\/wp-json\/wp\/v2\/types\/post"}],"author":[{"embeddable":true,"href":"https:\/\/elojocojo.org\/wp-json\/wp\/v2\/users\/3"}],"replies":[{"embeddable":true,"href":"https:\/\/elojocojo.org\/wp-json\/wp\/v2\/comments?post=1462"}],"version-history":[{"count":13,"href":"https:\/\/elojocojo.org\/wp-json\/wp\/v2\/posts\/1462\/revisions"}],"predecessor-version":[{"id":70029,"href":"https:\/\/elojocojo.org\/wp-json\/wp\/v2\/posts\/1462\/revisions\/70029"}],"wp:featuredmedia":[{"embeddable":true,"href":"https:\/\/elojocojo.org\/wp-json\/wp\/v2\/media\/23826"}],"wp:attachment":[{"href":"https:\/\/elojocojo.org\/wp-json\/wp\/v2\/media?parent=1462"}],"wp:term":[{"taxonomy":"category","embeddable":true,"href":"https:\/\/elojocojo.org\/wp-json\/wp\/v2\/categories?post=1462"},{"taxonomy":"post_tag","embeddable":true,"href":"https:\/\/elojocojo.org\/wp-json\/wp\/v2\/tags?post=1462"}],"curies":[{"name":"wp","href":"https:\/\/api.w.org\/{rel}","templated":true}]}}