{"id":1458,"date":"2008-09-04T21:44:46","date_gmt":"2008-09-05T04:44:46","guid":{"rendered":"http:\/\/www.elojocojo.org\/blog2\/?p=1458"},"modified":"2026-02-05T16:36:36","modified_gmt":"2026-02-05T15:36:36","slug":"el-errante","status":"publish","type":"post","link":"https:\/\/elojocojo.org\/el-errante\/","title":{"rendered":"El errante"},"content":{"rendered":"\n<h2 class=\"wp-block-heading\">DATOS GENERALES<\/h2>\n\n\n\n<figure class=\"wp-block-embed is-type-video is-provider-youtube wp-block-embed-youtube wp-embed-aspect-4-3 wp-has-aspect-ratio\"><div class=\"wp-block-embed__wrapper\">\n<iframe title=\"ERRANTE [The Wanderer] (cortometraje de David Y\u00e1\u00f1ez)\" width=\"1140\" height=\"855\" src=\"https:\/\/www.youtube.com\/embed\/mWItxUU46gY?feature=oembed\" frameborder=\"0\" allow=\"accelerometer; autoplay; clipboard-write; encrypted-media; gyroscope; picture-in-picture; web-share\" referrerpolicy=\"strict-origin-when-cross-origin\" allowfullscreen><\/iframe>\n<\/div><\/figure>\n\n\n<p><span style=\"color: #ffcc00;\">T\u00cdTULO: El errante<\/span><br \/><span style=\"color: #ffcc00;\">T\u00cdTULO ORIGINAL: El errante<\/span><br \/><span style=\"color: #ffcc00;\">A\u00d1O: 2007<\/span><br \/><span style=\"color: #ffcc00;\">DIRECTOR: David Ya\u00f1ez Barroso<\/span><br \/><span style=\"color: #ffcc00;\">G\u00c9NERO: Ficci\u00f3n<\/span><br \/><span style=\"color: #ffcc00;\">DURACI\u00d3N: 7&#8242; 7\u00bb<\/span><br \/><span style=\"color: #ffcc00;\">PA\u00cdS: Espa\u00f1a<\/span><br \/><span style=\"color: #ffcc00;\">FORMATO ORIGINAL: DVD<\/span><br \/><span style=\"color: #ffcc00;\">TIPO: Blanco y negro<\/span><br \/><span style=\"color: #ffcc00;\">IDIOMA ORIGINAL: Castellano<\/span><br \/><span style=\"color: #ffcc00;\">INT\u00c9RPRETES: David Ya\u00f1ez Barroso y Jos\u00e9 Maria Ya\u00f1ez Barroso<\/span><br \/><span style=\"color: #ffcc00;\">PRODUCCI\u00d3N: David Ya\u00f1ez Barroso<\/span><br \/><span style=\"color: #ffcc00;\">GUI\u00d3N: David Ya\u00f1ez Barroso<\/span><br \/><span style=\"color: #ffcc00;\">EDICI\u00d3N\/MONTAJE: David Ya\u00f1ez Barroso<\/span><br \/><span style=\"color: #ffcc00;\">SONIDO: David Crespo N\u00fa\u00f1ez y Mario Vi\u00f1uela Su\u00e1rez<\/span><br \/><span style=\"color: #ffcc00;\">M\u00daSICA: Mario Vi\u00f1uela Su\u00e1rez<\/span><\/p>\n<p><span style=\"color: #ffcc00;\">Sinopsis:<\/span><\/p>\n<p data-start=\"30\" data-end=\"406\"><span style=\"color: #ffcc00;\"><em data-start=\"30\" data-end=\"42\">El Errante<\/em> se sit\u00faa despu\u00e9s del fin de la guerra. La tercera guerra mundial dur\u00f3 s\u00f3lo dos horas. En s\u00f3lo dos horas toda nuestra vida se volvi\u00f3 nada en todos los territorios del mundo. Eso es lo \u00fanico que queda ya: kil\u00f3metros y kil\u00f3metros de nada porque est\u00e1 destruido todo. En ese paisaje devastado camina un hombre sin nombre, es \u00fanico sobreviviente visible. Tambi\u00e9n es empujado por la necesidad de seguir avanzando cuando todo sentido parece haberse extinguido.<\/span><\/p>\n<p data-start=\"408\" data-end=\"764\"><span style=\"color: #ffcc00;\">El viaje del Errante es f\u00edsico y mental. Recorre carreteras vac\u00edas, tambi\u00e9n las ciudades reducidas a ruinas y campos silenciosos, donde la naturaleza comienza a reclamar lo que fue suyo. A trav\u00e9s de recuerdos fragmentados, voces del pasado y objetos abandonados, la pel\u00edcula reconstruye la memoria de un mundo desaparecido y tambi\u00e9n de una humanidad que se destruy\u00f3 a s\u00ed misma.<\/span><\/p>\n<p data-start=\"766\" data-end=\"1115\"><span style=\"color: #ffcc00;\">Sin enemigos visibles ni un destino claro, el protagonista enfrenta el peso de la soledad absoluta y la culpa colectiva. Cada paso es una pregunta sobre la supervivencia, tambi\u00e9n la esperanza y la responsabilidad humana frente a la aniquilaci\u00f3n. El Errante no busca salvar el mundo, sino comprender qu\u00e9 significa existir cuando ya no queda nadie para mirar.<\/span><\/p>\n<p data-start=\"1117\" data-end=\"1262\" data-is-last-node=\"\" data-is-only-node=\"\"><span style=\"color: #ffcc00;\">Con una atm\u00f3sfera austera y contemplativa, <em data-start=\"1160\" data-end=\"1172\">El Errante<\/em> es una reflexi\u00f3n sobre la fragilidad de la civilizaci\u00f3n y el vac\u00edo posterior al desastre.<\/span><\/p>\n<p><span style=\"color: #ffcc00;\">El filme El errante particip\u00f3 en la edici\u00f3n <a style=\"color: #ffcc00;\" href=\"https:\/\/elojocojo.org\/category\/festival-2007\/\"><span class=\"s1\">2007<\/span><\/a> del <span class=\"s1\"><a style=\"color: #ffcc00;\" href=\"https:\/\/elojocojo.org\/bienvenida\/festivalelojocojo\/\">Festival de cine el ojO cojo<\/a> y <\/span>en ese sentido nos sentimos honrados de haberla exhibido. Visita nuestro <a style=\"color: #ffcc00;\" href=\"https:\/\/el-ojocojo.blogspot.com\/\">blog<\/a>.<\/span><\/p>","protected":false},"excerpt":{"rendered":"<p>La tercera guerra mundial dur\u00f3 s\u00f3lo dos horas. Lo \u00fanico que queda: kil\u00f3metros y kil\u00f3metros de nada\u2026<\/p>\n","protected":false},"author":3,"featured_media":23753,"comment_status":"closed","ping_status":"open","sticky":false,"template":"","format":"standard","meta":{"_monsterinsights_skip_tracking":false,"_monsterinsights_sitenote_active":false,"_monsterinsights_sitenote_note":"","_monsterinsights_sitenote_category":0,"footnotes":""},"categories":[1460,983,30],"tags":[1923,112,1434,138,2119,1981,1982,1628,1547,1086,25],"class_list":{"0":"post-1458","1":"post","2":"type-post","3":"status-publish","4":"format-standard","5":"has-post-thumbnail","7":"category-cortometraje","8":"category-festival-2007","9":"category-ficcion","10":"tag-1923","11":"tag-amor","12":"tag-conflicto","13":"tag-espana","14":"tag-espanol","15":"tag-festival-de-cine","16":"tag-festival-el-ojo-cojo","17":"tag-ficcion","18":"tag-guerra","19":"tag-paz-y-justicia-e-instituciones-solidas","20":"tag-soledad","21":"czr-hentry"},"yoast_head":"<!-- This site is optimized with the Yoast SEO plugin v27.1.1 - https:\/\/yoast.com\/product\/yoast-seo-wordpress\/ -->\n<title>El errante - el ojO cojo<\/title>\n<meta name=\"description\" content=\"Pel\u00edcula El errante exhibida en la edici\u00f3n 2007 del Festival el ojO cojo. Pa\u00eds de origen, Espa\u00f1a. Dirigido por David Ya\u00f1ez Barroso.\" \/>\n<meta name=\"robots\" content=\"index, follow, max-snippet:-1, max-image-preview:large, max-video-preview:-1\" \/>\n<link rel=\"canonical\" href=\"https:\/\/elojocojo.org\/el-errante\/\" \/>\n<meta property=\"og:locale\" content=\"es_ES\" \/>\n<meta property=\"og:type\" content=\"article\" \/>\n<meta property=\"og:title\" content=\"El errante - el ojO cojo\" \/>\n<meta property=\"og:description\" content=\"Pel\u00edcula El errante exhibida en la edici\u00f3n 2007 del Festival el ojO cojo. Pa\u00eds de origen, Espa\u00f1a. Dirigido por David Ya\u00f1ez Barroso.\" \/>\n<meta property=\"og:url\" content=\"https:\/\/elojocojo.org\/el-errante\/\" \/>\n<meta property=\"og:site_name\" content=\"el ojO cojo\" \/>\n<meta property=\"article:publisher\" content=\"https:\/\/www.facebook.com\/elojocojo\" \/>\n<meta property=\"article:published_time\" content=\"2008-09-05T04:44:46+00:00\" \/>\n<meta property=\"article:modified_time\" content=\"2026-02-05T15:36:36+00:00\" \/>\n<meta property=\"og:image\" content=\"https:\/\/elojocojo.org\/wp-content\/uploads\/2008\/09\/Elerrante1.jpg\" \/>\n\t<meta property=\"og:image:width\" content=\"720\" \/>\n\t<meta property=\"og:image:height\" content=\"765\" \/>\n\t<meta property=\"og:image:type\" content=\"image\/jpeg\" \/>\n<meta name=\"twitter:card\" content=\"summary_large_image\" \/>\n<meta name=\"twitter:creator\" content=\"@elojocojo\" \/>\n<meta name=\"twitter:site\" content=\"@elojocojo\" \/>\n<meta name=\"twitter:label1\" content=\"Escrito por\" \/>\n\t<meta name=\"twitter:data1\" content=\"\" \/>\n\t<meta name=\"twitter:label2\" content=\"Tiempo de lectura\" \/>\n\t<meta name=\"twitter:data2\" content=\"1 minuto\" \/>\n<script type=\"application\/ld+json\" class=\"yoast-schema-graph\">{\"@context\":\"https:\/\/schema.org\",\"@graph\":[{\"@type\":\"Article\",\"@id\":\"https:\/\/elojocojo.org\/el-errante\/#article\",\"isPartOf\":{\"@id\":\"https:\/\/elojocojo.org\/el-errante\/\"},\"author\":{\"name\":\"\",\"@id\":\"\"},\"headline\":\"El errante\",\"datePublished\":\"2008-09-05T04:44:46+00:00\",\"dateModified\":\"2026-02-05T15:36:36+00:00\",\"mainEntityOfPage\":{\"@id\":\"https:\/\/elojocojo.org\/el-errante\/\"},\"wordCount\":366,\"publisher\":{\"@id\":\"https:\/\/elojocojo.org\/#organization\"},\"image\":{\"@id\":\"https:\/\/elojocojo.org\/el-errante\/#primaryimage\"},\"thumbnailUrl\":\"https:\/\/elojocojo.org\/wp-content\/uploads\/2008\/09\/Elerrante1.jpg\",\"keywords\":[\"2007\",\"amor\",\"conflicto\",\"Espa\u00f1a\",\"espa\u00f1ol\",\"festival de cine\",\"Festival el Ojo cojo\",\"ficci\u00f3n\",\"guerra\",\"Paz y justicia e instituciones s\u00f3lidas\",\"soledad\"],\"articleSection\":[\"Cortometraje\",\"Festival 2007\",\"Ficci\u00f3n\"],\"inLanguage\":\"es\"},{\"@type\":\"WebPage\",\"@id\":\"https:\/\/elojocojo.org\/el-errante\/\",\"url\":\"https:\/\/elojocojo.org\/el-errante\/\",\"name\":\"El errante - el ojO cojo\",\"isPartOf\":{\"@id\":\"https:\/\/elojocojo.org\/#website\"},\"primaryImageOfPage\":{\"@id\":\"https:\/\/elojocojo.org\/el-errante\/#primaryimage\"},\"image\":{\"@id\":\"https:\/\/elojocojo.org\/el-errante\/#primaryimage\"},\"thumbnailUrl\":\"https:\/\/elojocojo.org\/wp-content\/uploads\/2008\/09\/Elerrante1.jpg\",\"datePublished\":\"2008-09-05T04:44:46+00:00\",\"dateModified\":\"2026-02-05T15:36:36+00:00\",\"description\":\"Pel\u00edcula El errante exhibida en la edici\u00f3n 2007 del Festival el ojO cojo. Pa\u00eds de origen, Espa\u00f1a. Dirigido por David Ya\u00f1ez Barroso.\",\"breadcrumb\":{\"@id\":\"https:\/\/elojocojo.org\/el-errante\/#breadcrumb\"},\"inLanguage\":\"es\",\"potentialAction\":[{\"@type\":\"ReadAction\",\"target\":[\"https:\/\/elojocojo.org\/el-errante\/\"]}]},{\"@type\":\"ImageObject\",\"inLanguage\":\"es\",\"@id\":\"https:\/\/elojocojo.org\/el-errante\/#primaryimage\",\"url\":\"https:\/\/elojocojo.org\/wp-content\/uploads\/2008\/09\/Elerrante1.jpg\",\"contentUrl\":\"https:\/\/elojocojo.org\/wp-content\/uploads\/2008\/09\/Elerrante1.jpg\",\"width\":720,\"height\":765},{\"@type\":\"BreadcrumbList\",\"@id\":\"https:\/\/elojocojo.org\/el-errante\/#breadcrumb\",\"itemListElement\":[{\"@type\":\"ListItem\",\"position\":1,\"name\":\"Portada\",\"item\":\"https:\/\/elojocojo.org\/\"},{\"@type\":\"ListItem\",\"position\":2,\"name\":\"2007\",\"item\":\"https:\/\/elojocojo.org\/tag\/2007\/\"},{\"@type\":\"ListItem\",\"position\":3,\"name\":\"El errante\"}]},{\"@type\":\"WebSite\",\"@id\":\"https:\/\/elojocojo.org\/#website\",\"url\":\"https:\/\/elojocojo.org\/\",\"name\":\"el ojO cojo\",\"description\":\"Todos estamos hechos de la misma esencia\",\"publisher\":{\"@id\":\"https:\/\/elojocojo.org\/#organization\"},\"potentialAction\":[{\"@type\":\"SearchAction\",\"target\":{\"@type\":\"EntryPoint\",\"urlTemplate\":\"https:\/\/elojocojo.org\/?s={search_term_string}\"},\"query-input\":{\"@type\":\"PropertyValueSpecification\",\"valueRequired\":true,\"valueName\":\"search_term_string\"}}],\"inLanguage\":\"es\"},{\"@type\":\"Organization\",\"@id\":\"https:\/\/elojocojo.org\/#organization\",\"name\":\"Meigas da r\u00faa\",\"url\":\"https:\/\/elojocojo.org\/\",\"logo\":{\"@type\":\"ImageObject\",\"inLanguage\":\"es\",\"@id\":\"https:\/\/elojocojo.org\/#\/schema\/logo\/image\/\",\"url\":\"https:\/\/meigasdarua.org\/wp-content\/uploads\/2020\/09\/cropped-logo-meigas-5.png\",\"contentUrl\":\"https:\/\/meigasdarua.org\/wp-content\/uploads\/2020\/09\/cropped-logo-meigas-5.png\",\"width\":109,\"height\":200,\"caption\":\"Meigas da r\u00faa\"},\"image\":{\"@id\":\"https:\/\/elojocojo.org\/#\/schema\/logo\/image\/\"},\"sameAs\":[\"https:\/\/www.facebook.com\/elojocojo\",\"https:\/\/x.com\/elojocojo\",\"https:\/\/www.instagram.com\/elojocojo\/?hl=es\",\"https:\/\/www.linkedin.com\/in\/el-ojo-cojo-b52b7769\/\",\"https:\/\/www.pinterest.es\/elojocojo\/_saved\/\",\"https:\/\/www.youtube.com\/channel\/UCkFtFTV0Bms7zH7vq8FZxZg\"]},{\"@type\":\"Person\",\"@id\":\"\",\"url\":\"https:\/\/elojocojo.org\/author\/\"}]}<\/script>\n<!-- \/ Yoast SEO plugin. -->","yoast_head_json":{"title":"El errante - el ojO cojo","description":"Pel\u00edcula El errante exhibida en la edici\u00f3n 2007 del Festival el ojO cojo. Pa\u00eds de origen, Espa\u00f1a. Dirigido por David Ya\u00f1ez Barroso.","robots":{"index":"index","follow":"follow","max-snippet":"max-snippet:-1","max-image-preview":"max-image-preview:large","max-video-preview":"max-video-preview:-1"},"canonical":"https:\/\/elojocojo.org\/el-errante\/","og_locale":"es_ES","og_type":"article","og_title":"El errante - el ojO cojo","og_description":"Pel\u00edcula El errante exhibida en la edici\u00f3n 2007 del Festival el ojO cojo. Pa\u00eds de origen, Espa\u00f1a. Dirigido por David Ya\u00f1ez Barroso.","og_url":"https:\/\/elojocojo.org\/el-errante\/","og_site_name":"el ojO cojo","article_publisher":"https:\/\/www.facebook.com\/elojocojo","article_published_time":"2008-09-05T04:44:46+00:00","article_modified_time":"2026-02-05T15:36:36+00:00","og_image":[{"width":720,"height":765,"url":"https:\/\/elojocojo.org\/wp-content\/uploads\/2008\/09\/Elerrante1.jpg","type":"image\/jpeg"}],"twitter_card":"summary_large_image","twitter_creator":"@elojocojo","twitter_site":"@elojocojo","twitter_misc":{"Escrito por":"","Tiempo de lectura":"1 minuto"},"schema":{"@context":"https:\/\/schema.org","@graph":[{"@type":"Article","@id":"https:\/\/elojocojo.org\/el-errante\/#article","isPartOf":{"@id":"https:\/\/elojocojo.org\/el-errante\/"},"author":{"name":"","@id":""},"headline":"El errante","datePublished":"2008-09-05T04:44:46+00:00","dateModified":"2026-02-05T15:36:36+00:00","mainEntityOfPage":{"@id":"https:\/\/elojocojo.org\/el-errante\/"},"wordCount":366,"publisher":{"@id":"https:\/\/elojocojo.org\/#organization"},"image":{"@id":"https:\/\/elojocojo.org\/el-errante\/#primaryimage"},"thumbnailUrl":"https:\/\/elojocojo.org\/wp-content\/uploads\/2008\/09\/Elerrante1.jpg","keywords":["2007","amor","conflicto","Espa\u00f1a","espa\u00f1ol","festival de cine","Festival el Ojo cojo","ficci\u00f3n","guerra","Paz y justicia e instituciones s\u00f3lidas","soledad"],"articleSection":["Cortometraje","Festival 2007","Ficci\u00f3n"],"inLanguage":"es"},{"@type":"WebPage","@id":"https:\/\/elojocojo.org\/el-errante\/","url":"https:\/\/elojocojo.org\/el-errante\/","name":"El errante - el ojO cojo","isPartOf":{"@id":"https:\/\/elojocojo.org\/#website"},"primaryImageOfPage":{"@id":"https:\/\/elojocojo.org\/el-errante\/#primaryimage"},"image":{"@id":"https:\/\/elojocojo.org\/el-errante\/#primaryimage"},"thumbnailUrl":"https:\/\/elojocojo.org\/wp-content\/uploads\/2008\/09\/Elerrante1.jpg","datePublished":"2008-09-05T04:44:46+00:00","dateModified":"2026-02-05T15:36:36+00:00","description":"Pel\u00edcula El errante exhibida en la edici\u00f3n 2007 del Festival el ojO cojo. Pa\u00eds de origen, Espa\u00f1a. Dirigido por David Ya\u00f1ez Barroso.","breadcrumb":{"@id":"https:\/\/elojocojo.org\/el-errante\/#breadcrumb"},"inLanguage":"es","potentialAction":[{"@type":"ReadAction","target":["https:\/\/elojocojo.org\/el-errante\/"]}]},{"@type":"ImageObject","inLanguage":"es","@id":"https:\/\/elojocojo.org\/el-errante\/#primaryimage","url":"https:\/\/elojocojo.org\/wp-content\/uploads\/2008\/09\/Elerrante1.jpg","contentUrl":"https:\/\/elojocojo.org\/wp-content\/uploads\/2008\/09\/Elerrante1.jpg","width":720,"height":765},{"@type":"BreadcrumbList","@id":"https:\/\/elojocojo.org\/el-errante\/#breadcrumb","itemListElement":[{"@type":"ListItem","position":1,"name":"Portada","item":"https:\/\/elojocojo.org\/"},{"@type":"ListItem","position":2,"name":"2007","item":"https:\/\/elojocojo.org\/tag\/2007\/"},{"@type":"ListItem","position":3,"name":"El errante"}]},{"@type":"WebSite","@id":"https:\/\/elojocojo.org\/#website","url":"https:\/\/elojocojo.org\/","name":"el ojO cojo","description":"Todos estamos hechos de la misma esencia","publisher":{"@id":"https:\/\/elojocojo.org\/#organization"},"potentialAction":[{"@type":"SearchAction","target":{"@type":"EntryPoint","urlTemplate":"https:\/\/elojocojo.org\/?s={search_term_string}"},"query-input":{"@type":"PropertyValueSpecification","valueRequired":true,"valueName":"search_term_string"}}],"inLanguage":"es"},{"@type":"Organization","@id":"https:\/\/elojocojo.org\/#organization","name":"Meigas da r\u00faa","url":"https:\/\/elojocojo.org\/","logo":{"@type":"ImageObject","inLanguage":"es","@id":"https:\/\/elojocojo.org\/#\/schema\/logo\/image\/","url":"https:\/\/meigasdarua.org\/wp-content\/uploads\/2020\/09\/cropped-logo-meigas-5.png","contentUrl":"https:\/\/meigasdarua.org\/wp-content\/uploads\/2020\/09\/cropped-logo-meigas-5.png","width":109,"height":200,"caption":"Meigas da r\u00faa"},"image":{"@id":"https:\/\/elojocojo.org\/#\/schema\/logo\/image\/"},"sameAs":["https:\/\/www.facebook.com\/elojocojo","https:\/\/x.com\/elojocojo","https:\/\/www.instagram.com\/elojocojo\/?hl=es","https:\/\/www.linkedin.com\/in\/el-ojo-cojo-b52b7769\/","https:\/\/www.pinterest.es\/elojocojo\/_saved\/","https:\/\/www.youtube.com\/channel\/UCkFtFTV0Bms7zH7vq8FZxZg"]},{"@type":"Person","@id":"","url":"https:\/\/elojocojo.org\/author\/"}]}},"_links":{"self":[{"href":"https:\/\/elojocojo.org\/wp-json\/wp\/v2\/posts\/1458","targetHints":{"allow":["GET"]}}],"collection":[{"href":"https:\/\/elojocojo.org\/wp-json\/wp\/v2\/posts"}],"about":[{"href":"https:\/\/elojocojo.org\/wp-json\/wp\/v2\/types\/post"}],"author":[{"embeddable":true,"href":"https:\/\/elojocojo.org\/wp-json\/wp\/v2\/users\/3"}],"replies":[{"embeddable":true,"href":"https:\/\/elojocojo.org\/wp-json\/wp\/v2\/comments?post=1458"}],"version-history":[{"count":4,"href":"https:\/\/elojocojo.org\/wp-json\/wp\/v2\/posts\/1458\/revisions"}],"predecessor-version":[{"id":73858,"href":"https:\/\/elojocojo.org\/wp-json\/wp\/v2\/posts\/1458\/revisions\/73858"}],"wp:featuredmedia":[{"embeddable":true,"href":"https:\/\/elojocojo.org\/wp-json\/wp\/v2\/media\/23753"}],"wp:attachment":[{"href":"https:\/\/elojocojo.org\/wp-json\/wp\/v2\/media?parent=1458"}],"wp:term":[{"taxonomy":"category","embeddable":true,"href":"https:\/\/elojocojo.org\/wp-json\/wp\/v2\/categories?post=1458"},{"taxonomy":"post_tag","embeddable":true,"href":"https:\/\/elojocojo.org\/wp-json\/wp\/v2\/tags?post=1458"}],"curies":[{"name":"wp","href":"https:\/\/api.w.org\/{rel}","templated":true}]}}