{"id":1450,"date":"2008-09-04T21:42:30","date_gmt":"2008-09-05T04:42:30","guid":{"rendered":"http:\/\/www.elojocojo.org\/blog2\/?p=1450"},"modified":"2025-09-22T15:33:21","modified_gmt":"2025-09-22T13:33:21","slug":"el-inmortal","status":"publish","type":"post","link":"https:\/\/elojocojo.org\/el-inmortal\/","title":{"rendered":"El inmortal"},"content":{"rendered":"\n<figure class=\"wp-block-embed is-type-video is-provider-youtube wp-block-embed-youtube wp-embed-aspect-4-3 wp-has-aspect-ratio\"><div class=\"wp-block-embed__wrapper\">\n<iframe title=\"El Inmortal. Extracto del documental de Mercedes Moncada Rodr\u00edguez. 2005\" width=\"1140\" height=\"855\" src=\"https:\/\/www.youtube.com\/embed\/rQS2njORoRM?feature=oembed\" frameborder=\"0\" allow=\"accelerometer; autoplay; clipboard-write; encrypted-media; gyroscope; picture-in-picture; web-share\" referrerpolicy=\"strict-origin-when-cross-origin\" allowfullscreen><\/iframe>\n<\/div><\/figure>\n\n\n\n<p>T\u00edtutlo: <em>El inmortal<\/em><\/p>\n\n\n\n<p>T\u00edtulo original: <em>El inmortal<\/em><\/p>\n\n\n\n<p>A\u00f1o: 2005 <\/p>\n\n\n\n<p>Director: Mercedes Moncada Rodr\u00edguez <\/p>\n\n\n\n<p>G\u00e9nero: Documental <\/p>\n\n\n\n<p>Duraci\u00f3n: 80&#8242;<\/p>\n\n\n\n<p>Pa\u00eds: Nicaragua <\/p>\n\n\n\n<p>Formato original: Cine 16 mm <\/p>\n\n\n\n<p>Idioma original Castellano<\/p>\n\n\n\n<p>Producci\u00f3n: Mercedes Moncada Rodr\u00edguez<\/p>\n\n\n\n<p>Gui\u00f3n: Mercedes Moncada Rodr\u00edguez<\/p>\n\n\n\n<p>Edici\u00f3n\/Montaje: Viviana Garcia-Besn\u00e9 y Mercedes Moncada Rodr\u00edguez<\/p>\n\n\n\n<p>Direcci\u00f3n de fotograf\u00eda: Javier Mor\u00f3n Tejero <\/p>\n\n\n\n<p>Sonido: Lu\u00eds Arau Verdades y Pelayo Guti\u00e9rrez<\/p>\n\n\n\n<p>Sinopsis<\/p>\n\n\n\n<h2 class=\"wp-block-heading\"><strong><sub>El viaje como espejo de la historia<\/sub><\/strong><\/h2>\n\n\n\n<p><em>El inmortal<\/em>, de Mercedes Moncada, es un recorrido por la memoria herida de Nicaragua, a trav\u00e9s de los ojos de la familia Rivera. En primer lugar, el viaje familiar sirve como punto de partida para una exploraci\u00f3n m\u00e1s profunda. A pesar del tiempo transcurrido, las secuelas del conflicto siguen presentes en cada palabra, en cada silencio. De hecho, los relatos individuales terminan revelando una verdad colectiva. Por eso, esta pel\u00edcula no narra solo el pasado: interroga el presente. Y lo hace desde la intimidad de quienes crecieron entre la violencia y la represi\u00f3n.<\/p>\n\n\n\n<h2 class=\"wp-block-heading\"><strong><sub>Religi\u00f3n, machismo y pobreza: pilares de una herencia rota<\/sub><\/strong><\/h2>\n\n\n\n<p>La historia familiar refleja las fracturas sociales del pa\u00eds. Como resultado, la divisi\u00f3n pol\u00edtica entre generaciones se mantiene viva y dolorosa. Al mismo tiempo, la religi\u00f3n aparece como una fuerza ambigua. As\u00ed, en lugar de consuelo, ofrece justificaciones para el abuso y la sumisi\u00f3n. Tambi\u00e9n se muestra c\u00f3mo la fe es manipulada para perpetuar el orden establecido. En consecuencia, lo espiritual se convierte en un instrumento de poder.<\/p>\n\n\n\n<h2 class=\"wp-block-heading\"><strong><sub>Cadenas invisibles<\/sub><\/strong><\/h2>\n\n\n\n<p>En este sentido, el machismo atraviesa los v\u00ednculos afectivos con brutal naturalidad. A la misma vez, las mujeres sostienen emocionalmente entornos marcados por la violencia y el abandono. Adem\u00e1s, la pobreza opera como una frontera que limita sue\u00f1os y libertades. Por a\u00f1adidura, el dolor se hereda como si fuera parte de la sangre. As\u00ed pues, el trauma colectivo se filtra en lo m\u00e1s \u00edntimo.<\/p>\n\n\n\n<h2 class=\"wp-block-heading\"><strong><sub>El inmortal como retrato de un pa\u00eds herido<\/sub><\/strong><\/h2>\n\n\n\n<p>Evidentemente, no estamos solo ante una historia familiar. Por otra parte, el filme logra condensar en sus personajes los dilemas de toda una naci\u00f3n. A su vez, evita caer en el lamento. Tambi\u00e9n sugiere que mirar hacia atr\u00e1s puede ser un acto de resistencia.<\/p>\n\n\n\n<h2 class=\"wp-block-heading\"><strong><sub>La esperanza como resistencia en El inmortal<\/sub><\/strong><\/h2>\n\n\n\n<p>En definitiva, comprender el pasado es tambi\u00e9n una forma de sanar. Por \u00faltimo, <em>El inmortal<\/em> es un testimonio urgente de justicia. Y entonces, nos queda la pregunta esencial: \u00bfpuede un pa\u00eds reconciliarse consigo mismo?<\/p>\n\n\n<div class=\"wp-block-image\">\n<figure class=\"aligncenter size-large\"><img decoding=\"async\" width=\"255\" height=\"360\" src=\"https:\/\/elojocojo.org\/wp-content\/uploads\/2008\/09\/cartel_el_inmortal-255x360.jpg\" alt=\"Cartel del documental &quot;El Inmortal&quot;. Una figura humana vestida con una t\u00fanica roja y los brazos extendidos destaca sobre un fondo dividido en negro y verde.\" class=\"wp-image-64346\" srcset=\"https:\/\/elojocojo.org\/wp-content\/uploads\/2008\/09\/cartel_el_inmortal-255x360.jpg 255w, https:\/\/elojocojo.org\/wp-content\/uploads\/2008\/09\/cartel_el_inmortal-354x500.jpg 354w, https:\/\/elojocojo.org\/wp-content\/uploads\/2008\/09\/cartel_el_inmortal-283x400.jpg 283w, https:\/\/elojocojo.org\/wp-content\/uploads\/2008\/09\/cartel_el_inmortal-150x212.jpg 150w, https:\/\/elojocojo.org\/wp-content\/uploads\/2008\/09\/cartel_el_inmortal.jpg 566w\" sizes=\"(max-width: 255px) 100vw, 255px\" \/><\/figure>\n<\/div>\n\n\n<p>PALMAR\u00c9S<\/p>\n\n\n\n<p>2005:<\/p>\n\n\n\n<ul class=\"wp-block-list\">\n<li>Festival de Cine en Guadalajara \u2013 Premio Mayahuel al Mejor Documental<\/li>\n<\/ul>\n\n\n\n<p>El filme <em>El inmortal<\/em> particip\u00f3 en la edici\u00f3n <a href=\"https:\/\/elojocojo.org\/category\/festival-2007\/\"><strong>2007<\/strong> <\/a>del <a href=\"https:\/\/elojocojo.org\/bienvenida\/festivalelojocojo\/\"><strong>Festival de cine el ojO cojo<\/strong> <\/a>en ese sentido nos sentimos honrados de haberla exhibido.<\/p>\n\n\n\n<p>Visita nuestro <a href=\"https:\/\/el-ojocojo.blogspot.com\/\">blog <\/a><\/p>\n\n\n\n<p><a href=\"https:\/\/www.imdb.com\/es-es\/title\/tt0436428\/?ref_=nm_ov_bio_lk\">IMDB<\/a>: 7.4\/10<\/p>\n\n\n\n<p><\/p>\n","protected":false},"excerpt":{"rendered":"<p>Durante un viaje, la familia Rivera muestra c\u00f3mo divisi\u00f3n, manipulaci\u00f3n religiosa, machismo y pobreza, es parte del legado de la guerra en Nicaragua. Dirigido por Mercedes Moncada Rodr\u00edguez<\/p>\n","protected":false},"author":3,"featured_media":64347,"comment_status":"closed","ping_status":"open","sticky":false,"template":"","format":"standard","meta":{"_monsterinsights_skip_tracking":false,"_monsterinsights_sitenote_active":false,"_monsterinsights_sitenote_note":"","_monsterinsights_sitenote_category":0,"footnotes":""},"categories":[2053,983],"tags":[1936,1923,88,2141,1272,1258,2119,2191,402,15,1981,1982,1092,2187,1060,1142,91,706,1910,1086,1438,123,926],"class_list":{"0":"post-1450","1":"post","2":"type-post","3":"status-publish","4":"format-standard","5":"has-post-thumbnail","7":"category-documental","8":"category-festival-2007","9":"tag-1936","10":"tag-1923","11":"tag-america-latina","12":"tag-censura","13":"tag-discriminacion-sexual","14":"tag-empoderamiento","15":"tag-espanol","16":"tag-esperanza","17":"tag-explotacion","18":"tag-familia","19":"tag-festival-de-cine","20":"tag-festival-el-ojo-cojo","21":"tag-fin-de-la-pobreza","22":"tag-igualdad","23":"tag-igualdad-de-genero","24":"tag-machismo","25":"tag-mujer","26":"tag-nicaragua","27":"tag-ods","28":"tag-paz-y-justicia-e-instituciones-solidas","29":"tag-pobreza","30":"tag-religion","31":"tag-violencia-de-genero","32":"czr-hentry"},"yoast_head":"<!-- This site is optimized with the Yoast SEO plugin v27.1.1 - https:\/\/yoast.com\/product\/yoast-seo-wordpress\/ -->\n<title>El inmortal - el ojO cojo<\/title>\n<meta name=\"description\" content=\"Pel\u00edcula El inmortal exhibida en la edici\u00f3n 2007 del Festival el ojO cojo. Origen en Nicaragua. Dirigido por Mercedes Moncada Rodr\u00edguez.\" \/>\n<meta name=\"robots\" content=\"index, follow, max-snippet:-1, max-image-preview:large, max-video-preview:-1\" \/>\n<link rel=\"canonical\" href=\"https:\/\/elojocojo.org\/el-inmortal\/\" \/>\n<meta property=\"og:locale\" content=\"es_ES\" \/>\n<meta property=\"og:type\" content=\"article\" \/>\n<meta property=\"og:title\" content=\"El inmortal - el ojO cojo\" \/>\n<meta property=\"og:description\" content=\"Pel\u00edcula El inmortal exhibida en la edici\u00f3n 2007 del Festival el ojO cojo. Origen en Nicaragua. Dirigido por Mercedes Moncada Rodr\u00edguez.\" \/>\n<meta property=\"og:url\" content=\"https:\/\/elojocojo.org\/el-inmortal\/\" \/>\n<meta property=\"og:site_name\" content=\"el ojO cojo\" \/>\n<meta property=\"article:publisher\" content=\"https:\/\/www.facebook.com\/elojocojo\" \/>\n<meta property=\"article:published_time\" content=\"2008-09-05T04:42:30+00:00\" \/>\n<meta property=\"article:modified_time\" content=\"2025-09-22T13:33:21+00:00\" \/>\n<meta property=\"og:image\" content=\"https:\/\/elojocojo.org\/wp-content\/uploads\/2008\/09\/fragmento_el_inmortal.jpg\" \/>\n\t<meta property=\"og:image:width\" content=\"1110\" \/>\n\t<meta property=\"og:image:height\" content=\"250\" \/>\n\t<meta property=\"og:image:type\" content=\"image\/jpeg\" \/>\n<meta name=\"twitter:card\" content=\"summary_large_image\" \/>\n<meta name=\"twitter:creator\" content=\"@elojocojo\" \/>\n<meta name=\"twitter:site\" content=\"@elojocojo\" \/>\n<meta name=\"twitter:label1\" content=\"Escrito por\" \/>\n\t<meta name=\"twitter:data1\" content=\"\" \/>\n\t<meta name=\"twitter:label2\" content=\"Tiempo de lectura\" \/>\n\t<meta name=\"twitter:data2\" content=\"2 minutos\" \/>\n<script type=\"application\/ld+json\" class=\"yoast-schema-graph\">{\"@context\":\"https:\/\/schema.org\",\"@graph\":[{\"@type\":\"Article\",\"@id\":\"https:\/\/elojocojo.org\/el-inmortal\/#article\",\"isPartOf\":{\"@id\":\"https:\/\/elojocojo.org\/el-inmortal\/\"},\"author\":{\"name\":\"\",\"@id\":\"\"},\"headline\":\"El inmortal\",\"datePublished\":\"2008-09-05T04:42:30+00:00\",\"dateModified\":\"2025-09-22T13:33:21+00:00\",\"mainEntityOfPage\":{\"@id\":\"https:\/\/elojocojo.org\/el-inmortal\/\"},\"wordCount\":483,\"publisher\":{\"@id\":\"https:\/\/elojocojo.org\/#organization\"},\"image\":{\"@id\":\"https:\/\/elojocojo.org\/el-inmortal\/#primaryimage\"},\"thumbnailUrl\":\"https:\/\/elojocojo.org\/wp-content\/uploads\/2008\/09\/fragmento_el_inmortal.jpg\",\"keywords\":[\"2005\",\"2007\",\"Am\u00e9rica Latina\",\"censura\",\"discriminaci\u00f3n sexual\",\"empoderamiento\",\"espa\u00f1ol\",\"esperanza\",\"explotaci\u00f3n\",\"familia\",\"festival de cine\",\"Festival el Ojo cojo\",\"Fin de la pobreza\",\"igualdad\",\"igualdad de g\u00e9nero\",\"machismo\",\"mujer\",\"Nicaragua\",\"ODS\",\"Paz y justicia e instituciones s\u00f3lidas\",\"pobreza\",\"religi\u00f3n\",\"violencia de g\u00e9nero\"],\"articleSection\":[\"Documental\",\"Festival 2007\"],\"inLanguage\":\"es\"},{\"@type\":\"WebPage\",\"@id\":\"https:\/\/elojocojo.org\/el-inmortal\/\",\"url\":\"https:\/\/elojocojo.org\/el-inmortal\/\",\"name\":\"El inmortal - el ojO cojo\",\"isPartOf\":{\"@id\":\"https:\/\/elojocojo.org\/#website\"},\"primaryImageOfPage\":{\"@id\":\"https:\/\/elojocojo.org\/el-inmortal\/#primaryimage\"},\"image\":{\"@id\":\"https:\/\/elojocojo.org\/el-inmortal\/#primaryimage\"},\"thumbnailUrl\":\"https:\/\/elojocojo.org\/wp-content\/uploads\/2008\/09\/fragmento_el_inmortal.jpg\",\"datePublished\":\"2008-09-05T04:42:30+00:00\",\"dateModified\":\"2025-09-22T13:33:21+00:00\",\"description\":\"Pel\u00edcula El inmortal exhibida en la edici\u00f3n 2007 del Festival el ojO cojo. Origen en Nicaragua. Dirigido por Mercedes Moncada Rodr\u00edguez.\",\"breadcrumb\":{\"@id\":\"https:\/\/elojocojo.org\/el-inmortal\/#breadcrumb\"},\"inLanguage\":\"es\",\"potentialAction\":[{\"@type\":\"ReadAction\",\"target\":[\"https:\/\/elojocojo.org\/el-inmortal\/\"]}]},{\"@type\":\"ImageObject\",\"inLanguage\":\"es\",\"@id\":\"https:\/\/elojocojo.org\/el-inmortal\/#primaryimage\",\"url\":\"https:\/\/elojocojo.org\/wp-content\/uploads\/2008\/09\/fragmento_el_inmortal.jpg\",\"contentUrl\":\"https:\/\/elojocojo.org\/wp-content\/uploads\/2008\/09\/fragmento_el_inmortal.jpg\",\"width\":1110,\"height\":250,\"caption\":\"Imagen de una boda; una figura con vestido blanco entra por la puerta mientras los asistentes observan desde los costados en un espacio iluminado por luz natural.\"},{\"@type\":\"BreadcrumbList\",\"@id\":\"https:\/\/elojocojo.org\/el-inmortal\/#breadcrumb\",\"itemListElement\":[{\"@type\":\"ListItem\",\"position\":1,\"name\":\"Portada\",\"item\":\"https:\/\/elojocojo.org\/\"},{\"@type\":\"ListItem\",\"position\":2,\"name\":\"2005\",\"item\":\"https:\/\/elojocojo.org\/tag\/2005\/\"},{\"@type\":\"ListItem\",\"position\":3,\"name\":\"El inmortal\"}]},{\"@type\":\"WebSite\",\"@id\":\"https:\/\/elojocojo.org\/#website\",\"url\":\"https:\/\/elojocojo.org\/\",\"name\":\"el ojO cojo\",\"description\":\"Todos estamos hechos de la misma esencia\",\"publisher\":{\"@id\":\"https:\/\/elojocojo.org\/#organization\"},\"potentialAction\":[{\"@type\":\"SearchAction\",\"target\":{\"@type\":\"EntryPoint\",\"urlTemplate\":\"https:\/\/elojocojo.org\/?s={search_term_string}\"},\"query-input\":{\"@type\":\"PropertyValueSpecification\",\"valueRequired\":true,\"valueName\":\"search_term_string\"}}],\"inLanguage\":\"es\"},{\"@type\":\"Organization\",\"@id\":\"https:\/\/elojocojo.org\/#organization\",\"name\":\"Meigas da r\u00faa\",\"url\":\"https:\/\/elojocojo.org\/\",\"logo\":{\"@type\":\"ImageObject\",\"inLanguage\":\"es\",\"@id\":\"https:\/\/elojocojo.org\/#\/schema\/logo\/image\/\",\"url\":\"https:\/\/meigasdarua.org\/wp-content\/uploads\/2020\/09\/cropped-logo-meigas-5.png\",\"contentUrl\":\"https:\/\/meigasdarua.org\/wp-content\/uploads\/2020\/09\/cropped-logo-meigas-5.png\",\"width\":109,\"height\":200,\"caption\":\"Meigas da r\u00faa\"},\"image\":{\"@id\":\"https:\/\/elojocojo.org\/#\/schema\/logo\/image\/\"},\"sameAs\":[\"https:\/\/www.facebook.com\/elojocojo\",\"https:\/\/x.com\/elojocojo\",\"https:\/\/www.instagram.com\/elojocojo\/?hl=es\",\"https:\/\/www.linkedin.com\/in\/el-ojo-cojo-b52b7769\/\",\"https:\/\/www.pinterest.es\/elojocojo\/_saved\/\",\"https:\/\/www.youtube.com\/channel\/UCkFtFTV0Bms7zH7vq8FZxZg\"]},{\"@type\":\"Person\",\"@id\":\"\",\"url\":\"https:\/\/elojocojo.org\/author\/\"}]}<\/script>\n<!-- \/ Yoast SEO plugin. -->","yoast_head_json":{"title":"El inmortal - el ojO cojo","description":"Pel\u00edcula El inmortal exhibida en la edici\u00f3n 2007 del Festival el ojO cojo. Origen en Nicaragua. Dirigido por Mercedes Moncada Rodr\u00edguez.","robots":{"index":"index","follow":"follow","max-snippet":"max-snippet:-1","max-image-preview":"max-image-preview:large","max-video-preview":"max-video-preview:-1"},"canonical":"https:\/\/elojocojo.org\/el-inmortal\/","og_locale":"es_ES","og_type":"article","og_title":"El inmortal - el ojO cojo","og_description":"Pel\u00edcula El inmortal exhibida en la edici\u00f3n 2007 del Festival el ojO cojo. Origen en Nicaragua. Dirigido por Mercedes Moncada Rodr\u00edguez.","og_url":"https:\/\/elojocojo.org\/el-inmortal\/","og_site_name":"el ojO cojo","article_publisher":"https:\/\/www.facebook.com\/elojocojo","article_published_time":"2008-09-05T04:42:30+00:00","article_modified_time":"2025-09-22T13:33:21+00:00","og_image":[{"width":1110,"height":250,"url":"https:\/\/elojocojo.org\/wp-content\/uploads\/2008\/09\/fragmento_el_inmortal.jpg","type":"image\/jpeg"}],"twitter_card":"summary_large_image","twitter_creator":"@elojocojo","twitter_site":"@elojocojo","twitter_misc":{"Escrito por":"","Tiempo de lectura":"2 minutos"},"schema":{"@context":"https:\/\/schema.org","@graph":[{"@type":"Article","@id":"https:\/\/elojocojo.org\/el-inmortal\/#article","isPartOf":{"@id":"https:\/\/elojocojo.org\/el-inmortal\/"},"author":{"name":"","@id":""},"headline":"El inmortal","datePublished":"2008-09-05T04:42:30+00:00","dateModified":"2025-09-22T13:33:21+00:00","mainEntityOfPage":{"@id":"https:\/\/elojocojo.org\/el-inmortal\/"},"wordCount":483,"publisher":{"@id":"https:\/\/elojocojo.org\/#organization"},"image":{"@id":"https:\/\/elojocojo.org\/el-inmortal\/#primaryimage"},"thumbnailUrl":"https:\/\/elojocojo.org\/wp-content\/uploads\/2008\/09\/fragmento_el_inmortal.jpg","keywords":["2005","2007","Am\u00e9rica Latina","censura","discriminaci\u00f3n sexual","empoderamiento","espa\u00f1ol","esperanza","explotaci\u00f3n","familia","festival de cine","Festival el Ojo cojo","Fin de la pobreza","igualdad","igualdad de g\u00e9nero","machismo","mujer","Nicaragua","ODS","Paz y justicia e instituciones s\u00f3lidas","pobreza","religi\u00f3n","violencia de g\u00e9nero"],"articleSection":["Documental","Festival 2007"],"inLanguage":"es"},{"@type":"WebPage","@id":"https:\/\/elojocojo.org\/el-inmortal\/","url":"https:\/\/elojocojo.org\/el-inmortal\/","name":"El inmortal - el ojO cojo","isPartOf":{"@id":"https:\/\/elojocojo.org\/#website"},"primaryImageOfPage":{"@id":"https:\/\/elojocojo.org\/el-inmortal\/#primaryimage"},"image":{"@id":"https:\/\/elojocojo.org\/el-inmortal\/#primaryimage"},"thumbnailUrl":"https:\/\/elojocojo.org\/wp-content\/uploads\/2008\/09\/fragmento_el_inmortal.jpg","datePublished":"2008-09-05T04:42:30+00:00","dateModified":"2025-09-22T13:33:21+00:00","description":"Pel\u00edcula El inmortal exhibida en la edici\u00f3n 2007 del Festival el ojO cojo. Origen en Nicaragua. Dirigido por Mercedes Moncada Rodr\u00edguez.","breadcrumb":{"@id":"https:\/\/elojocojo.org\/el-inmortal\/#breadcrumb"},"inLanguage":"es","potentialAction":[{"@type":"ReadAction","target":["https:\/\/elojocojo.org\/el-inmortal\/"]}]},{"@type":"ImageObject","inLanguage":"es","@id":"https:\/\/elojocojo.org\/el-inmortal\/#primaryimage","url":"https:\/\/elojocojo.org\/wp-content\/uploads\/2008\/09\/fragmento_el_inmortal.jpg","contentUrl":"https:\/\/elojocojo.org\/wp-content\/uploads\/2008\/09\/fragmento_el_inmortal.jpg","width":1110,"height":250,"caption":"Imagen de una boda; una figura con vestido blanco entra por la puerta mientras los asistentes observan desde los costados en un espacio iluminado por luz natural."},{"@type":"BreadcrumbList","@id":"https:\/\/elojocojo.org\/el-inmortal\/#breadcrumb","itemListElement":[{"@type":"ListItem","position":1,"name":"Portada","item":"https:\/\/elojocojo.org\/"},{"@type":"ListItem","position":2,"name":"2005","item":"https:\/\/elojocojo.org\/tag\/2005\/"},{"@type":"ListItem","position":3,"name":"El inmortal"}]},{"@type":"WebSite","@id":"https:\/\/elojocojo.org\/#website","url":"https:\/\/elojocojo.org\/","name":"el ojO cojo","description":"Todos estamos hechos de la misma esencia","publisher":{"@id":"https:\/\/elojocojo.org\/#organization"},"potentialAction":[{"@type":"SearchAction","target":{"@type":"EntryPoint","urlTemplate":"https:\/\/elojocojo.org\/?s={search_term_string}"},"query-input":{"@type":"PropertyValueSpecification","valueRequired":true,"valueName":"search_term_string"}}],"inLanguage":"es"},{"@type":"Organization","@id":"https:\/\/elojocojo.org\/#organization","name":"Meigas da r\u00faa","url":"https:\/\/elojocojo.org\/","logo":{"@type":"ImageObject","inLanguage":"es","@id":"https:\/\/elojocojo.org\/#\/schema\/logo\/image\/","url":"https:\/\/meigasdarua.org\/wp-content\/uploads\/2020\/09\/cropped-logo-meigas-5.png","contentUrl":"https:\/\/meigasdarua.org\/wp-content\/uploads\/2020\/09\/cropped-logo-meigas-5.png","width":109,"height":200,"caption":"Meigas da r\u00faa"},"image":{"@id":"https:\/\/elojocojo.org\/#\/schema\/logo\/image\/"},"sameAs":["https:\/\/www.facebook.com\/elojocojo","https:\/\/x.com\/elojocojo","https:\/\/www.instagram.com\/elojocojo\/?hl=es","https:\/\/www.linkedin.com\/in\/el-ojo-cojo-b52b7769\/","https:\/\/www.pinterest.es\/elojocojo\/_saved\/","https:\/\/www.youtube.com\/channel\/UCkFtFTV0Bms7zH7vq8FZxZg"]},{"@type":"Person","@id":"","url":"https:\/\/elojocojo.org\/author\/"}]}},"_links":{"self":[{"href":"https:\/\/elojocojo.org\/wp-json\/wp\/v2\/posts\/1450","targetHints":{"allow":["GET"]}}],"collection":[{"href":"https:\/\/elojocojo.org\/wp-json\/wp\/v2\/posts"}],"about":[{"href":"https:\/\/elojocojo.org\/wp-json\/wp\/v2\/types\/post"}],"author":[{"embeddable":true,"href":"https:\/\/elojocojo.org\/wp-json\/wp\/v2\/users\/3"}],"replies":[{"embeddable":true,"href":"https:\/\/elojocojo.org\/wp-json\/wp\/v2\/comments?post=1450"}],"version-history":[{"count":10,"href":"https:\/\/elojocojo.org\/wp-json\/wp\/v2\/posts\/1450\/revisions"}],"predecessor-version":[{"id":70429,"href":"https:\/\/elojocojo.org\/wp-json\/wp\/v2\/posts\/1450\/revisions\/70429"}],"wp:featuredmedia":[{"embeddable":true,"href":"https:\/\/elojocojo.org\/wp-json\/wp\/v2\/media\/64347"}],"wp:attachment":[{"href":"https:\/\/elojocojo.org\/wp-json\/wp\/v2\/media?parent=1450"}],"wp:term":[{"taxonomy":"category","embeddable":true,"href":"https:\/\/elojocojo.org\/wp-json\/wp\/v2\/categories?post=1450"},{"taxonomy":"post_tag","embeddable":true,"href":"https:\/\/elojocojo.org\/wp-json\/wp\/v2\/tags?post=1450"}],"curies":[{"name":"wp","href":"https:\/\/api.w.org\/{rel}","templated":true}]}}