{"id":1402,"date":"2008-09-04T21:21:36","date_gmt":"2008-09-05T04:21:36","guid":{"rendered":"http:\/\/www.elojocojo.org\/blog2\/?p=1402"},"modified":"2026-02-13T12:04:29","modified_gmt":"2026-02-13T11:04:29","slug":"groucho","status":"publish","type":"post","link":"https:\/\/elojocojo.org\/groucho\/","title":{"rendered":"Groucho"},"content":{"rendered":"\n<p>T\u00edtulo: Groucho<br \/><br \/>T\u00edtulo original: Groucho<br \/><br \/>A\u00f1o: 2007<br \/><br \/>Director: Medardo Amor y \u00c1ngel Almaz\u00e1n<br \/><br \/>G\u00e9nero: Ficci\u00f3n<br \/><br \/>Duraci\u00f3n: 19&#8242;<br \/><br \/>Pa\u00eds: Espa\u00f1a<br \/><br \/>Formato Original: Cine 35 mm<br \/><br \/>Tipo: Color<br \/><br \/> Idioma General: Castellano<br \/><br \/>Int\u00e9rpretes: Jorge Morfel, Manuel S\u00e1nchez, Alain Parra, Yolanda Arestegui, Jes\u00fas Cisneros<br \/><br \/> Producci\u00f3n: \u00c1ngel L. Rodr\u00edguez Su\u00e1rez<br \/><br \/>Gui\u00f3n: \u00c1ngel Almaz\u00e1n y Medardo Amor<br \/><br \/>Direcci\u00f3n de Fotograf\u00eda: Rita Noriega y Pedro J. M\u00e1rquez<br \/><br \/>Edici\u00f3n\/Montaje: Guillermo Maldonado<br \/><br \/>Sonido: Miguel L\u00f3pez y James Mu\u00f1oz<br \/><br \/>M\u00fasica: Juan Pablo Mu\u00f1oz Zielinski<\/p>\n\n\n\n<p><\/p>\n\n\n\n<h2 class=\"wp-block-heading\">Sinopsis<\/h2>\n\n\n\n<h3 class=\"wp-block-heading\">El encuentro en el ascensor<\/h3>\n\n\n\n<p>David es un adolescente de 16 a\u00f1os que est\u00e1 atrapado en el miedo. En consecuencia, sufre la humillaci\u00f3n constante del acoso escolar. Sin embargo, su vida cambia de manera radical cuando aborda en el ascensor a su vecino Enrique. Debido a que surge una discusi\u00f3n inicial, este cruce casual marca el inicio de una relaci\u00f3n inesperada. Por esta raz\u00f3n, el v\u00ednculo transformar\u00e1 a ambos y, por consiguiente, desafiar\u00e1 los prejuicios de su entorno.<\/p>\n\n\n\n<h3 class=\"wp-block-heading\">La soledad de dos mundos<\/h3>\n\n\n\n<p>En primer lugar, es necesario destacar que David sufre en la escuela por no encajar en los modelos impuestos. Por otro lado, Enrique es un hombre adulto e ir\u00f3nico que vive con su perro Groucho. A pesar de que mantiene una rutina tranquila, su realidad oculta antiguas heridas. Aunque Enrique duda al principio sobre si debe intervenir, despu\u00e9s de reflexionar, comprende que no puede mirar hacia otro lado ante el dolor del joven.<\/p>\n\n\n\n<h3 class=\"wp-block-heading\">Un refugio contra el acoso<\/h3>\n\n\n\n<p>A medida que su v\u00ednculo crece, David encuentra por fin un espacio seguro. Adem\u00e1s, el joven aprende a defenderse sin violencia a trav\u00e9s de conversaciones llenas de humor. De este modo, ambos descubren que las marcas de la exclusi\u00f3n permanecen siempre. Mientras tanto, el barrio observa su cercan\u00eda con recelo. Por lo tanto, se alimentan rumores infundados que complican la situaci\u00f3n, aunque ellos deciden ignorar las cr\u00edticas externas.<\/p>\n\n\n\n<h3 class=\"wp-block-heading\">La mirada \u00edntima de <em>Groucho<\/em><\/h3>\n\n\n\n<p>Efectivamente, esta historia aborda el bullying y la homofobia desde una perspectiva humana. En otras palabras, la pel\u00edcula muestra c\u00f3mo un peque\u00f1o gesto de apoyo puede cambiar un destino tr\u00e1gico. Asimismo, el objetivo principal es retratar el crecimiento personal. De igual importancia es la necesidad de encontrar aliados en lugares impensados. Por lo tanto, el relato se convierte en un espejo de la realidad social actual.<\/p>\n\n\n\n<h3 class=\"wp-block-heading\">Resistencia ante la violencia<\/h3>\n\n\n\n<p>Debido a su sensibilidad, el filme invita a cuestionar los prejuicios sociales. De esta manera, la solidaridad cotidiana se convierte en una forma silenciosa de resistencia. Por esta causa, los protagonistas reconocen que la empat\u00eda es la herramienta m\u00e1s poderosa para sanar. As\u00ed pues, el resultado es un retrato humano sobre la valent\u00eda. Seguidamente, el espectador comprende que la uni\u00f3n es fundamental para hacer frente a la violencia social.<\/p>\n\n\n\n<h2 class=\"wp-block-heading\">Palmar\u00e9s<\/h2>\n\n\n\n<p>2007<\/p>\n\n\n\n<ul class=\"wp-block-list\">\n<li>Festival del Sol de Gran Canaria\n<ul class=\"wp-block-list\">\n<li>Premio Jurado Mejor Cortometraje<\/li>\n<\/ul>\n<\/li>\n\n\n\n<li><span style=\"color: #ffcc00;\"> <\/span>Festival LGBT de Torino\n<ul class=\"wp-block-list\">\n<li>Premio P\u00fablico Mejor Cortometraje<\/li>\n<\/ul>\n<\/li>\n<\/ul>\n\n\n\n<p><\/p>\n\n\n<div class=\"wp-block-image\">\n<figure class=\"aligncenter size-large is-resized\"><img decoding=\"async\" width=\"270\" height=\"360\" src=\"https:\/\/elojocojo.org\/wp-content\/uploads\/2008\/09\/MV5BZDJlZWFlOTQtOGQwMC00MjI2LThmNzUtODMzMDc3ZTllMDc5XkEyXkFqcGc@._V1_-270x360.jpg\" alt=\"Cartel del cortometraje Groucho.\" class=\"wp-image-74298\" style=\"object-fit:cover;width:246px;height:360px\" srcset=\"https:\/\/elojocojo.org\/wp-content\/uploads\/2008\/09\/MV5BZDJlZWFlOTQtOGQwMC00MjI2LThmNzUtODMzMDc3ZTllMDc5XkEyXkFqcGc@._V1_-270x360.jpg 270w, https:\/\/elojocojo.org\/wp-content\/uploads\/2008\/09\/MV5BZDJlZWFlOTQtOGQwMC00MjI2LThmNzUtODMzMDc3ZTllMDc5XkEyXkFqcGc@._V1_-375x500.jpg 375w, https:\/\/elojocojo.org\/wp-content\/uploads\/2008\/09\/MV5BZDJlZWFlOTQtOGQwMC00MjI2LThmNzUtODMzMDc3ZTllMDc5XkEyXkFqcGc@._V1_-300x400.jpg 300w, https:\/\/elojocojo.org\/wp-content\/uploads\/2008\/09\/MV5BZDJlZWFlOTQtOGQwMC00MjI2LThmNzUtODMzMDc3ZTllMDc5XkEyXkFqcGc@._V1_.jpg 600w\" sizes=\"(max-width: 270px) 100vw, 270px\" \/><\/figure>\n<\/div>\n\n\n<p><\/p>\n\n\n\n<p><a href=\"https:\/\/www.imdb.com\/es-es\/title\/tt0830815\/\">IMDb<\/a>: 6.6\/10<\/p>\n\n\n\n<p>El filme <em>Groucho <\/em>particip\u00f3 en la <a href=\"https:\/\/elojocojo.org\/category\/festival-2007\/\">edici\u00f3n 2007<\/a> del <a href=\"https:\/\/elojocojo.org\/bienvenida\/festivalelojocojo\/\">Festival de cine el ojO cojo<\/a> y en ese sentido nos sentimos honrados de haberla exhibido.<\/p>\n\n\n\n<p><a href=\"https:\/\/el-ojocojo.blogspot.com\/\">Visita nuestro blog<\/a><\/p>\n\n\n\n<p><\/p>\n\n\n\n<p><\/p>\n","protected":false},"excerpt":{"rendered":"<p>David, un adolescente de 16 a\u00f1os, aborda en el ascensor a su vecino Enrique, iniciando una relaci\u00f3n inesperada. Dirigida por Medardo Amor y \u00c1ngel Almaz\u00e1n.<\/p>\n","protected":false},"author":3,"featured_media":23839,"comment_status":"closed","ping_status":"open","sticky":false,"template":"","format":"standard","meta":{"_monsterinsights_skip_tracking":false,"_monsterinsights_sitenote_active":false,"_monsterinsights_sitenote_note":"","_monsterinsights_sitenote_category":0,"footnotes":""},"categories":[1460,983,30],"tags":[1923,895,1126,1443,26,1272,997,946,2119,1981,1982,1060,1231,74],"class_list":{"0":"post-1402","1":"post","2":"type-post","3":"status-publish","4":"format-standard","5":"has-post-thumbnail","7":"category-cortometraje","8":"category-festival-2007","9":"category-ficcion","10":"tag-1923","11":"tag-adolescentes","12":"tag-alianzas-para-lograr-objetivos","13":"tag-desigualdad","14":"tag-discriminacion","15":"tag-discriminacion-sexual","16":"tag-diversidad","17":"tag-diversidad-sexual","18":"tag-espanol","19":"tag-festival-de-cine","20":"tag-festival-el-ojo-cojo","21":"tag-igualdad-de-genero","22":"tag-reduccion-de-las-desigualdades","23":"tag-solidaridad","24":"czr-hentry"},"yoast_head":"<!-- This site is optimized with the Yoast SEO plugin v27.1.1 - https:\/\/yoast.com\/product\/yoast-seo-wordpress\/ -->\n<title>Groucho - el ojO cojo<\/title>\n<meta name=\"description\" content=\"Pel\u00edcula Groucho exhibida en la edici\u00f3n 2007 del Festival el ojO cojo. Pa\u00eds de origen, Espa\u00f1a. Dirigido por Medardo Amor y \u00c1ngel Almaz\u00e1n.\" \/>\n<meta name=\"robots\" content=\"index, follow, max-snippet:-1, max-image-preview:large, max-video-preview:-1\" \/>\n<link rel=\"canonical\" href=\"https:\/\/elojocojo.org\/groucho\/\" \/>\n<meta property=\"og:locale\" content=\"es_ES\" \/>\n<meta property=\"og:type\" content=\"article\" \/>\n<meta property=\"og:title\" content=\"Groucho - el ojO cojo\" \/>\n<meta property=\"og:description\" content=\"Pel\u00edcula Groucho exhibida en la edici\u00f3n 2007 del Festival el ojO cojo. Pa\u00eds de origen, Espa\u00f1a. Dirigido por Medardo Amor y \u00c1ngel Almaz\u00e1n.\" \/>\n<meta property=\"og:url\" content=\"https:\/\/elojocojo.org\/groucho\/\" \/>\n<meta property=\"og:site_name\" content=\"el ojO cojo\" \/>\n<meta property=\"article:publisher\" content=\"https:\/\/www.facebook.com\/elojocojo\" \/>\n<meta property=\"article:published_time\" content=\"2008-09-05T04:21:36+00:00\" \/>\n<meta property=\"article:modified_time\" content=\"2026-02-13T11:04:29+00:00\" \/>\n<meta property=\"og:image\" content=\"https:\/\/elojocojo.org\/wp-content\/uploads\/2020\/07\/Groucho1-scaled-e1770488234212.jpg\" \/>\n\t<meta property=\"og:image:width\" content=\"2560\" \/>\n\t<meta property=\"og:image:height\" content=\"905\" \/>\n\t<meta property=\"og:image:type\" content=\"image\/jpeg\" \/>\n<meta name=\"twitter:card\" content=\"summary_large_image\" \/>\n<meta name=\"twitter:creator\" content=\"@elojocojo\" \/>\n<meta name=\"twitter:site\" content=\"@elojocojo\" \/>\n<meta name=\"twitter:label1\" content=\"Escrito por\" \/>\n\t<meta name=\"twitter:data1\" content=\"\" \/>\n\t<meta name=\"twitter:label2\" content=\"Tiempo de lectura\" \/>\n\t<meta name=\"twitter:data2\" content=\"3 minutos\" \/>\n<script type=\"application\/ld+json\" class=\"yoast-schema-graph\">{\"@context\":\"https:\/\/schema.org\",\"@graph\":[{\"@type\":\"Article\",\"@id\":\"https:\/\/elojocojo.org\/groucho\/#article\",\"isPartOf\":{\"@id\":\"https:\/\/elojocojo.org\/groucho\/\"},\"author\":{\"name\":\"\",\"@id\":\"\"},\"headline\":\"Groucho\",\"datePublished\":\"2008-09-05T04:21:36+00:00\",\"dateModified\":\"2026-02-13T11:04:29+00:00\",\"mainEntityOfPage\":{\"@id\":\"https:\/\/elojocojo.org\/groucho\/\"},\"wordCount\":544,\"publisher\":{\"@id\":\"https:\/\/elojocojo.org\/#organization\"},\"image\":{\"@id\":\"https:\/\/elojocojo.org\/groucho\/#primaryimage\"},\"thumbnailUrl\":\"https:\/\/elojocojo.org\/wp-content\/uploads\/2020\/07\/Groucho1-scaled-e1770488234212.jpg\",\"keywords\":[\"2007\",\"Adolescentes\",\"Alianzas para lograr objetivos\",\"desigualdad\",\"discriminaci\u00f3n\",\"discriminaci\u00f3n sexual\",\"diversidad\",\"diversidad sexual\",\"espa\u00f1ol\",\"festival de cine\",\"Festival el Ojo cojo\",\"igualdad de g\u00e9nero\",\"Reducci\u00f3n de las desigualdades\",\"solidaridad\"],\"articleSection\":[\"Cortometraje\",\"Festival 2007\",\"Ficci\u00f3n\"],\"inLanguage\":\"es\"},{\"@type\":\"WebPage\",\"@id\":\"https:\/\/elojocojo.org\/groucho\/\",\"url\":\"https:\/\/elojocojo.org\/groucho\/\",\"name\":\"Groucho - el ojO cojo\",\"isPartOf\":{\"@id\":\"https:\/\/elojocojo.org\/#website\"},\"primaryImageOfPage\":{\"@id\":\"https:\/\/elojocojo.org\/groucho\/#primaryimage\"},\"image\":{\"@id\":\"https:\/\/elojocojo.org\/groucho\/#primaryimage\"},\"thumbnailUrl\":\"https:\/\/elojocojo.org\/wp-content\/uploads\/2020\/07\/Groucho1-scaled-e1770488234212.jpg\",\"datePublished\":\"2008-09-05T04:21:36+00:00\",\"dateModified\":\"2026-02-13T11:04:29+00:00\",\"description\":\"Pel\u00edcula Groucho exhibida en la edici\u00f3n 2007 del Festival el ojO cojo. Pa\u00eds de origen, Espa\u00f1a. Dirigido por Medardo Amor y \u00c1ngel Almaz\u00e1n.\",\"breadcrumb\":{\"@id\":\"https:\/\/elojocojo.org\/groucho\/#breadcrumb\"},\"inLanguage\":\"es\",\"potentialAction\":[{\"@type\":\"ReadAction\",\"target\":[\"https:\/\/elojocojo.org\/groucho\/\"]}]},{\"@type\":\"ImageObject\",\"inLanguage\":\"es\",\"@id\":\"https:\/\/elojocojo.org\/groucho\/#primaryimage\",\"url\":\"https:\/\/elojocojo.org\/wp-content\/uploads\/2020\/07\/Groucho1-scaled-e1770488234212.jpg\",\"contentUrl\":\"https:\/\/elojocojo.org\/wp-content\/uploads\/2020\/07\/Groucho1-scaled-e1770488234212.jpg\",\"width\":2560,\"height\":905,\"caption\":\"Fotograma de Enrique y David, los dos protagonistas, mirandose mutuamente.\"},{\"@type\":\"BreadcrumbList\",\"@id\":\"https:\/\/elojocojo.org\/groucho\/#breadcrumb\",\"itemListElement\":[{\"@type\":\"ListItem\",\"position\":1,\"name\":\"Portada\",\"item\":\"https:\/\/elojocojo.org\/\"},{\"@type\":\"ListItem\",\"position\":2,\"name\":\"2007\",\"item\":\"https:\/\/elojocojo.org\/tag\/2007\/\"},{\"@type\":\"ListItem\",\"position\":3,\"name\":\"Groucho\"}]},{\"@type\":\"WebSite\",\"@id\":\"https:\/\/elojocojo.org\/#website\",\"url\":\"https:\/\/elojocojo.org\/\",\"name\":\"el ojO cojo\",\"description\":\"Todos estamos hechos de la misma esencia\",\"publisher\":{\"@id\":\"https:\/\/elojocojo.org\/#organization\"},\"potentialAction\":[{\"@type\":\"SearchAction\",\"target\":{\"@type\":\"EntryPoint\",\"urlTemplate\":\"https:\/\/elojocojo.org\/?s={search_term_string}\"},\"query-input\":{\"@type\":\"PropertyValueSpecification\",\"valueRequired\":true,\"valueName\":\"search_term_string\"}}],\"inLanguage\":\"es\"},{\"@type\":\"Organization\",\"@id\":\"https:\/\/elojocojo.org\/#organization\",\"name\":\"Meigas da r\u00faa\",\"url\":\"https:\/\/elojocojo.org\/\",\"logo\":{\"@type\":\"ImageObject\",\"inLanguage\":\"es\",\"@id\":\"https:\/\/elojocojo.org\/#\/schema\/logo\/image\/\",\"url\":\"https:\/\/meigasdarua.org\/wp-content\/uploads\/2020\/09\/cropped-logo-meigas-5.png\",\"contentUrl\":\"https:\/\/meigasdarua.org\/wp-content\/uploads\/2020\/09\/cropped-logo-meigas-5.png\",\"width\":109,\"height\":200,\"caption\":\"Meigas da r\u00faa\"},\"image\":{\"@id\":\"https:\/\/elojocojo.org\/#\/schema\/logo\/image\/\"},\"sameAs\":[\"https:\/\/www.facebook.com\/elojocojo\",\"https:\/\/x.com\/elojocojo\",\"https:\/\/www.instagram.com\/elojocojo\/?hl=es\",\"https:\/\/www.linkedin.com\/in\/el-ojo-cojo-b52b7769\/\",\"https:\/\/www.pinterest.es\/elojocojo\/_saved\/\",\"https:\/\/www.youtube.com\/channel\/UCkFtFTV0Bms7zH7vq8FZxZg\"]},{\"@type\":\"Person\",\"@id\":\"\",\"url\":\"https:\/\/elojocojo.org\/author\/\"}]}<\/script>\n<!-- \/ Yoast SEO plugin. -->","yoast_head_json":{"title":"Groucho - el ojO cojo","description":"Pel\u00edcula Groucho exhibida en la edici\u00f3n 2007 del Festival el ojO cojo. Pa\u00eds de origen, Espa\u00f1a. Dirigido por Medardo Amor y \u00c1ngel Almaz\u00e1n.","robots":{"index":"index","follow":"follow","max-snippet":"max-snippet:-1","max-image-preview":"max-image-preview:large","max-video-preview":"max-video-preview:-1"},"canonical":"https:\/\/elojocojo.org\/groucho\/","og_locale":"es_ES","og_type":"article","og_title":"Groucho - el ojO cojo","og_description":"Pel\u00edcula Groucho exhibida en la edici\u00f3n 2007 del Festival el ojO cojo. Pa\u00eds de origen, Espa\u00f1a. Dirigido por Medardo Amor y \u00c1ngel Almaz\u00e1n.","og_url":"https:\/\/elojocojo.org\/groucho\/","og_site_name":"el ojO cojo","article_publisher":"https:\/\/www.facebook.com\/elojocojo","article_published_time":"2008-09-05T04:21:36+00:00","article_modified_time":"2026-02-13T11:04:29+00:00","og_image":[{"width":2560,"height":905,"url":"https:\/\/elojocojo.org\/wp-content\/uploads\/2020\/07\/Groucho1-scaled-e1770488234212.jpg","type":"image\/jpeg"}],"twitter_card":"summary_large_image","twitter_creator":"@elojocojo","twitter_site":"@elojocojo","twitter_misc":{"Escrito por":"","Tiempo de lectura":"3 minutos"},"schema":{"@context":"https:\/\/schema.org","@graph":[{"@type":"Article","@id":"https:\/\/elojocojo.org\/groucho\/#article","isPartOf":{"@id":"https:\/\/elojocojo.org\/groucho\/"},"author":{"name":"","@id":""},"headline":"Groucho","datePublished":"2008-09-05T04:21:36+00:00","dateModified":"2026-02-13T11:04:29+00:00","mainEntityOfPage":{"@id":"https:\/\/elojocojo.org\/groucho\/"},"wordCount":544,"publisher":{"@id":"https:\/\/elojocojo.org\/#organization"},"image":{"@id":"https:\/\/elojocojo.org\/groucho\/#primaryimage"},"thumbnailUrl":"https:\/\/elojocojo.org\/wp-content\/uploads\/2020\/07\/Groucho1-scaled-e1770488234212.jpg","keywords":["2007","Adolescentes","Alianzas para lograr objetivos","desigualdad","discriminaci\u00f3n","discriminaci\u00f3n sexual","diversidad","diversidad sexual","espa\u00f1ol","festival de cine","Festival el Ojo cojo","igualdad de g\u00e9nero","Reducci\u00f3n de las desigualdades","solidaridad"],"articleSection":["Cortometraje","Festival 2007","Ficci\u00f3n"],"inLanguage":"es"},{"@type":"WebPage","@id":"https:\/\/elojocojo.org\/groucho\/","url":"https:\/\/elojocojo.org\/groucho\/","name":"Groucho - el ojO cojo","isPartOf":{"@id":"https:\/\/elojocojo.org\/#website"},"primaryImageOfPage":{"@id":"https:\/\/elojocojo.org\/groucho\/#primaryimage"},"image":{"@id":"https:\/\/elojocojo.org\/groucho\/#primaryimage"},"thumbnailUrl":"https:\/\/elojocojo.org\/wp-content\/uploads\/2020\/07\/Groucho1-scaled-e1770488234212.jpg","datePublished":"2008-09-05T04:21:36+00:00","dateModified":"2026-02-13T11:04:29+00:00","description":"Pel\u00edcula Groucho exhibida en la edici\u00f3n 2007 del Festival el ojO cojo. Pa\u00eds de origen, Espa\u00f1a. Dirigido por Medardo Amor y \u00c1ngel Almaz\u00e1n.","breadcrumb":{"@id":"https:\/\/elojocojo.org\/groucho\/#breadcrumb"},"inLanguage":"es","potentialAction":[{"@type":"ReadAction","target":["https:\/\/elojocojo.org\/groucho\/"]}]},{"@type":"ImageObject","inLanguage":"es","@id":"https:\/\/elojocojo.org\/groucho\/#primaryimage","url":"https:\/\/elojocojo.org\/wp-content\/uploads\/2020\/07\/Groucho1-scaled-e1770488234212.jpg","contentUrl":"https:\/\/elojocojo.org\/wp-content\/uploads\/2020\/07\/Groucho1-scaled-e1770488234212.jpg","width":2560,"height":905,"caption":"Fotograma de Enrique y David, los dos protagonistas, mirandose mutuamente."},{"@type":"BreadcrumbList","@id":"https:\/\/elojocojo.org\/groucho\/#breadcrumb","itemListElement":[{"@type":"ListItem","position":1,"name":"Portada","item":"https:\/\/elojocojo.org\/"},{"@type":"ListItem","position":2,"name":"2007","item":"https:\/\/elojocojo.org\/tag\/2007\/"},{"@type":"ListItem","position":3,"name":"Groucho"}]},{"@type":"WebSite","@id":"https:\/\/elojocojo.org\/#website","url":"https:\/\/elojocojo.org\/","name":"el ojO cojo","description":"Todos estamos hechos de la misma esencia","publisher":{"@id":"https:\/\/elojocojo.org\/#organization"},"potentialAction":[{"@type":"SearchAction","target":{"@type":"EntryPoint","urlTemplate":"https:\/\/elojocojo.org\/?s={search_term_string}"},"query-input":{"@type":"PropertyValueSpecification","valueRequired":true,"valueName":"search_term_string"}}],"inLanguage":"es"},{"@type":"Organization","@id":"https:\/\/elojocojo.org\/#organization","name":"Meigas da r\u00faa","url":"https:\/\/elojocojo.org\/","logo":{"@type":"ImageObject","inLanguage":"es","@id":"https:\/\/elojocojo.org\/#\/schema\/logo\/image\/","url":"https:\/\/meigasdarua.org\/wp-content\/uploads\/2020\/09\/cropped-logo-meigas-5.png","contentUrl":"https:\/\/meigasdarua.org\/wp-content\/uploads\/2020\/09\/cropped-logo-meigas-5.png","width":109,"height":200,"caption":"Meigas da r\u00faa"},"image":{"@id":"https:\/\/elojocojo.org\/#\/schema\/logo\/image\/"},"sameAs":["https:\/\/www.facebook.com\/elojocojo","https:\/\/x.com\/elojocojo","https:\/\/www.instagram.com\/elojocojo\/?hl=es","https:\/\/www.linkedin.com\/in\/el-ojo-cojo-b52b7769\/","https:\/\/www.pinterest.es\/elojocojo\/_saved\/","https:\/\/www.youtube.com\/channel\/UCkFtFTV0Bms7zH7vq8FZxZg"]},{"@type":"Person","@id":"","url":"https:\/\/elojocojo.org\/author\/"}]}},"_links":{"self":[{"href":"https:\/\/elojocojo.org\/wp-json\/wp\/v2\/posts\/1402","targetHints":{"allow":["GET"]}}],"collection":[{"href":"https:\/\/elojocojo.org\/wp-json\/wp\/v2\/posts"}],"about":[{"href":"https:\/\/elojocojo.org\/wp-json\/wp\/v2\/types\/post"}],"author":[{"embeddable":true,"href":"https:\/\/elojocojo.org\/wp-json\/wp\/v2\/users\/3"}],"replies":[{"embeddable":true,"href":"https:\/\/elojocojo.org\/wp-json\/wp\/v2\/comments?post=1402"}],"version-history":[{"count":16,"href":"https:\/\/elojocojo.org\/wp-json\/wp\/v2\/posts\/1402\/revisions"}],"predecessor-version":[{"id":74962,"href":"https:\/\/elojocojo.org\/wp-json\/wp\/v2\/posts\/1402\/revisions\/74962"}],"wp:featuredmedia":[{"embeddable":true,"href":"https:\/\/elojocojo.org\/wp-json\/wp\/v2\/media\/23839"}],"wp:attachment":[{"href":"https:\/\/elojocojo.org\/wp-json\/wp\/v2\/media?parent=1402"}],"wp:term":[{"taxonomy":"category","embeddable":true,"href":"https:\/\/elojocojo.org\/wp-json\/wp\/v2\/categories?post=1402"},{"taxonomy":"post_tag","embeddable":true,"href":"https:\/\/elojocojo.org\/wp-json\/wp\/v2\/tags?post=1402"}],"curies":[{"name":"wp","href":"https:\/\/api.w.org\/{rel}","templated":true}]}}